{"id":1722,"__str__":"Requerimento n\u00ba 229 de 2015","link_detail_backend":"/materia/1722","metadata":{},"numero":229,"ano":2015,"numero_protocolo":null,"data_apresentacao":"2015-03-17","tipo_apresentacao":"E","data_publicacao":null,"numero_origem_externa":"","ano_origem_externa":null,"data_origem_externa":null,"apelido":"","dias_prazo":null,"data_fim_prazo":null,"em_tramitacao":false,"polemica":null,"objeto":"","complementar":null,"ementa":"QUE ASSIM QUE POSS\u00cdVEL, O PARQUE DE EXPOSI\u00c7\u00d5ES ASSIS BRASIL VOLTE A OPORTUNIZAR A ABERTURA DOS PORT\u00d5ES \u00c0 COMUNIDADE NOS FINS DE SEMANA, ASSIM COMO ESTABELECER O DIA 10 DE MAR\u00c7O, DATA ESPECIAL PARA COMEMORAR ESSA CONQUISTA COMUNIT\u00c1RIA E PROMOVER A\u00c7\u00d5ES CULTURAIS, SOCIAIS, ART\u00cdSTICAS, ARTESANAIS, MUSICAIS E ESPORTIVAS, COM O OBJETIVO DE QUE ESSE OPORTUNO PROJETO PASSE A SER PARTE DE UMA POL\u00cdTICA DE ESTADO E N\u00c3O APENAS DE GOVERNO.","indexacao":"","observacao":"","resultado":"","texto_original":"http://sapl.esteio.rs.leg.br/media/sapl/public/materialegislativa/2015/1722/1722_texto_integral.docx","data_ultima_atualizacao":"2018-06-14T20:32:06.751628-03:00","ip":"","ultima_edicao":null,"tipo":3,"regime_tramitacao":1,"tipo_origem_externa":null,"local_origem_externa":null,"user":null,"anexadas":[],"autores":[14]}