{"id":2284,"__str__":"Requerimento n\u00ba 396 de 2013","link_detail_backend":"/materia/2284","metadata":{},"numero":396,"ano":2013,"numero_protocolo":null,"data_apresentacao":"2013-04-23","tipo_apresentacao":"E","data_publicacao":null,"numero_origem_externa":"","ano_origem_externa":null,"data_origem_externa":null,"apelido":"","dias_prazo":null,"data_fim_prazo":null,"em_tramitacao":false,"polemica":null,"objeto":"","complementar":null,"ementa":"SOLICITA QUE ENCAMINHE A ESTA CASA, C\u00d3PIA DOS DOCUMENTOS QUE COMPROVEM O RECOLHIMENTO DAS CONTRIBUI\u00c7\u00d5ES PESSOAIS DOS FUNCION\u00c1RIOS DA FUNDA\u00c7\u00c3O DE SA\u00daDE P\u00daBLICA S\u00c3O CAMILO DE ESTEIO AO INSTITUTO NACIONAL DE PREVID\u00caNCIA SOCIAL, DOS EXERC\u00cdCIOS 2012 E 2013.","indexacao":"","observacao":"","resultado":"","texto_original":"http://sapl.esteio.rs.leg.br/media/sapl/public/materialegislativa/2013/2284/2284_texto_integral.doc","data_ultima_atualizacao":"2018-06-14T20:33:17.577290-03:00","ip":"","ultima_edicao":null,"tipo":3,"regime_tramitacao":1,"tipo_origem_externa":null,"local_origem_externa":null,"user":null,"anexadas":[],"autores":[13]}