{"id":2524,"__str__":"Requerimento n\u00ba 874 de 2013","link_detail_backend":"/materia/2524","metadata":{},"numero":874,"ano":2013,"numero_protocolo":null,"data_apresentacao":"2013-09-03","tipo_apresentacao":"E","data_publicacao":null,"numero_origem_externa":"","ano_origem_externa":null,"data_origem_externa":null,"apelido":"","dias_prazo":null,"data_fim_prazo":null,"em_tramitacao":false,"polemica":null,"objeto":"","complementar":null,"ementa":"QUE SE DIGNE INFORMAR A ESTA CASA O QUE SEGUE:\r\n- QUANTOS ALVAR\u00c1S DE FUNCIONAMENTO E ALVAR\u00c1S DA VIGIL\u00c2NCIA SANIT\u00c1RIA FORAM EMITIDOS POR OCASI\u00c3O DA EXPOINTER 2013?\r\n- QUANTO FOI ARRECADADO COM TAXAS DE LICEN\u00c7A, LOCALIZA\u00c7\u00c3O E FISCALIZA\u00c7\u00c3O (ALVAR\u00c1) E TAXAS DA VIGIL\u00c2NCIA SANIT\u00c1RIA EM DECORR\u00caNCIA DA EXPOINTER 2013?\r\n- QUANTO FOI ARRECADADO, A CR\u00c9DITO DO FUNREBOM, EM DECORR\u00caNCIA DO PAGAMENTO DE TAXA DE SERVI\u00c7O N\u00c3O EMERGENCIAL AO CORPO DE BOMBEIROS, POR OCASI\u00c3O DA EXPOINTER 2013?\r\n- C\u00d3PIA DAS GUIAS DE RECOLHIMENTO QUE DERAM ORIGEM AOS CR\u00c9DITOS REFERIDOS ACIMA.\r\n","indexacao":"","observacao":"","resultado":"","texto_original":"http://sapl.esteio.rs.leg.br/media/sapl/public/materialegislativa/2013/2524/2524_texto_integral.doc","data_ultima_atualizacao":"2018-06-14T20:37:12.115768-03:00","ip":"","ultima_edicao":null,"tipo":3,"regime_tramitacao":1,"tipo_origem_externa":null,"local_origem_externa":null,"user":null,"anexadas":[],"autores":[13]}