{"id":2665,"__str__":"Requerimento n\u00ba 472 de 2013","link_detail_backend":"/materia/2665","metadata":{},"numero":472,"ano":2013,"numero_protocolo":null,"data_apresentacao":"2013-05-21","tipo_apresentacao":"E","data_publicacao":null,"numero_origem_externa":"","ano_origem_externa":null,"data_origem_externa":null,"apelido":"","dias_prazo":null,"data_fim_prazo":null,"em_tramitacao":false,"polemica":null,"objeto":"","complementar":null,"ementa":"QUE SE DIGNE INFORMAR A ESTA CASA O QUE SEGUE:\r\n- QUAL A MODALIDADE DE CONTRATA\u00c7\u00c3O EXISTENTE ENTRE A FUNDA\u00c7\u00c3O DE SA\u00daDE P\u00daBLICA S\u00c3O CAMILO E O M\u00c9DICO CLAUDIO VIN\u00cdCIUS BUBLITZ, COM A SR.\u00aa RUTE VIEGAS PEREIRA E COM O SR. JULIO SOARES?\r\n- QUAL A CARGA HOR\u00c1RIA DI\u00c1RIA REALIZADA PELOS MESMOS NO DESENVOLVIMENTO DE SUAS ATIVIDADES NA FUNDA\u00c7\u00c3O?\r\n","indexacao":"","observacao":"","resultado":"","texto_original":"http://sapl.esteio.rs.leg.br/media/sapl/public/materialegislativa/2013/2665/2665_texto_integral.doc","data_ultima_atualizacao":"2018-06-14T20:36:25.641280-03:00","ip":"","ultima_edicao":null,"tipo":3,"regime_tramitacao":1,"tipo_origem_externa":null,"local_origem_externa":null,"user":null,"anexadas":[],"autores":[10]}