{"id":3095,"__str__":"Requerimento n\u00ba 604 de 2015","link_detail_backend":"/materia/3095","metadata":{},"numero":604,"ano":2015,"numero_protocolo":null,"data_apresentacao":"2015-07-21","tipo_apresentacao":"E","data_publicacao":null,"numero_origem_externa":"","ano_origem_externa":null,"data_origem_externa":null,"apelido":"","dias_prazo":null,"data_fim_prazo":null,"em_tramitacao":false,"polemica":null,"objeto":"","complementar":null,"ementa":"QUE SE DIGNE A INFORMAR  SE A REDE DE COLETA DO ESGOTO SANIT\u00c1RIO INSTALADA EM NOSSA CIDADE EST\u00c1 TODA INTERLIGADA, (MESMO N\u00c3O ESTANDO LIGADAS AS RESID\u00caNCIAS), DIRECIONANDO PARA UM \u00daNICO PONTO DE ESTEIO POR GRAVIDADE E DESTE PONTO N\u00c3O EST\u00c1 SENDO ENVIADA PARA A ESTA\u00c7\u00c3O DE TRATAMENTO, QUAIS GARANTIAS TEMOS QUE N\u00c3O ESTEJA CONTRIBUINDO PARA O AUMENTO DAS CHEIAS NAS REGI\u00d5ES DAS RUAS CEL. THEODOMIRO PORTO DA FONSECA NO BAIRRO S\u00c3O SEBASTI\u00c3O E ARLINDO BAIERLE NO BAIRRO NOVO ESTEIO? QUAL A PREVIS\u00c3O PARA O FUNCIONAMENTO DESTE SISTEMA? ","indexacao":"","observacao":"","resultado":"","texto_original":"http://sapl.esteio.rs.leg.br/media/sapl/public/materialegislativa/2015/3095/3095_texto_integral.docx","data_ultima_atualizacao":"2018-06-14T20:32:30.318777-03:00","ip":"","ultima_edicao":null,"tipo":3,"regime_tramitacao":1,"tipo_origem_externa":null,"local_origem_externa":null,"user":null,"anexadas":[],"autores":[16]}