{"id":321,"__str__":"Requerimento n\u00ba 926 de 2014","link_detail_backend":"/materia/321","metadata":{},"numero":926,"ano":2014,"numero_protocolo":null,"data_apresentacao":"2014-10-21","tipo_apresentacao":"E","data_publicacao":null,"numero_origem_externa":"","ano_origem_externa":null,"data_origem_externa":null,"apelido":"","dias_prazo":null,"data_fim_prazo":null,"em_tramitacao":false,"polemica":null,"objeto":"","complementar":null,"ementa":"QUE SE DIGNE INFORMAR QUAL \u00c9 O VALOR TOTAL DO INVESTIMENTO PRONATEC EM ESTEIO AT\u00c9 O MOMENTO? QUAL O N\u00daMERO DE CIDAD\u00c3OS FORMADOS PELO PRONATEC NA CIDADE E AINDA, A DATA DE FORMATURA DE CADA TURMA, REGISTROS FOTOGR\u00c1FICOS DAS REFERIDAS FORMATURAS E C\u00d3PIA DO CERTIFICADO DE CONCLUS\u00c3O COM RECIBO DE ENTREGA ASSINADO PELO FORMANDO.","indexacao":"","observacao":"","resultado":"","texto_original":"http://sapl.esteio.rs.leg.br/media/sapl/public/materialegislativa/2014/321/321_texto_integral.docx","data_ultima_atualizacao":"2018-06-14T20:33:19.712353-03:00","ip":"","ultima_edicao":null,"tipo":3,"regime_tramitacao":1,"tipo_origem_externa":null,"local_origem_externa":null,"user":null,"anexadas":[],"autores":[6]}