{"id":3284,"__str__":"Requerimento n\u00ba 747 de 2015","link_detail_backend":"/materia/3284","metadata":{},"numero":747,"ano":2015,"numero_protocolo":null,"data_apresentacao":"2015-09-01","tipo_apresentacao":"E","data_publicacao":null,"numero_origem_externa":"","ano_origem_externa":null,"data_origem_externa":null,"apelido":"","dias_prazo":null,"data_fim_prazo":null,"em_tramitacao":false,"polemica":null,"objeto":"","complementar":null,"ementa":"SOLICITA QUE ESTUDE A POSSIBILIDADE DE ENVIAR EM FORMA DE PROJETO DE LEI, O ANTEPROJETO DE LEI, EM ANEXO, QUE &#8220;DISP\u00d5E SOBRE AS REGRAS PARA COMERCIALIZA\u00c7\u00c3O DE ALIMENTOS EM VIAS E \u00c1REAS P\u00daBLICAS E D\u00c1 OUTRAS PROVID\u00caNCIAS&#8221;.","indexacao":"","observacao":"","resultado":"","texto_original":"http://sapl.esteio.rs.leg.br/media/sapl/public/materialegislativa/2015/3284/3284_texto_integral.docx","data_ultima_atualizacao":"2018-06-14T20:37:50.413564-03:00","ip":"","ultima_edicao":null,"tipo":3,"regime_tramitacao":1,"tipo_origem_externa":null,"local_origem_externa":null,"user":null,"anexadas":[],"autores":[13]}