{"id":3336,"__str__":"Mo\u00e7\u00e3o n\u00ba 789 de 2015","link_detail_backend":"/materia/3336","metadata":{},"numero":789,"ano":2015,"numero_protocolo":null,"data_apresentacao":"2015-09-22","tipo_apresentacao":"E","data_publicacao":null,"numero_origem_externa":"","ano_origem_externa":null,"data_origem_externa":null,"apelido":"","dias_prazo":null,"data_fim_prazo":null,"em_tramitacao":false,"polemica":null,"objeto":"","complementar":null,"ementa":"MANIFESTA SEU APOIO AO PROJETO DE LEI N\u00ba 2477/2015, DE AUTORIA DO DEPUTADO JER\u00d4NIMO G\u00d6ERGEN (PP/RS), QUE &#8220;CONFERE AO MUNIC\u00cdPIO DE ESTEIO, NO RIO GRANDE DO SUL, O T\u00cdTULO DE CAPITAL NACIONAL DA SOLIDARIEDADE&#8221;.","indexacao":"","observacao":"","resultado":"","texto_original":"http://sapl.esteio.rs.leg.br/media/sapl/public/materialegislativa/2015/3336/3336_texto_integral.docx","data_ultima_atualizacao":"2018-06-14T20:37:43.550193-03:00","ip":"","ultima_edicao":null,"tipo":7,"regime_tramitacao":1,"tipo_origem_externa":null,"local_origem_externa":null,"user":null,"anexadas":[],"autores":[13]}