{"id":482,"__str__":"Requerimento n\u00ba 826 de 2014","link_detail_backend":"/materia/482","metadata":{},"numero":826,"ano":2014,"numero_protocolo":null,"data_apresentacao":"2014-09-09","tipo_apresentacao":"E","data_publicacao":null,"numero_origem_externa":"","ano_origem_externa":null,"data_origem_externa":null,"apelido":"","dias_prazo":null,"data_fim_prazo":null,"em_tramitacao":false,"polemica":null,"objeto":"","complementar":null,"ementa":"A C\u00d3PIA DO \u00c1UDIO DA REUNI\u00c3O ORDIN\u00c1RIA DO CONSELHO DIRETOR DA FUNDA\u00c7\u00c3O DE SA\u00daDE P\u00daBLICA S\u00c3O CAMILO DE ESTEIO, REALIZADA NA SALA DE TREINAMENTO DA FUNDA\u00c7\u00c3O NO DIA 01/09/2014, QUE TEVE IN\u00cdCIO \u00c0S 18 HORAS.","indexacao":"","observacao":"","resultado":"","texto_original":"http://sapl.esteio.rs.leg.br/media/sapl/public/materialegislativa/2014/482/482_texto_integral.docx","data_ultima_atualizacao":"2018-06-14T20:35:22.230770-03:00","ip":"","ultima_edicao":null,"tipo":3,"regime_tramitacao":1,"tipo_origem_externa":null,"local_origem_externa":null,"user":null,"anexadas":[],"autores":[10]}