{"id":484,"__str__":"Requerimento n\u00ba 828 de 2014","link_detail_backend":"/materia/484","metadata":{},"numero":828,"ano":2014,"numero_protocolo":null,"data_apresentacao":"2014-09-09","tipo_apresentacao":"E","data_publicacao":null,"numero_origem_externa":"","ano_origem_externa":null,"data_origem_externa":null,"apelido":"","dias_prazo":null,"data_fim_prazo":null,"em_tramitacao":false,"polemica":null,"objeto":"","complementar":null,"ementa":"A ADO\u00c7\u00c3O DE PROVID\u00caNCIAS PARA RECUPERA\u00c7\u00c3O E PRESERVA\u00c7\u00c3O DO PR\u00c9DIO DA CASA DO TRABALHADOR, LOCALIZADO NA AV. PRESIDENTE VARGAS, EM ESTEIO, ESPECIALMENTE A COLOCA\u00c7\u00c3O DE VIGIL\u00c2NCIA 24H NO LOCAL.","indexacao":"","observacao":"","resultado":"","texto_original":"http://sapl.esteio.rs.leg.br/media/sapl/public/materialegislativa/2014/484/484_texto_integral.docx","data_ultima_atualizacao":"2018-06-14T20:35:27.887780-03:00","ip":"","ultima_edicao":null,"tipo":3,"regime_tramitacao":1,"tipo_origem_externa":null,"local_origem_externa":null,"user":null,"anexadas":[],"autores":[13]}