{"id":5085,"__str__":"Pedido de Provid\u00eancia n\u00ba 1176 de 2016","link_detail_backend":"/materia/5085","metadata":{},"numero":1176,"ano":2016,"numero_protocolo":null,"data_apresentacao":"2016-11-22","tipo_apresentacao":"","data_publicacao":null,"numero_origem_externa":"","ano_origem_externa":null,"data_origem_externa":null,"apelido":"","dias_prazo":null,"data_fim_prazo":null,"em_tramitacao":false,"polemica":null,"objeto":"","complementar":null,"ementa":"ENCAMINHA A VOSSA EXCEL\u00caNCIA C\u00d3PIA DO ANTEPROJETO DE LEI QUE &#8220;NOMEIA O ESPA\u00c7O DE CONVIV\u00caNCIA NA \u00c1REA J\u00c1 REVITALIZADA DO SEMIN\u00c1RIO CLARETIANO COMO &#8220; ESPA\u00c7O CULTURAL PAULO FOGA\u00c7A&#8221;&#8221;, PARA QUE ESTUDE A POSSIBILIDADE DE ENVI\u00c1-LO A ESTA CASA LEGISLATIVA NA FORMA DE PROJETO DE LEI ORDIN\u00c1RIA.","indexacao":"","observacao":"","resultado":"","texto_original":"http://sapl.esteio.rs.leg.br/media/sapl/public/materialegislativa/2016/5085/5085_texto_integral.docx","data_ultima_atualizacao":"2018-06-14T20:38:02.572244-03:00","ip":"","ultima_edicao":null,"tipo":9,"regime_tramitacao":1,"tipo_origem_externa":null,"local_origem_externa":null,"user":null,"anexadas":[],"autores":[12]}