{"id":5733,"__str__":"Anteprojeto de Lei n\u00ba 472 de 2017","link_detail_backend":"/materia/5733","metadata":{},"numero":472,"ano":2017,"numero_protocolo":null,"data_apresentacao":"2017-04-11","tipo_apresentacao":"","data_publicacao":null,"numero_origem_externa":"","ano_origem_externa":null,"data_origem_externa":null,"apelido":"","dias_prazo":null,"data_fim_prazo":null,"em_tramitacao":false,"polemica":null,"objeto":"","complementar":null,"ementa":"ENCAMINHA A VOSSA EXCEL\u00caNCIA O ANTEPROJETO DE LEI EM ANEXO, QUE &#8220;DISP\u00d5E SOBRE A EXPOSI\u00c7\u00c3O DE CARTAZES COM FOTOS DE FORAGIDOS EM \u00d3RG\u00c3OS P\u00daBLICOS E VE\u00cdCULOS DE TRANSPORTE P\u00daBLICO E CRIA O DISQUE DEN\u00daNCIA&#8221;, PARA QUE SEJA ANALISADA A POSSIBILIDADE DE RETORNAR A ESTA CASA, NA FORMA DE PROJETO DE LEI. ","indexacao":"","observacao":"","resultado":"","texto_original":null,"data_ultima_atualizacao":"2018-06-14T20:30:22.114030-03:00","ip":"","ultima_edicao":null,"tipo":13,"regime_tramitacao":1,"tipo_origem_externa":null,"local_origem_externa":null,"user":null,"anexadas":[],"autores":[35]}