{"id":579,"__str__":"Requerimento n\u00ba 725 de 2014","link_detail_backend":"/materia/579","metadata":{},"numero":725,"ano":2014,"numero_protocolo":null,"data_apresentacao":"2014-07-29","tipo_apresentacao":"E","data_publicacao":null,"numero_origem_externa":"","ano_origem_externa":null,"data_origem_externa":null,"apelido":"","dias_prazo":null,"data_fim_prazo":null,"em_tramitacao":false,"polemica":null,"objeto":"","complementar":null,"ementa":"QUE SE DIGNE A INFORMAR SE A EQUIPE DA ESTRAT\u00c9GIA DE SA\u00daDE DA FAM\u00cdLIA DA UBS PARQUE CLARET DEIXAR\u00c1 DE CONTAR COM OS TR\u00caS M\u00c9DICOS DO PROVAB, A PARTIR DE SETEMBRO DESTE ANO? CASO AFIRMATIVO, OS M\u00c9DICOS SER\u00c3O UTILIZADOS PARA REABERTURA DO UBS DA CRUZEIRO E TAMANDAR\u00c9? E AINDA, POR QUE A UBS CLARET FUNCIONA AT\u00c9 \u00c0S 20H SE O ATENDIMENTO M\u00c9DICO FUNCIONA AT\u00c9 \u00c0S 17H?","indexacao":"","observacao":"","resultado":"","texto_original":"http://sapl.esteio.rs.leg.br/media/sapl/public/materialegislativa/2014/579/579_texto_integral.docx","data_ultima_atualizacao":"2018-06-14T20:35:03.867823-03:00","ip":"","ultima_edicao":null,"tipo":3,"regime_tramitacao":1,"tipo_origem_externa":null,"local_origem_externa":null,"user":null,"anexadas":[],"autores":[14]}