{"id":6195,"__str__":"Pedido de Informa\u00e7\u00e3o n\u00ba 864 de 2017","link_detail_backend":"/materia/6195","metadata":{},"numero":864,"ano":2017,"numero_protocolo":null,"data_apresentacao":"2017-07-11","tipo_apresentacao":"","data_publicacao":null,"numero_origem_externa":"","ano_origem_externa":null,"data_origem_externa":null,"apelido":"","dias_prazo":null,"data_fim_prazo":null,"em_tramitacao":false,"polemica":null,"objeto":"","complementar":null,"ementa":"INFORMAR QUAL O MOTIVO DA A\u00c7\u00c3O TRUCULENTA E AGRESSIVA, QUE RESULTOU EM PRIS\u00c3O DO COMERCIANTE INFORMAL, OCORRIDA NA TARDE DESTA TER\u00c7A-FEIRA, DIA 11 DE JULHO, NO CENTRO DE ESTEIO, NA AVENIDA PRESIDENTE VARGAS NAS PROXIMIDADES DO N\u00daMERO 2100.","indexacao":"","observacao":"","resultado":"","texto_original":"http://sapl.esteio.rs.leg.br/media/sapl/public/materialegislativa/2017/6195/6195_texto_integral.docx","data_ultima_atualizacao":"2018-06-14T20:33:53.162724-03:00","ip":"","ultima_edicao":null,"tipo":12,"regime_tramitacao":1,"tipo_origem_externa":null,"local_origem_externa":null,"user":null,"anexadas":[],"autores":[12,32,29]}