{"id":6493,"__str__":"Mo\u00e7\u00e3o n\u00ba 1133 de 2017","link_detail_backend":"/materia/6493","metadata":{},"numero":1133,"ano":2017,"numero_protocolo":null,"data_apresentacao":"2017-09-12","tipo_apresentacao":"","data_publicacao":null,"numero_origem_externa":"","ano_origem_externa":null,"data_origem_externa":null,"apelido":"","dias_prazo":null,"data_fim_prazo":null,"em_tramitacao":false,"polemica":null,"objeto":"","complementar":null,"ementa":"MO\u00c7\u00c3O DE PARABENIZA\u00c7\u00c3O \u00c0 VOSSA EXCEL\u00caNCIA PREFEITO MUNICIPAL, E SUA EQUIPE PELA REALIZA\u00c7\u00c3O DO DESFILE C\u00cdVICO DO DIA 07 DE SETEMBRO NA REGI\u00c3O DO CENTRO. ","indexacao":"","observacao":"","resultado":"","texto_original":"http://sapl.esteio.rs.leg.br/media/sapl/public/materialegislativa/2017/6493/6493_texto_integral.docx","data_ultima_atualizacao":"2018-06-14T20:33:17.162779-03:00","ip":"","ultima_edicao":null,"tipo":7,"regime_tramitacao":1,"tipo_origem_externa":null,"local_origem_externa":null,"user":null,"anexadas":[],"autores":[33]}