{"id":7221,"__str__":"Requerimento n\u00ba 97 de 2018","link_detail_backend":"/materia/7221","metadata":{},"numero":97,"ano":2018,"numero_protocolo":null,"data_apresentacao":"2018-02-20","tipo_apresentacao":"","data_publicacao":null,"numero_origem_externa":"","ano_origem_externa":null,"data_origem_externa":null,"apelido":"","dias_prazo":null,"data_fim_prazo":null,"em_tramitacao":false,"polemica":null,"objeto":"","complementar":null,"ementa":"SOLICITA QUE VOSSA EXCEL\u00caNCIA MINISTRO DA EDUCA\u00c7\u00c3O, SE DIGNE A INFORMAR A ESTA CASA LEGISLATIVA O QUE SEGUE:\r\nQUAL O MOTIVO DA EXTIN\u00c7\u00c3O DO PROGRAMA MAIS EDUCA\u00c7\u00c3O DAS ESCOLAS MUNICIPAIS DO PA\u00cdS?\r\n","indexacao":"","observacao":"","resultado":"","texto_original":"http://sapl.esteio.rs.leg.br/media/sapl/public/materialegislativa/2018/7221/7221_texto_integral.docx","data_ultima_atualizacao":"2018-06-14T20:38:11.187451-03:00","ip":"","ultima_edicao":null,"tipo":3,"regime_tramitacao":1,"tipo_origem_externa":null,"local_origem_externa":null,"user":null,"anexadas":[],"autores":[33]}