{"id":7294,"__str__":"Pedido de Provid\u00eancia n\u00ba 150 de 2018","link_detail_backend":"/materia/7294","metadata":{},"numero":150,"ano":2018,"numero_protocolo":null,"data_apresentacao":"2018-03-13","tipo_apresentacao":"","data_publicacao":null,"numero_origem_externa":"","ano_origem_externa":null,"data_origem_externa":null,"apelido":"","dias_prazo":null,"data_fim_prazo":null,"em_tramitacao":false,"polemica":null,"objeto":"","complementar":null,"ementa":"INFORMAR A ESTA CASA O QUE SEGUE:\r\n- QUAIS SER\u00c3O AS PENALIDADES QUE SER\u00c3O APLICADAS \u00c0S CONCESSION\u00c1RIAS DO  TRANSPORTE P\u00daBLICO MUNICIPAL POR N\u00c3O TER RETOMADO O HOR\u00c1RIO NORMAL NO DIA 5 DE MAR\u00c7O, INTERROMPENDO A NORMALIDADE DA PRESTA\u00c7\u00c3O DE SERVI\u00c7OS \u00c0 COMUNIDADE DE ESTEIO?\r\n","indexacao":"","observacao":"","resultado":"","texto_original":"http://sapl.esteio.rs.leg.br/media/sapl/public/materialegislativa/2018/7294/7294_texto_integral.docx","data_ultima_atualizacao":"2018-07-16T16:12:12.898248-03:00","ip":"","ultima_edicao":null,"tipo":9,"regime_tramitacao":1,"tipo_origem_externa":null,"local_origem_externa":null,"user":null,"anexadas":[],"autores":[12]}