{"headers": {"id": "ID", "ano": "Ano", "numero": "N\u00famero", "tipo__sigla": "Tipo de Mat\u00e9ria Legislativa/Sigla", "tipo__descricao": "Tipo de Mat\u00e9ria Legislativa/Descri\u00e7\u00e3o", "autoria": "Autorias", "texto_original": "Texto Original", "ementa": "Ementa"}, "results": [{"id": "3373", "ano": "2015", "numero": "116", "tipo__sigla": "EAP", "tipo__descricao": "Emenda Aditiva a Projeto de Lei", "autoria": "Legislativo Municipal", "texto_original": "http://sapl.esteio.rs.leg.br/media/./sapl/public/materialegislativa/2015/3373/3373_texto_integral.doc", "ementa": "DISP\u00d5E SOBRE O ACEITE DE DECLARA\u00c7\u00c3O DE COMPARECIMENTO DE SERVIDORES A SERVI\u00c7OS DE SA\u00daDE E D\u00c1 OUTRAS PROVID\u00caNCIAS "}, {"id": "3326", "ano": "2015", "numero": "163", "tipo__sigla": "EAP", "tipo__descricao": "Emenda Aditiva a Projeto de Lei", "autoria": "", "texto_original": "http://sapl.esteio.rs.leg.br/media/./sapl/public/materialegislativa/2015/3326/3326_texto_integral.pdf", "ementa": "EMENDA ADITIVA AO PROJETO DE LEI N\u00ba 116/2015, QUE DISP\u00d5E SOBRE O ACEITE DA DECLARA\u00c7\u00c3O DE COMPARECIMENTO DE SERVIDORES A SERVI\u00c7OS DE SA\u00daDE E D\u00c1 OUTRAS PROVID\u00caNCIAS. "}, {"id": "3665", "ano": "2015", "numero": "226", "tipo__sigla": "EAP", "tipo__descricao": "Emenda Aditiva a Projeto de Lei", "autoria": "CCJR - Constitui\u00e7\u00e3o, Justi\u00e7a e Reda\u00e7\u00e3o", "texto_original": "http://sapl.esteio.rs.leg.br/media/./sapl/public/materialegislativa/2015/3665/3665_texto_integral.pdf", "ementa": "EMENDA ADITIVA AO PROJETO DE LEI N\u00ba 188/2015 - EXPEDIENTE 220/2015"}, {"id": "3589", "ano": "2015", "numero": "229", "tipo__sigla": "EAP", "tipo__descricao": "Emenda Aditiva a Projeto de Lei", "autoria": "CFO - Finan\u00e7as e Or\u00e7amento", "texto_original": "http://sapl.esteio.rs.leg.br/media/./sapl/public/materialegislativa/2015/3589/3589_texto_integral.pdf", "ementa": "FICA ACRESCIDO O ART. 7\u00ba-A."}, {"id": "3590", "ano": "2015", "numero": "230", "tipo__sigla": "EAP", "tipo__descricao": "Emenda Aditiva a Projeto de Lei", "autoria": "CFO - Finan\u00e7as e Or\u00e7amento", "texto_original": "http://sapl.esteio.rs.leg.br/media/./sapl/public/materialegislativa/2015/3590/3590_texto_integral.pdf", "ementa": "FICA ACRESCIDO O PAR\u00c1GRAFO \u00daNICO AO ART 1\u00ba."}, {"id": "3624", "ano": "2015", "numero": "240", "tipo__sigla": "EAP", "tipo__descricao": "Emenda Aditiva a Projeto de Lei", "autoria": "CFO - Finan\u00e7as e Or\u00e7amento", "texto_original": "http://sapl.esteio.rs.leg.br/media/./sapl/public/materialegislativa/2015/3624/3624_texto_integral.pdf", "ementa": "EMENDA ADITIVA AO PROJETO DE LEI 202/2015, QUE AUTORIZA A FUNDA\u00c7\u00c3O DE SA\u00daDE P\u00daBLICA DE ESTEIO - FSPSCE - A INDENIZAR VALORES DECORRENTES DE CONSIGNA\u00c7\u00c3O BANC\u00c1RIA DO PAGAMENTO DA GRATIFICA\u00c7\u00c3O NATALINA (13\u00ba SAL\u00c1RIO) AOS SEUS EMPREGADOS. "}, {"id": "2417", "ano": "2015", "numero": "1", "tipo__sigla": "EPL", "tipo__descricao": "Emenda a Projeto de Lei", "autoria": "Executivo Municipal", "texto_original": "http://sapl.esteio.rs.leg.br/media/./sapl/public/materialegislativa/2015/2417/2417_texto_integral.pdf", "ementa": "EMENDA AO PROJETO DE LEI APRESENTADO ATRAV\u00c9S DA MENSAGEM N\u00ba 046/2015, VISANDO ESCLARECER QUAIS VALORES SER\u00c3O REPASSADOS AO CONSELHO COMUNIT\u00c1RIO PR\u00d3-SEGURAN\u00c7A P\u00daBLICA DE ESTEIO E DE QUE MANEIRA SE DAR\u00c1 O REPASSE."}, {"id": "2964", "ano": "2015", "numero": "65", "tipo__sigla": "EPL", "tipo__descricao": "Emenda a Projeto de Lei", "autoria": "Executivo Municipal", "texto_original": "http://sapl.esteio.rs.leg.br/media/./sapl/public/materialegislativa/2015/2964/2964_texto_integral.doc", "ementa": "ALTERA OS ARTIGOS 1\u00ba, 2\u00ba, 4\u00ba E 18 DA LEI MUNICIPAL N\u00ba 5.606/2012 DE 13 DE DEZEMBRO DE 2012, QUE DISP\u00d5E SOBRE O ESTACIONAMENTO ROTATIVO PAGO NAS VIAS E LOGRADOUROS DO MUNICIPIO DE ESTEIO"}, {"id": "2890", "ano": "2015", "numero": "76", "tipo__sigla": "EPL", "tipo__descricao": "Emenda a Projeto de Lei", "autoria": "Legislativo Municipal", "texto_original": "http://sapl.esteio.rs.leg.br/media/./sapl/public/materialegislativa/2015/2890/2890_texto_integral.doc", "ementa": "CONCEDE REAJUSTE NOS VENCIMENTOS DOS SERVIDORES DA C\u00c2MARA MUNICIPAL DE ESTEIO E D\u00c1 OUTRAS PROVID\u00caNCIAS"}, {"id": "3071", "ano": "2015", "numero": "81", "tipo__sigla": "EPL", "tipo__descricao": "Emenda a Projeto de Lei", "autoria": "Executivo Municipal", "texto_original": "http://sapl.esteio.rs.leg.br/media/./sapl/public/materialegislativa/2015/3071/3071_texto_integral.doc", "ementa": "TERMO DE CONCESS\u00c3O DE USO QUE ENTRE SI CELEBRAM O MUNIC\u00cdPIO DE ESTEIO E A LOJA MA\u00c7ONICA ALDEBARAN, PARA OS FINS QUE ESPEC\u00cdFICA"}, {"id": "3248", "ano": "2015", "numero": "143", "tipo__sigla": "EPL", "tipo__descricao": "Emenda a Projeto de Lei", "autoria": "CCJR - Constitui\u00e7\u00e3o, Justi\u00e7a e Reda\u00e7\u00e3o", "texto_original": "http://sapl.esteio.rs.leg.br/media/./sapl/public/materialegislativa/2015/3248/3248_texto_integral.jpeg", "ementa": "EMENDA AO PROJETO 56/2015, EXPEDIENTE 063/2015"}, {"id": "3403", "ano": "2015", "numero": "149", "tipo__sigla": "EPL", "tipo__descricao": "Emenda a Projeto de Lei", "autoria": "Legislativo Municipal", "texto_original": "http://sapl.esteio.rs.leg.br/media/./sapl/public/materialegislativa/2015/3403/3403_texto_integral.doc", "ementa": "DISP\u00d5E SOBRE AS DIRETRIZES OR\u00c7AMENT\u00c1RIAS PARA O EXERC\u00cdCIO DE 2016 E D\u00c1 OUTRAS PROVID\u00caNCIAS"}, {"id": "3250", "ano": "2015", "numero": "163", "tipo__sigla": "EPL", "tipo__descricao": "Emenda a Projeto de Lei", "autoria": "Legislativo Municipal", "texto_original": "http://sapl.esteio.rs.leg.br/media/./sapl/public/materialegislativa/2015/3250/3250_texto_integral.jpeg", "ementa": "EMENDA ADITIVA AO PROJETO DE LEI N\u00ba 116/2015, QUE DISP\u00d5E SOBRE O ACEITE DE DECLARA\u00c7\u00c3O DE COMPARECIMENTO DE SERVIDORES A SERVI\u00c7OS DE SA\u00daDE E D\u00c1 OUTRAS PROVID\u00caNCIAS"}, {"id": "3321", "ano": "2015", "numero": "178", "tipo__sigla": "EPL", "tipo__descricao": "Emenda a Projeto de Lei", "autoria": "Rafael Figliero", "texto_original": "http://sapl.esteio.rs.leg.br/media/./sapl/public/materialegislativa/2015/3321/3321_texto_integral.pdf", "ementa": "EMENDA AO PROJETO DE LEI DE DIRETRIZES OR\u00c7AMENT\u00c1RIAS N\u00ba149/2015."}, {"id": "3328", "ano": "2015", "numero": "185", "tipo__sigla": "EPL", "tipo__descricao": "Emenda a Projeto de Lei", "autoria": "Michele Pereira", "texto_original": "http://sapl.esteio.rs.leg.br/media/./sapl/public/materialegislativa/2015/3328/3328_texto_integral.pdf", "ementa": "EMENDA AO PROJETO DE LEI 149/2015"}, {"id": "3329", "ano": "2015", "numero": "186", "tipo__sigla": "EPL", "tipo__descricao": "Emenda a Projeto de Lei", "autoria": "", "texto_original": "http://sapl.esteio.rs.leg.br/media/./sapl/public/materialegislativa/2015/3329/3329_texto_integral.pdf", "ementa": "EMENDAS AO PROJETO DE LEI N\u00ba 149/2015."}, {"id": "3335", "ano": "2015", "numero": "187", "tipo__sigla": "EPL", "tipo__descricao": "Emenda a Projeto de Lei", "autoria": "Leo Dahmer, Ari Zanoni, Leonardo Pascoal, Marcelo Kohlrausch", "texto_original": "http://sapl.esteio.rs.leg.br/media/./sapl/public/materialegislativa/2015/3335/3335_texto_integral.pdf", "ementa": "EMENDA AO PROJETO DE LEI N\u00ba 149/15."}, {"id": "3334", "ano": "2015", "numero": "188", "tipo__sigla": "EPL", "tipo__descricao": "Emenda a Projeto de Lei", "autoria": "", "texto_original": "http://sapl.esteio.rs.leg.br/media/./sapl/public/materialegislativa/2015/3334/3334_texto_integral.pdf", "ementa": "EMENDA AO PROJETO DE LEI 149/2015."}, {"id": "3629", "ano": "2015", "numero": "180", "tipo__sigla": "EMP", "tipo__descricao": "Emenda Modificativa a Projeto de Lei", "autoria": "Leonardo Pascoal", "texto_original": "http://sapl.esteio.rs.leg.br/media/./sapl/public/materialegislativa/2015/3629/3629_texto_integral.pdf", "ementa": "FICA ALTERADA A COMPOSI\u00c7\u00c3O DOS ELEMENTOS DA DESPESA PARA O EXERC\u00cdCIO DE 2016."}, {"id": "3709", "ano": "2015", "numero": "198", "tipo__sigla": "EMP", "tipo__descricao": "Emenda Modificativa a Projeto de Lei", "autoria": "Legislativo Municipal", "texto_original": "http://sapl.esteio.rs.leg.br/media/", "ementa": "INSTITU\u00cd A REGULARIZA\u00c7\u00c3O FUNDI\u00c1RIA DE INTERESSE ESPEC\u00cdFICO DE LOTEAMENTOS E DESMEMBRAMENTOS IRREGULARES OU CLANDESTINOS NO MUNIC\u00cdPIO DE ESTEIO E D\u00c1 OUTRAS PROVID\u00caNCIAS"}, {"id": "203", "ano": "2015", "numero": "23", "tipo__sigla": "MOC", "tipo__descricao": "Mo\u00e7\u00e3o", "autoria": "Jaime da Rosa", "texto_original": "http://sapl.esteio.rs.leg.br/media/./sapl/public/materialegislativa/2015/203/203_texto_integral.docx", "ementa": "SOLICITA O ENVIO DE MO\u00c7\u00c3O DE REP\u00daDIO AO EXECUTIVO FEDERAL PELAS MEDIDAS PROVIS\u00d3RIAS DE N\u00ba 664 E 665 DE 30 DE DEZEMBRO DE 2014, QUE TORNAR\u00c3O MAIS RIGOROSO O ACESSO DA POPULA\u00c7\u00c3O A UMA S\u00c9RIE DE BENEF\u00cdCIOS PREVIDENCI\u00c1RIOS, ENTRE ELES O SEGURO DESEMPREGO E A PENS\u00c3O POR MORTE."}, {"id": "252", "ano": "2015", "numero": "71", "tipo__sigla": "MOC", "tipo__descricao": "Mo\u00e7\u00e3o", "autoria": "Jane Battistello", "texto_original": "http://sapl.esteio.rs.leg.br/media/./sapl/public/materialegislativa/2015/252/252_texto_integral.docx", "ementa": "SOLICITA O ENVIO DE MO\u00c7\u00c3O DE PESAR AO VEREADOR RAFAEL FIGLIERO PELO FALECIMENTO DE SUA AV\u00d3, SRA. ELISA MELLO DA FONSECA, OCORRIDO NO DIA NOVE DE JANEIRO."}, {"id": "274", "ano": "2015", "numero": "102", "tipo__sigla": "MOC", "tipo__descricao": "Mo\u00e7\u00e3o", "autoria": "Felipe Costella", "texto_original": "http://sapl.esteio.rs.leg.br/media/./sapl/public/materialegislativa/2015/274/274_texto_integral.docx", "ementa": "MANIFESTA A SENHORA E SEUS FAMILIARES, OS SINCEROS SENTIMENTOS DE PESAR, PELO FALECIMENTO DE SEU MARIDO, SR. DERLY AZAMBUJA PEREIRA, OCORRIDO NO DIA TRINTA E UM DE JANEIRO. "}, {"id": "284", "ano": "2015", "numero": "103", "tipo__sigla": "MOC", "tipo__descricao": "Mo\u00e7\u00e3o", "autoria": "Jane Battistello", "texto_original": "http://sapl.esteio.rs.leg.br/media/./sapl/public/materialegislativa/2015/284/284_texto_integral.docx", "ementa": "OS SINCEROS SENTIMENTOS DE PESAR, PELO FALECIMENTO DE SUA BISAV\u00d3, SRA. JOANA PERP\u00c9TUA NUNES DUARTE, OCORRIDO NO DIA VINTE E SETE DE JANEIRO. "}, {"id": "283", "ano": "2015", "numero": "104", "tipo__sigla": "MOC", "tipo__descricao": "Mo\u00e7\u00e3o", "autoria": "Jane Battistello", "texto_original": "http://sapl.esteio.rs.leg.br/media/./sapl/public/materialegislativa/2015/283/283_texto_integral.docx", "ementa": "MANIFESTA A SENHORA E SEUS FAMILIARES, OS SINCEROS SENTIMENSTOS DE PESAR, PELO FALECIMENTO DE SEU MARIDO, SR. DERLY AZAMBUJA PEREIRA, OCORRIDO NO DIA TRINTA E UM DE JANEIRO. "}, {"id": "277", "ano": "2015", "numero": "105", "tipo__sigla": "MOC", "tipo__descricao": "Mo\u00e7\u00e3o", "autoria": "Jane Battistello", "texto_original": "http://sapl.esteio.rs.leg.br/media/./sapl/public/materialegislativa/2015/277/277_texto_integral.docx", "ementa": "MANIFESTA AO SENHOR E SEUS FAMILIARES, OS SINCEROS SENTIMENTOS DE PESAR, PELO FALECIMENTO DE SEU FILHO, SR. HENRIQUE GROSS DE BARROS, OCORRIDO NO DIA DOIS DE FEVEREIRO. "}, {"id": "371", "ano": "2015", "numero": "110", "tipo__sigla": "MOC", "tipo__descricao": "Mo\u00e7\u00e3o", "autoria": "Jane Battistello", "texto_original": "http://sapl.esteio.rs.leg.br/media/./sapl/public/materialegislativa/2015/371/371_texto_integral.docx", "ementa": "MANIFESTA AO SENHOR E SEUS FAMILIARES, OS SINCEROS SENTIMENTOS DE PESAR, PELO FALECIMENTO DE SUA IRM\u00c3, SRA. ALACIR VITORIA FONTOURA BEBUTTI, OCORRIDO NO DIA 04 DE FEVEREIRO. "}, {"id": "394", "ano": "2015", "numero": "127", "tipo__sigla": "MOC", "tipo__descricao": "Mo\u00e7\u00e3o", "autoria": "Jane Battistello", "texto_original": "http://sapl.esteio.rs.leg.br/media/./sapl/public/materialegislativa/2015/394/394_texto_integral.docx", "ementa": "MANIFESTA AO SENHOR E SEUS FAMILIARES, OS SINCEROS SENTIMENTOS DE PESAR, PELO FALECIMENTO DE SUA IRM\u00c3, SRA. ALACIR VITORIA FONTOURA BEBUTTI, OCORRIDO NO DIA 04 DE FEVEREIRO. "}, {"id": "648", "ano": "2015", "numero": "144", "tipo__sigla": "MOC", "tipo__descricao": "Mo\u00e7\u00e3o", "autoria": "Marcelo Kohlrausch", "texto_original": "http://sapl.esteio.rs.leg.br/media/", "ementa": "MANIFESTA APOIO \u00c0 MOBILIZA\u00c7\u00c3O PROMOVIDA POR ESSA ENTIDADE, COM O OBJETIVO DE EVITAR QUE NOVAS OCUPA\u00c7\u00d5ES VOLTEM A IMPEDIR A MOROSA DUPLICA\u00c7\u00c3O DA ERS-118, TENDO EM VISTA QUE RECENTEMENTE, REPRESENTANTES DAS ENTIDADES REGIONAIS ESTIVERAM REUNIDOS COM O SECRET\u00c1RIO DE DESENVOLVIMENTO ECON\u00d4MICO, CI\u00caNCIA E TECNOLOGIA, SENHOR F\u00c1BIO BRANCO VISANDO SENSIBILIZAR O GOVERNO DO ESTADO SOBRE A IMPORT\u00c2NCIA DE ACELERAR O ANDAMENTO DO PROJETO. "}, {"id": "2444", "ano": "2015", "numero": "310", "tipo__sigla": "MOC", "tipo__descricao": "Mo\u00e7\u00e3o", "autoria": "Marcelo Kohlrausch", "texto_original": "http://sapl.esteio.rs.leg.br/media/./sapl/public/materialegislativa/2015/2444/2444_texto_integral.docx", "ementa": "SOLICITA O ENVIO DE MO\u00c7\u00c3O DE PESAR A TODOS OS FAMILIARES DO SR. PAULO ALBERTO DIAS, EX-VEREADOR DESTA CASA, O QUAL CONTRIBUIU COM O PROCESSO ADMINISTRATIVO E O DESENVOLVIMENTO DA QUALIDADE DE VIDA LOCAL, CONQUISTANDO RESPEITO E ADMIRA\u00c7\u00c3O DA POPULA\u00c7\u00c3O DE ESTEIO."}, {"id": "2495", "ano": "2015", "numero": "319", "tipo__sigla": "MOC", "tipo__descricao": "Mo\u00e7\u00e3o", "autoria": "Bia Lopes", "texto_original": "http://sapl.esteio.rs.leg.br/media/./sapl/public/materialegislativa/2015/2495/2495_texto_integral.docx", "ementa": "SOLICITA O ENVIO DE MO\u00c7\u00c3O DE PARABENIZA\u00c7\u00c3O AO CENTRO MUNICIPAL DE EDUCA\u00c7\u00c3O B\u00c1SICA MARIA LYGIA ANDRADE HAACK, QUE COMPLETOU O SEU 37\u00ba ANIVERS\u00c1RIO."}, {"id": "2667", "ano": "2015", "numero": "329", "tipo__sigla": "MOC", "tipo__descricao": "Mo\u00e7\u00e3o", "autoria": "Marcelo Kohlrausch", "texto_original": "http://sapl.esteio.rs.leg.br/media/./sapl/public/materialegislativa/2015/2667/2667_texto_integral.docx", "ementa": "SOLICITA O ENVIO DE MO\u00c7\u00c3O DE PARABENIZA\u00c7\u00c3O \u00c0 PRESID\u00caNCIA DA C\u00c2MARA DE DIRIGENTES LOJISTAS (CDL) DE ESTEIO QUE RECENTEMENTE ELEGEU SUA NOVA DIRETORIA E CONSELHO FISCAL PARA GEST\u00c3O 2015 &#8211; 2017, REELEGENDO VOSSA SENHORIA PARA PRESIDENTE."}, {"id": "2680", "ano": "2015", "numero": "330", "tipo__sigla": "MOC", "tipo__descricao": "Mo\u00e7\u00e3o", "autoria": "Leonardo Pascoal", "texto_original": "http://sapl.esteio.rs.leg.br/media/./sapl/public/materialegislativa/2015/2680/2680_texto_integral.docx", "ementa": "SOLICITA O ENVIO DE MO\u00c7\u00c3O DE PARABENIZA\u00c7\u00c3O \u00c0 ASSOCIA\u00c7\u00c3O DOS CORREDORES DE RUA DE ESTEIO &#8211; ACORES, PELOS 21 ANOS DE EXIST\u00caNCIA E CONTRIBUI\u00c7\u00c3O DENTRO DA COMUNIDADE DE ESTEIO."}, {"id": "2691", "ano": "2015", "numero": "331", "tipo__sigla": "MOC", "tipo__descricao": "Mo\u00e7\u00e3o", "autoria": "Leonardo Pascoal", "texto_original": "http://sapl.esteio.rs.leg.br/media/./sapl/public/materialegislativa/2015/2691/2691_texto_integral.docx", "ementa": "SOLICITA O ENVIO DE MO\u00c7\u00c3O DE PARABENIZA\u00c7\u00c3O A ASSOCIA\u00c7\u00c3O DOS PAIS E AMIGOS DOS EXCEPCIONAIS APAE QUE COMPLETOU O SEU 49\u00ba ANIVERS\u00c1RIO."}, {"id": "2756", "ano": "2015", "numero": "374", "tipo__sigla": "MOC", "tipo__descricao": "Mo\u00e7\u00e3o", "autoria": "Leonardo Pascoal", "texto_original": "http://sapl.esteio.rs.leg.br/media/./sapl/public/materialegislativa/2015/2756/2756_texto_integral.docx", "ementa": "SOLICITA O ENVIO DE MO\u00c7\u00c3O DE PARABENIZA\u00c7\u00c3O AO SR. RENAN CUNHA PELO T\u00cdTULO DE MISTER UNIVERSO BRASIL, ONDE FOI ELEITO PARA REPRESENTAR O BRASIL NA DISPUTA DE MISTER UNIVERSO QUE ACONTECER\u00c1 EM JUNHO, NA REP\u00daBLICA DOMINICANA."}, {"id": "2757", "ano": "2015", "numero": "375", "tipo__sigla": "MOC", "tipo__descricao": "Mo\u00e7\u00e3o", "autoria": "Bia Lopes", "texto_original": "http://sapl.esteio.rs.leg.br/media/./sapl/public/materialegislativa/2015/2757/2757_texto_integral.docx", "ementa": "SOLICITA O ENVIO DE MO\u00c7\u00c3O DE PARABENIZA\u00c7\u00c3O A YUUKI SATO PELA CONQUISTA DO 1\u00b0 LUGAR NA SELETIVA PARA O MUNDIAL DE SUM\u00d4, NA CATEGORIA JUVENIL PESO M\u00c9DIO E PELA VAGA NO CAMPEONATO MUNDIAL DE SUM\u00d4, QUE OCORRER\u00c1 NO M\u00caS DE AGOSTO, NO JAP\u00c3O. "}, {"id": "2759", "ano": "2015", "numero": "376", "tipo__sigla": "MOC", "tipo__descricao": "Mo\u00e7\u00e3o", "autoria": "Michele Pereira", "texto_original": "http://sapl.esteio.rs.leg.br/media/./sapl/public/materialegislativa/2015/2759/2759_texto_integral.docx", "ementa": "SOLICITA O ENVIO DE MO\u00c7\u00c3O DE PARABENIZA\u00c7\u00c3O AO SR RICHARD RIBEIRO PELA CONQUISTA DO 1\u00ba LUGAR NO FESTIVAL DE CORRIDAS DO CORPA (CLUBE DE CORREDORES DE PORTO ALEGRE) NA CATEGORIA DE 30 A 34 ANOS."}, {"id": "2758", "ano": "2015", "numero": "377", "tipo__sigla": "MOC", "tipo__descricao": "Mo\u00e7\u00e3o", "autoria": "Bia Lopes", "texto_original": "http://sapl.esteio.rs.leg.br/media/./sapl/public/materialegislativa/2015/2758/2758_texto_integral.docx", "ementa": "SOLICITA O ENVIO DE MO\u00c7\u00c3O DE PARABENIZA\u00c7\u00c3O AO SR. ARNO LEONHARDT PELOS RELEVANTES SERVI\u00c7OS PRESTADOS A NOSSA CIDADE A FRENTE DA SECRETARIA MUNICIPAL DE SEGURAN\u00c7A E MOBILIDADE URBANA."}, {"id": "2831", "ano": "2015", "numero": "393", "tipo__sigla": "MOC", "tipo__descricao": "Mo\u00e7\u00e3o", "autoria": "Marcelo Kohlrausch", "texto_original": "http://sapl.esteio.rs.leg.br/media/./sapl/public/materialegislativa/2015/2831/2831_texto_integral.docx", "ementa": "SOLICITA O ENVIO DE MO\u00c7\u00c3O DE PARABENIZA\u00c7\u00c3O AOS SENHORES JO\u00c3O WELTER E M\u00c1RCIO KNUTH PELA INAUGURA\u00c7\u00c3O  DA W.F. DESIGN, UM ESPA\u00c7O COMERCIAL DEDICADO A TRAZER AO P\u00daBLICO DA REGI\u00c3O AS NOVAS TEND\u00caNCIAS EM PAISAGISMO, PISCINAS, SPA, OFUR\u00d4, DEEKS, PERGOLADOS, LAREIRAS E CHURRASQUEIRAS."}, {"id": "2832", "ano": "2015", "numero": "394", "tipo__sigla": "MOC", "tipo__descricao": "Mo\u00e7\u00e3o", "autoria": "Leonardo Pascoal", "texto_original": "http://sapl.esteio.rs.leg.br/media/./sapl/public/materialegislativa/2015/2832/2832_texto_integral.docx", "ementa": "SOLICITA O ENVIO DE MO\u00c7\u00c3O DE PARABENIZA\u00c7\u00c3O AOS SENHORES JOVANE GUISSONE E F\u00c1BIO DAMASCENO PELA MEDALHA DE OURO CONQUISTADA NO CAMPEONATO REGIONAL DAS AM\u00c9RICAS DE ESGRIMA EM CADEIRAS DE RODAS, REALIZADO EM MONTREAL NO CANAD\u00c1."}, {"id": "2870", "ano": "2015", "numero": "438", "tipo__sigla": "MOC", "tipo__descricao": "Mo\u00e7\u00e3o", "autoria": "Marcelo Kohlrausch", "texto_original": "http://sapl.esteio.rs.leg.br/media/./sapl/public/materialegislativa/2015/2870/2870_texto_integral.docx", "ementa": "MANIFESTA OS SINCEROS VOTOS DE PARABENIZA\u00c7\u00c3O PELA AMPLIA\u00c7\u00c3O DO MUSEU DESTAQUE."}, {"id": "2902", "ano": "2015", "numero": "457", "tipo__sigla": "MOC", "tipo__descricao": "Mo\u00e7\u00e3o", "autoria": "Bia Lopes", "texto_original": "http://sapl.esteio.rs.leg.br/media/./sapl/public/materialegislativa/2015/2902/2902_texto_integral.docx", "ementa": "MANIFESTA OS SINCEROS VOTOS DE PESAR A TODOS OS FAMILIARES DO SR. NEI VER\u00cdSSIMO, EX-SERVIDOR DESTA CASA, O QUAL CONTRIBUIU COM O BOM ANDAMENTO DOS TRABALHOS DESTE \u00d3RG\u00c3O."}, {"id": "2901", "ano": "2015", "numero": "458", "tipo__sigla": "MOC", "tipo__descricao": "Mo\u00e7\u00e3o", "autoria": "Bia Lopes", "texto_original": "http://sapl.esteio.rs.leg.br/media/./sapl/public/materialegislativa/2015/2901/2901_texto_integral.docx", "ementa": "MANIFESTA OS SINCEROS VOTOS DE PARABENIZA\u00c7\u00c3O PELODIA DOS CIGANOS COMEMORADOS EM 24 DE MAIO. TRANSMITIMOS NOSSOS AGRADECIMENTOS POR TRAZER AO MUNIC\u00cdPIO DE ESTEIO O CONHECIMENTO DA TRADI\u00c7\u00c3O CIGANAE POR REPRESENTAR NOSSACIDADE EM DIFERENTES EVENTOS ESTADUAIS E FEDERAIS."}, {"id": "2923", "ano": "2015", "numero": "473", "tipo__sigla": "MOC", "tipo__descricao": "Mo\u00e7\u00e3o", "autoria": "Marcelo Kohlrausch", "texto_original": "http://sapl.esteio.rs.leg.br/media/./sapl/public/materialegislativa/2015/2923/2923_texto_integral.docx", "ementa": "MANIFESTA OS SINCEROS VOTOS DE PARABENIZA\u00c7\u00c3O \u00c0 SECRETARIA MUNICIPAL DE EDUCA\u00c7\u00c3O EXTENSIVA A EQUIPE RESPONS\u00c1VEL PELO - POLO-UAB (UNIVERSIDADE ABERTA DO BRASIL) ESTEIO, QUE NO PR\u00d3XIMO DIA OITO ESTAR\u00c1 COMPLETANDO UM ANO DE ATIVIDADES NO MUNIC\u00cdPIO. "}, {"id": "2949", "ano": "2015", "numero": "487", "tipo__sigla": "MOC", "tipo__descricao": "Mo\u00e7\u00e3o", "autoria": "Leonardo Pascoal", "texto_original": "http://sapl.esteio.rs.leg.br/media/./sapl/public/materialegislativa/2015/2949/2949_texto_integral.docx", "ementa": "MANIFESTA OS SINCEROS VOTOS DE PARABENIZA\u00c7\u00c3O A LIONS CLUBE ESTEIO CENTRO PELA POSSE DA SUA NOVA DIRETORIA."}, {"id": "3021", "ano": "2015", "numero": "534", "tipo__sigla": "MOC", "tipo__descricao": "Mo\u00e7\u00e3o", "autoria": "Rafael Figliero", "texto_original": "http://sapl.esteio.rs.leg.br/media/./sapl/public/materialegislativa/2015/3021/3021_texto_integral.docx", "ementa": "MANIFESTA OS SINCEROS VOTOS DE PARABENIZA\u00c7\u00c3O \u00c0 PAR\u00d3QUIA IMACULADO CORA\u00c7\u00c3O DE MARIA PELOS SEUS 75 (SETENTA E CINCO) ANOS DE EXIST\u00caNCIA, COMPLETADOS NA DATA DE 24 DE JUNHO DO CORRENTE ANO. "}, {"id": "3008", "ano": "2015", "numero": "553", "tipo__sigla": "MOC", "tipo__descricao": "Mo\u00e7\u00e3o", "autoria": "Leonardo Pascoal", "texto_original": "http://sapl.esteio.rs.leg.br/media/./sapl/public/materialegislativa/2015/3008/3008_texto_integral.docx", "ementa": "MANIFESTA OS SINCEROS VOTOS DE PARABENIZA\u00c7\u00c3O AO LIONS CLUBE ESTEIO INDUSTRIAL, PELA POSSE DA SUA NOVA DIRETORIA. "}, {"id": "3048", "ano": "2015", "numero": "573", "tipo__sigla": "MOC", "tipo__descricao": "Mo\u00e7\u00e3o", "autoria": "Bia Lopes, Ari Zanoni, Leo Dahmer, Marcelo Kohlrausch, Michele Pereira", "texto_original": "http://sapl.esteio.rs.leg.br/media/./sapl/public/materialegislativa/2015/3048/3048_texto_integral.docx", "ementa": "ENCAMINHA MO\u00c7\u00c3O DE REP\u00daDIO \u00c0 PEC 171/93, QUE REDUZ A MAIOR IDADE PENAL DE 18 PARA 16 ANOS. "}, {"id": "3075", "ano": "2015", "numero": "589", "tipo__sigla": "MOC", "tipo__descricao": "Mo\u00e7\u00e3o", "autoria": "Leonardo Pascoal", "texto_original": "http://sapl.esteio.rs.leg.br/media/./sapl/public/materialegislativa/2015/3075/3075_texto_integral.docx", "ementa": "MANIFESTA OS SINCEROS VOTOS DE PARABENIZA\u00c7\u00c3O \u00c0 ESCOLA DE EDUCA\u00c7\u00c3O PROFISSIONAL SENAI NILO BETTANIN, PELA INAUGURA\u00c7\u00c3O, NO DIA 30/06/2015, DO PRIMEIRO LABORAT\u00d3RIO DE EFICI\u00caNCIA ENERG\u00c9TICA EM AQUECEDORES DO SUL DO PA\u00cdS."}, {"id": "3125", "ano": "2015", "numero": "618", "tipo__sigla": "MOC", "tipo__descricao": "Mo\u00e7\u00e3o", "autoria": "Michele Pereira", "texto_original": "http://sapl.esteio.rs.leg.br/media/./sapl/public/materialegislativa/2015/3125/3125_texto_integral.docx", "ementa": "MANIFESTA SINCEROS VOTOS DE PARABENIZA\u00c7\u00c3O PELA DISPONIBILIZA\u00c7\u00c3O DE TUBOS E BRA\u00c7ADEIRAS UTILIZADOS PARA MONTAR ANDAIMES, A FIM DE CONSTRUIR UMA ESTRUTURA COM COBERTURA EM FRENTE AO PR\u00c9DIO DA IGREJA S\u00c3O SEBASTI\u00c3O, ONDE SE ABRIGAVAM V\u00cdTIMAS DA ENCHENTE, AL\u00c9M DE ANIMAIS DOM\u00c9STICOS RESGATADOS DAS \u00c1GUAS."}, {"id": "3139", "ano": "2015", "numero": "621", "tipo__sigla": "MOC", "tipo__descricao": "Mo\u00e7\u00e3o", "autoria": "Rafael Figliero", "texto_original": "http://sapl.esteio.rs.leg.br/media/./sapl/public/materialegislativa/2015/3139/3139_texto_integral.docx", "ementa": "MANIFESTA SINCEROS VOTOS DE PARABENIZA\u00c7\u00c3O PELA DISPONIBILIZA\u00c7\u00c3O DE V\u00c1RIOS FI\u00c9IS PARA A AJUDA AOS DESABRIGADOS DAS \u00daLTIMAS ENCHENTES COM O PROJETO AMOR."}, {"id": "3162", "ano": "2015", "numero": "638", "tipo__sigla": "MOC", "tipo__descricao": "Mo\u00e7\u00e3o", "autoria": "Marcelo Kohlrausch", "texto_original": "http://sapl.esteio.rs.leg.br/media/./sapl/public/materialegislativa/2015/3162/3162_texto_integral.docx", "ementa": "MANIFESTA OS SINCEROS VOTOS DE PARABENIZA\u00c7\u00c3O \u00c0 DIRE\u00c7\u00c3O, COLABORADORES E A COMUNIDADE ESCOLAR DO CENTRO DE EDUCA\u00c7\u00c3O INFANTIL ARCO-\u00cdRIS, POR RECENTEMENTE PASSAR A DESENVOLVER SUAS ATIVIDADES EM NOVAS INSTALA\u00c7\u00d5ES COM SETE SALAS MODERNAS, ACONCHEGANTES E CLIMATIZADAS. "}, {"id": "3191", "ano": "2015", "numero": "660", "tipo__sigla": "MOC", "tipo__descricao": "Mo\u00e7\u00e3o", "autoria": "Felipe Costella", "texto_original": "http://sapl.esteio.rs.leg.br/media/./sapl/public/materialegislativa/2015/3191/3191_texto_integral.docx", "ementa": ", MANIFESTA OS SINCEROS VOTOS DE PESAR A TODOS OS FAMILIARES DASRA. CLAUDETE COUTINHO MAYER, EX-DIRETORADA ESCOLINHA INFANTIL TOM E JERRY E TAMB\u00c9M NA ESCOLA ESTADUAL BAIRRO DO PARQUE, DEDICANDO GRANDE PARTE DA SUA VIDA \u00c0 EDUCA\u00c7\u00c3O DE NOSSAS CRIAN\u00c7AS E JOVENS, AJUDANDO A FORMAR MELHORES CIDAD\u00c3OS PARA A NOSSA COMUNIDADE.\r\n"}, {"id": "3192", "ano": "2015", "numero": "661", "tipo__sigla": "MOC", "tipo__descricao": "Mo\u00e7\u00e3o", "autoria": "Ari Zanoni", "texto_original": "http://sapl.esteio.rs.leg.br/media/./sapl/public/materialegislativa/2015/3192/3192_texto_integral.docx", "ementa": "MANIFESTA OS SINCEROS VOTOS DE PARABENIZA\u00c7\u00c3O PELO DIA DO ADVOGADO."}, {"id": "3187", "ano": "2015", "numero": "662", "tipo__sigla": "MOC", "tipo__descricao": "Mo\u00e7\u00e3o", "autoria": "Jane Battistello", "texto_original": "http://sapl.esteio.rs.leg.br/media/./sapl/public/materialegislativa/2015/3187/3187_texto_integral.docx", "ementa": "MANIFESTA SINCEROS VOTOS DE PARABENIZA\u00c7\u00c3O, POIS DIA 14 DE AGOSTO COMPLETA 36 ANOS DE REALIZA\u00c7\u00c3O DA MISSA DA BEN\u00c7\u00c3O, QUE OCORRE SEMPRE NAS QUARTAS-FEIRAS NA IGREJA NOSSA SENHORA DA CONCEI\u00c7\u00c3O. "}, {"id": "3186", "ano": "2015", "numero": "663", "tipo__sigla": "MOC", "tipo__descricao": "Mo\u00e7\u00e3o", "autoria": "Rafael Figliero", "texto_original": "http://sapl.esteio.rs.leg.br/media/./sapl/public/materialegislativa/2015/3186/3186_texto_integral.docx", "ementa": "MANIFESTA APOIO DEVIDO AO DELICADO MOMENTO QUE OS FUNCION\u00c1RIOS P\u00daBLICOS ESTADUAIS EST\u00c3O PASSANDO, ESTANDO SOLID\u00c1RIO \u00c0 LUTA CONTRA O PARCELAMENTO DOS SAL\u00c1RIOS, EXIGINDO QUE O GOVERNO ESTADUAL ATENDA AS JUSTAS REIVINDICA\u00c7\u00d5ES PARA O PAGAMENTO INTEGRAL DE SEUS VENCIMENTOS NESTE E NOS MESES SEGUINTES.\r\n"}, {"id": "3222", "ano": "2015", "numero": "703", "tipo__sigla": "MOC", "tipo__descricao": "Mo\u00e7\u00e3o", "autoria": "Leonardo Pascoal", "texto_original": "http://sapl.esteio.rs.leg.br/media/./sapl/public/materialegislativa/2015/3222/3222_texto_integral.docx", "ementa": "MANIFESTA OS SINCEROS VOTOS DE PESAR A TODOS OS FAMILIARES DO M\u00c9DICO E DI\u00c1CONO DR. ANT\u00d4NIO CARLOS CALVETE, FALECIDO NESTA SEGUNDA-FEIRA, DIA 17 DE AGOSTO."}, {"id": "3293", "ano": "2015", "numero": "741", "tipo__sigla": "MOC", "tipo__descricao": "Mo\u00e7\u00e3o", "autoria": "Marcelo Kohlrausch", "texto_original": "http://sapl.esteio.rs.leg.br/media/./sapl/public/materialegislativa/2015/3293/3293_texto_integral.docx", "ementa": "SOLICITA O ENVIO DE MO\u00c7\u00c3O DE PARABENIZA\u00c7\u00c3O AO M\u00daSICO ESTEIENSE GABRIEL ROMANO E GRUPO, QUE EST\u00c1 ENTRE OS DEZ PRIMEIROS SELECIONADOS PELA SAMSUNG E-FESTIVAL INSTRUMENTAL."}, {"id": "3289", "ano": "2015", "numero": "742", "tipo__sigla": "MOC", "tipo__descricao": "Mo\u00e7\u00e3o", "autoria": "Leonardo Pascoal", "texto_original": "http://sapl.esteio.rs.leg.br/media/./sapl/public/materialegislativa/2015/3289/3289_texto_integral.docx", "ementa": "SOLICITA O ENVIO DE MO\u00c7\u00c3O DE PARABENIZA\u00c7\u00c3O \u00c0 FERRAGEM CRUZEIRO PELOS 50 ANOS DE EXIST\u00caNCIA NESTA CIDADE, COMPLETADOS NA DATA DE 1\u00ba DE SETEMBRO DE 2015."}, {"id": "3292", "ano": "2015", "numero": "743", "tipo__sigla": "MOC", "tipo__descricao": "Mo\u00e7\u00e3o", "autoria": "Bia Lopes", "texto_original": "http://sapl.esteio.rs.leg.br/media/./sapl/public/materialegislativa/2015/3292/3292_texto_integral.docx", "ementa": "SOLICITA O ENVIO DE MO\u00c7\u00c3O AO GOVERNO DO ESTADO E \u00c0 PRESID\u00caNCIA DA ASSEMBLEIA LEGISLATIVA PELA MANUTEN\u00c7\u00c3O DA FUNDA\u00c7\u00c3O ZOOBOT\u00c2NICA  DO RIO GRANDE DO SUL, FUNDA\u00c7\u00c3O DE ESPORTE E LAZER DO RIO GRANDE DO SUL E DA FUNDA\u00c7\u00c3O ESTADUAL DE PRODU\u00c7\u00c3O E PESQUISA EM SA\u00daDE. "}, {"id": "3270", "ano": "2015", "numero": "768", "tipo__sigla": "MOC", "tipo__descricao": "Mo\u00e7\u00e3o", "autoria": "Bia Lopes, Rafael Figliero", "texto_original": "http://sapl.esteio.rs.leg.br/media/./sapl/public/materialegislativa/2015/3270/3270_texto_integral.docx", "ementa": "SOLICITA O ENVIO DE MO\u00c7\u00c3O DE PARABENIZA\u00c7\u00c3O AOS JOVENS YUUKI E ISAMU RAMOS SATO PELA CONQUISTA DA MEDALHA DE PRATA NO CAMPEONATO MUNDIAL DE SUM\u00d4 REALIZADO NO JAP\u00c3O."}, {"id": "3336", "ano": "2015", "numero": "789", "tipo__sigla": "MOC", "tipo__descricao": "Mo\u00e7\u00e3o", "autoria": "Leonardo Pascoal", "texto_original": "http://sapl.esteio.rs.leg.br/media/./sapl/public/materialegislativa/2015/3336/3336_texto_integral.docx", "ementa": "MANIFESTA SEU APOIO AO PROJETO DE LEI N\u00ba 2477/2015, DE AUTORIA DO DEPUTADO JER\u00d4NIMO G\u00d6ERGEN (PP/RS), QUE &#8220;CONFERE AO MUNIC\u00cdPIO DE ESTEIO, NO RIO GRANDE DO SUL, O T\u00cdTULO DE CAPITAL NACIONAL DA SOLIDARIEDADE&#8221;."}, {"id": "3340", "ano": "2015", "numero": "791", "tipo__sigla": "MOC", "tipo__descricao": "Mo\u00e7\u00e3o", "autoria": "Leonardo Pascoal", "texto_original": "http://sapl.esteio.rs.leg.br/media/./sapl/public/materialegislativa/2015/3340/3340_texto_integral.docx", "ementa": "MANIFESTA SEU APOIO AO PROJETO DE LEI N\u00ba 2477/2015, DE AUTORIA DO DEPUTADO JER\u00d4NIMO G\u00d6ERGEN (PP/RS), QUE &#8220;CONFERE AO MUNIC\u00cdPIO DE ESTEIO, NO RIO GRANDE DO SUL, O T\u00cdTULO DE CAPITAL NACIONAL DA SOLIDARIEDADE&#8221;."}, {"id": "3339", "ano": "2015", "numero": "801", "tipo__sigla": "MOC", "tipo__descricao": "Mo\u00e7\u00e3o", "autoria": "Bia Lopes", "texto_original": "http://sapl.esteio.rs.leg.br/media/./sapl/public/materialegislativa/2015/3339/3339_texto_integral.docx", "ementa": "MANIFESTA OS SINCEROS VOTOS DE PARABENIZA\u00c7\u00c3O \u00c0 ASSOCIA\u00c7\u00c3O DOS PIQUETES DE ESTEIO, PELO EMPENHO EM ORGANIZAR A SEMANA FARROUPILHA DE NOSSA CIDADE. "}, {"id": "3424", "ano": "2015", "numero": "853", "tipo__sigla": "MOC", "tipo__descricao": "Mo\u00e7\u00e3o", "autoria": "Felipe Costella, Ari Zanoni", "texto_original": "http://sapl.esteio.rs.leg.br/media/./sapl/public/materialegislativa/2015/3424/3424_texto_integral.docx", "ementa": "MANIFESTA OS SINCEROS VOTOS DE PARABENIZA\u00c7\u00c3O POR SUA ELEI\u00c7\u00c3O COMO CONSELHEIRA TUTELAR DE ESTEIO NO \u00daLTIMO DOMINGO."}, {"id": "3423", "ano": "2015", "numero": "854", "tipo__sigla": "MOC", "tipo__descricao": "Mo\u00e7\u00e3o", "autoria": "Jane Battistello", "texto_original": "http://sapl.esteio.rs.leg.br/media/./sapl/public/materialegislativa/2015/3423/3423_texto_integral.docx", "ementa": "MANIFESTA OS SINCEROS VOTOS DE PARABENIZA\u00c7\u00c3O AO INSTITUTO IMAMA, PELA REALIZA\u00c7\u00c3O DA 13\u00aa EDI\u00c7\u00c3O DA CAMINHADA DAS VITORIOSAS, NO DIA 04 DE OUTUBRO EM PORTO ALEGRE, QUE REUNIU CERCA DE SEIS MIL PESSOAS."}, {"id": "3422", "ano": "2015", "numero": "855", "tipo__sigla": "MOC", "tipo__descricao": "Mo\u00e7\u00e3o", "autoria": "Michele Pereira", "texto_original": "http://sapl.esteio.rs.leg.br/media/./sapl/public/materialegislativa/2015/3422/3422_texto_integral.docx", "ementa": "MANIFESTA OS SINCEROS VOTOS DE PARABENIZA\u00c7\u00c3O AO GRUPO DE ESCOTEIROS ANAU\u00ca, QUE NO DIA 21 DE SETEMBRO COMPLETOU 30 ANOS DE ATIVIDADES."}, {"id": "3443", "ano": "2015", "numero": "856", "tipo__sigla": "MOC", "tipo__descricao": "Mo\u00e7\u00e3o", "autoria": "Ari Zanoni", "texto_original": "http://sapl.esteio.rs.leg.br/media/./sapl/public/materialegislativa/2015/3443/3443_texto_integral.docx", "ementa": "MANIFESTA SEU APOIO AOS SENHORES MINISTROS E AO PRESIDENTE DA CORTE, AROLDO CEDRAZ PELA DECIS\u00c3O UN\u00c2NIME TOMADA NA \u00daLTIMA QUARTA-FEIRA, DIA 07&#8211;10-15, AO RECOMENDAR A REJEI\u00c7\u00c3O DAS CONTAS DA PRESIDENTE DA REP\u00daBLICA DILMA ROUSSEF, REFERENTE AO ANO DE 2014."}, {"id": "3434", "ano": "2015", "numero": "857", "tipo__sigla": "MOC", "tipo__descricao": "Mo\u00e7\u00e3o", "autoria": "Jane Battistello", "texto_original": "http://sapl.esteio.rs.leg.br/media/./sapl/public/materialegislativa/2015/3434/3434_texto_integral.docx", "ementa": "MANIFESTA OS SINCEROS VOTOS DE PARABENIZA\u00c7\u00c3O PELO DIA DO PROFESSOR, PELA IMPORT\u00c2NCIA QUE TEM NA VIDA DE CADA PESSOA, CONTRIBUINDO PARA A FORMA\u00c7\u00c3O DO CONHECIMENTO E PREPARANDO PARA O EXERC\u00cdCIO DOS SEUS DIREITOS E DEVERES E TENHO A CONVIC\u00c7\u00c3O QUE O ESP\u00cdRITO DE LUTA QUE MOVE OS PROFISSIONAIS DA EDUCA\u00c7\u00c3O POSSA CONVENCER OS AGENTES POL\u00cdTICOS DE QU\u00c3O NECESS\u00c1RIO \u00c9 ATENTAR PARA AQUELES QUE DEDICAM SUAS VIDAS A FORMA\u00c7\u00c3O DE PESSOAS COMPROMETIDAS COM A CIDADANIA.\r\n"}, {"id": "3436", "ano": "2015", "numero": "858", "tipo__sigla": "MOC", "tipo__descricao": "Mo\u00e7\u00e3o", "autoria": "Michele Pereira", "texto_original": "http://sapl.esteio.rs.leg.br/media/./sapl/public/materialegislativa/2015/3436/3436_texto_integral.docx", "ementa": "MANIFESTA OS SINCEROS VOTOS DE PARABENIZA\u00c7\u00c3O AO CENTRO DE  TRADI\u00c7\u00d5ES GA\u00daCHAS CHAMA NATIVA PELA CONQUISTA DA CLASSIFICA\u00c7\u00c3O PARA A FINAL DO ENCONTRO DE ARTES E TRADI\u00c7\u00c3O GA\u00daCHA (ENART), O MAIOR FESTIVAL ART\u00cdSTICO AMADOR DA AM\u00c9RICA LATINA. "}, {"id": "3444", "ano": "2015", "numero": "859", "tipo__sigla": "MOC", "tipo__descricao": "Mo\u00e7\u00e3o", "autoria": "Rafael Figliero", "texto_original": "http://sapl.esteio.rs.leg.br/media/./sapl/public/materialegislativa/2015/3444/3444_texto_integral.docx", "ementa": "MANIFESTA OS SINCEROS VOTOS DE PARABENIZA\u00c7\u00c3O  \u00c0 FUNCION\u00c1RIA NATALIA OSTJEN GON\u00c7ALVES, REPRESENTANDO O GRUPO DE DAN\u00c7A DA ENTIDADE GAN IVI MARA\u00c9 E TAMB\u00c9M AO PATR\u00c3O DO CTG CHAMA NATIVA JO\u00c3O CARLOS FELIPETTO."}, {"id": "3501", "ano": "2015", "numero": "903", "tipo__sigla": "MOC", "tipo__descricao": "Mo\u00e7\u00e3o", "autoria": "Jane Battistello", "texto_original": "http://sapl.esteio.rs.leg.br/media/./sapl/public/materialegislativa/2015/3501/3501_texto_integral.docx", "ementa": "MANIFESTA OS SINCEROS VOTOS DE PESAR PELO FALECIMENTO DA EMILIE KONZEN, ALUNA DA ESCOLA ADVENTISTA DE ESTEIO."}, {"id": "3538", "ano": "2015", "numero": "953", "tipo__sigla": "MOC", "tipo__descricao": "Mo\u00e7\u00e3o", "autoria": "Rafael Figliero", "texto_original": "http://sapl.esteio.rs.leg.br/media/./sapl/public/materialegislativa/2015/3538/3538_texto_integral.docx", "ementa": "MANIFESTA SEU APOIO AO PLEITO DA COMISS\u00c3O DOS APROVADOS DO CONCURSO DA POL\u00cdCIA CIVIL DO ESTADO, QUE REIVINDICAM SEREM ADMITIDOS NO PR\u00d3XIMO ANO, SUPRINDO EM PARTE A FALTA DE POLICIAIS, REDUZINDO OS \u00cdNDICES DE VIOL\u00caNCIA NOTICIADO AMPLAMENTE PELA IMPRENSA.   "}, {"id": "3568", "ano": "2015", "numero": "981", "tipo__sigla": "MOC", "tipo__descricao": "Mo\u00e7\u00e3o", "autoria": "Leonardo Pascoal", "texto_original": "http://sapl.esteio.rs.leg.br/media/./sapl/public/materialegislativa/2015/3568/3568_texto_integral.docx", "ementa": "MANIFESTA OS SINCEROS VOTOS DE PARABENIZA\u00c7\u00c3O A ACISE &#8211; ASSOCIA\u00c7\u00c3O COMERCIAL INDUSTRIAL E DE SERVI\u00c7OS DE ESTEIO, PELOS 60 ANOS DE EXIST\u00caNCIA, COMEMORADOS NO DIA 07 DE NOVEMBRO DE 2015."}, {"id": "3611", "ano": "2015", "numero": "1031", "tipo__sigla": "MOC", "tipo__descricao": "Mo\u00e7\u00e3o", "autoria": "Marcelo Kohlrausch", "texto_original": "http://sapl.esteio.rs.leg.br/media/./sapl/public/materialegislativa/2015/3611/3611_texto_integral.docx", "ementa": "MANIFESTA OS SINCEROS VOTOS DE PARABENIZA\u00c7\u00c3O \u00c0 CERVEJARIA TUPINIQUIM, CERVEJA ARTESANAL BRASILEIRA, PELA CONQUISTA DE DUAS MEDALHAS NO MONDIAL DE LA BI\u00c8RE DE 2015.\r\n"}, {"id": "247", "ano": "2015", "numero": "51", "tipo__sigla": "PDI", "tipo__descricao": "Pedido de Informa\u00e7\u00e3o", "autoria": "Jane Battistello", "texto_original": "http://sapl.esteio.rs.leg.br/media/./sapl/public/materialegislativa/2015/247/247_texto_integral.docx", "ementa": "SOLICITA QUE SE DIGNE A IRFORMAR AS SEGUINTES QUEST\u00d5ES:\r\n\r\n1. QUEM S\u00c3O OS MEMBROS (NOMINAR) QUE COMP\u00d5E A JUNTA ADMINISTRATIVA DE RECURSOS E INFRA\u00c7\u00d5ES &#8211; JARI E SEUS SUPLENTES, COM INDICA\u00c7\u00c3O DE SUA REPRESENTA\u00c7\u00c3O?\r\n2. EM QUE DIA, HORA E LOCAL OCORREM \u00c0S SESS\u00d5ES ORDIN\u00c1RIAS E EXTRAORDIN\u00c1RIAS DA JUNTA ADMINISTRATIVA DE RECURSOS E INFRA\u00c7\u00d5ES &#8211; JARI?\r\n3. QUAL A DATA DE NOMEA\u00c7\u00c3O E ENCERRAMENTO DO ATUAL MANDATO DE CADA UM DOS MEMBROS DA JUNTA ADMINISTRATIVA DE RECURSOS E INFRA\u00c7\u00d5ES &#8211; JARI?\r\n4. EXISTE ALGUMA RECONDU\u00c7\u00c3O NO ATUAL MANDATO DOS MEMBROS DA JUNTA ADMINISTRATIVA DE RECURSOS E INFRA\u00c7\u00d5ES &#8211; JARI?\r\n5. A QUAL \u00d3RG\u00c3O DO MUNIC\u00cdPIO  EST\u00c1 VINCULADA A JUNTA ADMINISTRATIVA DE RECURSOS E INFRA\u00c7\u00d5ES &#8211; JARI ?\r\n6. QUANTOS RECURSOS FORAM JULGADOS PELA JUNTA ADMINISTRATIVA DE RECURSOS E INFRA\u00c7\u00d5ES &#8211; JARI, NO PER\u00cdODO DE 2014? QUANTOS RECURSOS FORAM PROVIDOS E INDEFERIDOS NO ANO DE 2014?\r\n7. QUEM JULGA AS NOTIFICA\u00c7\u00d5ES DE AUTUA\u00c7\u00d5ES DE TR\u00c2NSITO, E DURANTE O ANO DE 2014 QUANTOS FORAM PROVIDOS E INDEFERIDOS?\r\n\r\n8. QUANTAS NOTIFICA\u00c7\u00d5ES DE AUTUA\u00c7\u00d5ES DE TR\u00c2NSITO FORAM ENVIADAS NO ANO DE 2014?"}, {"id": "2828", "ano": "2015", "numero": "390", "tipo__sigla": "PDI", "tipo__descricao": "Pedido de Informa\u00e7\u00e3o", "autoria": "Marcelo Kohlrausch", "texto_original": "http://sapl.esteio.rs.leg.br/media/./sapl/public/materialegislativa/2015/2828/2828_texto_integral.docx", "ementa": "SOLICITA QUE SE DIGNE A INFORMAR AS SEGUINTES QUEST\u00d5ES:\r\n\r\nA)\tA QUALIDADE DA ILUMINA\u00c7\u00c3O P\u00daBLICA NA AVENIDA SENADOR SALGADO FILHO, NO TRECHO ENTRE A AV. PRESIDENTE VARGAS E A RUA FERNANDO FERRARI, APRESENTA QUALIDADE SUPERIOR. QUANDO O RESTANTE DA VIA P\u00daBLICA RECEBER\u00c1 O MESMO SERVI\u00c7O?\r\n\r\nB)\tOUTRAS RUAS DA CIDADE TAMB\u00c9M SER\u00c3O BENEFICIADAS COM A NOVA ILUMINA\u00c7\u00c3O? CASO POSITIVO, QUAL A PREVIS\u00c3O?"}, {"id": "2969", "ano": "2015", "numero": "488", "tipo__sigla": "PDI", "tipo__descricao": "Pedido de Informa\u00e7\u00e3o", "autoria": "Rafael Figliero", "texto_original": "http://sapl.esteio.rs.leg.br/media/./sapl/public/materialegislativa/2015/2969/2969_texto_integral.docx", "ementa": "SOLICITA AO EXECUTIVO: QUE INFORME SE EXISTE A CED\u00caNCIA DE MOTORISTAS DO CONS\u00d3RCIO PARA LINHAS METROPOLITANAS; SE A SMSMU FISCALIZA A APTID\u00c3O DOS MOTORISTAS PARA DIRIGIREM \u00d4NIBUS DE EMPRESAS DIFERENTES DAS PREVISTAS EM CONTRATO DE CONCESS\u00c3O VIGENTE COM O MUNIC\u00cdPIO, E SOLICITA C\u00d3PIA DO CONTRATO COM A EMPRESA DE \u00d4NIBUS QUE PRESTA SERVI\u00c7OS NO MUNIC\u00cdPIO."}, {"id": "3130", "ano": "2015", "numero": "622", "tipo__sigla": "PDI", "tipo__descricao": "Pedido de Informa\u00e7\u00e3o", "autoria": "Rafael Figliero", "texto_original": "http://sapl.esteio.rs.leg.br/media/./sapl/public/materialegislativa/2015/3130/3130_texto_integral.docx", "ementa": "A INFORMAR SE A EMPRESA 5&#8217;S ENTULHOS, APARECE NO SITE DE BUSCAS DO GOOGLE COM SEDE NA RUA ROQUE GONZ\u00c1LES, N\u00b0 365 BAIRRO SANTO IN\u00c1CIO &#8211; ESTEIO, TELEFONE (51) 3473-8686. ENTRANDO EM CONTATO COM A EMPRESA QUE ATENDE NESTE ENDERE\u00c7O, FOMOS INFORMADOS QUE A MESMA \u00c9 DE SAPUCAIA DO SUL, SOLICITAMOS AS SEGUINTES INFORMA\u00c7\u00d5ES:\r\n\r\nA)\tCOMO UMA EMPRESA DE SAPUCAIA DO SUL NA QUAL TEORICAMENTE RECOLHE SEUS IMPOSTOS NESTA CIDADE, ATENDE E TEM SEU ENDERE\u00c7O PUBLICAMENTE INFORMADO COMO SENDO DE ESTEIO?\r\n\r\nB)\tCOMO COMPROVA A P\u00c1GINA EM ANEXO. ESTA EMPRESA EST\u00c1 COM SEUS ALVAR\u00c1S E LICEN\u00c7AS EM DIA?\r\n\r\nC)\tEM QUAL CIDADE EST\u00c1 REGISTRADA?\r\n\r\nD)\tONDE DEPOSITA SEUS ENTULHOS?\r\n"}, {"id": "183", "ano": "2015", "numero": "2", "tipo__sigla": "PDP", "tipo__descricao": "Pedido de Provid\u00eancia", "autoria": "Jane Battistello", "texto_original": "http://sapl.esteio.rs.leg.br/media/./sapl/public/materialegislativa/2015/183/183_texto_integral.docx", "ementa": "SOLICITA O CONSERTO DA BROCA EXISTENTE NO PASSEIO P\u00daBLICO NA RUA PERCIVAL LISBOA, EM FRENTE AO N\u00daMERO 35."}, {"id": "184", "ano": "2015", "numero": "3", "tipo__sigla": "PDP", "tipo__descricao": "Pedido de Provid\u00eancia", "autoria": "Leonardo Pascoal", "texto_original": "http://sapl.esteio.rs.leg.br/media/./sapl/public/materialegislativa/2015/184/184_texto_integral.docx", "ementa": "SOLICITA A SUBSTITUI\u00c7\u00c3O DAS L\u00c2MPADAS QUEIMADAS DOS POSTES LOCALIZADOS NA RUA GARIBALDI, EM FRENTE AO N\u00daMERO 36."}, {"id": "185", "ano": "2015", "numero": "4", "tipo__sigla": "PDP", "tipo__descricao": "Pedido de Provid\u00eancia", "autoria": "Leonardo Pascoal", "texto_original": "http://sapl.esteio.rs.leg.br/media/./sapl/public/materialegislativa/2015/185/185_texto_integral.docx", "ementa": "SOLICITA A LIMPEZA E DESRATIZA\u00c7\u00c3O DO ARROIO ESTEIO, NO TRECHO LOCALIZADO NA RUA BENTO GON\u00c7ALVES,  LADO DO N\u00ba 958."}, {"id": "200", "ano": "2015", "numero": "8", "tipo__sigla": "PDP", "tipo__descricao": "Pedido de Provid\u00eancia", "autoria": "Jane Battistello", "texto_original": "http://sapl.esteio.rs.leg.br/media/./sapl/public/materialegislativa/2015/200/200_texto_integral.docx", "ementa": "SOLICITA QUE SE DIGNE INFORMAR ATRAV\u00c9S DA SECRETARIA COMPETENTE, A QUEM PERTENCE O GALP\u00c3O DA ANTIGA ASSOCIA\u00c7\u00c3O DE MORADORES DA H\u00cdPICA."}, {"id": "201", "ano": "2015", "numero": "10", "tipo__sigla": "PDP", "tipo__descricao": "Pedido de Provid\u00eancia", "autoria": "Ari Zanoni", "texto_original": "http://sapl.esteio.rs.leg.br/media/./sapl/public/materialegislativa/2015/201/201_texto_integral.docx", "ementa": "SOLICITA A DESOBSTRU\u00c7\u00c3O DAS BOCAS-DE-LOBO NO LOTEAMENTO POR DO SOL."}, {"id": "190", "ano": "2015", "numero": "11", "tipo__sigla": "PDP", "tipo__descricao": "Pedido de Provid\u00eancia", "autoria": "Jaime da Rosa", "texto_original": "http://sapl.esteio.rs.leg.br/media/./sapl/public/materialegislativa/2015/190/190_texto_integral.docx", "ementa": "SOLICITA A ELIMINA\u00c7\u00c3O DA BROCA LOCALIZADA NA ESQUINA DA RUA BRAS\u00cdLIA COM A RUA CRIST\u00d3V\u00c3O COLOMBO, BAIRRO TR\u00caS PORTOS."}, {"id": "192", "ano": "2015", "numero": "12", "tipo__sigla": "PDP", "tipo__descricao": "Pedido de Provid\u00eancia", "autoria": "Jaime da Rosa", "texto_original": "http://sapl.esteio.rs.leg.br/media/./sapl/public/materialegislativa/2015/192/192_texto_integral.docx", "ementa": "SOLICITA A DEDETIZA\u00c7\u00c3O E DESRATIZA\u00c7\u00c3O NA RUA VILA LOBOS, NO TRECHO COMPREENDIDO ENTRE AS RUAS RIACHUELO E VINTE DE SETEMBRO, LOCALIZADAS NO BAIRRO TAMANDAR\u00c9."}, {"id": "194", "ano": "2015", "numero": "13", "tipo__sigla": "PDP", "tipo__descricao": "Pedido de Provid\u00eancia", "autoria": "Jane Battistello", "texto_original": "http://sapl.esteio.rs.leg.br/media/./sapl/public/materialegislativa/2015/194/194_texto_integral.docx", "ementa": "SOLICITA PARA QUE COIBA A ENTRADA NA ANTIGA ASSOCIA\u00c7\u00c3O DOS MORADORES DA H\u00cdPICA, VISTO QUE A PORTA DA MESMA FICA ABERTA PERMITINDO A ENTRADA DE TODA E QUALQUER PESSOA, AS QUAIS TRANSFORMAM A ASSOCIA\u00c7\u00c3O EM UM PONTO DE REF\u00daGIO, ONDE, QUASE QUE DIARIAMENTE, S\u00c3O DISPARADOS TIROS DO SEU INTERIOR COLOCANDO EM RISCO A VIDA DA COMUNIDADE."}, {"id": "195", "ano": "2015", "numero": "14", "tipo__sigla": "PDP", "tipo__descricao": "Pedido de Provid\u00eancia", "autoria": "Jane Battistello", "texto_original": "http://sapl.esteio.rs.leg.br/media/./sapl/public/materialegislativa/2015/195/195_texto_integral.docx", "ementa": "SOLICITA A PINTURA DAS FAIXAS DE SEGURAN\u00c7A PARA TRAVESSIA DE PEDESTRES NO CRUZAMENTO DAS RUAS FERNANDO FERRARI E 24 DE AGOSTO."}, {"id": "196", "ano": "2015", "numero": "15", "tipo__sigla": "PDP", "tipo__descricao": "Pedido de Provid\u00eancia", "autoria": "Leonardo Pascoal", "texto_original": "http://sapl.esteio.rs.leg.br/media/./sapl/public/materialegislativa/2015/196/196_texto_integral.docx", "ementa": "SOLICITA A REPOSI\u00c7\u00c3O DA COBERTURA ASF\u00c1LTICA SOBRE OS BURACOS LOCALIZADOS NA RUA ALBERTO BRAUN, EM FRENTE AO N\u00daMERO 92, CONTIDA NOS OF\u00cdCIOS 097/2014-SG, DATADO DE 16/10/2014 E 563/2014-SG, DATADO DE 28/05/2014 E AINDA N\u00c3O REALIZADO PELO EXECUTIVO MUNICIPAL."}, {"id": "197", "ano": "2015", "numero": "16", "tipo__sigla": "PDP", "tipo__descricao": "Pedido de Provid\u00eancia", "autoria": "Leonardo Pascoal", "texto_original": "http://sapl.esteio.rs.leg.br/media/./sapl/public/materialegislativa/2015/197/197_texto_integral.docx", "ementa": "SOLICITA O DESLIGAMENTO, DURANTE O DIA, DA L\u00c2MPADA DO POSTE LOCALIZADO EM FRENTE AO N\u00daMERO 201 DA RUA VITERBO JOS\u00c9 MACHADO, BEM COMO A TROCA DE L\u00c2MPADAS DOS POSTES AO LADO DO N\u00daMERO 201."}, {"id": "199", "ano": "2015", "numero": "17", "tipo__sigla": "PDP", "tipo__descricao": "Pedido de Provid\u00eancia", "autoria": "Leonardo Pascoal", "texto_original": "http://sapl.esteio.rs.leg.br/media/./sapl/public/materialegislativa/2015/199/199_texto_integral.docx", "ementa": "SOLICITA MANUTEN\u00c7\u00c3O E  LIMPEZA DOS BUEIROS LOCALIZADOS NA RUA VITERBO JOS\u00c9 MACHADO, EM FRENTE AO N\u00daMERO 201 E DO OUTRO LADO DA VIA."}, {"id": "186", "ano": "2015", "numero": "18", "tipo__sigla": "PDP", "tipo__descricao": "Pedido de Provid\u00eancia", "autoria": "Leonardo Pascoal", "texto_original": "http://sapl.esteio.rs.leg.br/media/./sapl/public/materialegislativa/2015/186/186_texto_integral.docx", "ementa": "SOLICITA A SUBSTITUI\u00c7\u00c3O DAS L\u00c2MPADAS DOS POSTES LOCALIZADOS NA RUA FORTALEZA, EM FRENTE AOS N\u00daMEROS 91 E 221, E NA RUA ALV\u00cdCIO NIENOW, AO LADO DO N\u00daMERO 183."}, {"id": "187", "ano": "2015", "numero": "19", "tipo__sigla": "PDP", "tipo__descricao": "Pedido de Provid\u00eancia", "autoria": "Leonardo Pascoal", "texto_original": "http://sapl.esteio.rs.leg.br/media/./sapl/public/materialegislativa/2015/187/187_texto_integral.docx", "ementa": "SOLICITA REPOSI\u00c7\u00c3O DA COBERTURA ASF\u00c1LTICA SOBRE OS BURACOS LOCALIZADOS NA RUA IRM\u00c3O ALEXANDRE DOMINGUES LEAL CABELLERO, EM FRENTE AO N\u00daMERO 20."}, {"id": "188", "ano": "2015", "numero": "20", "tipo__sigla": "PDP", "tipo__descricao": "Pedido de Provid\u00eancia", "autoria": "Leonardo Pascoal", "texto_original": "http://sapl.esteio.rs.leg.br/media/./sapl/public/materialegislativa/2015/188/188_texto_integral.docx", "ementa": "SOLICITA A NOTIFICA\u00c7\u00c3O DO PROPRIET\u00c1RIO PARA LIMPEZA E CERCAMENTO DO TERRENO LOCALIZADO NA AV. PRESIDENTE VARGAS, AO LADO DO N\u00daMERO 1903."}, {"id": "189", "ano": "2015", "numero": "21", "tipo__sigla": "PDP", "tipo__descricao": "Pedido de Provid\u00eancia", "autoria": "Leonardo Pascoal", "texto_original": "http://sapl.esteio.rs.leg.br/media/./sapl/public/materialegislativa/2015/189/189_texto_integral.docx", "ementa": "SOLICITA A PODA DAS \u00c1RVORES LOCALIZADAS NAS MARGENS DO ARROIO ESTEIO, EM TODA EXTENS\u00c3O DA AV. ALBERTO PASQUALINI."}, {"id": "193", "ano": "2015", "numero": "22", "tipo__sigla": "PDP", "tipo__descricao": "Pedido de Provid\u00eancia", "autoria": "Leonardo Pascoal", "texto_original": "http://sapl.esteio.rs.leg.br/media/./sapl/public/materialegislativa/2015/193/193_texto_integral.docx", "ementa": "SOLICITA A LIMPEZA DA PRA\u00c7A LOCALIZADA NA RUA A DO LOTEAMENTO CAMPOS VERDES, BAIRRO TR\u00caS MARIAS, BEM COMO A NOTIFICA\u00c7\u00c3O PARA LIMPEZA DOS TERRENOS E PASSEIOS P\u00daBLICOS LOCALIZADOS NA MESMA VIA."}, {"id": "220", "ano": "2015", "numero": "24", "tipo__sigla": "PDP", "tipo__descricao": "Pedido de Provid\u00eancia", "autoria": "Ari Zanoni", "texto_original": "http://sapl.esteio.rs.leg.br/media/./sapl/public/materialegislativa/2015/220/220_texto_integral.docx", "ementa": "SOLICITA QUE NOTIFIQUE O PROPRIET\u00c1RIO/RESPONS\u00c1VEL PELO IM\u00d3VEL NA RUA AMETISTA EM FRENTE AO LOTEAMENTO CAMPOS DE ESTEIO, PARA LIMPEZA, MANUTEN\u00c7\u00c3O E CERCAMENTO DO TERRENO."}, {"id": "219", "ano": "2015", "numero": "25", "tipo__sigla": "PDP", "tipo__descricao": "Pedido de Provid\u00eancia", "autoria": "Ari Zanoni", "texto_original": "http://sapl.esteio.rs.leg.br/media/./sapl/public/materialegislativa/2015/219/219_texto_integral.docx", "ementa": "SOLICITA QUE NOTIFIQUE O PROPRIET\u00c1RIO/RESPONS\u00c1VEL PELO IM\u00d3VEL NA RUA TOP\u00c1ZIO, FUNDOS DO LOTEAMENTO CAMPOS DE ESTEIO, PARA LIMPEZA, MANUTEN\u00c7\u00c3O E CERCAMENTO DO TERRENO."}, {"id": "218", "ano": "2015", "numero": "26", "tipo__sigla": "PDP", "tipo__descricao": "Pedido de Provid\u00eancia", "autoria": "Ari Zanoni", "texto_original": "http://sapl.esteio.rs.leg.br/media/./sapl/public/materialegislativa/2015/218/218_texto_integral.docx", "ementa": "SOLICITA QUE NOTIFIQUE O PROPRIET\u00c1RIO/RESPONS\u00c1VEL PELO IM\u00d3VEL NA RUA SANTANA, ENTRE OS N\u00daMEROS 680 E 740, PARA LIMPEZA, MANUTEN\u00c7\u00c3O E CERCAMENTO DO TERRENO."}, {"id": "216", "ano": "2015", "numero": "28", "tipo__sigla": "PDP", "tipo__descricao": "Pedido de Provid\u00eancia", "autoria": "Rafael Figliero", "texto_original": "http://sapl.esteio.rs.leg.br/media/./sapl/public/materialegislativa/2015/216/216_texto_integral.docx", "ementa": "SOLICITA QUE SE DIGNE INFORMAR SE AS C\u00c2MERAS DO SISTEMA DE V\u00cdDEO MONITORAMENTO CONSEGUEM CAPTAR IMAGENS EM UM TERRENO LOCALIZADO NA RUA SANTANA, LADO OPOSTO  AO N\u00daMERO 690, COM A INTEN\u00c7\u00c3O DE IDENTIFICAR QUEM DEPOSITA ENTULHOS DE FORMA IRREGULAR NESTE LOGRADOURO E ACIONAR A PATRULHA INTEGRADA DE PROTE\u00c7\u00c3O AMBIENTAL (PIPA) PARA QUE A MESMA POSSA EFETUAR A AUTUA\u00c7\u00c3O DOS INFRATORES."}, {"id": "213", "ano": "2015", "numero": "29", "tipo__sigla": "PDP", "tipo__descricao": "Pedido de Provid\u00eancia", "autoria": "Ari Zanoni", "texto_original": "http://sapl.esteio.rs.leg.br/media/./sapl/public/materialegislativa/2015/213/213_texto_integral.docx", "ementa": "SOLICITA A TROCA DE L\u00c2MPADA NA RUA 24 DE AGOSTO, EM FRENTE AO N\u00ba 1737."}, {"id": "212", "ano": "2015", "numero": "30", "tipo__sigla": "PDP", "tipo__descricao": "Pedido de Provid\u00eancia", "autoria": "Ari Zanoni", "texto_original": "http://sapl.esteio.rs.leg.br/media/./sapl/public/materialegislativa/2015/212/212_texto_integral.docx", "ementa": "SOLICITA A REGULARIZA\u00c7\u00c3O DA COLETA DO LIXO DOMICILIAR NA RUA 24 DE AGOSTO, EM FRENTE AO N\u00ba 1737."}, {"id": "209", "ano": "2015", "numero": "31", "tipo__sigla": "PDP", "tipo__descricao": "Pedido de Provid\u00eancia", "autoria": "Ari Zanoni", "texto_original": "http://sapl.esteio.rs.leg.br/media/./sapl/public/materialegislativa/2015/209/209_texto_integral.docx", "ementa": "SOLICITA A COLOCA\u00c7\u00c3O DE SAIBRO, BRITA OU MATERIAL SIMILAR EM TODAS AS RUAS DO LOTEAMENTO BOM JESUS, COMO MEDIDA PROVIS\u00d3RIA DE MELHORIA DO ACESSO AOS MORADORES, AL\u00c9M DE AMENIZAR A POEIRA EM DIAS DE SOL E A LAMA EM DIAS CHUVOSOS."}, {"id": "205", "ano": "2015", "numero": "32", "tipo__sigla": "PDP", "tipo__descricao": "Pedido de Provid\u00eancia", "autoria": "Ari Zanoni", "texto_original": "http://sapl.esteio.rs.leg.br/media/./sapl/public/materialegislativa/2015/205/205_texto_integral.docx", "ementa": "SOLICITA A ELIMINA\u00c7\u00c3O DE BROCA NA CAL\u00c7ADA DA RUA S\u00c3O CAETANO, EM FRENTE AO N\u00ba 68 &#8211; PARQUE AMADOR."}, {"id": "206", "ano": "2015", "numero": "33", "tipo__sigla": "PDP", "tipo__descricao": "Pedido de Provid\u00eancia", "autoria": "Ari Zanoni", "texto_original": "http://sapl.esteio.rs.leg.br/media/./sapl/public/materialegislativa/2015/206/206_texto_integral.docx", "ementa": "SOLICITA A LIMPEZA E MANUTEN\u00c7\u00c3O DO CANTEIRO DA RUA MINUANO, FUNDOS DA US-CLARET."}, {"id": "207", "ano": "2015", "numero": "34", "tipo__sigla": "PDP", "tipo__descricao": "Pedido de Provid\u00eancia", "autoria": "Ari Zanoni", "texto_original": "http://sapl.esteio.rs.leg.br/media/./sapl/public/materialegislativa/2015/207/207_texto_integral.docx", "ementa": "SOLICITA O DESENTUPIMENTO DE BUEIRO E CANALIZA\u00c7\u00c3O DO ESGOTO NA RUA JO\u00c3O FRAINER, EM FRENTE AOS N\u00ba 955, 961 E 965."}, {"id": "208", "ano": "2015", "numero": "35", "tipo__sigla": "PDP", "tipo__descricao": "Pedido de Provid\u00eancia", "autoria": "Ari Zanoni", "texto_original": "http://sapl.esteio.rs.leg.br/media/./sapl/public/materialegislativa/2015/208/208_texto_integral.docx", "ementa": "SOLICITA A LIMPEZA DE BOCA-DE-LOBO E ELIMINA\u00c7\u00c3O DE BROCA NA CAL\u00c7ADA DA RUA JO\u00c3O FRAINER, EM FRENTE AOS N\u00ba 690 E 726."}, {"id": "210", "ano": "2015", "numero": "36", "tipo__sigla": "PDP", "tipo__descricao": "Pedido de Provid\u00eancia", "autoria": "Ari Zanoni", "texto_original": "http://sapl.esteio.rs.leg.br/media/./sapl/public/materialegislativa/2015/210/210_texto_integral.docx", "ementa": "SOLICITA A LIMPEZA E DESOBSTRU\u00c7\u00c3O DE BOCA-DE-LOBO E CANALIZA\u00c7\u00c3O PARA DESTINO DA \u00c1GUA, EVITANDO ALAGAMENTOS, NA RUA JO\u00c3O FRAINER, EM FRENTE AO N\u00ba 955."}, {"id": "211", "ano": "2015", "numero": "37", "tipo__sigla": "PDP", "tipo__descricao": "Pedido de Provid\u00eancia", "autoria": "Ari Zanoni", "texto_original": "http://sapl.esteio.rs.leg.br/media/./sapl/public/materialegislativa/2015/211/211_texto_integral.docx", "ementa": "SOLICITA O RECAPEAMENTO ASF\u00c1LTICO E RECOLOCA\u00c7\u00c3O DE TACH\u00d5ES-REDUTORES DE VELOCIDADE NA RUA JO\u00c3O FRAINER, EM FRENTE AOS N\u00baS 926 E 961, ESQUINA COM A RUA JARDEL FILHO."}, {"id": "214", "ano": "2015", "numero": "38", "tipo__sigla": "PDP", "tipo__descricao": "Pedido de Provid\u00eancia", "autoria": "Ari Zanoni", "texto_original": "http://sapl.esteio.rs.leg.br/media/./sapl/public/materialegislativa/2015/214/214_texto_integral.docx", "ementa": "SOLICITA A ELIMINA\u00c7\u00c3O DE UMA BROCA E RECONSTRU\u00c7\u00c3O DA CAL\u00c7ADA NA AV. PRESIDENTE VARGAS, EM FRENTE AO N\u00ba 1834, ENTRADA DE GARAGEM."}, {"id": "215", "ano": "2015", "numero": "39", "tipo__sigla": "PDP", "tipo__descricao": "Pedido de Provid\u00eancia", "autoria": "Ari Zanoni", "texto_original": "http://sapl.esteio.rs.leg.br/media/./sapl/public/materialegislativa/2015/215/215_texto_integral.docx", "ementa": "SOLICITA A PODA DE UMA \u00c1RVORE, NA AV. PADRE CLARET, EM FRENTE AO N\u00ba 1724."}, {"id": "217", "ano": "2015", "numero": "40", "tipo__sigla": "PDP", "tipo__descricao": "Pedido de Provid\u00eancia", "autoria": "Jaime da Rosa", "texto_original": "http://sapl.esteio.rs.leg.br/media/./sapl/public/materialegislativa/2015/217/217_texto_integral.docx", "ementa": "SOLICITA A TROCA DE L\u00c2MPADA NA RUA BENTO GON\u00c7ALVES, EM FRENTE AO N\u00ba 1199."}, {"id": "222", "ano": "2015", "numero": "41", "tipo__sigla": "PDP", "tipo__descricao": "Pedido de Provid\u00eancia", "autoria": "Jane Battistello", "texto_original": "http://sapl.esteio.rs.leg.br/media/./sapl/public/materialegislativa/2015/222/222_texto_integral.docx", "ementa": "SOLICITA A NOTIFICA\u00c7\u00c3O DO PROPRIET\u00c1RIO DO TERRENO LOCALIZADO NA RUA PAULO C\u00c2NDIDO DOS SANTOS AO LADO DO N\u00daMERO 22, NO BAIRRO NOVO ESTEIO, PARA QUE SEJA PROCEDIDA A LIMPEZA DO MESMO, POIS DEVIDO AO AC\u00daMULO DE LIXO EST\u00c1 OCORRENDO PROLIFERA\u00c7\u00c3O DE RATOS E BARATAS."}, {"id": "223", "ano": "2015", "numero": "42", "tipo__sigla": "PDP", "tipo__descricao": "Pedido de Provid\u00eancia", "autoria": "Jane Battistello", "texto_original": "http://sapl.esteio.rs.leg.br/media/./sapl/public/materialegislativa/2015/223/223_texto_integral.docx", "ementa": "SOLICITA A PINTURA DAS FAIXAS DE SEGURAN\u00c7A PARA TRAVESSIA DE PEDESTRES NO CRUZAMENTO DAS RUAS FERROVI\u00c1RIOS E BENTO GON\u00c7ALVES."}, {"id": "224", "ano": "2015", "numero": "43", "tipo__sigla": "PDP", "tipo__descricao": "Pedido de Provid\u00eancia", "autoria": "Jane Battistello", "texto_original": "http://sapl.esteio.rs.leg.br/media/./sapl/public/materialegislativa/2015/224/224_texto_integral.docx", "ementa": "SOLICITA A TROCA DA L\u00c2MPADA DO POSTE LOCALIZADO NA RUA DONA ISABEL, EM FRENTE AO N\u00daMERO 749."}, {"id": "228", "ano": "2015", "numero": "44", "tipo__sigla": "PDP", "tipo__descricao": "Pedido de Provid\u00eancia", "autoria": "Marcelo Kohlrausch", "texto_original": "http://sapl.esteio.rs.leg.br/media/./sapl/public/materialegislativa/2015/228/228_texto_integral.docx", "ementa": "SOLICITA C\u00d3PIA DOS AUTOS DE INFRA\u00c7\u00c3O OU NOTIFICA\u00c7\u00d5ES JUNTO A AES SUL, COBRANDO A SUBSTITUI\u00c7\u00c3O DE POSTES DE ILUMINA\u00c7\u00c3O P\u00daBLICA NOS ANOS DE 2013 E 2014."}, {"id": "229", "ano": "2015", "numero": "45", "tipo__sigla": "PDP", "tipo__descricao": "Pedido de Provid\u00eancia", "autoria": "Marcelo Kohlrausch", "texto_original": "http://sapl.esteio.rs.leg.br/media/./sapl/public/materialegislativa/2015/229/229_texto_integral.docx", "ementa": "SOLICITA UMA AVALIA\u00c7\u00c3O CRITERIOSA DA CANALIZA\u00c7\u00c3O DAS RUAS A RECEBEREM OS SERVI\u00c7OS DE PAVIMENTA\u00c7\u00c3O."}, {"id": "225", "ano": "2015", "numero": "46", "tipo__sigla": "PDP", "tipo__descricao": "Pedido de Provid\u00eancia", "autoria": "Rafael Figliero", "texto_original": "http://sapl.esteio.rs.leg.br/media/./sapl/public/materialegislativa/2015/225/225_texto_integral.docx", "ementa": "SOLICITA A REVIS\u00c3O COMPLETA NA ILUMINA\u00c7\u00c3O P\u00daBLICA DA RUA PADRE FELIPE, ENTRE A AV. PRESIDENTE VARGAS E A RUA LA SALLE."}, {"id": "226", "ano": "2015", "numero": "47", "tipo__sigla": "PDP", "tipo__descricao": "Pedido de Provid\u00eancia", "autoria": "Rafael Figliero", "texto_original": "http://sapl.esteio.rs.leg.br/media/./sapl/public/materialegislativa/2015/226/226_texto_integral.docx", "ementa": "SOLICITA A NOTIFICA\u00c7\u00c3O DO PROPRIET\u00c1RIO DO TERRENO LOCALIZADO NA ESQUINA ENTRE A AV. JACOB ALCALAY E A RUA JARDEL FILHO, PARA QUE SEJA PROCEDIDA A LIMPEZA E O CERCAMENTO DO MESMO."}, {"id": "227", "ano": "2015", "numero": "48", "tipo__sigla": "PDP", "tipo__descricao": "Pedido de Provid\u00eancia", "autoria": "Rafael Figliero", "texto_original": "http://sapl.esteio.rs.leg.br/media/./sapl/public/materialegislativa/2015/227/227_texto_integral.docx", "ementa": "SOLICITA A SOLICITA\u00c7\u00c3O DE REPARO ASF\u00c1LTICO NA RUA IRM\u00c3O ALEXANDRE DOMINGUES LEAL CABALLERO, EM FRENTE AOS N\u00daMEROS 20 E 27, CONTIDO NOS OF\u00cdCIOS 844/2014-SG,  DE 09/09/2014 E 992/2014-SG, DE 11/11/2014 E AINDA N\u00c3O REALIZADO PELO EXECUTIVO MUNICIPAL."}, {"id": "250", "ano": "2015", "numero": "49", "tipo__sigla": "PDP", "tipo__descricao": "Pedido de Provid\u00eancia", "autoria": "Ari Zanoni", "texto_original": "http://sapl.esteio.rs.leg.br/media/./sapl/public/materialegislativa/2015/250/250_texto_integral.docx", "ementa": "SOLICITA QUE NOTIFIQUE O PROPRIET\u00c1RIO/RESPONS\u00c1VEL PELO IM\u00d3VEL NA RUA 24 DE AGOSTO, AO LADO DO N\u00ba 1718, PARA LIMPEZA, MANUTEN\u00c7\u00c3O E CERCAMENTO DO TERRENO."}, {"id": "251", "ano": "2015", "numero": "50", "tipo__sigla": "PDP", "tipo__descricao": "Pedido de Provid\u00eancia", "autoria": "Ari Zanoni", "texto_original": "http://sapl.esteio.rs.leg.br/media/./sapl/public/materialegislativa/2015/251/251_texto_integral.docx", "ementa": "SOLICITA A LIMPEZA DA REDE DE ESGOTO, INCLUINDO BOCAS-DE-LOBO, EM TODO O LOTEAMENTO POR DO SOL, PRINCIPALMENTE NA RUA DAS HORT\u00caNCIAS, EM FRENTE AO N\u00ba 68."}, {"id": "245", "ano": "2015", "numero": "52", "tipo__sigla": "PDP", "tipo__descricao": "Pedido de Provid\u00eancia", "autoria": "Jaime da Rosa", "texto_original": "http://sapl.esteio.rs.leg.br/media/./sapl/public/materialegislativa/2015/245/245_texto_integral.docx", "ementa": "SOLICITA O CONSERTO DA L\u00c2MPADA DO POSTE SITUADO NA RUA PEDRO \u00c1LVARES CABRAL, EM FRENTE AO N\u00daMERO 289, BAIRRO TR\u00caS PORTOS."}, {"id": "243", "ano": "2015", "numero": "53", "tipo__sigla": "PDP", "tipo__descricao": "Pedido de Provid\u00eancia", "autoria": "Leonardo Pascoal", "texto_original": "http://sapl.esteio.rs.leg.br/media/./sapl/public/materialegislativa/2015/243/243_texto_integral.docx", "ementa": "SOLICITA A LIMPEZA E/OU A NOTIFICA\u00c7\u00c3O DOS PROPRIET\u00c1RIOS PARA LIMPEZA DE TERRENOS, E DOS PASSEIOS P\u00daBLICOS LOCALIZADOS NA RUA SOLEDADE, N\u00daMERO 456 E RUA FERNANDO FERRARI, ESQUINA COM A RUA SOLEDADE"}, {"id": "242", "ano": "2015", "numero": "54", "tipo__sigla": "PDP", "tipo__descricao": "Pedido de Provid\u00eancia", "autoria": "Leonardo Pascoal", "texto_original": "http://sapl.esteio.rs.leg.br/media/./sapl/public/materialegislativa/2015/242/242_texto_integral.docx", "ementa": "SOLICITA A COLOCA\u00c7\u00c3O DE SAIBRO EM TODA A EXTENS\u00c3O DA RUA BRUNO SPERB."}, {"id": "241", "ano": "2015", "numero": "55", "tipo__sigla": "PDP", "tipo__descricao": "Pedido de Provid\u00eancia", "autoria": "Leonardo Pascoal", "texto_original": "http://sapl.esteio.rs.leg.br/media/./sapl/public/materialegislativa/2015/241/241_texto_integral.docx", "ementa": "SOLICITA A PODA DAS \u00c1RVORES LOCALIZADAS NAS RUAS: JO\u00c3O CORREA DA COSTA, AO LADO DO N\u00daMERO 20 E NA RUA PADRE ANT\u00d4NIO VIEIRA, N\u00daMERO 787, NA ESCOLA ESTADUAL DYON\u00c9LIO MACHADO."}, {"id": "231", "ano": "2015", "numero": "56", "tipo__sigla": "PDP", "tipo__descricao": "Pedido de Provid\u00eancia", "autoria": "Leonardo Pascoal", "texto_original": "http://sapl.esteio.rs.leg.br/media/./sapl/public/materialegislativa/2015/231/231_texto_integral.docx", "ementa": "SOLICITA A SUBSTITUI\u00c7\u00c3O DAS L\u00c2MPADAS DE SEIS POSTES LOCALIZADOS NA AV. PRESIDENTE VARGAS, ENTRE OS N\u00daMEROS 2662 E 2845."}, {"id": "232", "ano": "2015", "numero": "57", "tipo__sigla": "PDP", "tipo__descricao": "Pedido de Provid\u00eancia", "autoria": "Leonardo Pascoal", "texto_original": "http://sapl.esteio.rs.leg.br/media/./sapl/public/materialegislativa/2015/232/232_texto_integral.docx", "ementa": "SOLICITA A LIMPEZA DO PASSEIO P\u00daBLICO LOCALIZADO NA RUA TAQUARA, AO LADO DO N\u00daMERO 751."}, {"id": "233", "ano": "2015", "numero": "58", "tipo__sigla": "PDP", "tipo__descricao": "Pedido de Provid\u00eancia", "autoria": "Leonardo Pascoal", "texto_original": "http://sapl.esteio.rs.leg.br/media/./sapl/public/materialegislativa/2015/233/233_texto_integral.docx", "ementa": "SOLICITA A CRIA\u00c7\u00c3O DE UMA COMISS\u00c3O PARA INVESTIGAR E ANALISAR TODOS OS PROBLEMAS REGISTRADOS DURANTE A REALIZA\u00c7\u00c3O DO CONCURSO P\u00daBLICO PARA PROVIMENTO DE CARGOS P\u00daBLICOS DA PREFEITURA DE ESTEIO, REALIZADO NO \u00daLTIMO DOMINGO, DIA 25 DE JANEIRO DE 2015."}, {"id": "234", "ano": "2015", "numero": "59", "tipo__sigla": "PDP", "tipo__descricao": "Pedido de Provid\u00eancia", "autoria": "Leonardo Pascoal", "texto_original": "http://sapl.esteio.rs.leg.br/media/./sapl/public/materialegislativa/2015/234/234_texto_integral.docx", "ementa": "SOLICITA A SUBSTITUI\u00c7\u00c3O DA L\u00c2MPADA DO POSTE LOCALIZADO NA RUA JUSCELINO KUBITSCHEK, EM FRENTE AO N\u00daMERO 156."}, {"id": "235", "ano": "2015", "numero": "60", "tipo__sigla": "PDP", "tipo__descricao": "Pedido de Provid\u00eancia", "autoria": "Marcelo Kohlrausch", "texto_original": "http://sapl.esteio.rs.leg.br/media/./sapl/public/materialegislativa/2015/235/235_texto_integral.docx", "ementa": "SOLICITA A TROCA DA L\u00c2MPADA DO POSTE LOCALIZADO NA RUA JOS\u00c9 DO PATROC\u00cdNIO, N\u00daMERO 170, BAIRRO S\u00c3O JOS\u00c9."}, {"id": "236", "ano": "2015", "numero": "61", "tipo__sigla": "PDP", "tipo__descricao": "Pedido de Provid\u00eancia", "autoria": "Marcelo Kohlrausch", "texto_original": "http://sapl.esteio.rs.leg.br/media/./sapl/public/materialegislativa/2015/236/236_texto_integral.docx", "ementa": "SOLICITA A RETIRADA DA \u00c1RVORE QUE CAIU DENTRO DO ARROIO SAPUCAIA, NA RUA JOS\u00c9 DO PATROC\u00cdNIO, EM FRENTE AO N\u00daMERO 170, BAIRRO S\u00c3O JOS\u00c9, POR OCASI\u00c3O DOS FORTES VENTOS QUE ATINGIRAM O MUNIC\u00cdPIO DE ESTEIO EM DEZEMBRO DE 2014."}, {"id": "237", "ano": "2015", "numero": "62", "tipo__sigla": "PDP", "tipo__descricao": "Pedido de Provid\u00eancia", "autoria": "Marcelo Kohlrausch", "texto_original": "http://sapl.esteio.rs.leg.br/media/./sapl/public/materialegislativa/2015/237/237_texto_integral.docx", "ementa": "SUGERE MELHORES INVESTIMENTOS NA PISTA DE CAMINHADA E ATLETISMO DO PARQUE MUNICIPAL GALVANY GUEDES, OU QUE BUSQUE UMA ALTERNATIVA VI\u00c1VEL EIS QUE, AL\u00c9M DOS DESN\u00cdVEIS NA PISTA, N\u00c3O EXISTEM RAIAS DE MARCA\u00c7\u00c3O."}, {"id": "230", "ano": "2015", "numero": "63", "tipo__sigla": "PDP", "tipo__descricao": "Pedido de Provid\u00eancia", "autoria": "Rafael Figliero", "texto_original": "http://sapl.esteio.rs.leg.br/media/./sapl/public/materialegislativa/2015/230/230_texto_integral.docx", "ementa": "SOLICITA A DESOBSTRU\u00c7\u00c3O DOS TR\u00caS BUEIROS NA RUA RIO GRANDE, DO LADO OPOSTO AO N\u00daMERO 2065"}, {"id": "238", "ano": "2015", "numero": "64", "tipo__sigla": "PDP", "tipo__descricao": "Pedido de Provid\u00eancia", "autoria": "Rafael Figliero", "texto_original": "http://sapl.esteio.rs.leg.br/media/./sapl/public/materialegislativa/2015/238/238_texto_integral.docx", "ementa": "SOLICITA A CONCLUS\u00c3O DA OBRA REALIZADA NA RUA FORTALEZA, 252."}, {"id": "239", "ano": "2015", "numero": "65", "tipo__sigla": "PDP", "tipo__descricao": "Pedido de Provid\u00eancia", "autoria": "Rafael Figliero", "texto_original": "http://sapl.esteio.rs.leg.br/media/./sapl/public/materialegislativa/2015/239/239_texto_integral.docx", "ementa": "SOLICITA O REPARO NA TUBULA\u00c7\u00c3O DE ESGOTO NA RUA S\u00c3O FRANCISCO, 777."}, {"id": "240", "ano": "2015", "numero": "66", "tipo__sigla": "PDP", "tipo__descricao": "Pedido de Provid\u00eancia", "autoria": "Rafael Figliero", "texto_original": "http://sapl.esteio.rs.leg.br/media/./sapl/public/materialegislativa/2015/240/240_texto_integral.docx", "ementa": "SOLICITA A RECOLOCA\u00c7\u00c3O DE UM OBST\u00c1CULO PARA IMPEDIR A PASSAGEM DE VE\u00cdCULOS NA PRA\u00c7A 7 POVOS."}, {"id": "244", "ano": "2015", "numero": "67", "tipo__sigla": "PDP", "tipo__descricao": "Pedido de Provid\u00eancia", "autoria": "Rafael Figliero", "texto_original": "http://sapl.esteio.rs.leg.br/media/./sapl/public/materialegislativa/2015/244/244_texto_integral.docx", "ementa": "SOLICITA A TROCA DE L\u00c2MPADA NA RUA QUARA\u00cd, DO LADO OPOSTO AO N\u00daMERO 594."}, {"id": "246", "ano": "2015", "numero": "68", "tipo__sigla": "PDP", "tipo__descricao": "Pedido de Provid\u00eancia", "autoria": "Rafael Figliero", "texto_original": "http://sapl.esteio.rs.leg.br/media/./sapl/public/materialegislativa/2015/246/246_texto_integral.docx", "ementa": "SOLICITA O CONSERTO DE UMA BROCA NA AV. DOM PEDRO, ESQUINA COM A RUA CEL. SERAFIM PEREIRA."}, {"id": "248", "ano": "2015", "numero": "69", "tipo__sigla": "PDP", "tipo__descricao": "Pedido de Provid\u00eancia", "autoria": "Rafael Figliero", "texto_original": "http://sapl.esteio.rs.leg.br/media/./sapl/public/materialegislativa/2015/248/248_texto_integral.docx", "ementa": "SOLICITA A NOTIFICA\u00c7\u00c3O DO PROPRIET\u00c1RIO DE UM TERRENO PARA A LIMPEZA DO MESMO, LOCALIZADO NA ESQUINA DAS RUAS QUARA\u00cd E CAM\u00d5ES."}, {"id": "249", "ano": "2015", "numero": "70", "tipo__sigla": "PDP", "tipo__descricao": "Pedido de Provid\u00eancia", "autoria": "Rafael Figliero", "texto_original": "http://sapl.esteio.rs.leg.br/media/./sapl/public/materialegislativa/2015/249/249_texto_integral.docx", "ementa": "SOLICITA QUE SE DIGNE A INFORMAR QUAIS A\u00c7\u00d5ES PREVENTIVAS EST\u00c3O SENDO TOMADAS PELA PATRULHA INTEGRADA DE PROTE\u00c7\u00c3O AMBIENTAL (PIPA) COM A INTEN\u00c7\u00c3O DE IDENTIFICAR E AUTUAR QUEM DEPOSITA ENTULHOS DE FORMA IRREGULAR NA ESQUINA DA RUA QUARA\u00cd E CAM\u00d5ES."}, {"id": "288", "ano": "2015", "numero": "85", "tipo__sigla": "PDP", "tipo__descricao": "Pedido de Provid\u00eancia", "autoria": "Marcelo Kohlrausch", "texto_original": "http://sapl.esteio.rs.leg.br/media/./sapl/public/materialegislativa/2015/288/288_texto_integral.docx", "ementa": "QUE ESTUDE A POSSIBILIDADE DE INSTALAR CONT\u00caINERES PARA RECOLHIMENTO DE RES\u00cdDUOS ORG\u00c2NICOS E SECOS JUNTO AOS CONDOM\u00cdNIOS HABITACIONAIS E DEMAIS BAIRROS DA CIDADE."}, {"id": "280", "ano": "2015", "numero": "86", "tipo__sigla": "PDP", "tipo__descricao": "Pedido de Provid\u00eancia", "autoria": "Rafael Figliero", "texto_original": "http://sapl.esteio.rs.leg.br/media/./sapl/public/materialegislativa/2015/280/280_texto_integral.docx", "ementa": "O REPARO NO ASFALTO NA AV. PRESIDENTE VARGAS 991."}, {"id": "260", "ano": "2015", "numero": "88", "tipo__sigla": "PDP", "tipo__descricao": "Pedido de Provid\u00eancia", "autoria": "Ari Zanoni", "texto_original": "http://sapl.esteio.rs.leg.br/media/./sapl/public/materialegislativa/2015/260/260_texto_integral.docx", "ementa": " A LIMPEZA DA BOCA-DE-LOBO E A ELIMINA\u00c7\u00c3O DA BROCA LOCALIZADAS NA RUA JARDEL FILHO, EM FRENTE AOS N\u00daMEROS 690 E 726. "}, {"id": "259", "ano": "2015", "numero": "89", "tipo__sigla": "PDP", "tipo__descricao": "Pedido de Provid\u00eancia", "autoria": "Ari Zanoni", "texto_original": "http://sapl.esteio.rs.leg.br/media/./sapl/public/materialegislativa/2015/259/259_texto_integral.docx", "ementa": "A TROCA DA L\u00c2MPADA DO POSTE LOCALIZADO NA AV. PADRE CLARET, ESQUINA COM A AV. PRESIDENTE VARGAS, EM FRENTE AO POSTO DE GASOLINA."}, {"id": "281", "ano": "2015", "numero": "90", "tipo__sigla": "PDP", "tipo__descricao": "Pedido de Provid\u00eancia", "autoria": "Ari Zanoni", "texto_original": "http://sapl.esteio.rs.leg.br/media/./sapl/public/materialegislativa/2015/281/281_texto_integral.docx", "ementa": "A LIMPEZA E CONSERTO DA PRA\u00c7A LOCALIZADA NO LOTEAMENTO CAMPOS DE ESTEIO."}, {"id": "258", "ano": "2015", "numero": "91", "tipo__sigla": "PDP", "tipo__descricao": "Pedido de Provid\u00eancia", "autoria": "Jaime da Rosa", "texto_original": "http://sapl.esteio.rs.leg.br/media/./sapl/public/materialegislativa/2015/258/258_texto_integral.docx", "ementa": "O PATROLAMENTO E A COLOCA\u00c7\u00c3O DE SAIBRO EM TODA EXTENS\u00c3O DA RUA BRUNO SPERB, BAIRRO TR\u00caS MARIAS."}, {"id": "278", "ano": "2015", "numero": "92", "tipo__sigla": "PDP", "tipo__descricao": "Pedido de Provid\u00eancia", "autoria": "Leonardo Pascoal", "texto_original": "http://sapl.esteio.rs.leg.br/media/./sapl/public/materialegislativa/2015/278/278_texto_integral.docx", "ementa": "A MANUTEN\u00c7\u00c3O DO BUEIRO LOCALIZADO NA AVENIDA JO\u00c3O PAULO I, AO LADO DO N\u00daMERO 141."}, {"id": "257", "ano": "2015", "numero": "93", "tipo__sigla": "PDP", "tipo__descricao": "Pedido de Provid\u00eancia", "autoria": "Marcelo Kohlrausch", "texto_original": "http://sapl.esteio.rs.leg.br/media/./sapl/public/materialegislativa/2015/257/257_texto_integral.docx", "ementa": "O REPARO ASF\u00c1LTICO NAS RUAS JOS\u00c9 GUIMAR\u00c3ES (EM DIVERSOS PONTOS) E SENADOR SALGADO FILHO, N\u00daMERO 129"}, {"id": "269", "ano": "2015", "numero": "94", "tipo__sigla": "PDP", "tipo__descricao": "Pedido de Provid\u00eancia", "autoria": "Marcelo Kohlrausch", "texto_original": "http://sapl.esteio.rs.leg.br/media/./sapl/public/materialegislativa/2015/269/269_texto_integral.docx", "ementa": "PARA QUE VOLTE A CONTRATAR EMPRESA ESPECIALIZADA EM SERVI\u00c7OS DE VIGIL\u00c2NCIA NA \u00c1REA DO SEMIN\u00c1RIO CLARETIANO."}, {"id": "256", "ano": "2015", "numero": "95", "tipo__sigla": "PDP", "tipo__descricao": "Pedido de Provid\u00eancia", "autoria": "Michele Pereira", "texto_original": "http://sapl.esteio.rs.leg.br/media/./sapl/public/materialegislativa/2015/256/256_texto_integral.docx", "ementa": "A LIMPEZA E O CORTE DE GRAMA, MENSALMENTE, DA RUA SETE POVOS, ESQUINA COM A RUA LUIZ FRANCISCO GUIZONE, BAIRRO SANTO IN\u00c1CIO."}, {"id": "255", "ano": "2015", "numero": "96", "tipo__sigla": "PDP", "tipo__descricao": "Pedido de Provid\u00eancia", "autoria": "Michele Pereira", "texto_original": "http://sapl.esteio.rs.leg.br/media/./sapl/public/materialegislativa/2015/255/255_texto_integral.docx", "ementa": "A TROCA DA L\u00c2MPADA, E MANUTEN\u00c7\u00c3O DO POSTE DE ILUMINA\u00c7\u00c3O LOCALIZADO EM FRENTE AO N\u00daMERO 225 DA RUA EZEQUIEL NUNES FILHO, BAIRRO S\u00c3O SEBASTI\u00c3O."}, {"id": "254", "ano": "2015", "numero": "97", "tipo__sigla": "PDP", "tipo__descricao": "Pedido de Provid\u00eancia", "autoria": "Michele Pereira", "texto_original": "http://sapl.esteio.rs.leg.br/media/./sapl/public/materialegislativa/2015/254/254_texto_integral.docx", "ementa": "A COLOCA\u00c7\u00c3O DE UM POSTE NA TRAVESSA LUIS SEVERO, ESQUINA COM A RUA GILDO DE FREITAS, BAIRRO SANTO IN\u00c1CIO."}, {"id": "282", "ano": "2015", "numero": "98", "tipo__sigla": "PDP", "tipo__descricao": "Pedido de Provid\u00eancia", "autoria": "Rafael Figliero", "texto_original": "http://sapl.esteio.rs.leg.br/media/./sapl/public/materialegislativa/2015/282/282_texto_integral.docx", "ementa": "A CONCLUS\u00c3O DAS OBRAS NA CAL\u00c7ADA DA ESCOLA GUSTAVO NORDLUND, NA RUA TAQUARA DO LADO OPOSTO AO N\u00daMERO 736"}, {"id": "253", "ano": "2015", "numero": "99", "tipo__sigla": "PDP", "tipo__descricao": "Pedido de Provid\u00eancia", "autoria": "Rafael Figliero", "texto_original": "http://sapl.esteio.rs.leg.br/media/./sapl/public/materialegislativa/2015/253/253_texto_integral.docx", "ementa": "TROCA DA L\u00c2MPADA DOS POSTES LOCALIZADOS NA RUA ROQUE GONZALES, N\u00daMERO 239 E NA AVENIDA GOVERNADOR ERNESTO DORNELES, N\u00daMERO 330."}, {"id": "268", "ano": "2015", "numero": "100", "tipo__sigla": "PDP", "tipo__descricao": "Pedido de Provid\u00eancia", "autoria": "Rafael Figliero", "texto_original": "http://sapl.esteio.rs.leg.br/media/./sapl/public/materialegislativa/2015/268/268_texto_integral.docx", "ementa": "QUE DETERMINE \u00c0 SECRETARIA COMPETENTE, A CONCLUS\u00c3O DO SEVI\u00c7O REALIZADO NA RUA S\u00c3O DOMINGOS, 88."}, {"id": "271", "ano": "2015", "numero": "101", "tipo__sigla": "PDP", "tipo__descricao": "Pedido de Provid\u00eancia", "autoria": "Leonardo Pascoal", "texto_original": "http://sapl.esteio.rs.leg.br/media/./sapl/public/materialegislativa/2015/271/271_texto_integral.docx", "ementa": "QUE DETERMINE \u00c0 SECRETARIA COMPETENTE, A MANUTEN\u00c7\u00c3O DO BUEIRO LOCALIZADO NA AVENIDA JO\u00c3O PAULO I, AO LADO DO N\u00daMERO 141."}, {"id": "383", "ano": "2015", "numero": "114", "tipo__sigla": "PDP", "tipo__descricao": "Pedido de Provid\u00eancia", "autoria": "Rafael Figliero", "texto_original": "http://sapl.esteio.rs.leg.br/media/./sapl/public/materialegislativa/2015/383/383_texto_integral.docx", "ementa": "A TROCA DA L\u00c2MPADA E HASTE NA RUA DONA ISABEL AO LADO DO POSTO, N\u00daMERO 332."}, {"id": "382", "ano": "2015", "numero": "115", "tipo__sigla": "PDP", "tipo__descricao": "Pedido de Provid\u00eancia", "autoria": "Ari Zanoni", "texto_original": "http://sapl.esteio.rs.leg.br/media/./sapl/public/materialegislativa/2015/382/382_texto_integral.docx", "ementa": "QUE DETERMINE \u00c0 SECRETARIA COMPETENTE, A DESOBSTRU\u00c7\u00c3O DE UM BUEIRO NA RUA TAQUARI, 298."}, {"id": "381", "ano": "2015", "numero": "116", "tipo__sigla": "PDP", "tipo__descricao": "Pedido de Provid\u00eancia", "autoria": "Ari Zanoni", "texto_original": "http://sapl.esteio.rs.leg.br/media/./sapl/public/materialegislativa/2015/381/381_texto_integral.docx", "ementa": "A TROCA DE L\u00c2MPADA NA RUA ORESTE PIANTA, EM FRENTE AO N\u00daMERO 74 E AV. LINDOLFO COLLOR, EM FRENTE AO N\u00daMERO 291"}, {"id": "379", "ano": "2015", "numero": "117", "tipo__sigla": "PDP", "tipo__descricao": "Pedido de Provid\u00eancia", "autoria": "Ari Zanoni", "texto_original": "http://sapl.esteio.rs.leg.br/media/./sapl/public/materialegislativa/2015/379/379_texto_integral.docx", "ementa": "A ELIMINA\u00c7\u00c3O DE UMA BROCA E RECONSTRU\u00c7\u00c3O DO PASSEIO P\u00daBLICO NA RUA ACRE, EM FRENTE AO N\u00daMERO 315 &#8211; PARQUE AMADOR."}, {"id": "392", "ano": "2015", "numero": "118", "tipo__sigla": "PDP", "tipo__descricao": "Pedido de Provid\u00eancia", "autoria": "Marcelo Kohlrausch", "texto_original": "http://sapl.esteio.rs.leg.br/media/./sapl/public/materialegislativa/2015/392/392_texto_integral.docx", "ementa": "A MANUTEN\u00c7\u00c3O DA CAMADA ASF\u00c1LTICA NAS RUAS CARLOS GOMES, ESQUINA COM A AV. PRESIDENTE VARGAS (CENTRO/TAMANDAR\u00c9) E ALEGRETE, 339, PR\u00d3XIMO \u00c0 APAE."}, {"id": "391", "ano": "2015", "numero": "119", "tipo__sigla": "PDP", "tipo__descricao": "Pedido de Provid\u00eancia", "autoria": "Marcelo Kohlrausch", "texto_original": "http://sapl.esteio.rs.leg.br/media/./sapl/public/materialegislativa/2015/391/391_texto_integral.docx", "ementa": " A INSTALA\u00c7\u00c3O DE LIXEIRAS EM DIVERSOS PONTOS DA CIDADE, SUGERINDO AINDA QUE, ANTES DA INSTALA\u00c7\u00c3O DE NOVAS LIXEIRAS, O MUNIC\u00cdPIO REALIZE CAMPANHA EDUCATIVA JUNTO \u00c0S COMUNIDADES, VISANDO \u00c0 PRESERVA\u00c7\u00c3O DOS EQUIPAMENTOS."}, {"id": "390", "ano": "2015", "numero": "120", "tipo__sigla": "PDP", "tipo__descricao": "Pedido de Provid\u00eancia", "autoria": "Marcelo Kohlrausch", "texto_original": "http://sapl.esteio.rs.leg.br/media/./sapl/public/materialegislativa/2015/390/390_texto_integral.docx", "ementa": "QUE ENCAMINHE A ESTA CASA, A C\u00d3PIA DAS MULTAS EMITIDAS, VIA RADAR M\u00d3VEL, DESDE A DATA DA IMPLANTA\u00c7\u00c3O DO SERVI\u00c7O DE FISCALIZA\u00c7\u00c3O ELETR\u00d4NICA NO MUNIC\u00cdPIO."}, {"id": "397", "ano": "2015", "numero": "121", "tipo__sigla": "PDP", "tipo__descricao": "Pedido de Provid\u00eancia", "autoria": "Marcelo Kohlrausch", "texto_original": "http://sapl.esteio.rs.leg.br/media/./sapl/public/materialegislativa/2015/397/397_texto_integral.docx", "ementa": "QUE ESTABELE\u00c7A  UM PLANO DE A\u00c7\u00c3O EMERGENCIAL DE OBRAS, MEDIDAS E  PRAZOS, PARA  PROMOVER A RECUPERA\u00c7\u00c3O DO SISTEMA DE DRENAGEM DO MUNIC\u00cdPIO, SOBRETUDO EM PONTOS CR\u00cdTICOS."}, {"id": "387", "ano": "2015", "numero": "122", "tipo__sigla": "PDP", "tipo__descricao": "Pedido de Provid\u00eancia", "autoria": "Marcelo Kohlrausch", "texto_original": "http://sapl.esteio.rs.leg.br/media/./sapl/public/materialegislativa/2015/387/387_texto_integral.docx", "ementa": "QUE ESTUDE A POSSIBILIDADE DE ESTABELECER, EM PARCERIA COM A CORSAN, CAMPANHA EDUCATIVA JUNTO \u00c0 COMUNIDADE E AS EMPRESAS P\u00daBLICAS E PRIVADAS VISANDO O USO RACIONAL DA \u00c1GUA."}, {"id": "385", "ano": "2015", "numero": "123", "tipo__sigla": "PDP", "tipo__descricao": "Pedido de Provid\u00eancia", "autoria": "Marcelo Kohlrausch", "texto_original": "http://sapl.esteio.rs.leg.br/media/./sapl/public/materialegislativa/2015/385/385_texto_integral.docx", "ementa": "A DEDETIZA\u00c7\u00c3O E DESRATIZA\u00c7\u00c3O DA AVENIDA PADRE ANT\u00d4NIO VIEIRA, NAS CERCANIAS DO N\u00daMERO 167, VILA OL\u00cdMPICA"}, {"id": "380", "ano": "2015", "numero": "124", "tipo__sigla": "PDP", "tipo__descricao": "Pedido de Provid\u00eancia", "autoria": "Michele Pereira", "texto_original": "http://sapl.esteio.rs.leg.br/media/./sapl/public/materialegislativa/2015/380/380_texto_integral.docx", "ementa": "A TROCA DA L\u00c2MPADA DOS POSTES LOCALIZADOS NOS SEGUINTES ENDERE\u00c7OS:\r\n\r\n- RUA RIACHUELO, EM FRENTE AO N\u00daMERO 144, BAIRRO TAMANDAR\u00c9;\r\n- RUA EUCLIDES DA CUNHA, EM FRENTE AO N\u00daMERO 100, BAIRRO JARDIM PLANALTO;\r\n- RUA AMETISTA, EM FRENTE AOS N\u00daMEROS 157, 257, 279 E 345, LOTEAMENTO CAMPOS DE ESTEIO;\r\n- RUA \u00c1GATA, 5\u00b0 E 6\u00b0 POSTES, EM FRENTE \u00c0 PRA\u00c7A, LOTEAMENTO CAMPOS DE ESTEIO;\r\n- RUA TOP\u00c1ZIO, POSTE NA ESQUINA COM A RUA ESMERALDA, LOTEAMENTO CAMPOS DE ESTEIO.\r\n"}, {"id": "376", "ano": "2015", "numero": "125", "tipo__sigla": "PDP", "tipo__descricao": "Pedido de Provid\u00eancia", "autoria": "Michele Pereira", "texto_original": "http://sapl.esteio.rs.leg.br/media/./sapl/public/materialegislativa/2015/376/376_texto_integral.docx", "ementa": "A LIMPEZA, CORTE DE GRAMA,  MANUTEN\u00c7\u00c3O E INSTALA\u00c7\u00c3O DE NOVOS BRINQUEDOS NA PRA\u00c7A LOCALIZADA NO LOTEAMENTO CAMPOS DE ESTEIO."}, {"id": "373", "ano": "2015", "numero": "126", "tipo__sigla": "PDP", "tipo__descricao": "Pedido de Provid\u00eancia", "autoria": "Michele Pereira", "texto_original": "http://sapl.esteio.rs.leg.br/media/./sapl/public/materialegislativa/2015/373/373_texto_integral.docx", "ementa": "O ESTUDO PARA A IMPLANTA\u00c7\u00c3O DE SINALIZA\u00c7\u00c3O VI\u00c1RIA, HORIZONTAL E VERTICAL, DE PARADA OBRIGAT\u00d3RIA, NOS CRUZAMENTOS DAS RUAS DO LOTEAMENTO CAMPOS DE ESTEIO."}, {"id": "388", "ano": "2015", "numero": "127", "tipo__sigla": "PDP", "tipo__descricao": "Pedido de Provid\u00eancia", "autoria": "Marcelo Kohlrausch", "texto_original": "http://sapl.esteio.rs.leg.br/media/", "ementa": "QUE ESTABELE\u00c7A  UM PLANO DE A\u00c7\u00c3O EMERGENCIAL DE OBRAS, MEDIDAS E  PRAZOS, PARA  PROMOVER A RECUPERA\u00c7\u00c3O DO SISTEMA DE DRENAGEM DO MUNIC\u00cdPIO, SOBRETUDO EM PONTOS CR\u00cdTICOS."}, {"id": "645", "ano": "2015", "numero": "133", "tipo__sigla": "PDP", "tipo__descricao": "Pedido de Provid\u00eancia", "autoria": "Felipe Costella", "texto_original": "http://sapl.esteio.rs.leg.br/media/./sapl/public/materialegislativa/2015/645/645_texto_integral.docx", "ementa": "A FISCALIZA\u00c7\u00c3O NAS AG\u00caNCIAS BANC\u00c1RIAS PARA COBRAR A IMPLEMENTA\u00c7\u00c3O DE BIOMBOS, CONFORME LEI MUNICIPAL 5.827/2014."}, {"id": "646", "ano": "2015", "numero": "134", "tipo__sigla": "PDP", "tipo__descricao": "Pedido de Provid\u00eancia", "autoria": "Jaime da Rosa", "texto_original": "http://sapl.esteio.rs.leg.br/media/./sapl/public/materialegislativa/2015/646/646_texto_integral.docx", "ementa": "A SUBSTITUI\u00c7\u00c3O DE UMA DAS DUAS VAGAS DE ESTACIONAMENTO, LOCALIZADAS EM FRENTE \u00c0 C\u00c2MARA MUNICIPAL DE VEREADORES, QUE S\u00c3O RESERVADAS \u00c0 SEGURAN\u00c7A P\u00daBLICA, PARA QUE SEJA DESTINADA PARA IDOSOS."}, {"id": "647", "ano": "2015", "numero": "135", "tipo__sigla": "PDP", "tipo__descricao": "Pedido de Provid\u00eancia", "autoria": "Jaime da Rosa", "texto_original": "http://sapl.esteio.rs.leg.br/media/./sapl/public/materialegislativa/2015/647/647_texto_integral.docx", "ementa": "A CAPINA E/OU RETIRADA DA VEGETA\u00c7\u00c3O EXISTENTE NA R\u00d3TULA LOCALIZADA ENTRE A AV. LUIZ PASTEUR E A RUA S\u00c3O DOMINGOS, BAIRRO TAMANDAR\u00c9."}, {"id": "508", "ano": "2015", "numero": "136", "tipo__sigla": "PDP", "tipo__descricao": "Pedido de Provid\u00eancia", "autoria": "Leonardo Pascoal", "texto_original": "http://sapl.esteio.rs.leg.br/media/./sapl/public/materialegislativa/2015/508/508_texto_integral.docx", "ementa": "A SUBSTITUI\u00c7\u00c3O DAS L\u00c2MPADAS NOS POSTES LOCALIZADOS NA RUA OCT\u00c1VIO SILVEIRA BORGES, EM FRENTE AO N\u00daMERO 32 E NA RUA LUFREDINA ARA\u00daJO GAYA, EM FRENTE AO CRAS. "}, {"id": "521", "ano": "2015", "numero": "137", "tipo__sigla": "PDP", "tipo__descricao": "Pedido de Provid\u00eancia", "autoria": "Leonardo Pascoal", "texto_original": "http://sapl.esteio.rs.leg.br/media/./sapl/public/materialegislativa/2015/521/521_texto_integral.docx", "ementa": "MELHORIAS NA PAVIMENTA\u00c7\u00c3O DA RUA DAVID CANABARRO, SOBRETUDO EM FRENTE AO N\u00daMERO 317."}, {"id": "526", "ano": "2015", "numero": "138", "tipo__sigla": "PDP", "tipo__descricao": "Pedido de Provid\u00eancia", "autoria": "Leonardo Pascoal", "texto_original": "http://sapl.esteio.rs.leg.br/media/./sapl/public/materialegislativa/2015/526/526_texto_integral.docx", "ementa": "A LIMPEZA E MANUTEN\u00c7\u00c3O DO PASSEIO P\u00daBLICO LOCALIZADO EM FRENTE \u00c0 ESCOLA MUNICIPAL ALBERTO PASQUALINI."}, {"id": "531", "ano": "2015", "numero": "139", "tipo__sigla": "PDP", "tipo__descricao": "Pedido de Provid\u00eancia", "autoria": "Marcelo Kohlrausch", "texto_original": "http://sapl.esteio.rs.leg.br/media/./sapl/public/materialegislativa/2015/531/531_texto_integral.docx", "ementa": "O REPARO ASF\u00c1LTICO EM FRENTE AO N\u00daMERO 551 DA RUA SENADOR SALGADO FILHO."}, {"id": "540", "ano": "2015", "numero": "140", "tipo__sigla": "PDP", "tipo__descricao": "Pedido de Provid\u00eancia", "autoria": "Marcelo Kohlrausch", "texto_original": "http://sapl.esteio.rs.leg.br/media/./sapl/public/materialegislativa/2015/540/540_texto_integral.docx", "ementa": "QUE PROMOVA \u00c0 SECRETARIA COMPETENTE, AS SEGUINTES A\u00c7\u00d5ES EM RELA\u00c7\u00c3O \u00c0 ILUMINA\u00c7\u00c3O P\u00daBLICA:\r\n\r\n- INSTALA\u00c7\u00c3O DE BRA\u00c7OS DE ILUMINA\u00c7\u00c3O NAS RUAS JESU\u00cdTAS, N\u00daMERO 47 E SENADOR SALGADO FILHO, N\u00daMERO 1046;\r\n- SUBSTITUI\u00c7\u00c3O DA L\u00c2MPADA DO POSTE LOCALIZADO AO LADO DO N\u00daMERO 1311, NA RUA SENADOR SALGADO FILHO;\r\n- MANUTEN\u00c7\u00c3O DA LUMIN\u00c1RIA SITUADA NA RUA VASCO DA GAMA, N\u00daMERO 126, POIS A L\u00c2MPADA PERMANECE LIGADA DURANTE O DIA.\r\n"}, {"id": "543", "ano": "2015", "numero": "141", "tipo__sigla": "PDP", "tipo__descricao": "Pedido de Provid\u00eancia", "autoria": "Marcelo Kohlrausch", "texto_original": "http://sapl.esteio.rs.leg.br/media/./sapl/public/materialegislativa/2015/543/543_texto_integral.docx", "ementa": "A NOTIFICA\u00c7\u00c3O DO PROPRIET\u00c1RIO DO TERRENO SITUADO EM FRENTE AO N\u00daMERO 854 DA RUA PELOTAS, PARA QUE O MESMO REALIZE A LIMPEZA DA CAL\u00c7ADA."}, {"id": "545", "ano": "2015", "numero": "142", "tipo__sigla": "PDP", "tipo__descricao": "Pedido de Provid\u00eancia", "autoria": "Michele Pereira", "texto_original": "http://sapl.esteio.rs.leg.br/media/./sapl/public/materialegislativa/2015/545/545_texto_integral.docx", "ementa": "A TROCA DAS L\u00c2MPADAS DOS POSTES LOCALIZADOS NOS SEGUINTES ENDERE\u00c7OS RUA MIGUEL VIEIRA, EM FRENTE AO N\u00daMERO 577, BAIRRO SANTO IN\u00c1CIO E  AV. PRESIDENTE VARGAS, EM FRENTE AO N\u00daMERO 344, PR\u00d3XIMO \u00c0 PORTARIA DA EMPRESA REAL RODOVIAS."}, {"id": "546", "ano": "2015", "numero": "143", "tipo__sigla": "PDP", "tipo__descricao": "Pedido de Provid\u00eancia", "autoria": "Rafael Figliero", "texto_original": "http://sapl.esteio.rs.leg.br/media/./sapl/public/materialegislativa/2015/546/546_texto_integral.docx", "ementa": "A TROCA DA L\u00c2MPADA DO POSTE LOCALIZADO NA RUA OSMAR FORTES BARCELOS, N\u00daMERO 394."}, {"id": "899", "ano": "2015", "numero": "146", "tipo__sigla": "PDP", "tipo__descricao": "Pedido de Provid\u00eancia", "autoria": "Ari Zanoni", "texto_original": "http://sapl.esteio.rs.leg.br/media/./sapl/public/materialegislativa/2015/899/899_texto_integral.docx", "ementa": "PROVIDENCIE A RECONSTRU\u00c7\u00c3O DO PAVIMENTO NA RUA TAQUARA, ENTRE OS N\u00baS 706 E 736, RESULTADO DE UM RECORTE NO ASFALTO POR OCASI\u00c3O DE OBRA DA CORSAN NO IN\u00cdCIO DO ANO DE 2014 SEM O DEVIDO REPARO."}, {"id": "873", "ano": "2015", "numero": "150", "tipo__sigla": "PDP", "tipo__descricao": "Pedido de Provid\u00eancia", "autoria": "Ari Zanoni", "texto_original": "http://sapl.esteio.rs.leg.br/media/./sapl/public/materialegislativa/2015/873/873_texto_integral.docx", "ementa": "A ELIMINA\u00c7\u00c3O DE BROCA E RECONSTRU\u00c7\u00c3O DO PASSEIO P\u00daBLICO NA RUA GILDA DE ABREU, EM FRENTE AO N\u00daMERO 518 (ENTRADA DA GARAGEM)."}, {"id": "874", "ano": "2015", "numero": "151", "tipo__sigla": "PDP", "tipo__descricao": "Pedido de Provid\u00eancia", "autoria": "Ari Zanoni", "texto_original": "http://sapl.esteio.rs.leg.br/media/./sapl/public/materialegislativa/2015/874/874_texto_integral.docx", "ementa": "A RETIRADA DE PEDRAS DEIXADAS SOBRE A CAL\u00c7ADA, BEM COMO O SEU DEVIDO CONSERTO, NA RUA TAQUARA ENTRE OS N\u00baS 706 E 736, EM FRENTE \u00c0 ESCOLA GUSTAVO NORDLUND. "}, {"id": "876", "ano": "2015", "numero": "152", "tipo__sigla": "PDP", "tipo__descricao": "Pedido de Provid\u00eancia", "autoria": "Felipe Costella", "texto_original": "http://sapl.esteio.rs.leg.br/media/./sapl/public/materialegislativa/2015/876/876_texto_integral.docx", "ementa": "A DEDETIZA\u00c7\u00c3O EM FRENTE A RUA CABRIUVA, N\u00daMERO 15, BAIRRO EZEQUIEL."}, {"id": "878", "ano": "2015", "numero": "153", "tipo__sigla": "PDP", "tipo__descricao": "Pedido de Provid\u00eancia", "autoria": "Felipe Costella", "texto_original": "http://sapl.esteio.rs.leg.br/media/./sapl/public/materialegislativa/2015/878/878_texto_integral.docx", "ementa": "A TROCA DA L\u00c2MPADA DO POSTE LOCALIZADO EM FRENTE AO N\u00daMERO 297 DA RUA S\u00c3O FRANCISCO E A MANUTEN\u00c7\u00c3O DA BOCA DE LOBO NO MESMO ENDERE\u00c7O."}, {"id": "880", "ano": "2015", "numero": "154", "tipo__sigla": "PDP", "tipo__descricao": "Pedido de Provid\u00eancia", "autoria": "Felipe Costella", "texto_original": "http://sapl.esteio.rs.leg.br/media/./sapl/public/materialegislativa/2015/880/880_texto_integral.docx", "ementa": "UMA OPERA\u00c7\u00c3O TAPA BURACOS NA AV. LUIS PASTEUR,  PROXIMIDADES DO BAIRRO TR\u00caS MARIAS."}, {"id": "881", "ano": "2015", "numero": "155", "tipo__sigla": "PDP", "tipo__descricao": "Pedido de Provid\u00eancia", "autoria": "Felipe Costella", "texto_original": "http://sapl.esteio.rs.leg.br/media/./sapl/public/materialegislativa/2015/881/881_texto_integral.docx", "ementa": "A INTENSIFICA\u00c7\u00c3O DA SEGURAN\u00c7A ATRAV\u00c9S DE GUARDAS MUNICIPAIS PERTO DAS ESCOLAS, POIS COM A VOLTA \u00c0S AULAS O N\u00daMERO DE ACIDENTES AUMENTAM."}, {"id": "882", "ano": "2015", "numero": "156", "tipo__sigla": "PDP", "tipo__descricao": "Pedido de Provid\u00eancia", "autoria": "Felipe Costella", "texto_original": "http://sapl.esteio.rs.leg.br/media/./sapl/public/materialegislativa/2015/882/882_texto_integral.docx", "ementa": "UMA OPERA\u00c7\u00c3O TAPA BURACOS NA RUA PADRE CLARET, NAS PROXIMIDADES DO N\u00ba 2787."}, {"id": "883", "ano": "2015", "numero": "157", "tipo__sigla": "PDP", "tipo__descricao": "Pedido de Provid\u00eancia", "autoria": "Felipe Costella", "texto_original": "http://sapl.esteio.rs.leg.br/media/./sapl/public/materialegislativa/2015/883/883_texto_integral.docx", "ementa": "A FISCALIZA\u00c7\u00c3O DAS \u00c1REAS ONDE EST\u00c3O LOCALIZADOS OS CONTAINERS DE LIXO. "}, {"id": "884", "ano": "2015", "numero": "158", "tipo__sigla": "PDP", "tipo__descricao": "Pedido de Provid\u00eancia", "autoria": "Felipe Costella", "texto_original": "http://sapl.esteio.rs.leg.br/media/./sapl/public/materialegislativa/2015/884/884_texto_integral.docx", "ementa": "A INSPE\u00c7\u00c3O DAS BOCAS DE LOBO QUE EST\u00c3O ENTUPIDAS, OCASIONANDO ALAGAMENTOS NA VILA OS\u00d3RIO. "}, {"id": "885", "ano": "2015", "numero": "159", "tipo__sigla": "PDP", "tipo__descricao": "Pedido de Provid\u00eancia", "autoria": "Felipe Costella", "texto_original": "http://sapl.esteio.rs.leg.br/media/./sapl/public/materialegislativa/2015/885/885_texto_integral.docx", "ementa": "A MANUTEN\u00c7\u00c3O OU SUBSTITUI\u00c7\u00c3O DA PONTE NO FINAL DA RUA PELOTAS QUE D\u00c1 ACESSO AO BAIRRO BOM JESUS. "}, {"id": "886", "ano": "2015", "numero": "160", "tipo__sigla": "PDP", "tipo__descricao": "Pedido de Provid\u00eancia", "autoria": "Jaime da Rosa", "texto_original": "http://sapl.esteio.rs.leg.br/media/./sapl/public/materialegislativa/2015/886/886_texto_integral.docx", "ementa": "NOTIFICA\u00c7\u00c3O DO PROPRIET\u00c1RIO DO IM\u00d3VEL LOCALIZADO NA RUA MAUR\u00cdCIO CARDOSO, AO LADO DO N\u00ba 451, CENTRO, PARA QUE PROVIDENCIE A LIMPEZA (RETIRADA DE VEGETA\u00c7\u00c3O) E A CONSTRU\u00c7\u00c3O DE PASSEIO PAVIMENTADO."}, {"id": "887", "ano": "2015", "numero": "161", "tipo__sigla": "PDP", "tipo__descricao": "Pedido de Provid\u00eancia", "autoria": "Leonardo Pascoal", "texto_original": "http://sapl.esteio.rs.leg.br/media/./sapl/public/materialegislativa/2015/887/887_texto_integral.docx", "ementa": "QUE REAVALIE O PROCEDIMENTO DE INSCRI\u00c7\u00c3O PARA AS VAGAS NAS ESCOLAS DE EDUCA\u00c7\u00c3O INFANTIL DE ESTEIO, A FIM DE  ACELERAR O PREENCHIMENTO DO CADASTRO."}, {"id": "888", "ano": "2015", "numero": "162", "tipo__sigla": "PDP", "tipo__descricao": "Pedido de Provid\u00eancia", "autoria": "Leonardo Pascoal", "texto_original": "http://sapl.esteio.rs.leg.br/media/./sapl/public/materialegislativa/2015/888/888_texto_integral.docx", "ementa": "PARA QUE NOTIFIQUE O PROPRIET\u00c1RIO, PARA A  LIMPEZA E MANUTEN\u00c7\u00c3O DO PASSEIO P\u00daBLICO NA RUA BRAS\u00cdLIA, ESQUINA COM A RUA PEDRO ALVAREZ CABRAL. "}, {"id": "889", "ano": "2015", "numero": "163", "tipo__sigla": "PDP", "tipo__descricao": "Pedido de Provid\u00eancia", "autoria": "Leonardo Pascoal", "texto_original": "http://sapl.esteio.rs.leg.br/media/./sapl/public/materialegislativa/2015/889/889_texto_integral.docx", "ementa": "A COBERTURA ASF\u00c1LTICA NA RUA NA\u00c7\u00d5ES \u00c1RABES, ENTRE AS RUAS JO\u00c3O GOULART E CA\u00c7APAVA. "}, {"id": "890", "ano": "2015", "numero": "164", "tipo__sigla": "PDP", "tipo__descricao": "Pedido de Provid\u00eancia", "autoria": "Marcelo Kohlrausch", "texto_original": "http://sapl.esteio.rs.leg.br/media/./sapl/public/materialegislativa/2015/890/890_texto_integral.docx", "ementa": "A REMO\u00c7\u00c3O DE UMA S\u00c9RIE DE OBJETOS PONTIAGUDOS JUNTO \u00c0 \u00c1REA DE LAZER E CIRCULA\u00c7\u00c3O DA PRA\u00c7A CORA\u00c7\u00c3O DE MARIA."}, {"id": "891", "ano": "2015", "numero": "165", "tipo__sigla": "PDP", "tipo__descricao": "Pedido de Provid\u00eancia", "autoria": "Marcelo Kohlrausch", "texto_original": "http://sapl.esteio.rs.leg.br/media/./sapl/public/materialegislativa/2015/891/891_texto_integral.docx", "ementa": "A VARRI\u00c7\u00c3O E RECOLHIMENTO DA AREIA ESPALHADA JUNTO \u00c0S RUAS SENADOR SALGADO FILHO E PELOTAS."}, {"id": "892", "ano": "2015", "numero": "166", "tipo__sigla": "PDP", "tipo__descricao": "Pedido de Provid\u00eancia", "autoria": "Marcelo Kohlrausch", "texto_original": "http://sapl.esteio.rs.leg.br/media/./sapl/public/materialegislativa/2015/892/892_texto_integral.docx", "ementa": "A MANUTEN\u00c7\u00c3O DOS PONTILH\u00d5ES SITUADOS NA RUA PELOTAS, JUNTO AO ARROIO ESTEIO E EM FRENTE AO CMEB ALBERTO PASQUALINI, NO BAIRRO S\u00c3O JOS\u00c9."}, {"id": "893", "ano": "2015", "numero": "167", "tipo__sigla": "PDP", "tipo__descricao": "Pedido de Provid\u00eancia", "autoria": "Marcelo Kohlrausch", "texto_original": "http://sapl.esteio.rs.leg.br/media/./sapl/public/materialegislativa/2015/893/893_texto_integral.docx", "ementa": "A REVIS\u00c3O DAS PONTES E PONTILH\u00d5ES EXISTENTES NO MUNIC\u00cdPIO DE ESTEIO."}, {"id": "894", "ano": "2015", "numero": "168", "tipo__sigla": "PDP", "tipo__descricao": "Pedido de Provid\u00eancia", "autoria": "Marcelo Kohlrausch", "texto_original": "http://sapl.esteio.rs.leg.br/media/./sapl/public/materialegislativa/2015/894/894_texto_integral.docx", "ementa": "A SUBSTITUI\u00c7\u00c3O DAS TAMPAS DE BOCA DE LOBO DANIFICADAS, POR OUTRAS TAMPAS DA MESMA MEDIDA, SOBRETUDO NA ESQUINA DAS RUAS FERNANDO FERRARI E GRAVATA\u00cd, ONDE EXISTEM DUAS TAMPAS QUE EST\u00c3O MAIS DE 10 CM ACIMA DO N\u00cdVEL DA CAL\u00c7ADA."}, {"id": "895", "ano": "2015", "numero": "169", "tipo__sigla": "PDP", "tipo__descricao": "Pedido de Provid\u00eancia", "autoria": "Marcelo Kohlrausch", "texto_original": "http://sapl.esteio.rs.leg.br/media/./sapl/public/materialegislativa/2015/895/895_texto_integral.docx", "ementa": "QUE CONFIRME A REABERTURA DAS INSCRI\u00c7\u00d5ES PARA O PROGRAMA MINHA CASA MINHA VIDA PARA O M\u00caS DE MAR\u00c7O DESTE ANO."}, {"id": "896", "ano": "2015", "numero": "170", "tipo__sigla": "PDP", "tipo__descricao": "Pedido de Provid\u00eancia", "autoria": "Michele Pereira", "texto_original": "http://sapl.esteio.rs.leg.br/media/./sapl/public/materialegislativa/2015/896/896_texto_integral.docx", "ementa": "A TROCA DAS L\u00c2MPADAS DOS POSTES LOCALIZADOS NAS ESQUINAS DA RUA FERNANDO FERRARI COM S\u00c3O SEBASTI\u00c3O DO CA\u00cd E CAXIAS, BAIRRO CENTRO, RUA ACRE, EM FRENTE AO N\u00daMERO 74, BAIRRO PARQUE AMADOR, RUA BENTO GON\u00c7ALVES, EM FRENTE AO N\u00daMERO 74, BAIRRO S\u00c3O SEBASTI\u00c3O E RUA DAS ESTREMOSAS, EM FRENTE AOS N\u00daMEROS 262 E 291, BAIRRO SANTO IN\u00c1CIO."}, {"id": "897", "ano": "2015", "numero": "171", "tipo__sigla": "PDP", "tipo__descricao": "Pedido de Provid\u00eancia", "autoria": "Michele Pereira", "texto_original": "http://sapl.esteio.rs.leg.br/media/./sapl/public/materialegislativa/2015/897/897_texto_integral.docx", "ementa": "A TROCA DA BOCA DE LOBO DA ESQUINA DAS RUAS RIO GRANDE E NOVA TRENTO, EM FRENTE AO MERCADO MAGNUS, NO BAIRRO CENTRO."}, {"id": "898", "ano": "2015", "numero": "172", "tipo__sigla": "PDP", "tipo__descricao": "Pedido de Provid\u00eancia", "autoria": "Rafael Figliero", "texto_original": "http://sapl.esteio.rs.leg.br/media/./sapl/public/materialegislativa/2015/898/898_texto_integral.docx", "ementa": "A INTERDI\u00c7\u00c3O DA RUA CL\u00c1UDIO MANOEL DA COSTA, EM FRENTE AO N\u00daMERO 293 E  ELIMINA\u00c7\u00c3O DA BROCA NESTE LOGRADOURO. "}, {"id": "960", "ano": "2015", "numero": "181", "tipo__sigla": "PDP", "tipo__descricao": "Pedido de Provid\u00eancia", "autoria": "Bia Lopes", "texto_original": "http://sapl.esteio.rs.leg.br/media/./sapl/public/materialegislativa/2015/960/960_texto_integral.docx", "ementa": "A TROCA DE L\u00c2MPADA DO POSTE DA RUA WALTER NUNES, LOCALIZADO PR\u00d3XIMO AO N\u00daMERO 06."}, {"id": "963", "ano": "2015", "numero": "182", "tipo__sigla": "PDP", "tipo__descricao": "Pedido de Provid\u00eancia", "autoria": "Bia Lopes", "texto_original": "http://sapl.esteio.rs.leg.br/media/./sapl/public/materialegislativa/2015/963/963_texto_integral.docx", "ementa": "A ELIMINA\u00c7\u00c3O DE  BROCA LOCALIZADA NA RUA ULISSES PIMENTEL EM FRENTE AO N\u00daMERO 506, BAIRRO TAMANDAR\u00c9."}, {"id": "965", "ano": "2015", "numero": "183", "tipo__sigla": "PDP", "tipo__descricao": "Pedido de Provid\u00eancia", "autoria": "Bia Lopes", "texto_original": "http://sapl.esteio.rs.leg.br/media/./sapl/public/materialegislativa/2015/965/965_texto_integral.docx", "ementa": "A LIMPEZA E CAPINA NA CAL\u00c7ADA DENTRO DA UNIDADE B\u00c1SICA DE SA\u00daDE CRUZEIRO."}, {"id": "967", "ano": "2015", "numero": "184", "tipo__sigla": "PDP", "tipo__descricao": "Pedido de Provid\u00eancia", "autoria": "", "texto_original": "http://sapl.esteio.rs.leg.br/media/./sapl/public/materialegislativa/2015/967/967_texto_integral.docx", "ementa": "A TROCA DE L\u00c2MPADAS DE DOIS POSTES LOCALIZADOS NA RUA FERNANDO FERRARI, AO LADO DO N\u00daMERO 367. "}, {"id": "926", "ano": "2015", "numero": "185", "tipo__sigla": "PDP", "tipo__descricao": "Pedido de Provid\u00eancia", "autoria": "Leonardo Pascoal", "texto_original": "http://sapl.esteio.rs.leg.br/media/./sapl/public/materialegislativa/2015/926/926_texto_integral.docx", "ementa": "A REPOSI\u00c7\u00c3O DE COBERTURA ASF\u00c1LTICA SOBRE O BURACO LOCALIZADO NA AV. LINDOLFO COLLOR, EM FRENTE AO N\u00daMERO 100. "}, {"id": "927", "ano": "2015", "numero": "186", "tipo__sigla": "PDP", "tipo__descricao": "Pedido de Provid\u00eancia", "autoria": "Leonardo Pascoal", "texto_original": "http://sapl.esteio.rs.leg.br/media/./sapl/public/materialegislativa/2015/927/927_texto_integral.docx", "ementa": "A SOLICITA\u00c7\u00c3O CONTIDA NO OF\u00cdCIO 821/2014-SG, DE 04/09/2014 E AINDA N\u00c3O ATENDIDO PARA QUE REALIZE A LIMPEZA DOS BUEIROS LOCALIZADOS EM TODA A EXTENS\u00c3O DA RUA JACARAND\u00c1. "}, {"id": "928", "ano": "2015", "numero": "187", "tipo__sigla": "PDP", "tipo__descricao": "Pedido de Provid\u00eancia", "autoria": "Leonardo Pascoal", "texto_original": "http://sapl.esteio.rs.leg.br/media/./sapl/public/materialegislativa/2015/928/928_texto_integral.docx", "ementa": "A LIMPEZA DOS BUEIROS LOCALIZADOS EM TODA A EXTENS\u00c3O DA RUA ARAUC\u00c1RIA. "}, {"id": "932", "ano": "2015", "numero": "188", "tipo__sigla": "PDP", "tipo__descricao": "Pedido de Provid\u00eancia", "autoria": "Leonardo Pascoal", "texto_original": "http://sapl.esteio.rs.leg.br/media/./sapl/public/materialegislativa/2015/932/932_texto_integral.docx", "ementa": "A LIMPEZA E/OU A NOTIFICA\u00c7\u00c3O DO PROPRIET\u00c1RIO PARA LIMPEZA DOS TERRENOS E DOS PASSEIOS P\u00daBLICOS LOCALIZADOS NA AVENIDA JO\u00c3O PAULO I, ENTRE OS N\u00daMEROS 125 E 141 E NO FINAL DA RUA JACARAND\u00c1, PR\u00d3XIMO A RUA ARAUC\u00c1RIA."}, {"id": "933", "ano": "2015", "numero": "189", "tipo__sigla": "PDP", "tipo__descricao": "Pedido de Provid\u00eancia", "autoria": "Leonardo Pascoal", "texto_original": "http://sapl.esteio.rs.leg.br/media/./sapl/public/materialegislativa/2015/933/933_texto_integral.docx", "ementa": "O CONSERTO IMEDIATO DO TELHADO E DO GIN\u00c1SIO DO CENTRO DE EDUCA\u00c7\u00c3O B\u00c1SICA OSWALDO ARANHA."}, {"id": "937", "ano": "2015", "numero": "190", "tipo__sigla": "PDP", "tipo__descricao": "Pedido de Provid\u00eancia", "autoria": "Marcelo Kohlrausch", "texto_original": "http://sapl.esteio.rs.leg.br/media/./sapl/public/materialegislativa/2015/937/937_texto_integral.docx", "ementa": "QUE PROVIDENCIE A INSTALA\u00c7\u00c3O DA CADEIRA ODONTOL\u00d3GICA NA UBS CRUZEIRO."}, {"id": "938", "ano": "2015", "numero": "191", "tipo__sigla": "PDP", "tipo__descricao": "Pedido de Provid\u00eancia", "autoria": "Marcelo Kohlrausch", "texto_original": "http://sapl.esteio.rs.leg.br/media/./sapl/public/materialegislativa/2015/938/938_texto_integral.docx", "ementa": "A DEDETIZA\u00c7\u00c3O E A DESRATIZA\u00c7\u00c3O DO ARROIO ESTEIO, JUNTO A RUA ESCOBAR JARDIM."}, {"id": "940", "ano": "2015", "numero": "192", "tipo__sigla": "PDP", "tipo__descricao": "Pedido de Provid\u00eancia", "autoria": "Michele Pereira", "texto_original": "http://sapl.esteio.rs.leg.br/media/./sapl/public/materialegislativa/2015/940/940_texto_integral.docx", "ementa": "A TROCA DE L\u00c2MPADA NA ESQUINA DAS  RUAS EZEQUIEL E BENTO GON\u00c7ALVES, NO BAIRRO S\u00c3O SEBASTI\u00c3O E NA RUA PASSO FUNDO, EM FRENTE AO N\u00daMERO 657, NO BAIRRO CENTRO."}, {"id": "941", "ano": "2015", "numero": "193", "tipo__sigla": "PDP", "tipo__descricao": "Pedido de Provid\u00eancia", "autoria": "Michele Pereira", "texto_original": "http://sapl.esteio.rs.leg.br/media/./sapl/public/materialegislativa/2015/941/941_texto_integral.docx", "ementa": "A DESOBSTRU\u00c7\u00c3O DA REDE DE ESGOTO NA TRAVESSA GON\u00c7ALVES DIAS, BAIRRO TAMANDAR\u00c9."}, {"id": "942", "ano": "2015", "numero": "194", "tipo__sigla": "PDP", "tipo__descricao": "Pedido de Provid\u00eancia", "autoria": "Michele Pereira", "texto_original": "http://sapl.esteio.rs.leg.br/media/./sapl/public/materialegislativa/2015/942/942_texto_integral.docx", "ementa": "O RECAPEAMENTO ASF\u00c1LTICO NA RUA SENADOR SALGADO FILHO EM FRENTE AO N\u00daMERO 161, BAIRRO CENTRO."}, {"id": "943", "ano": "2015", "numero": "195", "tipo__sigla": "PDP", "tipo__descricao": "Pedido de Provid\u00eancia", "autoria": "Rafael Figliero", "texto_original": "http://sapl.esteio.rs.leg.br/media/./sapl/public/materialegislativa/2015/943/943_texto_integral.docx", "ementa": "O CONSERTO DA CAL\u00c7ADA DA RUA VINTE QUATRO E AGOSTO, 746."}, {"id": "945", "ano": "2015", "numero": "196", "tipo__sigla": "PDP", "tipo__descricao": "Pedido de Provid\u00eancia", "autoria": "Rafael Figliero", "texto_original": "http://sapl.esteio.rs.leg.br/media/./sapl/public/materialegislativa/2015/945/945_texto_integral.docx", "ementa": "A ELIMINA\u00c7\u00c3O DE BROCA NA ESQUINA DAS RUAS PELOTAS COM A S\u00c3O SEBASTI\u00c3O DO CAI."}, {"id": "946", "ano": "2015", "numero": "197", "tipo__sigla": "PDP", "tipo__descricao": "Pedido de Provid\u00eancia", "autoria": "Rafael Figliero", "texto_original": "http://sapl.esteio.rs.leg.br/media/./sapl/public/materialegislativa/2015/946/946_texto_integral.docx", "ementa": "A RECUPERA\u00c7\u00c3O DO ASFALTO NA ESQUINA DAS RUAS RIO GRANDE COM A PADRE FELIPE."}, {"id": "1127", "ano": "2015", "numero": "198", "tipo__sigla": "PDP", "tipo__descricao": "Pedido de Provid\u00eancia", "autoria": "Ari Zanoni", "texto_original": "http://sapl.esteio.rs.leg.br/media/./sapl/public/materialegislativa/2015/1127/1127_texto_integral.docx", "ementa": "A TROCA DE L\u00c2MPADA DO POSTE LOCALIZADO NA RUA 28 DE FEVEREIRO, EM FRENTE AO N\u00ba 210. "}, {"id": "1130", "ano": "2015", "numero": "199", "tipo__sigla": "PDP", "tipo__descricao": "Pedido de Provid\u00eancia", "autoria": "Felipe Costella", "texto_original": "http://sapl.esteio.rs.leg.br/media/./sapl/public/materialegislativa/2015/1130/1130_texto_integral.docx", "ementa": "A LIMPEZA E ELIMINA\u00c7\u00c3O DE BROCA EXISTENTE NA RUA LU\u00cdS PASTEUR, PR\u00d3XIMO AO N\u00daMERO 4847."}, {"id": "1132", "ano": "2015", "numero": "200", "tipo__sigla": "PDP", "tipo__descricao": "Pedido de Provid\u00eancia", "autoria": "Felipe Costella", "texto_original": "http://sapl.esteio.rs.leg.br/media/./sapl/public/materialegislativa/2015/1132/1132_texto_integral.docx", "ementa": "A TROCA DE L\u00c2MPADAS DOS POSTES LOCALIZADOS NA RUA AYRTON SENNA DA SILVA, PR\u00d3XIMO AOS N\u00daMEROS 368 E 400, BAIRRO VOTORANTIM."}, {"id": "1135", "ano": "2015", "numero": "201", "tipo__sigla": "PDP", "tipo__descricao": "Pedido de Provid\u00eancia", "autoria": "Leonardo Pascoal", "texto_original": "http://sapl.esteio.rs.leg.br/media/./sapl/public/materialegislativa/2015/1135/1135_texto_integral.docx", "ementa": "A REPOSI\u00c7\u00c3O DA COBERTURA ASF\u00c1LTICA SOBRE AS BROCAS LOCALIZADAS NA EXTENS\u00c3O DA RUA ELIS REGINA, NO BAIRRO TR\u00caS MARIAS. "}, {"id": "1166", "ano": "2015", "numero": "202", "tipo__sigla": "PDP", "tipo__descricao": "Pedido de Provid\u00eancia", "autoria": "Leonardo Pascoal", "texto_original": "http://sapl.esteio.rs.leg.br/media/./sapl/public/materialegislativa/2015/1166/1166_texto_integral.docx", "ementa": "A LIMPEZA DE TODA EXTENS\u00c3O DA RUA MONTEIRO LOBATO. "}, {"id": "1167", "ano": "2015", "numero": "203", "tipo__sigla": "PDP", "tipo__descricao": "Pedido de Provid\u00eancia", "autoria": "Leonardo Pascoal", "texto_original": "http://sapl.esteio.rs.leg.br/media/./sapl/public/materialegislativa/2015/1167/1167_texto_integral.docx", "ementa": "O CONSERTO DOS BUEIROS LOCALIZADOS NAS ESQUINAS DA RUA CAXIAS COM  FERNANDO FERRARI E  AV. PRESIDENTE VARGAS. "}, {"id": "1168", "ano": "2015", "numero": "204", "tipo__sigla": "PDP", "tipo__descricao": "Pedido de Provid\u00eancia", "autoria": "Leonardo Pascoal", "texto_original": "http://sapl.esteio.rs.leg.br/media/./sapl/public/materialegislativa/2015/1168/1168_texto_integral.docx", "ementa": "A LIMPEZA DOS BUEIROS LOCALIZADOS NA EXTENS\u00c3O DA RUA PASSO FUNDO, SOBRETUDO EM FRENTE AO N\u00daMERO 149."}, {"id": "1169", "ano": "2015", "numero": "205", "tipo__sigla": "PDP", "tipo__descricao": "Pedido de Provid\u00eancia", "autoria": "Leonardo Pascoal", "texto_original": "http://sapl.esteio.rs.leg.br/media/./sapl/public/materialegislativa/2015/1169/1169_texto_integral.docx", "ementa": "A IMPLANTA\u00c7\u00c3O DE SINALIZA\u00c7\u00c3O VI\u00c1RIA QUE DETERMINE O FLUXO DE VE\u00cdCULOS NA AV. ALBERTO PASQUALINE."}, {"id": "1170", "ano": "2015", "numero": "206", "tipo__sigla": "PDP", "tipo__descricao": "Pedido de Provid\u00eancia", "autoria": "Leonardo Pascoal", "texto_original": "http://sapl.esteio.rs.leg.br/media/./sapl/public/materialegislativa/2015/1170/1170_texto_integral.docx", "ementa": "A MANUTEN\u00c7\u00c3O DO BUEIRO LOCALIZADO NA AV. LUIZ PASTEUR, EM FRENTE AO N\u00daMERO 7358. "}, {"id": "1171", "ano": "2015", "numero": "207", "tipo__sigla": "PDP", "tipo__descricao": "Pedido de Provid\u00eancia", "autoria": "Leonardo Pascoal", "texto_original": "http://sapl.esteio.rs.leg.br/media/./sapl/public/materialegislativa/2015/1171/1171_texto_integral.docx", "ementa": "A NOTIFICA\u00c7\u00c3O DAS CONCESSION\u00c1RIAS DE SERVI\u00c7OS P\u00daBLICOS RESPONS\u00c1VEIS PELA FIA\u00c7\u00c3O NA AV. PRESIDENTE VARGAS, PR\u00d3XIMO AO N\u00daMERO 1872, BEM COMO EM DEMAIS VIAS DA CIDADE QUE APRESENTAM FIOS CA\u00cdDOS OU INSTALADOS INADEQUADAMENTE. "}, {"id": "1172", "ano": "2015", "numero": "208", "tipo__sigla": "PDP", "tipo__descricao": "Pedido de Provid\u00eancia", "autoria": "Leonardo Pascoal", "texto_original": "http://sapl.esteio.rs.leg.br/media/./sapl/public/materialegislativa/2015/1172/1172_texto_integral.docx", "ementa": "A MANUTEN\u00c7\u00c3O DO PASSSEIO P\u00daBLICO EM FRENTE A PARADA DE \u00d4NIBUS, LOCALIZADA NA AV. PADRE CLARET, PR\u00d3XIMO AO COL\u00c9GIO CORA\u00c7\u00c3O DE MARIA. "}, {"id": "1174", "ano": "2015", "numero": "209", "tipo__sigla": "PDP", "tipo__descricao": "Pedido de Provid\u00eancia", "autoria": "Leonardo Pascoal", "texto_original": "http://sapl.esteio.rs.leg.br/media/./sapl/public/materialegislativa/2015/1174/1174_texto_integral.docx", "ementa": "O CONSERTO DO SEM\u00c1FORO PARA CONVERS\u00c3O \u00c0 DIREITA, LOCALIZADO NO CRUZAMENTO DA RUA DOM PEDRO COM BENTO GOL\u00c7ALVES E ESQUINA DAS RUAS 24 DE AGOSTO COM A BENTO GON\u00c7ALVES."}, {"id": "1175", "ano": "2015", "numero": "210", "tipo__sigla": "PDP", "tipo__descricao": "Pedido de Provid\u00eancia", "autoria": "Leonardo Pascoal", "texto_original": "http://sapl.esteio.rs.leg.br/media/./sapl/public/materialegislativa/2015/1175/1175_texto_integral.docx", "ementa": "A MANUTEN\u00c7\u00c3O DA BOCA-DE-LOBO SITUADA NA AV. PRESIDENTE VARGAS, PR\u00d3XIMO AO N\u00daMERO 1401."}, {"id": "1176", "ano": "2015", "numero": "211", "tipo__sigla": "PDP", "tipo__descricao": "Pedido de Provid\u00eancia", "autoria": "Marcelo Kohlrausch", "texto_original": "http://sapl.esteio.rs.leg.br/media/./sapl/public/materialegislativa/2015/1176/1176_texto_integral.docx", "ementa": "A MANUTEN\u00c7\u00c3O DOS TALUDES LOCALIZADOS \u00c0S MARGENS DO ARROIO ESTEIO, NAS IMEDIA\u00c7\u00d5ES DA PONTE DA RUA \u00c8RICO VER\u00cdSSIMO/ DONA ISABEL, NO BAIRRO S\u00c3O JOS\u00c9."}, {"id": "1177", "ano": "2015", "numero": "212", "tipo__sigla": "PDP", "tipo__descricao": "Pedido de Provid\u00eancia", "autoria": "Marcelo Kohlrausch", "texto_original": "http://sapl.esteio.rs.leg.br/media/./sapl/public/materialegislativa/2015/1177/1177_texto_integral.docx", "ementa": "QUE ESTUDE A POSSIBILIDADE DE REVITALIZAR O CHAMADO &#8220;BRA\u00c7O SECO&#8221; PR\u00d3XIMO AO ARROIO ESTEIO."}, {"id": "1178", "ano": "2015", "numero": "213", "tipo__sigla": "PDP", "tipo__descricao": "Pedido de Provid\u00eancia", "autoria": "Marcelo Kohlrausch", "texto_original": "http://sapl.esteio.rs.leg.br/media/./sapl/public/materialegislativa/2015/1178/1178_texto_integral.docx", "ementa": "QUE REVEJA A FORMA DE MANUTEN\u00c7\u00c3O DOS CANTEIROS E \u00c1REAS P\u00daBLICAS."}, {"id": "1179", "ano": "2015", "numero": "214", "tipo__sigla": "PDP", "tipo__descricao": "Pedido de Provid\u00eancia", "autoria": "Michele Pereira", "texto_original": "http://sapl.esteio.rs.leg.br/media/./sapl/public/materialegislativa/2015/1179/1179_texto_integral.docx", "ementa": "A TROCA DE L\u00c2MPADAS DOS POSTES DAS SEGUINTES RUAS:\r\n\r\n- DOUTOR MIGUEL VIERA FERREIRA, PR\u00d3XIMO AO N\u00daMERO 577, NO BAIRRO SANTO IN\u00c1CIO;\r\n- ESQUINA DAS RUAS CORA\u00c7\u00c3O DE MARIA E 24 DE AGOSTO, NO BAIRRO CENTRO;\r\n- SOLEDADE EM FRENTE AO N\u00daMERO 1378, NO BAIRRO CENTRO;\r\n- SENADOR SALGADOR FILHO EM FRENTE AOS N\u00daMEROS 161, 1752, 1768, 1840, NO BAIRRO CENTRO.\r\n- DOM PEDRO, EM FRENTE AOS N\u00daMEROS 149 E 203, NO BAIRRO CENTRO.\r\n"}, {"id": "1180", "ano": "2015", "numero": "215", "tipo__sigla": "PDP", "tipo__descricao": "Pedido de Provid\u00eancia", "autoria": "Michele Pereira", "texto_original": "http://sapl.esteio.rs.leg.br/media/", "ementa": "A ELIMINA\u00c7\u00c3O DA BROCA, LOCALIZADA NA CAL\u00c7ADA DA TRAVESSA SAPUCAIA, EM FRENTE AO N\u00daMERO 54, NO BAIRRO DA VILA OL\u00cdMPICA."}, {"id": "1181", "ano": "2015", "numero": "216", "tipo__sigla": "PDP", "tipo__descricao": "Pedido de Provid\u00eancia", "autoria": "Michele Pereira", "texto_original": "http://sapl.esteio.rs.leg.br/media/./sapl/public/materialegislativa/2015/1181/1181_texto_integral.docx", "ementa": "A AMPLIA\u00c7\u00c3O DA REDE DE ILUMINA\u00c7\u00c3O NA RUA OSVALDO JESUS VIERA, NO TRECHO QUE ACESSA A RUA BOQUEIR\u00c3O, NO BAIRRO PRIMAVERA."}, {"id": "1182", "ano": "2015", "numero": "217", "tipo__sigla": "PDP", "tipo__descricao": "Pedido de Provid\u00eancia", "autoria": "Michele Pereira", "texto_original": "http://sapl.esteio.rs.leg.br/media/./sapl/public/materialegislativa/2015/1182/1182_texto_integral.docx", "ementa": "A MANUTEN\u00c7\u00c3O DA FOTOC\u00c9LULA DO POSTE LOCALIZADO NA RUA RIACHUELO, EM FRENTE AO N\u00daMERO 144, NO BAIRRO TAMANDAR\u00c9,  POIS  EST\u00c1 DESCONFIGURADA."}, {"id": "1183", "ano": "2015", "numero": "218", "tipo__sigla": "PDP", "tipo__descricao": "Pedido de Provid\u00eancia", "autoria": "Rafael Figliero", "texto_original": "http://sapl.esteio.rs.leg.br/media/./sapl/public/materialegislativa/2015/1183/1183_texto_integral.docx", "ementa": "A SOLICITA\u00c7\u00c3O FEITA EM 24 DE FEVEREIRO PARA QUE ELIMINE A BROCA EXISTENTE NA RUA CL\u00c1UDIO MANOEL DA COSTA, EM FRENTE AO N\u00daMERO 293. "}, {"id": "1733", "ano": "2015", "numero": "233", "tipo__sigla": "PDP", "tipo__descricao": "Pedido de Provid\u00eancia", "autoria": "Ari Zanoni", "texto_original": "http://sapl.esteio.rs.leg.br/media/", "ementa": "A TROCA DE L\u00c2MPADA NA ESTRADA PASSO DO NAZ\u00c1RIO, EM FRENTE AO N\u00ba 447 - PARQUE PRIMAVERA."}, {"id": "1741", "ano": "2015", "numero": "234", "tipo__sigla": "PDP", "tipo__descricao": "Pedido de Provid\u00eancia", "autoria": "Ari Zanoni", "texto_original": "http://sapl.esteio.rs.leg.br/media/", "ementa": "A DESOBSTRU\u00c7\u00c3O E LIMPEZA DAS BOCAS DE LOBO EM TODA A EXTENS\u00c3O DA RUA URUGUAI, CUJA SITUA\u00c7\u00c3O CAUSA ALAGAMENTOS COM QUALQUER CHUVA."}, {"id": "1747", "ano": "2015", "numero": "235", "tipo__sigla": "PDP", "tipo__descricao": "Pedido de Provid\u00eancia", "autoria": "Felipe Costella", "texto_original": "http://sapl.esteio.rs.leg.br/media/./sapl/public/materialegislativa/2015/1747/1747_texto_integral.docx", "ementa": "A LIMPEZA DA BOCA DE LOBO NAS PROXIMIDADES DO N\u00ba 20 DA RUA CABRI\u00daVA, NO BAIRRO EZEQUIEL."}, {"id": "1748", "ano": "2015", "numero": "236", "tipo__sigla": "PDP", "tipo__descricao": "Pedido de Provid\u00eancia", "autoria": "Leonardo Pascoal", "texto_original": "http://sapl.esteio.rs.leg.br/media/./sapl/public/materialegislativa/2015/1748/1748_texto_integral.docx", "ementa": "A NOTIFICA\u00c7\u00c3O DO PROPRIET\u00c1RIO PARA LIMPEZA DO TERRENO LOCALIZADO NA RUA 24 DE AGOSTO, N\u00ba 2436, CASA 10 E MANUTEN\u00c7\u00c3O DO PASSEIO P\u00daBLICO LOCALIZADO NA RUA 24 DE AGOSTO, EM FRENTE AOS N\u00daMEROS 10 E 108. "}, {"id": "1750", "ano": "2015", "numero": "237", "tipo__sigla": "PDP", "tipo__descricao": "Pedido de Provid\u00eancia", "autoria": "Leonardo Pascoal", "texto_original": "http://sapl.esteio.rs.leg.br/media/./sapl/public/materialegislativa/2015/1750/1750_texto_integral.docx", "ementa": " A PODA DAS \u00c1RVORES LOCALIZADAS NA RUA 24 DE AGOSTO, ENTRE OS N\u00daMEROS 10 E 108. "}, {"id": "1752", "ano": "2015", "numero": "238", "tipo__sigla": "PDP", "tipo__descricao": "Pedido de Provid\u00eancia", "autoria": "Leonardo Pascoal", "texto_original": "http://sapl.esteio.rs.leg.br/media/./sapl/public/materialegislativa/2015/1752/1752_texto_integral.docx", "ementa": "A SUBSTITUI\u00c7\u00c3O DAS L\u00c2MPADAS DOS POSTES LOCALIZADOS NA RUA PADRE ANCHIETA, EM FRENTE AO N\u00daMERO 905 E NA TRAVESSA IARA, EM FRENTE AO N\u00daMERO 145. "}, {"id": "1773", "ano": "2015", "numero": "239", "tipo__sigla": "PDP", "tipo__descricao": "Pedido de Provid\u00eancia", "autoria": "Leonardo Pascoal", "texto_original": "http://sapl.esteio.rs.leg.br/media/./sapl/public/materialegislativa/2015/1773/1773_texto_integral.docx", "ementa": "COLOCA\u00c7\u00c3O DE PLACA SINALIZANDO &#8220;RUA SEM SA\u00cdDA&#8221;, NA RUA PADRE ANCHIETA ESQUINA COM A RUA MONTEIRO LOBATO, NO BAIRRO NOVO ESTEIO. "}, {"id": "1774", "ano": "2015", "numero": "240", "tipo__sigla": "PDP", "tipo__descricao": "Pedido de Provid\u00eancia", "autoria": "Leonardo Pascoal", "texto_original": "http://sapl.esteio.rs.leg.br/media/./sapl/public/materialegislativa/2015/1774/1774_texto_integral.docx", "ementa": "A ELIMINA\u00c7\u00c3O DE BROCAS NA RUA SENADOR SALGADO FILHO, AS QUAIS EST\u00c3O IMPEDINDO O TR\u00c1FEGO NO LOCAL, BEM COMO A IMPLANTA\u00c7\u00c3O DE SINALIZA\u00c7\u00c3O INDICATIVA. "}, {"id": "1775", "ano": "2015", "numero": "241", "tipo__sigla": "PDP", "tipo__descricao": "Pedido de Provid\u00eancia", "autoria": "Leonardo Pascoal", "texto_original": "http://sapl.esteio.rs.leg.br/media/./sapl/public/materialegislativa/2015/1775/1775_texto_integral.docx", "ementa": " A LIMPEZA DOS BUEIROS LOCALIZADOS EM TODA A EXTENS\u00c3O DA RUA DONA ISABEL. "}, {"id": "1776", "ano": "2015", "numero": "242", "tipo__sigla": "PDP", "tipo__descricao": "Pedido de Provid\u00eancia", "autoria": "Leonardo Pascoal", "texto_original": "http://sapl.esteio.rs.leg.br/media/./sapl/public/materialegislativa/2015/1776/1776_texto_integral.docx", "ementa": "A ELIMINA\u00c7\u00c3O DA BROCA NO PASSEIO P\u00daBLICO, LOCALIZADO NA RUA IARA EM FRENTE AO N\u00daMERO 155. "}, {"id": "1777", "ano": "2015", "numero": "243", "tipo__sigla": "PDP", "tipo__descricao": "Pedido de Provid\u00eancia", "autoria": "Leonardo Pascoal", "texto_original": "http://sapl.esteio.rs.leg.br/media/./sapl/public/materialegislativa/2015/1777/1777_texto_integral.docx", "ementa": "A ALTERA\u00c7\u00c3O DO PROCEDIMENTO DE COMUNICA\u00c7\u00c3O AOS USU\u00c1RIOS DE MEDICAMENTOS DISPON\u00cdVEIS NA FARM\u00c1CIA B\u00c1SICA MUNICIPAL. UTILIZANDO-SE DE TELEFONEMA OU OUTRA FERRAMENTA, POUPANDO OS CIDAD\u00c3OS DA NECESSIDADE DE COMPARECER NA UNIDADE OU LIGAR DIARIAMENTE NA BUSCA DA INFORMA\u00c7\u00c3O. "}, {"id": "1778", "ano": "2015", "numero": "244", "tipo__sigla": "PDP", "tipo__descricao": "Pedido de Provid\u00eancia", "autoria": "Marcelo Kohlrausch", "texto_original": "http://sapl.esteio.rs.leg.br/media/./sapl/public/materialegislativa/2015/1778/1778_texto_integral.docx", "ementa": "QUE SE DIGNE A INFORMAR O N\u00daMERO DE FLAGRANTES DE ROUBOS, FURTOS E VANDALISMOS COMPUTADOS PELO SERVI\u00c7O DE V\u00cdDEO MONITORAMENTO DA SECRETARIA MUNICIPAL DE MOBILIDADE E SEGURAN\u00c7A URBANA, DURANTE OS ANOS DE 2014 E 2015, BEM COMO QUAIS FORAM OS PROCEDIMENTOS ADOTADOS COM BASE NESTAS INFORMA\u00c7\u00d5ES."}, {"id": "1779", "ano": "2015", "numero": "245", "tipo__sigla": "PDP", "tipo__descricao": "Pedido de Provid\u00eancia", "autoria": "Marcelo Kohlrausch", "texto_original": "http://sapl.esteio.rs.leg.br/media/./sapl/public/materialegislativa/2015/1779/1779_texto_integral.docx", "ementa": "QUE SE DIGNE A INFORMAR SE EXISTE A POSSIBILIDADE DA LEI MUNICIPAL N\u00ba 5.224 DE 14 DE JANEIRO DE 2011, QUE  DEFINE OS LIMITES DO REGIMENTO URBAN\u00cdSTICO DA UNIDADE TERRITORIAL &#8211; 01 DO MUNIC\u00cdPIO, SOFRER ALTERA\u00c7\u00d5ES. CASO POSITIVO, INFORMAR QUAIS AS POSS\u00cdVEIS ALTERA\u00c7\u00d5ES."}, {"id": "1780", "ano": "2015", "numero": "246", "tipo__sigla": "PDP", "tipo__descricao": "Pedido de Provid\u00eancia", "autoria": "Michele Pereira", "texto_original": "http://sapl.esteio.rs.leg.br/media/./sapl/public/materialegislativa/2015/1780/1780_texto_integral.docx", "ementa": "A TROCA DE L\u00c2MPADA DO POSTE LOCALIZADO EM FRENTE AO N\u00daMERO 291, NA RUA DAS ESTREMOSAS, BAIRRO SANTO IN\u00c1CIO."}, {"id": "1781", "ano": "2015", "numero": "247", "tipo__sigla": "PDP", "tipo__descricao": "Pedido de Provid\u00eancia", "autoria": "Michele Pereira", "texto_original": "http://sapl.esteio.rs.leg.br/media/./sapl/public/materialegislativa/2015/1781/1781_texto_integral.docx", "ementa": "A DESOBSTRU\u00c7\u00c3O E LIMPEZA DOS BUEIROS E HIDROJATEAMENTO EM TODA A EXTENS\u00c3O DA RUA DOUTOR LAURO DONDONIS, BAIRRO PARQUE PRIMAVERA NOS LIMITES DA RUA JO\u00c3O GOULART E DA AVENIDA LINDOLFO COLLOR."}, {"id": "1782", "ano": "2015", "numero": "248", "tipo__sigla": "PDP", "tipo__descricao": "Pedido de Provid\u00eancia", "autoria": "Rafael Figliero", "texto_original": "http://sapl.esteio.rs.leg.br/media/./sapl/public/materialegislativa/2015/1782/1782_texto_integral.docx", "ementa": "A LIMPEZA DO CANTEIRO CENTRAL DA AV. DOM PEDRO."}, {"id": "1783", "ano": "2015", "numero": "249", "tipo__sigla": "PDP", "tipo__descricao": "Pedido de Provid\u00eancia", "autoria": "Rafael Figliero", "texto_original": "http://sapl.esteio.rs.leg.br/media/./sapl/public/materialegislativa/2015/1783/1783_texto_integral.docx", "ementa": "O REPARO ASF\u00c1LTICO NA RUA PELOTAS ENTRE AS RUAS 24 DE AGOSTO E PADRE FELIPE."}, {"id": "1784", "ano": "2015", "numero": "250", "tipo__sigla": "PDP", "tipo__descricao": "Pedido de Provid\u00eancia", "autoria": "Rafael Figliero", "texto_original": "http://sapl.esteio.rs.leg.br/media/./sapl/public/materialegislativa/2015/1784/1784_texto_integral.docx", "ementa": "QUE DETERMINE \u00c0 SECRETARIA COMPETENTE,  REPARO ASF\u00c1LTICO NA AV. LUIZ PASTEUR, PR\u00d3XIMO AO N\u00ba 5.041."}, {"id": "1785", "ano": "2015", "numero": "251", "tipo__sigla": "PDP", "tipo__descricao": "Pedido de Provid\u00eancia", "autoria": "Rafael Figliero", "texto_original": "http://sapl.esteio.rs.leg.br/media/./sapl/public/materialegislativa/2015/1785/1785_texto_integral.docx", "ementa": "O CONSERTO DO SEM\u00c1FORO QUE SINALIZA A CONVERS\u00c3O \u00c0 DIREITA, LOCALIZADO NA ESQUINA DA RUA BENTO GON\u00c7ALVES COM A AV. DOM PEDRO."}, {"id": "1786", "ano": "2015", "numero": "252", "tipo__sigla": "PDP", "tipo__descricao": "Pedido de Provid\u00eancia", "autoria": "Rafael Figliero", "texto_original": "http://sapl.esteio.rs.leg.br/media/./sapl/public/materialegislativa/2015/1786/1786_texto_integral.docx", "ementa": "O REPARO ASF\u00c1LTICO NA ESQUINA DA AV. CELINA CHAVES KROEFF COM A RUA PADRE ANCHIETA."}, {"id": "1961", "ano": "2015", "numero": "258", "tipo__sigla": "PDP", "tipo__descricao": "Pedido de Provid\u00eancia", "autoria": "Ari Zanoni", "texto_original": "http://sapl.esteio.rs.leg.br/media/./sapl/public/materialegislativa/2015/1961/1961_texto_integral.docx", "ementa": "A TROCA DE L\u00c2MPADAS NOS POSTES LOCALIZADOS NAS RUAS ARLINDO BAIERLE, EM FRENTE AO N\u00ba 408, E PADRE R\u00c9US, EM FRENTE AO N\u00ba 19."}, {"id": "2062", "ano": "2015", "numero": "259", "tipo__sigla": "PDP", "tipo__descricao": "Pedido de Provid\u00eancia", "autoria": "Bia Lopes", "texto_original": "http://sapl.esteio.rs.leg.br/media/./sapl/public/materialegislativa/2015/2062/2062_texto_integral.docx", "ementa": "A COLOCA\u00c7\u00c3O DE UMA PLACA DE SINALIZA\u00c7\u00c3O COM A INSCRI\u00c7\u00c3O &#8220;PARE&#8221;, NA ESQUINA DAS RUAS JOS\u00c9 GUIMAR\u00c3ES E CEL. THEODOMIRO PORTO DA FONSECA."}, {"id": "2064", "ano": "2015", "numero": "260", "tipo__sigla": "PDP", "tipo__descricao": "Pedido de Provid\u00eancia", "autoria": "Bia Lopes", "texto_original": "http://sapl.esteio.rs.leg.br/media/./sapl/public/materialegislativa/2015/2064/2064_texto_integral.docx", "ementa": "A ELIMINA\u00c7\u00c3O DE BROCA LOCALIZADA NA RUA JOS\u00c9 GUIMAR\u00c3ES EM FRENTE AO N\u00daMERO 244."}, {"id": "2066", "ano": "2015", "numero": "261", "tipo__sigla": "PDP", "tipo__descricao": "Pedido de Provid\u00eancia", "autoria": "Bia Lopes", "texto_original": "http://sapl.esteio.rs.leg.br/media/./sapl/public/materialegislativa/2015/2066/2066_texto_integral.docx", "ementa": "A TROCA DE TAMPA DA GALERIA LOCALIZADA NA RUA JOS\u00c9 GUIMAR\u00c3ES EM FRENTE AO N\u00ba 203."}, {"id": "2067", "ano": "2015", "numero": "262", "tipo__sigla": "PDP", "tipo__descricao": "Pedido de Provid\u00eancia", "autoria": "Leonardo Pascoal", "texto_original": "http://sapl.esteio.rs.leg.br/media/./sapl/public/materialegislativa/2015/2067/2067_texto_integral.docx", "ementa": "O CONSERTO DOS SEM\u00c1FOROS, LOCALIZADOS NO CRUZAMENTO DA RUA PADRE FELIPE COM A AV. PRESIDENTE VARGAS E EM FRENTE A ESCOLA ESTADUAL CAETANO GOL\u00c7ALVES DA SILVA.  "}, {"id": "2068", "ano": "2015", "numero": "263", "tipo__sigla": "PDP", "tipo__descricao": "Pedido de Provid\u00eancia", "autoria": "Leonardo Pascoal", "texto_original": "http://sapl.esteio.rs.leg.br/media/./sapl/public/materialegislativa/2015/2068/2068_texto_integral.docx", "ementa": "A COLOCA\u00c7\u00c3O DE PARADA DE \u00d4NIBUS NA AV. JO\u00c3O PAULO I, EM FRENTE AO N\u00ba 141.  "}, {"id": "2070", "ano": "2015", "numero": "264", "tipo__sigla": "PDP", "tipo__descricao": "Pedido de Provid\u00eancia", "autoria": "Leonardo Pascoal", "texto_original": "http://sapl.esteio.rs.leg.br/media/./sapl/public/materialegislativa/2015/2070/2070_texto_integral.docx", "ementa": "A SUBSTITUI\u00c7\u00c3O DE L\u00c2MPADA DOS POSTES LOCALIZADOS EM TODA EXTENS\u00c3O DA RUA MANOEL DOS SANTOS, NO BAIRRO TR\u00caS MARIAS, E NA RUA VICENTE CELESTINO, N\u00daMERO 398. "}, {"id": "2094", "ano": "2015", "numero": "265", "tipo__sigla": "PDP", "tipo__descricao": "Pedido de Provid\u00eancia", "autoria": "Leonardo Pascoal", "texto_original": "http://sapl.esteio.rs.leg.br/media/./sapl/public/materialegislativa/2015/2094/2094_texto_integral.docx", "ementa": "A INSTALA\u00c7\u00c3O DE UM REDUTOR DE VELOCIDADE NA RUA MANOEL DOS SANTOS, EM FRENTE AO N\u00daMERO 175.  "}, {"id": "2095", "ano": "2015", "numero": "266", "tipo__sigla": "PDP", "tipo__descricao": "Pedido de Provid\u00eancia", "autoria": "Leonardo Pascoal", "texto_original": "http://sapl.esteio.rs.leg.br/media/", "ementa": "A NOTIFICA\u00c7\u00c3O DO PROPRIET\u00c1RIO PARA LIMPEZA E CERCAMENTO DO TERRENO E DO PASSEIO P\u00daBLICO LOCALIZADO NA ESQUINA DAS RUAS NELSON DE OLIVEIRA MELO E VICENTE CELESTINO, AL\u00c9M DE LIMPEZA DO TERRENO LOCALIZADO NA AV. PADRE CLARET, AO LADO DO N\u00daMERO 2597. "}, {"id": "2096", "ano": "2015", "numero": "267", "tipo__sigla": "PDP", "tipo__descricao": "Pedido de Provid\u00eancia", "autoria": "Marcelo Kohlrausch", "texto_original": "http://sapl.esteio.rs.leg.br/media/./sapl/public/materialegislativa/2015/2096/2096_texto_integral.docx", "ementa": "QUE REALIZE A MANUTEN\u00c7\u00c3O DAS LUMIN\u00c1RIAS LOCALIZADAS NAS RUAS RIO GRANDE, N\u00ba485, E  SENADOR SALGADO FILHO, N\u00ba 1.282."}, {"id": "2097", "ano": "2015", "numero": "268", "tipo__sigla": "PDP", "tipo__descricao": "Pedido de Provid\u00eancia", "autoria": "Marcelo Kohlrausch", "texto_original": "http://sapl.esteio.rs.leg.br/media/./sapl/public/materialegislativa/2015/2097/2097_texto_integral.docx", "ementa": "A MANUTEN\u00c7\u00c3O DO SISTEMA DE DRENAGEM,  OU DE ESGOTO CLOACAL, EM FRENTE AO N\u00ba 1.865 DA AVENIDA PRESIDENTE VARGAS."}, {"id": "2098", "ano": "2015", "numero": "269", "tipo__sigla": "PDP", "tipo__descricao": "Pedido de Provid\u00eancia", "autoria": "Marcelo Kohlrausch", "texto_original": "http://sapl.esteio.rs.leg.br/media/./sapl/public/materialegislativa/2015/2098/2098_texto_integral.docx", "ementa": "O ESTUDO DA POSSIBILIDADE DE INSTALAR SEM\u00c1FOROS PARA ORGANIZAR O TR\u00c2NSITO NA ESQUINA DA RUA FERNANDO FERRARI COM A AV. SALGADO FILHO."}, {"id": "2099", "ano": "2015", "numero": "270", "tipo__sigla": "PDP", "tipo__descricao": "Pedido de Provid\u00eancia", "autoria": "Michele Pereira", "texto_original": "http://sapl.esteio.rs.leg.br/media/./sapl/public/materialegislativa/2015/2099/2099_texto_integral.docx", "ementa": "QUE REALIZE A OPERA\u00c7\u00c3O TAPA-BURACOS NA RUA ELIS REGINA, BAIRRO TR\u00caS MARIAS."}, {"id": "2100", "ano": "2015", "numero": "271", "tipo__sigla": "PDP", "tipo__descricao": "Pedido de Provid\u00eancia", "autoria": "Michele Pereira", "texto_original": "http://sapl.esteio.rs.leg.br/media/./sapl/public/materialegislativa/2015/2100/2100_texto_integral.docx", "ementa": "A ELIMINA\u00c7\u00c3O DE BROCA, NA CAL\u00c7ADA DA RUA PASSO FUNDO PR\u00d3XIMO AO N\u00daMERO 601, BAIRRO CENTRO."}, {"id": "2102", "ano": "2015", "numero": "272", "tipo__sigla": "PDP", "tipo__descricao": "Pedido de Provid\u00eancia", "autoria": "Rafael Figliero", "texto_original": "http://sapl.esteio.rs.leg.br/media/./sapl/public/materialegislativa/2015/2102/2102_texto_integral.docx", "ementa": "O REPARO ASF\u00c1LTICO NA RUA CASTRO ALVES, 947, EM FRENTE AO HOSPITAL S\u00c3O CAMILO."}, {"id": "2388", "ano": "2015", "numero": "280", "tipo__sigla": "PDP", "tipo__descricao": "Pedido de Provid\u00eancia", "autoria": "Leonardo Pascoal", "texto_original": "http://sapl.esteio.rs.leg.br/media/./sapl/public/materialegislativa/2015/2388/2388_texto_integral.docx", "ementa": "SOLICITA QUE SE DIGNE A INFORMAR OS MOTIVOS QUE LEVARAM \u00c0 PARALISA\u00c7\u00c3O DA OBRA DE ACESSO A ESTEIO PELA BR- 448, ATRAV\u00c9S DA AV. CELINA CHAVES KROEFF, BEM COMO QUAL A SITUA\u00c7\u00c3O ATUAL DO EMPREENDIMENTO. SOLICITA, AINDA, CRONOGRAMA ATUALIZADO DA OBRA."}, {"id": "2395", "ano": "2015", "numero": "283", "tipo__sigla": "PDP", "tipo__descricao": "Pedido de Provid\u00eancia", "autoria": "Bia Lopes", "texto_original": "http://sapl.esteio.rs.leg.br/media/./sapl/public/materialegislativa/2015/2395/2395_texto_integral.docx", "ementa": "SOLICITA A REALIZA\u00c7\u00c3O DA OPERA\u00c7\u00c3O TAPA BURACO EM TODA A EXTENS\u00c3O DA AVENIDA RIO BRANCO, NO BAIRRO NOVO ESTEIO."}, {"id": "2399", "ano": "2015", "numero": "284", "tipo__sigla": "PDP", "tipo__descricao": "Pedido de Provid\u00eancia", "autoria": "Leonardo Pascoal", "texto_original": "http://sapl.esteio.rs.leg.br/media/./sapl/public/materialegislativa/2015/2399/2399_texto_integral.docx", "ementa": "SOLICITA A SUBSTITUI\u00c7\u00c3O DAS L\u00c2MPADAS DOS POSTES LOCALIZADOS NAS RUAS DOM PEDRO, EM FRENTE AO N\u00daMERO 349 E GUIDO POSSAMAI, EM FRENTE AO N\u00daMERO 130."}, {"id": "2398", "ano": "2015", "numero": "285", "tipo__sigla": "PDP", "tipo__descricao": "Pedido de Provid\u00eancia", "autoria": "Leonardo Pascoal", "texto_original": "http://sapl.esteio.rs.leg.br/media/./sapl/public/materialegislativa/2015/2398/2398_texto_integral.docx", "ementa": "SOLICITA A MANUTEN\u00c7\u00c3O DA REDE DE ESGOTO DA RUA QUARA\u00cd, EM FRENTE AO N\u00daMERO 175."}, {"id": "2397", "ano": "2015", "numero": "286", "tipo__sigla": "PDP", "tipo__descricao": "Pedido de Provid\u00eancia", "autoria": "Marcelo Kohlrausch", "texto_original": "http://sapl.esteio.rs.leg.br/media/./sapl/public/materialegislativa/2015/2397/2397_texto_integral.docx", "ementa": "SOLICITA A MANUTEN\u00c7\u00c3O DAS LUMIN\u00c1RIAS NAS RUAS SOLEDADE, EM FRENTE AO N\u00ba 926, JOCELINO ALENCAR DE OLIVEIRA, EM FRENTE AOS N\u00baS. 14 E 42 E SETE, NA ALTURA DO N\u00ba 42."}, {"id": "2396", "ano": "2015", "numero": "287", "tipo__sigla": "PDP", "tipo__descricao": "Pedido de Provid\u00eancia", "autoria": "Marcelo Kohlrausch", "texto_original": "http://sapl.esteio.rs.leg.br/media/./sapl/public/materialegislativa/2015/2396/2396_texto_integral.docx", "ementa": "SOLICITA A LIMPEZA DO ARROIO SAPUCAIA, NO TRECHO ENTRE AS RUAS JOS\u00c9 DO PATROC\u00cdNIO E JOS\u00c9 ANT\u00d4NIO DAUT."}, {"id": "2394", "ano": "2015", "numero": "288", "tipo__sigla": "PDP", "tipo__descricao": "Pedido de Provid\u00eancia", "autoria": "Marcelo Kohlrausch", "texto_original": "http://sapl.esteio.rs.leg.br/media/./sapl/public/materialegislativa/2015/2394/2394_texto_integral.docx", "ementa": "SOLICITA A ELIMINA\u00c7\u00c3O DE BROCA EXISTENTE NA RUA BENTO GON\u00c7ALVES, EM FRENTE AO N\u00daMERO 754."}, {"id": "2393", "ano": "2015", "numero": "289", "tipo__sigla": "PDP", "tipo__descricao": "Pedido de Provid\u00eancia", "autoria": "Rafael Figliero", "texto_original": "http://sapl.esteio.rs.leg.br/media/./sapl/public/materialegislativa/2015/2393/2393_texto_integral.docx", "ementa": "SOLICITA A DEDETIZA\u00c7\u00c3O PREVENTIVA CONTRA O MOSQUITO DA DENGUE, NO FINAL DA RUA CEL. THEODOMIRO PORTO DA FONSECA E NO CEMIT\u00c9RIO DOIS  DE NOVEMBRO."}, {"id": "2392", "ano": "2015", "numero": "290", "tipo__sigla": "PDP", "tipo__descricao": "Pedido de Provid\u00eancia", "autoria": "Rafael Figliero", "texto_original": "http://sapl.esteio.rs.leg.br/media/./sapl/public/materialegislativa/2015/2392/2392_texto_integral.docx", "ementa": "SOLICITA A SUBSTITUI\u00c7\u00c3O DA TAMPA DE UM BUEIRO NA ESQUINA DA AV. GOVERNADOR ERNESTO DORNELES COM A RUA ROQUE GONZ\u00c1LES."}, {"id": "2448", "ano": "2015", "numero": "294", "tipo__sigla": "PDP", "tipo__descricao": "Pedido de Provid\u00eancia", "autoria": "Michele Pereira", "texto_original": "http://sapl.esteio.rs.leg.br/media/./sapl/public/materialegislativa/2015/2448/2448_texto_integral.docx", "ementa": "SOLICITA A TROCA DE L\u00c2MPADA DO POSTE LOCALIZADO EM FRENTE AO N\u00daMERO 131, NA RUA BORGES DE MEDEIROS, BAIRRO JARDIM PLANALTO. "}, {"id": "2447", "ano": "2015", "numero": "295", "tipo__sigla": "PDP", "tipo__descricao": "Pedido de Provid\u00eancia", "autoria": "Michele Pereira", "texto_original": "http://sapl.esteio.rs.leg.br/media/./sapl/public/materialegislativa/2015/2447/2447_texto_integral.docx", "ementa": "SOLICITA A MANUTEN\u00c7\u00c3O EL\u00c9TRICA E A TROCA DA L\u00c2MPADA DO POSTE LOCALIZADO, EM FRENTE AO N\u00daMERO 203, NA RUA DOM PEDRO, BAIRRO CENTRO"}, {"id": "2454", "ano": "2015", "numero": "297", "tipo__sigla": "PDP", "tipo__descricao": "Pedido de Provid\u00eancia", "autoria": "Bia Lopes", "texto_original": "http://sapl.esteio.rs.leg.br/media/./sapl/public/materialegislativa/2015/2454/2454_texto_integral.docx", "ementa": "SOLICITA A TROCA E REVIS\u00c3O DAS L\u00c2MPADAS NO ENTORNO DA ESCOLA ESTADUAL BAIRRO DO PARQUE."}, {"id": "2442", "ano": "2015", "numero": "298", "tipo__sigla": "PDP", "tipo__descricao": "Pedido de Provid\u00eancia", "autoria": "Marcelo Kohlrausch", "texto_original": "http://sapl.esteio.rs.leg.br/media/./sapl/public/materialegislativa/2015/2442/2442_texto_integral.docx", "ementa": "SOLICITA QUE NOTIFIQUE AS EMPRESAS DE CONTEINERES PARA QUE MANTENHAM A SINALIZA\u00c7\u00c3O DOS EQUIPAMENTOS COLETORES EM DIA E QUE INFORME OS SEGUINTES ITENS:\r\nA)\tAS EMPRESAS EST\u00c3O CADASTRADAS JUNTO AO MUNIC\u00cdPIO E COM OS IMPOSTOS EM DIA?\r\nB)\tOS REFERIDOS IMPOSTOS S\u00c3O RECOLHIDOS PELO MUNIC\u00cdPIO?\r\nC)\tEM RELA\u00c7\u00c3O AO DESCARTE DO ENTULHO, PARA ONDE VAI?\r\nD)\tO LOCAL \u00c9 REGULAMENTADO?"}, {"id": "2441", "ano": "2015", "numero": "299", "tipo__sigla": "PDP", "tipo__descricao": "Pedido de Provid\u00eancia", "autoria": "Marcelo Kohlrausch", "texto_original": "http://sapl.esteio.rs.leg.br/media/./sapl/public/materialegislativa/2015/2441/2441_texto_integral.docx", "ementa": "SOLICITA A MANUTEN\u00c7\u00c3O DA PAVIMENTA\u00c7\u00c3O DAS SEGUINTES VIAS P\u00daBLICAS: \r\nA)\tRUA \u00c9RICO VER\u00cdSSIMO, ESQUINA COM A RUA S\u00c3O BORJA;\r\nB)\tRUA RIO PARDO, N\u00ba 1.278, PR\u00d3XIMO \u00c0 ESCOLA AUGUSTO MEYER;\r\nC)\tRUA ALEGRETE, N\u00ba 351, PR\u00d3XIMO \u00c0 APAE."}, {"id": "2458", "ano": "2015", "numero": "300", "tipo__sigla": "PDP", "tipo__descricao": "Pedido de Provid\u00eancia", "autoria": "Marcelo Kohlrausch", "texto_original": "http://sapl.esteio.rs.leg.br/media/./sapl/public/materialegislativa/2015/2458/2458_texto_integral.docx", "ementa": "SOLICITA A SUBSTITUI\u00c7\u00c3O DA L\u00c2MPADA EM FRENTE AO N\u00daMERO 1282, NA RUA SENADOR SALGADO FILHO, QUE EST\u00c1 SEM FUNCIONAR H\u00c1 MAIS DE 90 DIAS."}, {"id": "2456", "ano": "2015", "numero": "301", "tipo__sigla": "PDP", "tipo__descricao": "Pedido de Provid\u00eancia", "autoria": "Marcelo Kohlrausch", "texto_original": "http://sapl.esteio.rs.leg.br/media/./sapl/public/materialegislativa/2015/2456/2456_texto_integral.docx", "ementa": "SOLICITA QUE SE DIGNE A INFORMAR SE EST\u00c1 FALTANDO M\u00c9DICOS NA UBS CRUZEIRO, CASO CONTR\u00c1RIO, EXPLICAR O MOTIVO PARA AS RECORRENTES RECLAMA\u00c7\u00d5ES DA COMUNIDADE."}, {"id": "2457", "ano": "2015", "numero": "302", "tipo__sigla": "PDP", "tipo__descricao": "Pedido de Provid\u00eancia", "autoria": "Leonardo Pascoal", "texto_original": "http://sapl.esteio.rs.leg.br/media/./sapl/public/materialegislativa/2015/2457/2457_texto_integral.docx", "ementa": "SOLICITA A MANUTEN\u00c7\u00c3O DO PASSEIO P\u00daBLICO LOCALIZADO NA RUA BENTO GON\u00c7ALVES, N\u00ba 754, NO CONDOMINIO RESIDENCIAL ROSSI."}, {"id": "2459", "ano": "2015", "numero": "303", "tipo__sigla": "PDP", "tipo__descricao": "Pedido de Provid\u00eancia", "autoria": "Leonardo Pascoal", "texto_original": "http://sapl.esteio.rs.leg.br/media/./sapl/public/materialegislativa/2015/2459/2459_texto_integral.docx", "ementa": "SOLICITA A SUBSTITUI\u00c7\u00c3O DAS L\u00c2MPADAS DOS POSTES LOCALIZADOS NA RUA GARIBALDI, EM FRENTE \u00c0 ESCOLA FOR KIDS, N\u00ba 140 E NA AVENIDA PRESIDENTE VARGAS, EM FRENTE \u00c0 EMPRESA REAL RODOVIAS, N\u00ba 344."}, {"id": "2455", "ano": "2015", "numero": "304", "tipo__sigla": "PDP", "tipo__descricao": "Pedido de Provid\u00eancia", "autoria": "Leonardo Pascoal", "texto_original": "http://sapl.esteio.rs.leg.br/media/./sapl/public/materialegislativa/2015/2455/2455_texto_integral.docx", "ementa": "SOLICITA A REPOSI\u00c7\u00c3O ASF\u00c1LTICA SOBRE OS BURACOS LOCALIZADOS NA RUA ALBERTO BRAUN, EM FRENTE AO N\u00ba 92 E NA RUA GUIDO POSSAMAI, EM FRENTE AO N\u00daMERO 30."}, {"id": "2453", "ano": "2015", "numero": "305", "tipo__sigla": "PDP", "tipo__descricao": "Pedido de Provid\u00eancia", "autoria": "Rafael Figliero", "texto_original": "http://sapl.esteio.rs.leg.br/media/./sapl/public/materialegislativa/2015/2453/2453_texto_integral.docx", "ementa": "SOLICITA O CORTE DE GRAMA ENTRE OS T\u00daMULOS DO CEMIT\u00c9RIO MUNICIPAL 2 DE NOVEMBRO."}, {"id": "2452", "ano": "2015", "numero": "306", "tipo__sigla": "PDP", "tipo__descricao": "Pedido de Provid\u00eancia", "autoria": "Rafael Figliero", "texto_original": "http://sapl.esteio.rs.leg.br/media/./sapl/public/materialegislativa/2015/2452/2452_texto_integral.docx", "ementa": "SOLICITA A SUBSTITUI\u00c7\u00c3O DAS L\u00c2MPADAS DE APROXIMADAMENTE TR\u00caS POSTES SITUADOS NA AV. PRESIDENTE VARGAS, 344."}, {"id": "2451", "ano": "2015", "numero": "307", "tipo__sigla": "PDP", "tipo__descricao": "Pedido de Provid\u00eancia", "autoria": "Rafael Figliero", "texto_original": "http://sapl.esteio.rs.leg.br/media/./sapl/public/materialegislativa/2015/2451/2451_texto_integral.docx", "ementa": "SOLICITA A ELIMINA\u00c7\u00c3O DE UMA BROCA NA CAL\u00c7ADA DA RUA 24 DE AGOSTO, N\u00ba 383."}, {"id": "2450", "ano": "2015", "numero": "308", "tipo__sigla": "PDP", "tipo__descricao": "Pedido de Provid\u00eancia", "autoria": "Rafael Figliero", "texto_original": "http://sapl.esteio.rs.leg.br/media/./sapl/public/materialegislativa/2015/2450/2450_texto_integral.docx", "ementa": "SOLICITA A ELIMINA\u00c7\u00c3O DE UMA BROCA NA CAL\u00c7ADA DA RUA 24 DE AGOSTO, N\u00ba 442."}, {"id": "2446", "ano": "2015", "numero": "309", "tipo__sigla": "PDP", "tipo__descricao": "Pedido de Provid\u00eancia", "autoria": "Rafael Figliero", "texto_original": "http://sapl.esteio.rs.leg.br/media/./sapl/public/materialegislativa/2015/2446/2446_texto_integral.docx", "ementa": "SOLICITA A DESOBSTRU\u00c7\u00c3O DO BUEIRO LOCALIZADO NA RUA ALAGOAS, N\u00ba 54."}, {"id": "2500", "ano": "2015", "numero": "311", "tipo__sigla": "PDP", "tipo__descricao": "Pedido de Provid\u00eancia", "autoria": "Leonardo Pascoal", "texto_original": "http://sapl.esteio.rs.leg.br/media/./sapl/public/materialegislativa/2015/2500/2500_texto_integral.docx", "ementa": "SOLICITA A IMPLANTA\u00c7\u00c3O DE SINALIZA\u00c7\u00c3O VI\u00c1RIA VISANDO A REDU\u00c7\u00c3O DE VELOCIDADE E A SEGURAN\u00c7A DOS PEDESTRES NA RUA GUIDO POSSAMAI, NO BAIRRO S\u00c3O SEBASTI\u00c3O."}, {"id": "2494", "ano": "2015", "numero": "312", "tipo__sigla": "PDP", "tipo__descricao": "Pedido de Provid\u00eancia", "autoria": "Leonardo Pascoal", "texto_original": "http://sapl.esteio.rs.leg.br/media/./sapl/public/materialegislativa/2015/2494/2494_texto_integral.docx", "ementa": "SOLICITA A MANUTEN\u00c7\u00c3O DOS PASSEIOS P\u00daBLICOS LOCALIZADOS NA RUA SANTANA, N\u00ba 111, EM FRENTE AO CONDOM\u00cdNIO POR DO SOL, E NA RUA LA SALLE, N\u00ba 251, PR\u00d3XIMO \u00c0 ESCOLA LA SALLE."}, {"id": "2502", "ano": "2015", "numero": "313", "tipo__sigla": "PDP", "tipo__descricao": "Pedido de Provid\u00eancia", "autoria": "Leonardo Pascoal", "texto_original": "http://sapl.esteio.rs.leg.br/media/./sapl/public/materialegislativa/2015/2502/2502_texto_integral.docx", "ementa": "SOLICITA A REPOSI\u00c7\u00c3O DA COBERTURA ASF\u00c1LTICA SOBRE OS BURACOS LOCALIZADOS NA RUA IRM\u00c3O ALEXANDRE DOMINGUES LEAL CABELLERO, EM FRENTE AO N\u00ba 20."}, {"id": "2487", "ano": "2015", "numero": "314", "tipo__sigla": "PDP", "tipo__descricao": "Pedido de Provid\u00eancia", "autoria": "Leonardo Pascoal", "texto_original": "http://sapl.esteio.rs.leg.br/media/./sapl/public/materialegislativa/2015/2487/2487_texto_integral.docx", "ementa": "SOLICITA A NOTIFICA\u00c7\u00c3O DO PROPRIET\u00c1RIO PARA LIMPEZA E CERCAMENTO DO TERRENO LOCALIZADO NA RUA SOLEDADE, AO LADO DA ESCOLA SER FELIZ, N\u00daMERO 84. "}, {"id": "2497", "ano": "2015", "numero": "315", "tipo__sigla": "PDP", "tipo__descricao": "Pedido de Provid\u00eancia", "autoria": "Rafael Figliero", "texto_original": "http://sapl.esteio.rs.leg.br/media/./sapl/public/materialegislativa/2015/2497/2497_texto_integral.docx", "ementa": "SOLICITA A SUBSTITUI\u00c7\u00c3O DA TAMPA DE UM BUEIRO NA RUA PADRE FELIPE, N\u00ba 69."}, {"id": "2484", "ano": "2015", "numero": "320", "tipo__sigla": "PDP", "tipo__descricao": "Pedido de Provid\u00eancia", "autoria": "Marcelo Kohlrausch", "texto_original": "http://sapl.esteio.rs.leg.br/media/./sapl/public/materialegislativa/2015/2484/2484_texto_integral.docx", "ementa": "SOLICITA OS SEGUINTES SERVI\u00c7OS:\r\n\r\n- INSTALA\u00c7\u00c3O DE BRA\u00c7O DE LUMIN\u00c1RIA NOS RESPECTIVOS ENDERE\u00c7OS: RUA \u00c9RICO VER\u00cdSSIMO, PR\u00d3XIMO AO N\u00daMERO 20 EM DOIS POSTES, NA RUA CL\u00c1UDIO MASCARELO, PR\u00d3XIMO AO N\u00daMERO 153.\r\n- MANUTEN\u00c7\u00c3O DAS L\u00c2MPADAS SITUADAS NAS RUAS &#8220;E&#8221;, N\u00daMERO 55 E &#8220;D&#8221;, N\u00daMERO 140, NA NAVEGANTES, AMBAS PERMANECEM LIGADAS DURANTE O DIA.\r\n- REVIS\u00c3O DA LUMIN\u00c1RIA EM FRENTE AO N\u00daMERO 182, DA RUA CL\u00c1UDIO MASCARELO, A L\u00c2MPADA FUNCIONA OCASIONALMENTE."}, {"id": "2493", "ano": "2015", "numero": "321", "tipo__sigla": "PDP", "tipo__descricao": "Pedido de Provid\u00eancia", "autoria": "Ari Zanoni", "texto_original": "http://sapl.esteio.rs.leg.br/media/./sapl/public/materialegislativa/2015/2493/2493_texto_integral.docx", "ementa": "SOLICITA QUE SE DIGNE A ENVIAR C\u00d3PIA DO PROJETO DE INSTALA\u00c7\u00c3O DAS PLACAS DE LIMITE DE VELOCIDADE NAS VIAS P\u00daBLICAS DO MUNIC\u00cdPIO DE ESTEIO, ACOMPANHADO DE PARECER T\u00c9CNICO RESPONS\u00c1VEL."}, {"id": "2489", "ano": "2015", "numero": "322", "tipo__sigla": "PDP", "tipo__descricao": "Pedido de Provid\u00eancia", "autoria": "Ari Zanoni", "texto_original": "http://sapl.esteio.rs.leg.br/media/./sapl/public/materialegislativa/2015/2489/2489_texto_integral.docx", "ementa": "SOLICITA O ESTUDO E A VIABILIDADE DE PINTURA DE FAIXA DE SEGURAN\u00c7A NA RUA MAX KOELLER, N\u00ba 09, VILA OL\u00cdMPICA, EM FRENTE \u00c0 IGREJA NOSSA SENHORA M\u00c3E DE DEUS."}, {"id": "2483", "ano": "2015", "numero": "324", "tipo__sigla": "PDP", "tipo__descricao": "Pedido de Provid\u00eancia", "autoria": "Rafael Figliero", "texto_original": "http://sapl.esteio.rs.leg.br/media/./sapl/public/materialegislativa/2015/2483/2483_texto_integral.docx", "ementa": "SOLICITA A INSTALA\u00c7\u00c3O DE ESTACIONAMENTO ROTATIVO POR 15 MINUTOS NA RUA PADRE FELIPE, N\u00ba 69, ESPECIALMENTE NA QUADRA DA LOJA QUERO-QUERO."}, {"id": "2491", "ano": "2015", "numero": "325", "tipo__sigla": "PDP", "tipo__descricao": "Pedido de Provid\u00eancia", "autoria": "Rafael Figliero", "texto_original": "http://sapl.esteio.rs.leg.br/media/./sapl/public/materialegislativa/2015/2491/2491_texto_integral.docx", "ementa": "SOLICITA A SUBSTITUI\u00c7\u00c3O DA L\u00c2MPADA NA RUA S\u00c9RGIO CARDOSO, N\u00ba 170."}, {"id": "2488", "ano": "2015", "numero": "326", "tipo__sigla": "PDP", "tipo__descricao": "Pedido de Provid\u00eancia", "autoria": "Michele Pereira", "texto_original": "http://sapl.esteio.rs.leg.br/media/./sapl/public/materialegislativa/2015/2488/2488_texto_integral.docx", "ementa": "SOLICITA A TROCA DE L\u00c2MPADA DO POSTE LOCALIZADO NA RUA ALBERTO BRAUN, EM FRENTE AO N\u00daMERO 128, BAIRRO SANTO IN\u00c1CIO."}, {"id": "2496", "ano": "2015", "numero": "327", "tipo__sigla": "PDP", "tipo__descricao": "Pedido de Provid\u00eancia", "autoria": "Marcelo Kohlrausch", "texto_original": "http://sapl.esteio.rs.leg.br/media/./sapl/public/materialegislativa/2015/2496/2496_texto_integral.docx", "ementa": "SOLICITA A RECUPERA\u00c7\u00c3O DA MALHA ALF\u00c1LTICA, LOCALIZADO NA RUA JOS\u00c9 GRIMBERG, NO TRECHO ONDE H\u00c1 O DESN\u00cdVEL DA VIA P\u00daBLICA."}, {"id": "2490", "ano": "2015", "numero": "328", "tipo__sigla": "PDP", "tipo__descricao": "Pedido de Provid\u00eancia", "autoria": "Marcelo Kohlrausch", "texto_original": "http://sapl.esteio.rs.leg.br/media/./sapl/public/materialegislativa/2015/2490/2490_texto_integral.docx", "ementa": "SOLICITA A REMO\u00c7\u00c3O DOS ENTULHOS DEPOSITADOS NO TERRENO BALDIO JUNTO \u00c0 RUA \u00c9RICO VER\u00cdSSIMO COM A DAVID CANABARRO. "}, {"id": "2670", "ano": "2015", "numero": "332", "tipo__sigla": "PDP", "tipo__descricao": "Pedido de Provid\u00eancia", "autoria": "Jaime da Rosa", "texto_original": "http://sapl.esteio.rs.leg.br/media/./sapl/public/materialegislativa/2015/2670/2670_texto_integral.docx", "ementa": "SOLICITA QUE NOTIFIQUE O PROPRIET\u00c1RIO DO TERRENO LOCALIZADO NA RUA ALEGRETE, AO LADO DA APAE &#8211; ASSOCIA\u00c7\u00c3O DE PAIS E AMIGOS DOS EXCEPCIONAIS &#8211; PARA QUE O MESMO PROVIDENCIE IMEDIATAMENTE A CAPINA E A RETIRADA DA VEGETA\u00c7\u00c3O EXISTENTE NO PASSEIO P\u00daBLICO EM FRENTE AO LOTE."}, {"id": "2683", "ano": "2015", "numero": "333", "tipo__sigla": "PDP", "tipo__descricao": "Pedido de Provid\u00eancia", "autoria": "Ari Zanoni", "texto_original": "http://sapl.esteio.rs.leg.br/media/./sapl/public/materialegislativa/2015/2683/2683_texto_integral.docx", "ementa": "SOLICITA A NOTIFICA\u00c7\u00c3O DO PROPRIET\u00c1RIO RESPONS\u00c1VEL PELO IM\u00d3VEL LOCALIZADO NA RUA BUENOS AIRES, AO LADO DO N\u00ba 184, PARA LIMPEZA, CERCAMENTO E MANUTEN\u00c7\u00c3O DO TERRENO."}, {"id": "2704", "ano": "2015", "numero": "334", "tipo__sigla": "PDP", "tipo__descricao": "Pedido de Provid\u00eancia", "autoria": "Ari Zanoni", "texto_original": "http://sapl.esteio.rs.leg.br/media/./sapl/public/materialegislativa/2015/2704/2704_texto_integral.docx", "ementa": "SOLICITA A COLOCA\u00c7\u00c3O DE CANALIZA\u00c7\u00c3O PARA ESCOAMENTO DE \u00c1GUA DA CHUVA, NA AV. PORTO ALEGRE, EM FRENTE AO N\u00daMERO 1.038 &#8211; PONTO DE \u00d4NIBUS, EVITANDO ALAGAMENTOS EM DIAS DE CHUVA. A REIVINDICA\u00c7\u00c3O DOS MORADORES \u00c9 ANTIGA, POIS \u00c9 VIA DE ACESSO \u00c0 IGREJA, POSTO DE SA\u00daDE, CRECHE, ESCOLA E COM\u00c9RCIO QUE FICA INTRANSIT\u00c1VEL EM \u00c9POCAS DE CHUVA."}, {"id": "2685", "ano": "2015", "numero": "335", "tipo__sigla": "PDP", "tipo__descricao": "Pedido de Provid\u00eancia", "autoria": "Ari Zanoni", "texto_original": "http://sapl.esteio.rs.leg.br/media/./sapl/public/materialegislativa/2015/2685/2685_texto_integral.docx", "ementa": "SOLICITA A TROCA DE L\u00c2MPADAS EM TODA A EXTENS\u00c3O DA RUA AMAP\u00c1 &#8211; PARQUE AMADOR."}, {"id": "2690", "ano": "2015", "numero": "336", "tipo__sigla": "PDP", "tipo__descricao": "Pedido de Provid\u00eancia", "autoria": "Marcelo Kohlrausch", "texto_original": "http://sapl.esteio.rs.leg.br/media/./sapl/public/materialegislativa/2015/2690/2690_texto_integral.docx", "ementa": "SOLICITA QUE ESTUDE A POSSIBILIDADE DE REEDITAR O PROJETO QUE PREV\u00ca A CASTRA\u00c7\u00c3O E ATENDIMENTO AOS ANIMAIS DE RUA PELAS ORGANIZA\u00c7\u00d5ES N\u00c3O GOVERNAMENTAIS."}, {"id": "2707", "ano": "2015", "numero": "337", "tipo__sigla": "PDP", "tipo__descricao": "Pedido de Provid\u00eancia", "autoria": "Marcelo Kohlrausch", "texto_original": "http://sapl.esteio.rs.leg.br/media/./sapl/public/materialegislativa/2015/2707/2707_texto_integral.docx", "ementa": "SOLICITA QUE NOS ENVIE C\u00d3PIA DO NOVO CRONOGRAMA DE OBRAS REFERENTE AO PROJETO DE RENATURALIZA\u00c7\u00c3O DO ARROIO SAPUCIA, BEM COMO C\u00d3PIA DA PRESTA\u00c7\u00c3O DE CONTAS DE TODAS AS MEDI\u00c7\u00d5ES DA CAIXA ECONOMICA FEDERAL REALIZADA PELA EMPRESA BOLOGNESI."}, {"id": "2669", "ano": "2015", "numero": "339", "tipo__sigla": "PDP", "tipo__descricao": "Pedido de Provid\u00eancia", "autoria": "CSMA - Sa\u00fade, Meio Ambiente e Assist\u00eancia Social", "texto_original": "http://sapl.esteio.rs.leg.br/media/./sapl/public/materialegislativa/2015/2669/2669_texto_integral.docx", "ementa": "SOLICITA QUE SE DIGNE A INFORMAR SE EXISTE A PREVIS\u00c3O DE AMPLIA\u00c7\u00c3O DA UNIDADE B\u00c1SICA DE SA\u00daDE JARDIM PLANALTO, SITUADA NA AV. PORTO ALEGRE, N\u00ba 987, BAIRRO JARDIM PLANALTO."}, {"id": "2694", "ano": "2015", "numero": "341", "tipo__sigla": "PDP", "tipo__descricao": "Pedido de Provid\u00eancia", "autoria": "Rafael Figliero", "texto_original": "http://sapl.esteio.rs.leg.br/media/./sapl/public/materialegislativa/2015/2694/2694_texto_integral.docx", "ementa": "SOLICITA A ELIMINA\u00c7\u00c3O DE UMA BROCA NO MEIO DA AV. OLGA BEN\u00c1RIO PRESTES, 312."}, {"id": "2692", "ano": "2015", "numero": "342", "tipo__sigla": "PDP", "tipo__descricao": "Pedido de Provid\u00eancia", "autoria": "Michele Pereira", "texto_original": "http://sapl.esteio.rs.leg.br/media/./sapl/public/materialegislativa/2015/2692/2692_texto_integral.docx", "ementa": "SOLICITA A ELIMINA\u00c7\u00c3O DA BROCA LOCALIZADA NA CAL\u00c7ADA DA RUA CRUZ ALTA, EM FRENTE AO N\u00ba 187, BAIRRO/CENTRO."}, {"id": "2708", "ano": "2015", "numero": "343", "tipo__sigla": "PDP", "tipo__descricao": "Pedido de Provid\u00eancia", "autoria": "Michele Pereira", "texto_original": "http://sapl.esteio.rs.leg.br/media/./sapl/public/materialegislativa/2015/2708/2708_texto_integral.docx", "ementa": "SOLICITA A TROCA DE L\u00c2MPADA DO POSTE LOCALIZADO EM FRENTE AO N\u00daMERO 110 DA RUA GRAVATA\u00cd, BAIRRO CENTRO."}, {"id": "2710", "ano": "2015", "numero": "346", "tipo__sigla": "PDP", "tipo__descricao": "Pedido de Provid\u00eancia", "autoria": "Rafael Figliero", "texto_original": "http://sapl.esteio.rs.leg.br/media/./sapl/public/materialegislativa/2015/2710/2710_texto_integral.docx", "ementa": "SOLICITA A INSTALA\u00c7\u00c3O DE UMA PARADA DE \u00d4NIBUS COBERTA NA AV. JO\u00c3O PAULO I, ESQUINA COM A RUA H\u00c9LIO ARNOLDO SPERB."}, {"id": "2698", "ano": "2015", "numero": "347", "tipo__sigla": "PDP", "tipo__descricao": "Pedido de Provid\u00eancia", "autoria": "Rafael Figliero", "texto_original": "http://sapl.esteio.rs.leg.br/media/./sapl/public/materialegislativa/2015/2698/2698_texto_integral.docx", "ementa": "SOLICITA A TROCA DE L\u00c2MPADA NA AV. DAS AM\u00c9RICAS ESQUINA COM A AV. JO\u00c3O PAULO I."}, {"id": "2697", "ano": "2015", "numero": "349", "tipo__sigla": "PDP", "tipo__descricao": "Pedido de Provid\u00eancia", "autoria": "Leonardo Pascoal", "texto_original": "http://sapl.esteio.rs.leg.br/media/./sapl/public/materialegislativa/2015/2697/2697_texto_integral.docx", "ementa": "SOLICITA REFOR\u00c7O DA ILUMINA\u00c7\u00c3O P\u00daBLICA EXISTENTE NA DESCIDA DA PASSARELA DA ESTA\u00c7\u00c3O ESTEIO DA TRENSURB, EM DIRE\u00c7\u00c3O AO BAIRRO NOVO ESTEIO."}, {"id": "2705", "ano": "2015", "numero": "351", "tipo__sigla": "PDP", "tipo__descricao": "Pedido de Provid\u00eancia", "autoria": "Ari Zanoni", "texto_original": "http://sapl.esteio.rs.leg.br/media/./sapl/public/materialegislativa/2015/2705/2705_texto_integral.docx", "ementa": "SOLICITA A ELIMINA\u00c7\u00c3O DE UMA BROCA E A RECONSTRU\u00c7\u00c3O DA CAL\u00c7ADA NA AV. PADRE CLARET, EM FRENTE AO N\u00ba 153 &#8211; CENTRO. "}, {"id": "2699", "ano": "2015", "numero": "352", "tipo__sigla": "PDP", "tipo__descricao": "Pedido de Provid\u00eancia", "autoria": "Ari Zanoni", "texto_original": "http://sapl.esteio.rs.leg.br/media/./sapl/public/materialegislativa/2015/2699/2699_texto_integral.docx", "ementa": "SOLICITA A PODA DE UMA \u00c1RVORE, NA AV. PADRE CLARET, ESQUINA COM A PRESIDENTE VARGAS, POIS A MESMA EST\u00c1 PREJUDICANDO A VISUALIZA\u00c7\u00c3O DA SINALEIRA."}, {"id": "2703", "ano": "2015", "numero": "353", "tipo__sigla": "PDP", "tipo__descricao": "Pedido de Provid\u00eancia", "autoria": "Rafael Figliero", "texto_original": "http://sapl.esteio.rs.leg.br/media/./sapl/public/materialegislativa/2015/2703/2703_texto_integral.docx", "ementa": "SOLICITA A ELIMINA\u00c7\u00c3O DE UMA BROCA NA RUA VILA LOBOS, 230."}, {"id": "2709", "ano": "2015", "numero": "354", "tipo__sigla": "PDP", "tipo__descricao": "Pedido de Provid\u00eancia", "autoria": "Leonardo Pascoal", "texto_original": "http://sapl.esteio.rs.leg.br/media/./sapl/public/materialegislativa/2015/2709/2709_texto_integral.docx", "ementa": "SOLICITA  A COLOCA\u00c7\u00c3O DE UMA PARADA DE \u00d4NIBUS NA RUA \u00c9RICO VER\u00cdSSIMO, ESQUINA COM A RUA CAM\u00d5ES."}, {"id": "2701", "ano": "2015", "numero": "355", "tipo__sigla": "PDP", "tipo__descricao": "Pedido de Provid\u00eancia", "autoria": "Leonardo Pascoal", "texto_original": "http://sapl.esteio.rs.leg.br/media/./sapl/public/materialegislativa/2015/2701/2701_texto_integral.docx", "ementa": "SOLICITA A LIMPEZA DOS BUEIROS LOCALIZADOS NA RUA CABRI\u00daVA, EM FRENTE AOS N\u00daMEROS 95 E 110, BAIRRO S\u00c3O SEBASTI\u00c3O."}, {"id": "2706", "ano": "2015", "numero": "356", "tipo__sigla": "PDP", "tipo__descricao": "Pedido de Provid\u00eancia", "autoria": "Leonardo Pascoal", "texto_original": "http://sapl.esteio.rs.leg.br/media/./sapl/public/materialegislativa/2015/2706/2706_texto_integral.docx", "ementa": "SOLICITA A IMPLANTA\u00c7\u00c3O DE SINALIZA\u00c7\u00c3O VI\u00c1RIA VISANDO \u00c0 REDU\u00c7\u00c3O DE VELOCIDADE E A SEGURAN\u00c7A DOS PEDESTRES NA AV. LINDOLFO COLLOR, ALTURA DO N\u00daMERO 216, NO BAIRRO PARQUE PRIMAVERA. "}, {"id": "2739", "ano": "2015", "numero": "357", "tipo__sigla": "PDP", "tipo__descricao": "Pedido de Provid\u00eancia", "autoria": "Leonardo Pascoal", "texto_original": "http://sapl.esteio.rs.leg.br/media/./sapl/public/materialegislativa/2015/2739/2739_texto_integral.docx", "ementa": "SOLICITA A PODA DAS \u00c1RVORES LOCALIZADAS NAS MARGENS DO ARROIO ESTEIO, EM TODA A EXTENS\u00c3O DA AV. ALBERTO PASQUALINI."}, {"id": "2742", "ano": "2015", "numero": "360", "tipo__sigla": "PDP", "tipo__descricao": "Pedido de Provid\u00eancia", "autoria": "Leonardo Pascoal", "texto_original": "http://sapl.esteio.rs.leg.br/media/./sapl/public/materialegislativa/2015/2742/2742_texto_integral.docx", "ementa": "SOLICITA A SUBSTITUI\u00c7\u00c3O DAS L\u00c2MPADAS DOS POSTES LOCALIZADOS NA RUA RIO GRANDE &#8211; QUADRA B, EM FRENTE AO N\u00daMERO 20 E NA RUA DAS ESTREMOSAS, EM FRENTE AO N\u00daMERO 401, NO BAIRRO SANTO IN\u00c1CIO, BEM COMO O DESLIGAMENTO DA L\u00c2MPADA DURANTE O DIA DO POSTE LOCALIZADO EM FRENTE AO N\u00daMERO 120, DA RUA RIO GRANDE &#8211; QUADRA B, NO BAIRRO LIBERDADE."}, {"id": "2743", "ano": "2015", "numero": "361", "tipo__sigla": "PDP", "tipo__descricao": "Pedido de Provid\u00eancia", "autoria": "Leonardo Pascoal", "texto_original": "http://sapl.esteio.rs.leg.br/media/./sapl/public/materialegislativa/2015/2743/2743_texto_integral.docx", "ementa": "SOLICITA A COLOCA\u00c7\u00c3O DE UMA PARADA DE \u00d4NIBUS NA AV. JO\u00c3O PAULO I, EM FRENTE AO N\u00daMERO 141."}, {"id": "2744", "ano": "2015", "numero": "362", "tipo__sigla": "PDP", "tipo__descricao": "Pedido de Provid\u00eancia", "autoria": "Leonardo Pascoal", "texto_original": "http://sapl.esteio.rs.leg.br/media/./sapl/public/materialegislativa/2015/2744/2744_texto_integral.docx", "ementa": "SOLICITA A LIMPEZA DO PASSEIO P\u00daBLICO E O CERCAMENTO DO TERRENO, LOCALIZADO NA RUA HENRIQUE DE PAULA SILVEIRA, N\u00daMERO 216."}, {"id": "2745", "ano": "2015", "numero": "363", "tipo__sigla": "PDP", "tipo__descricao": "Pedido de Provid\u00eancia", "autoria": "Jane Battistello", "texto_original": "http://sapl.esteio.rs.leg.br/media/./sapl/public/materialegislativa/2015/2745/2745_texto_integral.docx", "ementa": "SOLICITA O CONSERTO NO PASSEIO P\u00daBLICO DA RUA OLAVO FONTOURA, EM FRENTE AOS N\u00daMEROS 156 E 293."}, {"id": "2746", "ano": "2015", "numero": "364", "tipo__sigla": "PDP", "tipo__descricao": "Pedido de Provid\u00eancia", "autoria": "Jaime da Rosa", "texto_original": "http://sapl.esteio.rs.leg.br/media/./sapl/public/materialegislativa/2015/2746/2746_texto_integral.docx", "ementa": "SOLICITA A TROCA DE L\u00c2MPADA DO POSTE SITUADO NA RUA JUSCELINO KUBITSCHEK, EM FRENTE AO N\u00daMERO 156, BAIRRO PARQUE PRIMAVERA."}, {"id": "2747", "ano": "2015", "numero": "365", "tipo__sigla": "PDP", "tipo__descricao": "Pedido de Provid\u00eancia", "autoria": "Jaime da Rosa", "texto_original": "http://sapl.esteio.rs.leg.br/media/./sapl/public/materialegislativa/2015/2747/2747_texto_integral.docx", "ementa": "SOLICITA A TROCA DE L\u00c2MPADA QUEIMADA NO POSTE SITUADO NA RUA QUARAI, ESQUINA COM A RUA IN\u00c1CIO MONTANHA, EM FRENTE AO MERCADO UNIMAX, BAIRRO S\u00c3O JOS\u00c9."}, {"id": "2748", "ano": "2015", "numero": "366", "tipo__sigla": "PDP", "tipo__descricao": "Pedido de Provid\u00eancia", "autoria": "Ari Zanoni", "texto_original": "http://sapl.esteio.rs.leg.br/media/./sapl/public/materialegislativa/2015/2748/2748_texto_integral.docx", "ementa": "SOLICITA A NOTIFICA\u00c7\u00c3O DO PROPRIET\u00c1RIO/RESPONS\u00c1VEL PELO IMOV\u00c9L SITUADO NA RUA TAQUARI, AO LADO DO N\u00daMERO 122, PARA A LIMPEZA E MANUTEN\u00c7\u00c3O DO TERRENO, INCLUSIVE PODA DE \u00c1RVORE NO RESPECTIVO PASSEIO P\u00daBLICO, QUE EST\u00c1 ATINGINDO A REDE DE ILUMINA\u00c7\u00c3O P\u00daBLICA."}, {"id": "2749", "ano": "2015", "numero": "367", "tipo__sigla": "PDP", "tipo__descricao": "Pedido de Provid\u00eancia", "autoria": "Ari Zanoni", "texto_original": "http://sapl.esteio.rs.leg.br/media/./sapl/public/materialegislativa/2015/2749/2749_texto_integral.docx", "ementa": "SOLICITA A LIMPEZA DA CANALIZA\u00c7\u00c3O DE ESGOTO, DESOBSTRU\u00c7\u00c3O E RECOLOCA\u00c7\u00c3O DE TAMPA DE BOCA DE LOBO NA RUA CLARICE LISPECTOR, EM FRENTE AO N\u00daMERO 126, BAIRRO NOVO ESTEIO, PR\u00d3XIMO \u00c0 ESCOLA BAIRRO DO PARQUE."}, {"id": "2750", "ano": "2015", "numero": "368", "tipo__sigla": "PDP", "tipo__descricao": "Pedido de Provid\u00eancia", "autoria": "Ari Zanoni", "texto_original": "http://sapl.esteio.rs.leg.br/media/./sapl/public/materialegislativa/2015/2750/2750_texto_integral.docx", "ementa": "SOLICITA A TROCA DE L\u00c2MPADAS NOS SEGUINTES ENDERE\u00c7OS:\r\n\r\n1.\tAV. CELINA KROEF, ESQUINA COM A RUA PADRE ANCHIETA, EM FRENTE \u00c0 IGREJA DO NOVO ESTEIO.\r\n2.\tRUA THEOBLADO SCH\u00dcLLER, EM FRENTE AO N\u00daMERO 167, FUNDOS DA ESCOLA BAIRRO DO PARQUE, NOVO ESTEIO.\r\n3.\tRUA PADRE R\u00c9US, N\u00daMERO 19, BAIRRO VILA OL\u00cdMPICA."}, {"id": "2751", "ano": "2015", "numero": "369", "tipo__sigla": "PDP", "tipo__descricao": "Pedido de Provid\u00eancia", "autoria": "Bia Lopes", "texto_original": "http://sapl.esteio.rs.leg.br/media/./sapl/public/materialegislativa/2015/2751/2751_texto_integral.docx", "ementa": "SOLICITA QUE SE DIGNE A INFORMAR QUAL O MOTIVO DE O PROGRAMA MAIS EDUCA\u00c7\u00c3O N\u00c3O TER INICIADO NO CMEB CAMILO ALVES."}, {"id": "2752", "ano": "2015", "numero": "370", "tipo__sigla": "PDP", "tipo__descricao": "Pedido de Provid\u00eancia", "autoria": "Rafael Figliero", "texto_original": "http://sapl.esteio.rs.leg.br/media/./sapl/public/materialegislativa/2015/2752/2752_texto_integral.docx", "ementa": "SOLICITA A LIMPEZA DE UM TERRENO LOCALIZADO NA RUA ALAN KARDEC AO LADO DO N\u00daMERO 407."}, {"id": "2753", "ano": "2015", "numero": "371", "tipo__sigla": "PDP", "tipo__descricao": "Pedido de Provid\u00eancia", "autoria": "Michele Pereira", "texto_original": "http://sapl.esteio.rs.leg.br/media/./sapl/public/materialegislativa/2015/2753/2753_texto_integral.docx", "ementa": "SOLICITA OPERA\u00c7\u00c3O TAPA-BURACOS NOS SEGUINTES ENDERE\u00c7OS: \r\n\r\n1.\tRUA S\u00c3O LU\u00cdS, N\u00ba 402, BAIRRO PARQUE AMADOR;\r\n2.\tRUA CACIQUE, NO CRUZAMENTO COM RUA JO\u00c3O SIM\u00d5ES NETO, BAIRRO PARQUE AMADOR;\r\n3.\tRUA JO\u00c3O SIM\u00d5ES NETO, PR\u00d3XIMO AO N\u00daMERO 256, SOBRE A PONTE NO BAIRRO PARQUE AMADOR."}, {"id": "2754", "ano": "2015", "numero": "372", "tipo__sigla": "PDP", "tipo__descricao": "Pedido de Provid\u00eancia", "autoria": "Marcelo Kohlrausch", "texto_original": "http://sapl.esteio.rs.leg.br/media/./sapl/public/materialegislativa/2015/2754/2754_texto_integral.docx", "ementa": "SOLICITA QUE AVALIE A POSSIBILIDADE DE ADOTAR NOVA FAIXA DE SEGURAN\u00c7A E A INSTALA\u00c7\u00c3O DE PLACA &#8220;PRO\u00cdBIDO ESTACIONAR&#8221; NO TRECHO JUNTO AO HIDRANTE NA RUA S\u00c3O BORJA, N\u00ba 258, JUNTO AO RESIDENCIAL RENASCER 2."}, {"id": "2755", "ano": "2015", "numero": "373", "tipo__sigla": "PDP", "tipo__descricao": "Pedido de Provid\u00eancia", "autoria": "Marcelo Kohlrausch", "texto_original": "http://sapl.esteio.rs.leg.br/media/./sapl/public/materialegislativa/2015/2755/2755_texto_integral.docx", "ementa": "SOLICITA A INSTALA\u00c7\u00c3O DE REFLETORES DE LUZ EM PONTOS ONDE A ILUMINA\u00c7\u00c3O P\u00daBLICA CONVENCIONAL N\u00c3O SEJA SUFICIENTE PARA OFERECER SEGURAN\u00c7A AOS MORADORES DE ESTEIO. \r\n\r\nSEGUNDO O VEREADOR, ALGUNS PONTOS DE \u00d4NIBUS FICAM EM \u00c0REAS MUITO ESCURAS, COMO:\r\n1.\tAV. LUIZ PASTEUR, N\u00ba 340;\r\n2.\tRUA FERNANDO FERRARI, N\u00ba 1162;\r\n3.\tRUA 24 DE AGOSTO, N\u00ba 435;\r\n4.\tRUA RIO GRANDE, N\u00ba 1285 (CMEB OSWALDO ARANHA)."}, {"id": "2817", "ano": "2015", "numero": "379", "tipo__sigla": "PDP", "tipo__descricao": "Pedido de Provid\u00eancia", "autoria": "Marcelo Kohlrausch", "texto_original": "http://sapl.esteio.rs.leg.br/media/./sapl/public/materialegislativa/2015/2817/2817_texto_integral.docx", "ementa": "SOLICITA A NOTIFICA\u00c7\u00c3O DO PROPRIET\u00c1RIO DO TERRENO SITUADO NA RUA S\u00c3O SEBASTI\u00c3O DO CA\u00cd, N\u00b0 1.121, PARA QUE PROVIDENCIE A REMO\u00c7\u00c3O DOS ENTULHOS DEIXADOS JUNTO AO LOCAL E PROMOVA A MANUTEN\u00c7\u00c3O DA CAL\u00c7ADA."}, {"id": "2818", "ano": "2015", "numero": "380", "tipo__sigla": "PDP", "tipo__descricao": "Pedido de Provid\u00eancia", "autoria": "Marcelo Kohlrausch", "texto_original": "http://sapl.esteio.rs.leg.br/media/./sapl/public/materialegislativa/2015/2818/2818_texto_integral.docx", "ementa": "SOLICITA A MANUTEN\u00c7\u00c3O DAS SEGUINTES LUMIN\u00c1RIAS:\r\n\r\n1.\tRUA CL\u00c1UDIO MASCARELLO, N\u00baS 82 E 177;\r\n2.\tRUA BORGES DE MEDEIROS, N\u00ba 111;\r\n3.\tAVENIDA SENADOR SALGADO FILHO, N\u00baS 1229 E 1310;"}, {"id": "2819", "ano": "2015", "numero": "381", "tipo__sigla": "PDP", "tipo__descricao": "Pedido de Provid\u00eancia", "autoria": "Leonardo Pascoal", "texto_original": "http://sapl.esteio.rs.leg.br/media/./sapl/public/materialegislativa/2015/2819/2819_texto_integral.docx", "ementa": "SOLICITA A INSTALA\u00c7\u00c3O DE SINALEIRA PARA PEDESTRES, NO CRUZAMENTO DA RUA RIO GRANDE COM A RUA DOM PEDRO."}, {"id": "2820", "ano": "2015", "numero": "382", "tipo__sigla": "PDP", "tipo__descricao": "Pedido de Provid\u00eancia", "autoria": "Leonardo Pascoal", "texto_original": "http://sapl.esteio.rs.leg.br/media/./sapl/public/materialegislativa/2015/2820/2820_texto_integral.docx", "ementa": "SOLICITA A MANUTEN\u00c7\u00c3O DO PASSEIO P\u00daBLICO NA RUA DAVID CANABARRO, N\u00b0 243, E A MANUTEN\u00c7\u00c3O DO BUEIRO E DO PASSEIO P\u00daBLICO NA RUA JOCELINO ALENCAR DE OLIVEIRA, N\u00b0 127."}, {"id": "2821", "ano": "2015", "numero": "383", "tipo__sigla": "PDP", "tipo__descricao": "Pedido de Provid\u00eancia", "autoria": "Leonardo Pascoal", "texto_original": "http://sapl.esteio.rs.leg.br/media/./sapl/public/materialegislativa/2015/2821/2821_texto_integral.docx", "ementa": "SOLICITA A SUBSTITUI\u00c7\u00c3O DA L\u00c2MPADA DO POSTE LOCALIZADO NA RUA ELVIS PRESLEY, ESQUINA COM AV. LINDOLFO COLLOR, EM FRENTE AO N\u00b0 417."}, {"id": "2822", "ano": "2015", "numero": "384", "tipo__sigla": "PDP", "tipo__descricao": "Pedido de Provid\u00eancia", "autoria": "Ari Zanoni", "texto_original": "http://sapl.esteio.rs.leg.br/media/./sapl/public/materialegislativa/2015/2822/2822_texto_integral.docx", "ementa": "SOLICITA AS SEGUINTES PROVID\u00caNCIAS:\r\n\r\nA) A LIMPEZA E A DESOBSTRU\u00c7\u00c3O DA CANALIZA\u00c7\u00c3O DO ESGOTO E RECOLOCA\u00c7\u00c3O DA TAMPA DA BOCA DE LOBO SITUADO NA RUA CLARICE LISPECTOR, EM FRENTE AO N\u00b0 126 - ESCOLA BAIRRO DO PARQUE;\r\n\r\nB) A VISITA DOS AGENTES DA DENGUE PARA AVALIAR A SITU\u00c7\u00c3O DO LOCAL CITADO, POIS O AC\u00daMULO DE \u00c1GUA PARADA \u00c9 PROP\u00cdCIO PARA A PROLIFERA\u00c7\u00c3O DE MOSQUITO."}, {"id": "2823", "ano": "2015", "numero": "385", "tipo__sigla": "PDP", "tipo__descricao": "Pedido de Provid\u00eancia", "autoria": "Bia Lopes", "texto_original": "http://sapl.esteio.rs.leg.br/media/./sapl/public/materialegislativa/2015/2823/2823_texto_integral.docx", "ementa": "SOLICITA A REVIS\u00c3O E SUBSTITUI\u00c7\u00c3O DAS L\u00c2MPADAS QUEIMADAS DA RUA PAULO PONTES."}, {"id": "2824", "ano": "2015", "numero": "386", "tipo__sigla": "PDP", "tipo__descricao": "Pedido de Provid\u00eancia", "autoria": "Rafael Figliero", "texto_original": "http://sapl.esteio.rs.leg.br/media/./sapl/public/materialegislativa/2015/2824/2824_texto_integral.docx", "ementa": "SOLICITA O CONSERTO NA TAMPA DO BUEIRO NA RUA 24 DE AGOSTO, N\u00b0 384."}, {"id": "2825", "ano": "2015", "numero": "387", "tipo__sigla": "PDP", "tipo__descricao": "Pedido de Provid\u00eancia", "autoria": "Michele Pereira", "texto_original": "http://sapl.esteio.rs.leg.br/media/./sapl/public/materialegislativa/2015/2825/2825_texto_integral.docx", "ementa": "SOLICITA A CONTRATA\u00c7\u00c3O DE UM SEGURAN\u00c7A PARA O TURNO DA NOITE NA ESCOLA MUNICIPAL MARIA LYGIA ANDRADE HAACK, SITUADA NA RUA OSVALDO JESUS VIEIRA, N\u00b0 345, BAIRRO PRIMAVERA."}, {"id": "2826", "ano": "2015", "numero": "388", "tipo__sigla": "PDP", "tipo__descricao": "Pedido de Provid\u00eancia", "autoria": "Jane Battistello", "texto_original": "http://sapl.esteio.rs.leg.br/media/./sapl/public/materialegislativa/2015/2826/2826_texto_integral.docx", "ementa": "SOLICITA A DISPONIBILIDADE DE VACINAS CONTRA A GRIPE AOS SERVIDORES DA C\u00c2MARA MUNICIPAL DE VEREADORES DE ESTEIO. "}, {"id": "2859", "ano": "2015", "numero": "391", "tipo__sigla": "PDP", "tipo__descricao": "Pedido de Provid\u00eancia", "autoria": "Marcelo Kohlrausch", "texto_original": "http://sapl.esteio.rs.leg.br/media/./sapl/public/materialegislativa/2015/2859/2859_texto_integral.docx", "ementa": ",A REVIS\u00c3O DAS SEGUINTES LUMIN\u00c1RIAS:\r\n\r\n1.\tLUMIN\u00c1RIA EM FORMA DE P\u00c9TALAS JUNTO \u00c0 PASSARELA DA VILA PEDREIRA, PARALELA AOS TRILHOS DA TRENSURB;\r\n2.\tLUMIN\u00c1RIA NA AVENIDA SENADOR SALGADO FILHO, EM FRENTE AO N\u00b0 1.229.\r\n"}, {"id": "2858", "ano": "2015", "numero": "392", "tipo__sigla": "PDP", "tipo__descricao": "Pedido de Provid\u00eancia", "autoria": "Marcelo Kohlrausch", "texto_original": "http://sapl.esteio.rs.leg.br/media/./sapl/public/materialegislativa/2015/2858/2858_texto_integral.docx", "ementa": "A REMO\u00c7\u00c3O DA TERRA ACUMULADA NA AV.RIO BRANCO, BAIRRO NOVO ESTEIO."}, {"id": "2857", "ano": "2015", "numero": "393", "tipo__sigla": "PDP", "tipo__descricao": "Pedido de Provid\u00eancia", "autoria": "Marcelo Kohlrausch", "texto_original": "http://sapl.esteio.rs.leg.br/media/./sapl/public/materialegislativa/2015/2857/2857_texto_integral.docx", "ementa": "A INSTALA\u00c7\u00c3O DE UMA BASE DA GUARDA MUNICIPAL NO BAIRRO NOVO ESTEIO"}, {"id": "2856", "ano": "2015", "numero": "394", "tipo__sigla": "PDP", "tipo__descricao": "Pedido de Provid\u00eancia", "autoria": "Marcelo Kohlrausch", "texto_original": "http://sapl.esteio.rs.leg.br/media/./sapl/public/materialegislativa/2015/2856/2856_texto_integral.docx", "ementa": "UM ESTUDO SOBRE A POSSIBILIDADE DE AMPLIA\u00c7\u00c3O DO VALE LIVRO A TODAS AS S\u00c9RIES DA REDE MUNICIPAL DE ENSINO."}, {"id": "2855", "ano": "2015", "numero": "395", "tipo__sigla": "PDP", "tipo__descricao": "Pedido de Provid\u00eancia", "autoria": "Marcelo Kohlrausch", "texto_original": "http://sapl.esteio.rs.leg.br/media/./sapl/public/materialegislativa/2015/2855/2855_texto_integral.docx", "ementa": "A INSTALA\u00c7\u00c3O DE PISO T\u00c1TIL NAS PRA\u00c7AS P\u00daBLICAS DO MUNIC\u00cdPIO, ASSIM COMO EST\u00c1 OCORRENDO NA PRA\u00c7A DO EXPEDICION\u00c1RIO"}, {"id": "2854", "ano": "2015", "numero": "396", "tipo__sigla": "PDP", "tipo__descricao": "Pedido de Provid\u00eancia", "autoria": "Marcelo Kohlrausch", "texto_original": "http://sapl.esteio.rs.leg.br/media/./sapl/public/materialegislativa/2015/2854/2854_texto_integral.docx", "ementa": "UM ESTUDO SOBRE OS MEIOS PARA GARANTIR A SEGURAN\u00c7A DOS PEDESTRES QUE UTILIZAM O PASSEIO P\u00daBLICO JUNTO AO POSTO DE COMBUST\u00cdVEIS NA AV. PADRE CLARET ESQUINA COM A RUA RIO GRANDE."}, {"id": "2853", "ano": "2015", "numero": "397", "tipo__sigla": "PDP", "tipo__descricao": "Pedido de Provid\u00eancia", "autoria": "Marcelo Kohlrausch", "texto_original": "http://sapl.esteio.rs.leg.br/media/./sapl/public/materialegislativa/2015/2853/2853_texto_integral.docx", "ementa": "AS SEGUINTES PROVID\u00caNCIAS NA RUA CORA\u00c7\u00c3O DE MARIA, EM FRENTE AO N\u00b0 130:\r\n\r\n1.\tSUBSTITUI\u00c7\u00c3O DA LUMIN\u00c1RIA, QUE EST\u00c1 QUEIMADA H\u00c1 UM M\u00caS;\r\n2.\tREPINTURA DA FAIXA DE SEGURAN\u00c7A QUE SE ENCONTRA QUASE APAGADA\r\n"}, {"id": "2852", "ano": "2015", "numero": "398", "tipo__sigla": "PDP", "tipo__descricao": "Pedido de Provid\u00eancia", "autoria": "Michele Pereira", "texto_original": "http://sapl.esteio.rs.leg.br/media/./sapl/public/materialegislativa/2015/2852/2852_texto_integral.docx", "ementa": "OPERA\u00c7\u00c3O TAPA-BURACOS NOS SEGUINTES ENDERE\u00c7OS: \r\n\r\n1.\tAV. LU\u00cdS PASTEUR ESQUINA COM A RUA DA CONSTITUI\u00c7\u00c3O, EM FRENTE \u00c0 SOCIEDADE ESPIRITA PONTO DE LUZ, BAIRRO TAMANDAR\u00c9;\r\n2.\tRUA OLGA BEN\u00c1GLIO PRESTES;\r\n3.\tRUA ELIS REGINA.\r\n"}, {"id": "2851", "ano": "2015", "numero": "399", "tipo__sigla": "PDP", "tipo__descricao": "Pedido de Provid\u00eancia", "autoria": "Michele Pereira", "texto_original": "http://sapl.esteio.rs.leg.br/media/./sapl/public/materialegislativa/2015/2851/2851_texto_integral.docx", "ementa": "RECAPEAMENTO ASF\u00c1LTICO EM TODA A EXTENS\u00c3O DA RUA VITERBO JOS\u00c9 MACHADO, BAIRRO JARDIM PLANALTO.\r\n"}, {"id": "2850", "ano": "2015", "numero": "400", "tipo__sigla": "PDP", "tipo__descricao": "Pedido de Provid\u00eancia", "autoria": "Michele Pereira", "texto_original": "http://sapl.esteio.rs.leg.br/media/./sapl/public/materialegislativa/2015/2850/2850_texto_integral.docx", "ementa": "ELIMINA\u00c7\u00c3O DE BROCA E RECOLOCA\u00c7\u00c3O DA BOCA DELOBO NA CAL\u00c7ADA DA RUA PADRE SEBASTI\u00c3O PACHECO, EM FRENTE AO N\u00b0 217, BAIRRO JARDIM PLANALTO."}, {"id": "2849", "ano": "2015", "numero": "401", "tipo__sigla": "PDP", "tipo__descricao": "Pedido de Provid\u00eancia", "autoria": "Michele Pereira", "texto_original": "http://sapl.esteio.rs.leg.br/media/./sapl/public/materialegislativa/2015/2849/2849_texto_integral.docx", "ementa": "RECOLOCA\u00c7\u00c3O DA TAMPA DE REDE COLETORA DE ESGOTO NA AV. PADRE CLARET ESQUINA COM A RUA PASSO FUNDO, BAIRRO/CENTRO."}, {"id": "2845", "ano": "2015", "numero": "402", "tipo__sigla": "PDP", "tipo__descricao": "Pedido de Provid\u00eancia", "autoria": "Leonardo Pascoal", "texto_original": "http://sapl.esteio.rs.leg.br/media/./sapl/public/materialegislativa/2015/2845/2845_texto_integral.docx", "ementa": "DESRATIZA\u00c7\u00c3O DOS BUEIROS NA RUA 1\u00b0 DE MAR\u00c7O, BAIRRO PRIMAVERA"}, {"id": "2844", "ano": "2015", "numero": "403", "tipo__sigla": "PDP", "tipo__descricao": "Pedido de Provid\u00eancia", "autoria": "Leonardo Pascoal", "texto_original": "http://sapl.esteio.rs.leg.br/media/./sapl/public/materialegislativa/2015/2844/2844_texto_integral.docx", "ementa": "MANUTEN\u00c7\u00c3O DOS PASSEIOS P\u00daBLICOS NOS SEGUINTES ENDERE\u00c7OS:\r\n\r\n1.\tRUA ALBERTO BRAUM, AO LADO DO N\u00b010;\r\n2.\tAV. LUIZ PASTEUR, N\u00b05.029. FOTOS EM ANEXO.\r\n"}, {"id": "2843", "ano": "2015", "numero": "404", "tipo__sigla": "PDP", "tipo__descricao": "Pedido de Provid\u00eancia", "autoria": "Leonardo Pascoal", "texto_original": "http://sapl.esteio.rs.leg.br/media/./sapl/public/materialegislativa/2015/2843/2843_texto_integral.docx", "ementa": "REPOSI\u00c7\u00c3O DE COBERTURA ASF\u00c1LTICA SOBRE O BURACO NA AV. LUIZ PASTEUR, EM FRENTE AO N\u00b0 5.029"}, {"id": "2846", "ano": "2015", "numero": "405", "tipo__sigla": "PDP", "tipo__descricao": "Pedido de Provid\u00eancia", "autoria": "Jane Battistello", "texto_original": "http://sapl.esteio.rs.leg.br/media/./sapl/public/materialegislativa/2015/2846/2846_texto_integral.docx", "ementa": "SUBSTITUI\u00c7\u00c3O DE 4 (QUATRO) L\u00c2MPADAS NA RUA CRISTOV\u00c3O COLOMBO NO TRECHO COMPREENDIDO ENTRE A RUA BRAS\u00cdLIA E A BR 116, BAIRRO TR\u00caS PORTOS.\r\n"}, {"id": "2847", "ano": "2015", "numero": "406", "tipo__sigla": "PDP", "tipo__descricao": "Pedido de Provid\u00eancia", "autoria": "Ari Zanoni", "texto_original": "http://sapl.esteio.rs.leg.br/media/./sapl/public/materialegislativa/2015/2847/2847_texto_integral.docx", "ementa": "A REVIS\u00c3O E SUBSTITUI\u00c7\u00c3O DAS L\u00c2MPADAS EM TODO O BAIRRO NOVO ESTEIO."}, {"id": "2848", "ano": "2015", "numero": "407", "tipo__sigla": "PDP", "tipo__descricao": "Pedido de Provid\u00eancia", "autoria": "Rafael Figliero", "texto_original": "http://sapl.esteio.rs.leg.br/media/./sapl/public/materialegislativa/2015/2848/2848_texto_integral.docx", "ementa": "ELIMINA\u00c7\u00c3O DE BROCA NA RUA 24 DE AGOSTO, EM FRENTE AO N\u00b0 2.773, BAIRRO/CENTRO."}, {"id": "2837", "ano": "2015", "numero": "410", "tipo__sigla": "PDP", "tipo__descricao": "Pedido de Provid\u00eancia", "autoria": "Felipe Costella", "texto_original": "http://sapl.esteio.rs.leg.br/media/./sapl/public/materialegislativa/2015/2837/2837_texto_integral.docx", "ementa": "QUE SE DIGNE A PRESTAR ESCLARECIMENTOS SOBRE OS SEGUINTES ITENS:\r\n\r\n1.\tA FALTA DE CAIXAS PRIORIT\u00c1RIAS NESSA AG\u00caNICA;\r\n2.\tO HOR\u00c1RIO DE FUNCIONAMENTO (10H30MIN \u00c0S 15H30MIN). \r\n"}, {"id": "2836", "ano": "2015", "numero": "414", "tipo__sigla": "PDP", "tipo__descricao": "Pedido de Provid\u00eancia", "autoria": "Jane Battistello", "texto_original": "http://sapl.esteio.rs.leg.br/media/./sapl/public/materialegislativa/2015/2836/2836_texto_integral.docx", "ementa": "QUE SE DIGNE A INFORMAR SE NO GIN\u00c1SIO MUNICIPAL EDGAR PICCIONI EXISTE UMA COPA (BAR). EM CASO POSITIVO INFORMAR AINDA:\r\n\r\nA)\tQUEM \u00c9 A PESSOA QUE EXPLORA O ESPA\u00c7O?\r\nB)\tQUE TIPO DE CONTRATO EXISTE PARA O USO DO REFERIDO ESPA\u00c7O?\r\nC)\tQUAL A DATA DO IN\u00cdCIO EM QUE A ATUAL PESSOA COME\u00c7OU A UTILIZAR O ESPA\u00c7O DA COPA (BAR) DO GIN\u00c1SIO MUNICIPAL EDGAR PICCIONI?\r\nD)\tQUAL \u00c9 O VALOR MENSAL QUE ESTA PESSOA PAGA DE ENERGIA EL\u00c9TRICA?\r\nE)\tQUAL \u00c9 O VALOR QUE ESTA PESSOA PAGA DE \u00c1GUA?\r\nF)\tQUAL \u00c9 O VALOR MENSAL QUE PAGA POR USAR O ESPA\u00c7O?\r\nG)\tSOLICITO C\u00d3PIA DO CONTRATO E SUAS RENOVA\u00c7\u00d5ES?\r\n"}, {"id": "2888", "ano": "2015", "numero": "416", "tipo__sigla": "PDP", "tipo__descricao": "Pedido de Provid\u00eancia", "autoria": "Rafael Figliero", "texto_original": "http://sapl.esteio.rs.leg.br/media/./sapl/public/materialegislativa/2015/2888/2888_texto_integral.docx", "ementa": "O REBAIXAMENTO NA RAMPA DE ACESSIBILIDADE NA RUA 24 DE AGOSTO ESQUINA COM A AV. PRESIDENTE VARGAS"}, {"id": "2887", "ano": "2015", "numero": "417", "tipo__sigla": "PDP", "tipo__descricao": "Pedido de Provid\u00eancia", "autoria": "Rafael Figliero", "texto_original": "http://sapl.esteio.rs.leg.br/media/./sapl/public/materialegislativa/2015/2887/2887_texto_integral.docx", "ementa": "A ELIMINA\u00c7\u00c3O DE UMA BROCA NO PASSEIO P\u00daBLICO DA RUA 24 DE AGOSTO,EM FRENTE AO N\u00b0 2.773, BAIRRO/CENTRO"}, {"id": "2886", "ano": "2015", "numero": "418", "tipo__sigla": "PDP", "tipo__descricao": "Pedido de Provid\u00eancia", "autoria": "Rafael Figliero", "texto_original": "http://sapl.esteio.rs.leg.br/media/./sapl/public/materialegislativa/2015/2886/2886_texto_integral.docx", "ementa": "A ELIMINA\u00c7\u00c3O DE UMA BROCA NA AV. PRESIDENTE VARGAS ESQUINA COM A RUA GARIBALDI NO PONTO DE T\u00c1XI."}, {"id": "2885", "ano": "2015", "numero": "419", "tipo__sigla": "PDP", "tipo__descricao": "Pedido de Provid\u00eancia", "autoria": "Rafael Figliero", "texto_original": "http://sapl.esteio.rs.leg.br/media/./sapl/public/materialegislativa/2015/2885/2885_texto_integral.docx", "ementa": "A PODA DE \u00c1RVORE NO PONTO DE T\u00c1XI DA RUA 24 DE AGOSTO, EM FRENTE \u00c0 PRA\u00c7A DO EXPEDICION\u00c1RIO."}, {"id": "2884", "ano": "2015", "numero": "420", "tipo__sigla": "PDP", "tipo__descricao": "Pedido de Provid\u00eancia", "autoria": "Marcelo Kohlrausch", "texto_original": "http://sapl.esteio.rs.leg.br/media/./sapl/public/materialegislativa/2015/2884/2884_texto_integral.docx", "ementa": "A MANUTEN\u00c7\u00c3O DA LUMIN\u00c1RIA NA RUA CAPIT\u00c3O ARMINDO BIER, EM FRENTE AO N\u00b0 173, JUNTO AO CRUZAMENTO DA RUA NOVA TRENTO E RUA PAROB\u00c9."}, {"id": "2883", "ano": "2015", "numero": "421", "tipo__sigla": "PDP", "tipo__descricao": "Pedido de Provid\u00eancia", "autoria": "Marcelo Kohlrausch", "texto_original": "http://sapl.esteio.rs.leg.br/media/./sapl/public/materialegislativa/2015/2883/2883_texto_integral.docx", "ementa": "UM ESTUDO SOBRE A POSSIBILIDADE DA AMPLIA\u00c7\u00c3O DOS SERVI\u00c7OS DE ODONTOLOGIA NA UNIDADE B\u00c1SICA DE SA\u00daDE CRUZEIRO"}, {"id": "2882", "ano": "2015", "numero": "422", "tipo__sigla": "PDP", "tipo__descricao": "Pedido de Provid\u00eancia", "autoria": "Marcelo Kohlrausch", "texto_original": "http://sapl.esteio.rs.leg.br/media/./sapl/public/materialegislativa/2015/2882/2882_texto_integral.docx", "ementa": "A ADO\u00c7\u00c3O DO SISTEMA DE TRAVESSIA SEGURA NA RUA SANTANA, EM FRENTE AO N\u00b0 130, PR\u00d3XIMO AO RESIDENCIAL SOL NASCENTE."}, {"id": "2881", "ano": "2015", "numero": "423", "tipo__sigla": "PDP", "tipo__descricao": "Pedido de Provid\u00eancia", "autoria": "Marcelo Kohlrausch", "texto_original": "http://sapl.esteio.rs.leg.br/media/./sapl/public/materialegislativa/2015/2881/2881_texto_integral.docx", "ementa": "A COMPRA DOS MEDICAMENTOS DE USO CONT\u00cdNUO O MAIS R\u00c1PIDO POSS\u00cdVEL"}, {"id": "2880", "ano": "2015", "numero": "424", "tipo__sigla": "PDP", "tipo__descricao": "Pedido de Provid\u00eancia", "autoria": "Marcelo Kohlrausch", "texto_original": "http://sapl.esteio.rs.leg.br/media/./sapl/public/materialegislativa/2015/2880/2880_texto_integral.docx", "ementa": "A FISCALIZA\u00c7\u00c3O SOBRE O USO DOS COLETORES DE RES\u00cdDUOS ORG\u00c2NICOS NA AV. PADRE CLARET, PR\u00d3XIMO AO N\u00b0196"}, {"id": "2879", "ano": "2015", "numero": "425", "tipo__sigla": "PDP", "tipo__descricao": "Pedido de Provid\u00eancia", "autoria": "Leonardo Pascoal", "texto_original": "http://sapl.esteio.rs.leg.br/media/./sapl/public/materialegislativa/2015/2879/2879_texto_integral.docx", "ementa": "A LIMPEZA DO TERRENO LOCALIZADO NO FINAL DA RUA IRM\u00c3 DULCE, BAIRRO NOVO ESTEIO. "}, {"id": "2878", "ano": "2015", "numero": "426", "tipo__sigla": "PDP", "tipo__descricao": "Pedido de Provid\u00eancia", "autoria": "Leonardo Pascoal", "texto_original": "http://sapl.esteio.rs.leg.br/media/./sapl/public/materialegislativa/2015/2878/2878_texto_integral.docx", "ementa": "A IMPLANTA\u00c7\u00c3O DE SINALIZA\u00c7\u00c3O VI\u00c1RIA VISANDO A REDU\u00c7\u00c3O DE VELOCIDADE NA RUA QUARA\u00cd, TRAVESSA B, BAIRRO S\u00c3O JOS\u00c9"}, {"id": "2877", "ano": "2015", "numero": "427", "tipo__sigla": "PDP", "tipo__descricao": "Pedido de Provid\u00eancia", "autoria": "Leonardo Pascoal", "texto_original": "http://sapl.esteio.rs.leg.br/media/./sapl/public/materialegislativa/2015/2877/2877_texto_integral.docx", "ementa": "REPOSI\u00c7\u00c3O DE COBERTURA ASF\u00c1LTICA SOBRE OS BURACOS NA RUA VITERBO JOS\u00c9 MACHADO, EM FRENTE AO N\u00b0121"}, {"id": "2875", "ano": "2015", "numero": "428", "tipo__sigla": "PDP", "tipo__descricao": "Pedido de Provid\u00eancia", "autoria": "Leonardo Pascoal", "texto_original": "http://sapl.esteio.rs.leg.br/media/./sapl/public/materialegislativa/2015/2875/2875_texto_integral.docx", "ementa": "A MANUTEN\u00c7\u00c3O DO PASSEIO P\u00daBLICO NA RUA GUARANI, EM FRENTE AO N\u00b0371, ESQUINA COM A RUA QUARA\u00cd, BAIRRO S\u00c3O JOS\u00c9"}, {"id": "2873", "ano": "2015", "numero": "429", "tipo__sigla": "PDP", "tipo__descricao": "Pedido de Provid\u00eancia", "autoria": "Leonardo Pascoal", "texto_original": "http://sapl.esteio.rs.leg.br/media/./sapl/public/materialegislativa/2015/2873/2873_texto_integral.docx", "ementa": "A SUBSTITUI\u00c7\u00c3O DAS L\u00c2MPADA DOS POSTES LOCALIZADOS NA RUA QUARA\u00cd, EM FRENTE AO N\u00b0 29, E NA RUA GUARANI, EM FRENTE AO N\u00b0371, BAIRRO S\u00c3O JOS\u00c9."}, {"id": "2867", "ano": "2015", "numero": "430", "tipo__sigla": "PDP", "tipo__descricao": "Pedido de Provid\u00eancia", "autoria": "Leonardo Pascoal", "texto_original": "http://sapl.esteio.rs.leg.br/media/./sapl/public/materialegislativa/2015/2867/2867_texto_integral.docx", "ementa": "A INSTALA\u00c7\u00c3O DE SINALIZA\u00c7\u00c3O DE INDICA\u00c7\u00c3O DE ATRATIVO TUR\u00cdSTICO QUE ORIENTE A LOCALIZA\u00c7\u00c3O DO MUSEU HIST\u00d3RICO DESTAQUE, NA RUA THEODOMIRO PORTO DA FONSECA. "}, {"id": "2866", "ano": "2015", "numero": "431", "tipo__sigla": "PDP", "tipo__descricao": "Pedido de Provid\u00eancia", "autoria": "Leonardo Pascoal", "texto_original": "http://sapl.esteio.rs.leg.br/media/./sapl/public/materialegislativa/2015/2866/2866_texto_integral.docx", "ementa": "A INSTALA\u00c7\u00c3O DE UM REDUTOR DE VELOCIDADE NA RUA MONTEIRO LOBATO, NAS PROXIMIDADES DA RUA PADRE ANCHIETA AT\u00c9 A BR116."}, {"id": "2865", "ano": "2015", "numero": "432", "tipo__sigla": "PDP", "tipo__descricao": "Pedido de Provid\u00eancia", "autoria": "Jaime da Rosa", "texto_original": "http://sapl.esteio.rs.leg.br/media/./sapl/public/materialegislativa/2015/2865/2865_texto_integral.docx", "ementa": "A SUBSTITUI\u00c7\u00c3O DAS L\u00c2MPADAS LOCALIZADAS NO BAIRRO TR\u00caS PORTOS, NOS SEGUINTES ENDERE\u00c7OS: \r\n\r\nA)\tAVENIDA PERI FAGUNDES, EM FRENTE AO N\u00ba 377;\r\nB)\tRUA TIRADENTES, EM FRENTE AO N\u00ba 58.\r\n"}, {"id": "2876", "ano": "2015", "numero": "433", "tipo__sigla": "PDP", "tipo__descricao": "Pedido de Provid\u00eancia", "autoria": "Ari Zanoni", "texto_original": "http://sapl.esteio.rs.leg.br/media/./sapl/public/materialegislativa/2015/2876/2876_texto_integral.docx", "ementa": "A DEDETIZA\u00c7\u00c3O DO TERRENO SITUADO NA RUA ERNESTO WEICK, N\u00ba 49. "}, {"id": "2869", "ano": "2015", "numero": "435", "tipo__sigla": "PDP", "tipo__descricao": "Pedido de Provid\u00eancia", "autoria": "Jaime da Rosa", "texto_original": "http://sapl.esteio.rs.leg.br/media/./sapl/public/materialegislativa/2015/2869/2869_texto_integral.docx", "ementa": "QUE SE DIGNE A INFORMAR QUAL O MOTIVO DO N\u00c3O ATENDIMENTO DO PROTOCOLO DE N\u00ba 2015/148, POSTO QUE O REQUERIMENTO DOS MORADORES FOI PROTOCOLADO NO SETOR DE ZOONOSES E VETORES, EM 26 DE JANEIRO DE 2015, E AT\u00c9 O PRESENTE MOMENTO N\u00c3O FOI ATENDIDO."}, {"id": "2919", "ano": "2015", "numero": "440", "tipo__sigla": "PDP", "tipo__descricao": "Pedido de Provid\u00eancia", "autoria": "Bia Lopes", "texto_original": "http://sapl.esteio.rs.leg.br/media/./sapl/public/materialegislativa/2015/2919/2919_texto_integral.docx", "ementa": "QUE ESTUDE A POSSIBILIDADE DE DISPONIBILIZAR CONTAINERS PARA RES\u00cdDUOS NAS REGI\u00d5ES DE MAIOR VULNERABILIDADE."}, {"id": "2916", "ano": "2015", "numero": "441", "tipo__sigla": "PDP", "tipo__descricao": "Pedido de Provid\u00eancia", "autoria": "Rafael Figliero", "texto_original": "http://sapl.esteio.rs.leg.br/media/./sapl/public/materialegislativa/2015/2916/2916_texto_integral.docx", "ementa": "A SOLICITA\u00c7\u00c3O CONTIDA NO OF\u00cdCIO N\u00ba 341/2015-SG E AINDA N\u00c3O ATENDIDA, PARA QUE DETERMINE \u00c0 SECRETARIA COMPENTENTE, A ELIMINA\u00c7\u00c3O DE UMA BROCA NO MEIO DA AV. OLGA BEN\u00c1RIO PRESTES, EM FRENTE AO N\u00ba 312."}, {"id": "2915", "ano": "2015", "numero": "442", "tipo__sigla": "PDP", "tipo__descricao": "Pedido de Provid\u00eancia", "autoria": "Rafael Figliero", "texto_original": "http://sapl.esteio.rs.leg.br/media/./sapl/public/materialegislativa/2015/2915/2915_texto_integral.docx", "ementa": "A INSTALA\u00c7\u00c3O DE UMA RAMPA DE ACESSIBILIDADE E CORRIM\u00c3O NO PONTILH\u00c3O DE ACESSO DA RUA \u00c9RICO VERISSIMO PARA A RUA CORONEL SERAFIM PEREIRA. "}, {"id": "2914", "ano": "2015", "numero": "443", "tipo__sigla": "PDP", "tipo__descricao": "Pedido de Provid\u00eancia", "autoria": "Marcelo Kohlrausch", "texto_original": "http://sapl.esteio.rs.leg.br/media/./sapl/public/materialegislativa/2015/2914/2914_texto_integral.docx", "ementa": "INFORME SE OS PR\u00c9DIOS P\u00daBLICOS E PRIVADOS, EM ESTADO DE ABANDONO, EST\u00c3O SENDO DEDETIZADOS CONTRA O MOSQUITO DA DENGUE."}, {"id": "2913", "ano": "2015", "numero": "444", "tipo__sigla": "PDP", "tipo__descricao": "Pedido de Provid\u00eancia", "autoria": "Marcelo Kohlrausch", "texto_original": "http://sapl.esteio.rs.leg.br/media/./sapl/public/materialegislativa/2015/2913/2913_texto_integral.docx", "ementa": "QUE REFORCE A LIMPEZA DOS ARROIOS AT\u00c9 A BR-116 E AP\u00d3S A BR-448 AT\u00c9 O RIO DOS SINOS."}, {"id": "2912", "ano": "2015", "numero": "445", "tipo__sigla": "PDP", "tipo__descricao": "Pedido de Provid\u00eancia", "autoria": "Marcelo Kohlrausch", "texto_original": "http://sapl.esteio.rs.leg.br/media/./sapl/public/materialegislativa/2015/2912/2912_texto_integral.docx", "ementa": "A LIMPEZA DO PASSEIO P\u00daBLICO NA AV. PADRE CLARET, EM FRENTE AO N\u00b0 208. "}, {"id": "2911", "ano": "2015", "numero": "446", "tipo__sigla": "PDP", "tipo__descricao": "Pedido de Provid\u00eancia", "autoria": "Marcelo Kohlrausch", "texto_original": "http://sapl.esteio.rs.leg.br/media/./sapl/public/materialegislativa/2015/2911/2911_texto_integral.docx", "ementa": "A MANUTEN\u00c7\u00c3O DA RUA DALVA DE OLIVEIRA, PR\u00d3XIMO AO N\u00b0 56. "}, {"id": "2909", "ano": "2015", "numero": "447", "tipo__sigla": "PDP", "tipo__descricao": "Pedido de Provid\u00eancia", "autoria": "Marcelo Kohlrausch", "texto_original": "http://sapl.esteio.rs.leg.br/media/./sapl/public/materialegislativa/2015/2909/2909_texto_integral.docx", "ementa": "A NOTIFICA\u00c7\u00c3O DO PROPRIET\u00c1RIO QUE RESIDE AOS FUNDOS DA RUA LINOS MOELLER, N\u00b0 39, BAIRRO PARQUE PRIMAVERA, POIS O ESGOTO DO RESPECTIVO IM\u00d3VEL EST\u00c1 DESEMBOCANDO NO TERRENO DO VIZINHO."}, {"id": "2908", "ano": "2015", "numero": "448", "tipo__sigla": "PDP", "tipo__descricao": "Pedido de Provid\u00eancia", "autoria": "Leonardo Pascoal", "texto_original": "http://sapl.esteio.rs.leg.br/media/./sapl/public/materialegislativa/2015/2908/2908_texto_integral.docx", "ementa": "A LIMPEZA DO PASSEIO P\u00daBLICO NA RUA RITA DE C\u00c1SSIA, ESQUINA COM A RUA NOVO HAMBURGO."}, {"id": "2907", "ano": "2015", "numero": "449", "tipo__sigla": "PDP", "tipo__descricao": "Pedido de Provid\u00eancia", "autoria": "Leonardo Pascoal", "texto_original": "http://sapl.esteio.rs.leg.br/media/./sapl/public/materialegislativa/2015/2907/2907_texto_integral.docx", "ementa": "A MANUTEN\u00c7\u00c3O DO PASSEIO P\u00daBLICO,NA RUA RIO GRANDE, EM FRENTE AO N\u00b0 394.FOTO EM ANEXO."}, {"id": "2905", "ano": "2015", "numero": "450", "tipo__sigla": "PDP", "tipo__descricao": "Pedido de Provid\u00eancia", "autoria": "Leonardo Pascoal", "texto_original": "http://sapl.esteio.rs.leg.br/media/./sapl/public/materialegislativa/2015/2905/2905_texto_integral.docx", "ementa": "A LIMPEZA DO ARROIO ESTEIO NO TRECHO ENTRE AS RUAS NOVO HAMBURGO E RUA DA PAZ. "}, {"id": "2904", "ano": "2015", "numero": "451", "tipo__sigla": "PDP", "tipo__descricao": "Pedido de Provid\u00eancia", "autoria": "Leonardo Pascoal", "texto_original": "http://sapl.esteio.rs.leg.br/media/./sapl/public/materialegislativa/2015/2904/2904_texto_integral.docx", "ementa": "REPOSI\u00c7\u00c3O DE COBERTURA ASF\u00c1LTICA SOBRE O BURACO NA RUA JO\u00c3O SIM\u00d5ES FILHO, ESQUINA COM A RUA NOVO HAMBURGO, BAIRRO PARQUE AMADOR."}, {"id": "2903", "ano": "2015", "numero": "452", "tipo__sigla": "PDP", "tipo__descricao": "Pedido de Provid\u00eancia", "autoria": "Leonardo Pascoal", "texto_original": "http://sapl.esteio.rs.leg.br/media/./sapl/public/materialegislativa/2015/2903/2903_texto_integral.docx", "ementa": "A LIMPEZA E MANUTEN\u00c7\u00c3O DOS BUEIROS LOCALIZADOS NA RUA 24 DE AGOSTO, EM FRENTE AO N\u00ba 2.674, E RUA MINUANO, ESQUINA COM A RUA NOVO HAMBURGO, BAIRRO PARQUE AMADOR."}, {"id": "2900", "ano": "2015", "numero": "453", "tipo__sigla": "PDP", "tipo__descricao": "Pedido de Provid\u00eancia", "autoria": "Michele Pereira", "texto_original": "http://sapl.esteio.rs.leg.br/media/./sapl/public/materialegislativa/2015/2900/2900_texto_integral.docx", "ementa": "QUE ESTUDE A POSSIBILIDADE DE IMPLEMENTAR REDUTORES DE VELOCIDADE E SINALIZA\u00c7\u00c3O VI\u00c1RIA HORIZONTAL E VERTICAL NA ESTRADA PASSO DO NAZ\u00c1RIO NO TRECHO ENTRE A RUA ELBA ESTELLA MORETTI E A RUA OITO DE MAR\u00c7O, BAIRRO TR\u00caS MARIAS."}, {"id": "2899", "ano": "2015", "numero": "454", "tipo__sigla": "PDP", "tipo__descricao": "Pedido de Provid\u00eancia", "autoria": "Michele Pereira", "texto_original": "http://sapl.esteio.rs.leg.br/media/./sapl/public/materialegislativa/2015/2899/2899_texto_integral.docx", "ementa": "A DESTINA\u00c7\u00c3O DE PARTE DOS RECURSOS PROVENIENTES DAS COMPENSA\u00c7\u00d5ES REALIZADAS POR EMPREENDEDORES QUE INSTALAM SUAS ATIVIDADES NO MUNIC\u00cdPIO, CONFORME O ART. 237 DO PLANO DIRETOR &#8211; LEI MUNICIPAL N\u00ba 4.247/2006 &#8211; PARA A REVITALIZA\u00c7\u00c3O DO PARQUE GALVANY GUEDES, A FIM DE QUE HAJA A AQUISI\u00c7\u00c3O DE LIXEIRAS, CONSTRU\u00c7\u00c3O DE CHURRASQUEIRAS E PLAYGROUND."}, {"id": "2906", "ano": "2015", "numero": "456", "tipo__sigla": "PDP", "tipo__descricao": "Pedido de Provid\u00eancia", "autoria": "Marcelo Kohlrausch", "texto_original": "http://sapl.esteio.rs.leg.br/media/./sapl/public/materialegislativa/2015/2906/2906_texto_integral.docx", "ementa": "CELERIDADE AO PROCESSO ADMINISTRATIVO QUE SE REFERE \u00c0 CONTRATA\u00c7\u00c3O DE EMPRESA PARA A DESOBSTRU\u00c7\u00c3O E LIMPEZA DAS CANALIZA\u00c7\u00d5ES DA BR 116 (CONTRATO CREMA). "}, {"id": "2937", "ano": "2015", "numero": "459", "tipo__sigla": "PDP", "tipo__descricao": "Pedido de Provid\u00eancia", "autoria": "Leonardo Pascoal", "texto_original": "http://sapl.esteio.rs.leg.br/media/./sapl/public/materialegislativa/2015/2937/2937_texto_integral.docx", "ementa": "A SUBSTITUI\u00c7\u00c3O DA L\u00c2MPADA DO POSTE LOCALIZADO NA RUA GUIDO POSSAMAI, EM FRENTE AO N\u00b0 130, BAIRRO S\u00c3O SEBASTI\u00c3O"}, {"id": "2936", "ano": "2015", "numero": "460", "tipo__sigla": "PDP", "tipo__descricao": "Pedido de Provid\u00eancia", "autoria": "Leonardo Pascoal", "texto_original": "http://sapl.esteio.rs.leg.br/media/./sapl/public/materialegislativa/2015/2936/2936_texto_integral.docx", "ementa": "A MANUTEN\u00c7\u00c3O DO PASSEIO P\u00daBLICO NA RUA BENTO GON\u00c7ALVES, N\u00b0 754, NO CONDOM\u00cdNIO RESIDENCIAL ROSSI."}, {"id": "2935", "ano": "2015", "numero": "461", "tipo__sigla": "PDP", "tipo__descricao": "Pedido de Provid\u00eancia", "autoria": "Leonardo Pascoal", "texto_original": "http://sapl.esteio.rs.leg.br/media/./sapl/public/materialegislativa/2015/2935/2935_texto_integral.docx", "ementa": "A MANUTEN\u00c7\u00c3O DO BUEIRO LOCALIZADO NA RUA JOCELINO ALENCAR DE OLIVEIRA, EM FRENTE AO N\u00ba 127."}, {"id": "2934", "ano": "2015", "numero": "462", "tipo__sigla": "PDP", "tipo__descricao": "Pedido de Provid\u00eancia", "autoria": "Leonardo Pascoal", "texto_original": "http://sapl.esteio.rs.leg.br/media/./sapl/public/materialegislativa/2015/2934/2934_texto_integral.docx", "ementa": "A PAVIMENTA\u00c7\u00c3O NO ACESSO LOCALIZADO AO FINAL DA RUA FORTALEZA\r\n"}, {"id": "2933", "ano": "2015", "numero": "463", "tipo__sigla": "PDP", "tipo__descricao": "Pedido de Provid\u00eancia", "autoria": "Marcelo Kohlrausch, Jaime da Rosa", "texto_original": "http://sapl.esteio.rs.leg.br/media/./sapl/public/materialegislativa/2015/2933/2933_texto_integral.docx", "ementa": "QUE ESTUDE AS SEGUINTES POSSIBILIDADES:\r\n\r\nA)TORNAR O PASSEIO P\u00daBLICO DA AV. PERI FAGUNDES E RUA FREDERICO DHANE, AMBAS NOS BAIRROS VILA OS\u00d3RIO E TR\u00caS PORTOS, EM PISTAS ADAPTADAS PARA PEDESTRES E PRATICANTES DE CAMINHADA OU CORRIDA COM MARCA\u00c7\u00c3O DE DIST\u00c2NCIA; \r\nB) INSTALA\u00c7\u00c3O DE APARELHOS DE GIN\u00c1STICA E BEBEDOUROS NAS IMEDIA\u00c7\u00d5ES DO GIN\u00c1SIO SILVIO BATISTA.\r\n"}, {"id": "2932", "ano": "2015", "numero": "464", "tipo__sigla": "PDP", "tipo__descricao": "Pedido de Provid\u00eancia", "autoria": "Marcelo Kohlrausch", "texto_original": "http://sapl.esteio.rs.leg.br/media/./sapl/public/materialegislativa/2015/2932/2932_texto_integral.docx", "ementa": "OS SEGUINTES PROCESSOS:\r\n\r\n1.\tREPINTURA DA SINALIZA\u00c7\u00c3O DE TR\u00c2NSITO NA RUA FERNANDO FERRARI, ENTRE PADRE CLARET E SOLEDADE;\r\n2.\tREPINTURA DA SINALIZA\u00c7\u00c3O DE TR\u00c2NSITO NA RUA PELOTAS, ENTRE MACHADO LOPES E SOLEDADE;\r\n3.\tREVITALIZA\u00c7\u00c3O DA SINALIZA\u00c7\u00c3O DE TR\u00c2NSITO E A FIXA\u00c7\u00c3O DE TACH\u00d5ES NA AV. SENADOR SALGADO FILHO ENTRE A RUA CAPIT\u00c3O ARMINDO E TRAVESSA GET\u00daLIO VARGAS;\r\n"}, {"id": "2931", "ano": "2015", "numero": "465", "tipo__sigla": "PDP", "tipo__descricao": "Pedido de Provid\u00eancia", "autoria": "Marcelo Kohlrausch", "texto_original": "http://sapl.esteio.rs.leg.br/media/./sapl/public/materialegislativa/2015/2931/2931_texto_integral.docx", "ementa": "QUE ESTUDE A POSSIBILIDADE DOS SEGUINTES PEDIDOS:\r\n\r\nA)\tCONVERS\u00c3O \u00c0 ESQUERDA NO CRUZAMENTO ENTRE A RUA RIO GRANDE E AV. PADRE CLARET NO SENTIDO BAIRRO/CENTRO;\r\nB)\tAUMENTO DO TEMPO DO SEM\u00c1FORO PARA CONVERS\u00c3O \u00c0 ESQUERDA NO SENTIDO BAIRRO/CENTRO VIA AV. PADRE CLARET.\r\n"}, {"id": "2930", "ano": "2015", "numero": "466", "tipo__sigla": "PDP", "tipo__descricao": "Pedido de Provid\u00eancia", "autoria": "Marcelo Kohlrausch", "texto_original": "http://sapl.esteio.rs.leg.br/media/./sapl/public/materialegislativa/2015/2930/2930_texto_integral.docx", "ementa": "A SUBSTITUI\u00c7\u00c3O DAS L\u00c2MPADAS NOS SEGUINTES ENDERE\u00c7OS:\r\n\r\n1.\tRUA SANTANA, N\u00b0 669;\r\n2.\tRUA CAPIT\u00c3O ARMINDO BIER, N\u00b0 173;\r\n3.\tRUA SENADOR SALGADO FILHO, N\u00b0 1.229.\r\n"}, {"id": "2924", "ano": "2015", "numero": "467", "tipo__sigla": "PDP", "tipo__descricao": "Pedido de Provid\u00eancia", "autoria": "Marcelo Kohlrausch", "texto_original": "http://sapl.esteio.rs.leg.br/media/./sapl/public/materialegislativa/2015/2924/2924_texto_integral.docx", "ementa": "QUE ESTUDE A POSSIBILIDADE DE INVESTIR 50% DOS RECURSOS DESTINADOS PARA PAVIMENTA\u00c7\u00c3O EM OBRAS DE RECUPERA\u00c7\u00c3O DO SISTEMA DE DRENAGEM DO MUNIC\u00cdPIO."}, {"id": "2929", "ano": "2015", "numero": "468", "tipo__sigla": "PDP", "tipo__descricao": "Pedido de Provid\u00eancia", "autoria": "Rafael Figliero", "texto_original": "http://sapl.esteio.rs.leg.br/media/./sapl/public/materialegislativa/2015/2929/2929_texto_integral.docx", "ementa": "A NOTIFICA\u00c7\u00c3O DO PROPRIET\u00c1RIO DO IM\u00d3VEL NA RUA ARMANDO RIELA ESQUINA COM A AV. LUIZ PASTEUR PARA QUE FA\u00c7A A DESOBSTRU\u00c7\u00c3O DO PASSEIO P\u00daBLICO. "}, {"id": "2928", "ano": "2015", "numero": "469", "tipo__sigla": "PDP", "tipo__descricao": "Pedido de Provid\u00eancia", "autoria": "Rafael Figliero", "texto_original": "http://sapl.esteio.rs.leg.br/media/./sapl/public/materialegislativa/2015/2928/2928_texto_integral.docx", "ementa": "A TROCA DA L\u00c2MPADA NA RUA PELOTAS, EM FRENTE AO NUMERO 1.144."}, {"id": "2927", "ano": "2015", "numero": "470", "tipo__sigla": "PDP", "tipo__descricao": "Pedido de Provid\u00eancia", "autoria": "Rafael Figliero", "texto_original": "http://sapl.esteio.rs.leg.br/media/./sapl/public/materialegislativa/2015/2927/2927_texto_integral.docx", "ementa": "A TROCA DA L\u00c2MPADA NA AV. PADRE CLARET, EM FRENTE AO NUMERO 1.735."}, {"id": "2962", "ano": "2015", "numero": "474", "tipo__sigla": "PDP", "tipo__descricao": "Pedido de Provid\u00eancia", "autoria": "Leonardo Pascoal", "texto_original": "http://sapl.esteio.rs.leg.br/media/./sapl/public/materialegislativa/2015/2962/2962_texto_integral.docx", "ementa": "REPOSI\u00c7\u00c3O DE COBERTURA ASF\u00c1LTICA SOBRE OS BURACOS NA RUA VITERBO JOS\u00c9 MACHADO, EM FRENTE AO N\u00b0 158, E NA RUA JOCELINO ALENCAR DE OLIVEIRA, EM FRENTE AO N\u00b0 210."}, {"id": "2961", "ano": "2015", "numero": "475", "tipo__sigla": "PDP", "tipo__descricao": "Pedido de Provid\u00eancia", "autoria": "Leonardo Pascoal", "texto_original": "http://sapl.esteio.rs.leg.br/media/./sapl/public/materialegislativa/2015/2961/2961_texto_integral.docx", "ementa": "A NOTIFICA\u00c7\u00c3O DO PROPRIET\u00c1RIO RESPONS\u00c1VEL PELO IM\u00d3VEL SITUADO NA AVENIDA PRESIDENTE VARGAS, AO LADO DO N\u00b0 2.401, PARA A LIMPEZA DO PASSEIO P\u00daBLICO E A MANUTEN\u00c7\u00c3O DO TAPUME."}, {"id": "2960", "ano": "2015", "numero": "476", "tipo__sigla": "PDP", "tipo__descricao": "Pedido de Provid\u00eancia", "autoria": "Marcelo Kohlrausch", "texto_original": "http://sapl.esteio.rs.leg.br/media/./sapl/public/materialegislativa/2015/2960/2960_texto_integral.docx", "ementa": "A SUBSTITUI\u00c7\u00c3O DAS L\u00c2MPADAS NOS SEGUINTES ENDERE\u00c7OS:\r\n\r\n1.\tRUA S\u00c3O SEBASTI\u00c3O DO CA\u00cd, EM FRENTE AO N\u00b0S 600 E 664, POIS AMBAS PERMANECEM ACESSAS DIUTURNAMENTE; \r\n2.\tRUA JO\u00c3O FRAINER JUNTO AO BECO 3, ONDE UMA LUMIN\u00c1RIA EST\u00c1 DESLIGADA E A OUTRA N\u00c3O DESLIGA.\r\n"}, {"id": "2959", "ano": "2015", "numero": "477", "tipo__sigla": "PDP", "tipo__descricao": "Pedido de Provid\u00eancia", "autoria": "Marcelo Kohlrausch", "texto_original": "http://sapl.esteio.rs.leg.br/media/./sapl/public/materialegislativa/2015/2959/2959_texto_integral.docx", "ementa": "QUE DETERMINE \u00c0 SECRETARIA COMPETENTE,AS SEGUINTES PROVIDENCIAIS:\r\n\r\n1.\tINSTALA\u00c7\u00c3O DE COLETORES DE RES\u00cdDUOS S\u00d3LIDOS E ORG\u00c2NICOS NO BAIRRO SANTO IN\u00c1CIO;\r\n2.\tINSTALA\u00c7\u00c3O DE LIXEIRAS NA AVENIDA DO CARNAVAL.\r\n"}, {"id": "2958", "ano": "2015", "numero": "478", "tipo__sigla": "PDP", "tipo__descricao": "Pedido de Provid\u00eancia", "autoria": "Marcelo Kohlrausch", "texto_original": "http://sapl.esteio.rs.leg.br/media/./sapl/public/materialegislativa/2015/2958/2958_texto_integral.docx", "ementa": "QUE PROMOVA CAMPANHA DE CONSCIENTIZA\u00c7\u00c3O A RESPEITO DAS CONDI\u00c7\u00d5ES DAS CAL\u00c7ADAS P\u00daBLICAS NO BAIRRO TR\u00caS MARIA E PARQUE VOTORANTIN."}, {"id": "2956", "ano": "2015", "numero": "479", "tipo__sigla": "PDP", "tipo__descricao": "Pedido de Provid\u00eancia", "autoria": "Rafael Figliero", "texto_original": "http://sapl.esteio.rs.leg.br/media/./sapl/public/materialegislativa/2015/2956/2956_texto_integral.docx", "ementa": "A REVITALIZA\u00c7\u00c3O DAS FAIXAS DE SEGURAN\u00c7A NO CRUZAMENTO DA RUA LA SALLE COM A RUA PADRE FELIPE. "}, {"id": "2954", "ano": "2015", "numero": "480", "tipo__sigla": "PDP", "tipo__descricao": "Pedido de Provid\u00eancia", "autoria": "Rafael Figliero", "texto_original": "http://sapl.esteio.rs.leg.br/media/./sapl/public/materialegislativa/2015/2954/2954_texto_integral.docx", "ementa": "O REPARO NO ASFALTO DA RUA HUGO GUILHERME KLEIN, N\u00b0 187, EM FRENTE \u00c0ESCOLA MUNICIPAL VILA OL\u00cdMPICA"}, {"id": "2952", "ano": "2015", "numero": "481", "tipo__sigla": "PDP", "tipo__descricao": "Pedido de Provid\u00eancia", "autoria": "Ari Zanoni", "texto_original": "http://sapl.esteio.rs.leg.br/media/./sapl/public/materialegislativa/2015/2952/2952_texto_integral.docx", "ementa": "A RECUPERA\u00c7\u00c3O E RECAPEAMENTO ASF\u00c1LTICO DE TODAS AS RUAS DO BAIRRO SANTO IN\u00c1CIO. "}, {"id": "2951", "ano": "2015", "numero": "482", "tipo__sigla": "PDP", "tipo__descricao": "Pedido de Provid\u00eancia", "autoria": "Michele Pereira", "texto_original": "http://sapl.esteio.rs.leg.br/media/./sapl/public/materialegislativa/2015/2951/2951_texto_integral.docx", "ementa": "A ELIMINA\u00c7\u00c3O DA BROCA NA CAL\u00c7ADA DA RUA BORGES DE MEDEIROS, N\u00b0 160, BAIRRO JARDIM PLANALTO.\r\n"}, {"id": "2957", "ano": "2015", "numero": "483", "tipo__sigla": "PDP", "tipo__descricao": "Pedido de Provid\u00eancia", "autoria": "Jaime da Rosa", "texto_original": "http://sapl.esteio.rs.leg.br/media/./sapl/public/materialegislativa/2015/2957/2957_texto_integral.docx", "ementa": "A SUBSTITUI\u00c7\u00c3O DAS L\u00c2MPADAS NA AV. PERY FAGUNDES, NO TRECHO COMPREENDIDO ENTRE A RUA OSVALDO KROEFF E A RUA OLGA JANKOSKI, NO BAIRRO TR\u00caS PORTOS. "}, {"id": "2950", "ano": "2015", "numero": "484", "tipo__sigla": "PDP", "tipo__descricao": "Pedido de Provid\u00eancia", "autoria": "Ari Zanoni", "texto_original": "http://sapl.esteio.rs.leg.br/media/./sapl/public/materialegislativa/2015/2950/2950_texto_integral.docx", "ementa": "A RECUPERA\u00c7\u00c3O E RECAPEAMENTO ASF\u00c1LTICO DE TODAS AS RUAS DO BAIRRO SANTO IN\u00c1CIO."}, {"id": "2970", "ano": "2015", "numero": "489", "tipo__sigla": "PDP", "tipo__descricao": "Pedido de Provid\u00eancia", "autoria": "Rafael Figliero", "texto_original": "http://sapl.esteio.rs.leg.br/media/./sapl/public/materialegislativa/2015/2970/2970_texto_integral.docx", "ementa": "SOLICITA AO EXECUTIVO: O REBAIXO PARA ACESSIBILIDADE NO CANTEIRO CENTRAL DA AVENIDA PRESIDENTE VARGAS, EM FRENTE AO DETRAN DE ESTEIO E FAIXA DE SEGURAN\u00c7A NO REFERIDO LOCAL.\r\n"}, {"id": "2971", "ano": "2015", "numero": "490", "tipo__sigla": "PDP", "tipo__descricao": "Pedido de Provid\u00eancia", "autoria": "Rafael Figliero", "texto_original": "http://sapl.esteio.rs.leg.br/media/./sapl/public/materialegislativa/2015/2971/2971_texto_integral.docx", "ementa": "SOLICITA AO EXECUTIVO: A TROCA DA L\u00c2MPADA NA RUA BENTO GON\u00c7ALVES, EM FRENTE AO NUMERO 278."}, {"id": "2972", "ano": "2015", "numero": "491", "tipo__sigla": "PDP", "tipo__descricao": "Pedido de Provid\u00eancia", "autoria": "Rafael Figliero", "texto_original": "http://sapl.esteio.rs.leg.br/media/./sapl/public/materialegislativa/2015/2972/2972_texto_integral.docx", "ementa": "SOLICITA AO EXECUTIVO: REPARO NO ASFALTO NA ESQUINA DAS AVENIDAS JO\u00c3O FRAINER E HENRIQUE DE PAULA SILVEIRA.\r\n"}, {"id": "2973", "ano": "2015", "numero": "492", "tipo__sigla": "PDP", "tipo__descricao": "Pedido de Provid\u00eancia", "autoria": "Rafael Figliero", "texto_original": "http://sapl.esteio.rs.leg.br/media/./sapl/public/materialegislativa/2015/2973/2973_texto_integral.docx", "ementa": "SOLICITO AO EXECUTIVO: O REPARO NO ASFALTO NA AV. PADRE ANT\u00d4NIO VIEIRA, ESQUINA COM A RUA EL\u00d3I CHAVES."}, {"id": "2974", "ano": "2015", "numero": "493", "tipo__sigla": "PDP", "tipo__descricao": "Pedido de Provid\u00eancia", "autoria": "Rafael Figliero", "texto_original": "http://sapl.esteio.rs.leg.br/media/./sapl/public/materialegislativa/2015/2974/2974_texto_integral.docx", "ementa": "SOLICITA AO EXECUTIVO: QUE  ESTUDE A  VIABILIDADE DE COLOCAR UM CONT\u00caNIER PARA RECOLHIMENTO DE LIXO EM FRENTE AO BECO LOCALIZADO NA AV. PADRE CLARET, 1.735."}, {"id": "2975", "ano": "2015", "numero": "494", "tipo__sigla": "PDP", "tipo__descricao": "Pedido de Provid\u00eancia", "autoria": "Rafael Figliero", "texto_original": "http://sapl.esteio.rs.leg.br/media/./sapl/public/materialegislativa/2015/2975/2975_texto_integral.docx", "ementa": "SOLICITA AO EXECUTIVO: CONSERTO DE L\u00c2MPADA COM MAU CONTATO, NA RUA LIDOVINO FANTON, N\u00ba 203."}, {"id": "2976", "ano": "2015", "numero": "495", "tipo__sigla": "PDP", "tipo__descricao": "Pedido de Provid\u00eancia", "autoria": "Rafael Figliero", "texto_original": "http://sapl.esteio.rs.leg.br/media/./sapl/public/materialegislativa/2015/2976/2976_texto_integral.docx", "ementa": "SOLICITA AO EXECUTIVO: A REPOSI\u00c7\u00c3O ASF\u00c1LTICA NA RUA DOM PEDRO, PR\u00d3XIMO AO N\u00b0 419."}, {"id": "2977", "ano": "2015", "numero": "496", "tipo__sigla": "PDP", "tipo__descricao": "Pedido de Provid\u00eancia", "autoria": "Rafael Figliero", "texto_original": "http://sapl.esteio.rs.leg.br/media/./sapl/public/materialegislativa/2015/2977/2977_texto_integral.docx", "ementa": "SOLICITA AO EXECUTIVO: A CONCLUS\u00c3O DO SERVI\u00c7O REALIZADO NA CAL\u00c7ADA DA ESCOLA LA SALLE."}, {"id": "2980", "ano": "2015", "numero": "499", "tipo__sigla": "PDP", "tipo__descricao": "Pedido de Provid\u00eancia", "autoria": "Bia Lopes", "texto_original": "http://sapl.esteio.rs.leg.br/media/./sapl/public/materialegislativa/2015/2980/2980_texto_integral.docx", "ementa": "SOLICITA AO EXECUTIVO: QUE REALIZE O FECHAMENTO DA BROCA LOCALIZADA NA CAL\u00c7ADA DA RUA 1\u00b0 DE MAR\u00c7O, EM FRENTE AO N\u00b0 235."}, {"id": "2981", "ano": "2015", "numero": "500", "tipo__sigla": "PDP", "tipo__descricao": "Pedido de Provid\u00eancia", "autoria": "Bia Lopes", "texto_original": "http://sapl.esteio.rs.leg.br/media/./sapl/public/materialegislativa/2015/2981/2981_texto_integral.docx", "ementa": "SOLICITA AO EXECUTIVO: QUE REALIZE O FECHAMENTO DE DUAS BROCAS LOCALIZADAS NA RUA PE. LANDEL DE MOURA, EM FRENTE AOS N\u00daMEROS 39 E 49, NO BAIRRO SANTO IN\u00c1CIO."}, {"id": "2982", "ano": "2015", "numero": "501", "tipo__sigla": "PDP", "tipo__descricao": "Pedido de Provid\u00eancia", "autoria": "Jaime da Rosa, Felipe Costella", "texto_original": "http://sapl.esteio.rs.leg.br/media/./sapl/public/materialegislativa/2015/2982/2982_texto_integral.docx", "ementa": "SOLICITA AO EXECUTIVO: QUE ELABORE PROJETO E ENCAMINHE PROPOSTA \u00c0 FUNDERGS, PARA VIABILIZAR CONV\u00caNIO COM O OBJETIVO DE CAPTAR RECURSOS A SEREM APLICADOS NO GIN\u00c1SIO MUNICIPAL SILVIO BATISTA. "}, {"id": "2983", "ano": "2015", "numero": "502", "tipo__sigla": "PDP", "tipo__descricao": "Pedido de Provid\u00eancia", "autoria": "Ari Zanoni", "texto_original": "http://sapl.esteio.rs.leg.br/media/./sapl/public/materialegislativa/2015/2983/2983_texto_integral.docx", "ementa": "SOLICITA AO EXECUTIVO: A ELIMINA\u00c7\u00c3O DE BROCA E RECONSTRU\u00c7\u00c3O DO PASSEIO P\u00daBLICO NA RUA ASCENDINO ALVES DA SILVA, EM FRENTE AO N\u00b0 462."}, {"id": "2984", "ano": "2015", "numero": "503", "tipo__sigla": "PDP", "tipo__descricao": "Pedido de Provid\u00eancia", "autoria": "Marcelo Kohlrausch", "texto_original": "http://sapl.esteio.rs.leg.br/media/./sapl/public/materialegislativa/2015/2984/2984_texto_integral.docx", "ementa": "SOLICITA AO EXECUTIVO: QUE NOTIFIQUE O PROPRIET\u00c1RIO DO IM\u00d3VEL SITUADO JUNTO \u00c0 RUA ARMANDO RIELA, N\u00daMERO 40, ESQUINA COM A AVENIDA LUIZ PASTEUR PARA QUE O MESMO PROVIDENCIE A MANUTEN\u00c7\u00c3O DA RESPECTIVA CAL\u00c7ADA."}, {"id": "2968", "ano": "2015", "numero": "506", "tipo__sigla": "PDP", "tipo__descricao": "Pedido de Provid\u00eancia", "autoria": "Marcelo Kohlrausch", "texto_original": "http://sapl.esteio.rs.leg.br/media/./sapl/public/materialegislativa/2015/2968/2968_texto_integral.docx", "ementa": "QUE DETERMINE \u00c0 SECRETARIA COMPETENTE, QUE INCLUA NO PLANO DE A\u00c7\u00c3O CONTRA AS ENCHENTES A CONSTRU\u00c7\u00c3O DE BACIA DE CONTEN\u00c7\u00c3O PARA O ARROIO ESTEIO, CONFORME APONTA OS ESTUDOS ELABORADOS PELO IPH 2006."}, {"id": "2987", "ano": "2015", "numero": "507", "tipo__sigla": "PDP", "tipo__descricao": "Pedido de Provid\u00eancia", "autoria": "Marcelo Kohlrausch", "texto_original": "http://sapl.esteio.rs.leg.br/media/./sapl/public/materialegislativa/2015/2987/2987_texto_integral.docx", "ementa": "SOLICITA AO EXECUTIVO: QUE ESTUDE A POSSIBILIDADE  DE LOCAR EXAUSTOR AXIAL PARA REMOVER A FUMA\u00c7A JUNTO AOS PAVILH\u00d5ES ONDE OCORRE A SEMANA FARROUPILHA.\r\n"}, {"id": "2988", "ano": "2015", "numero": "508", "tipo__sigla": "PDP", "tipo__descricao": "Pedido de Provid\u00eancia", "autoria": "Marcelo Kohlrausch", "texto_original": "http://sapl.esteio.rs.leg.br/media/./sapl/public/materialegislativa/2015/2988/2988_texto_integral.docx", "ementa": "SOLICITA AO EXECUTIVO: QUE PROVIDENCIE A REMO\u00c7\u00c3O DAS PEDRAS QUE OBSTRUEM A CANALIZA\u00c7\u00c3O JUNTO A TRAVESSA SANTA CATARINA, N\u00daMERO 67."}, {"id": "2989", "ano": "2015", "numero": "509", "tipo__sigla": "PDP", "tipo__descricao": "Pedido de Provid\u00eancia", "autoria": "Marcelo Kohlrausch", "texto_original": "http://sapl.esteio.rs.leg.br/media/./sapl/public/materialegislativa/2015/2989/2989_texto_integral.docx", "ementa": "SOLICITA AO EXECUTIVO A MANUTEN\u00c7\u00c3O DA PAVIMENTA\u00c7\u00c3O NA ESQUINA DAS RUAS \u00c9RICO VER\u00cdSSIMO E S\u00c3O BORJA E NA RUA ALEGRETE, N\u00ba 351, PR\u00d3XIMO A APAE. "}, {"id": "2992", "ano": "2015", "numero": "512", "tipo__sigla": "PDP", "tipo__descricao": "Pedido de Provid\u00eancia", "autoria": "Leonardo Pascoal", "texto_original": "http://sapl.esteio.rs.leg.br/media/./sapl/public/materialegislativa/2015/2992/2992_texto_integral.docx", "ementa": "SOLICITA AO EXECUTIVO: A SUBSTITUI\u00c7\u00c3O DA L\u00c2MPADA DO POSTE LOCALIZADO NA RUA ALEGRETE, EM FRENTE AO N\u00daMERO 393. "}, {"id": "2993", "ano": "2015", "numero": "513", "tipo__sigla": "PDP", "tipo__descricao": "Pedido de Provid\u00eancia", "autoria": "Leonardo Pascoal", "texto_original": "http://sapl.esteio.rs.leg.br/media/./sapl/public/materialegislativa/2015/2993/2993_texto_integral.docx", "ementa": "SOLICITA AO EXECUTIVO: A INSTALA\u00c7\u00c3O DE PAINEL DE SENHA ELETR\u00d4NICA NA FARM\u00c1CIA B\u00c1SICA MUNICIPAL DE ESTEIO."}, {"id": "2994", "ano": "2015", "numero": "514", "tipo__sigla": "PDP", "tipo__descricao": "Pedido de Provid\u00eancia", "autoria": "Leonardo Pascoal", "texto_original": "http://sapl.esteio.rs.leg.br/media/./sapl/public/materialegislativa/2015/2994/2994_texto_integral.docx", "ementa": "SOLICITA AO EXECUTIVO: A DESRATIZA\u00c7\u00c3O DOS BUEIROS LOCALIZADOS NA RUA 1\u00ba DE MAR\u00c7O, BAIRRO PARQUE PRIMAVERA"}, {"id": "3038", "ano": "2015", "numero": "517", "tipo__sigla": "PDP", "tipo__descricao": "Pedido de Provid\u00eancia", "autoria": "Michele Pereira", "texto_original": "http://sapl.esteio.rs.leg.br/media/./sapl/public/materialegislativa/2015/3038/3038_texto_integral.docx", "ementa": "A MANUTEN\u00c7\u00c3O DAS L\u00c2MPADAS DOS POSTES QUE PERMANECEM ACESOS DURANTE O DIA:\r\n\r\n- RUA VITERBO JOS\u00c9 MACHADO, EM FRENTE AO N\u00b0 154, BAIRRO JARDIM PLANALTO;\r\n- RUA B, EM FRENTE AO N\u00b0 115, BAIRRO VILA NOVA;\r\n"}, {"id": "3037", "ano": "2015", "numero": "518", "tipo__sigla": "PDP", "tipo__descricao": "Pedido de Provid\u00eancia", "autoria": "Michele Pereira", "texto_original": "http://sapl.esteio.rs.leg.br/media/./sapl/public/materialegislativa/2015/3037/3037_texto_integral.docx", "ementa": "A TROCA DE L\u00c2MPADA DOS POSTES QUE FICAM LIGADOS ININTERRUPTAMENTE DURANTE O DIA DAS SEGUINTES VIAS P\u00daBLICAS:\r\n\r\nA)\tRUA GRAVATA\u00cd, EM FRENTE AO N\u00b0 174, BAIRRO CENTRO;\r\nB)\tRUA ITAIPU, EM FRENTE AO N\u00b0 45, ESQUINA COM A RUA JACARAND\u00c1, BAIRRO S\u00c3O SEBASTI\u00c3O;\r\n"}, {"id": "3036", "ano": "2015", "numero": "519", "tipo__sigla": "PDP", "tipo__descricao": "Pedido de Provid\u00eancia", "autoria": "Michele Pereira", "texto_original": "http://sapl.esteio.rs.leg.br/media/./sapl/public/materialegislativa/2015/3036/3036_texto_integral.docx", "ementa": "A DESOBSTRU\u00c7\u00c3O DA REDE DE ESGOTO NA TRAVESSA GON\u00c7ALVES DIAS, BAIRRO TAMANDAR\u00c9."}, {"id": "3003", "ano": "2015", "numero": "520", "tipo__sigla": "PDP", "tipo__descricao": "Pedido de Provid\u00eancia", "autoria": "Michele Pereira", "texto_original": "http://sapl.esteio.rs.leg.br/media/./sapl/public/materialegislativa/2015/3003/3003_texto_integral.docx", "ementa": "QUE SE DIGNE A INFORMAR QUANDO SER\u00c1 REALIZADA A REESTRUTURA\u00c7\u00c3O E REVITALIZA\u00c7\u00c3O DA PRA\u00c7A DOS GRINGOS, LOCALIZADA NA RUA EUCLIDES DA CUNHA ESQUINA COM A RUA S\u00c3O LEOPOLDO, NO BAIRRO JARDIM PLANALTO. "}, {"id": "3035", "ano": "2015", "numero": "521", "tipo__sigla": "PDP", "tipo__descricao": "Pedido de Provid\u00eancia", "autoria": "Rafael Figliero", "texto_original": "http://sapl.esteio.rs.leg.br/media/./sapl/public/materialegislativa/2015/3035/3035_texto_integral.docx", "ementa": "A NOTIFICA\u00c7\u00c3O DO PROPRIET\u00c1RIO DO IM\u00d3VEL NA RUA CARLOS GOMES, N\u00b0 146, PARA QUE FA\u00c7A A DESOBSTRU\u00c7\u00c3O DO PASSEIO P\u00daBLICO."}, {"id": "3034", "ano": "2015", "numero": "522", "tipo__sigla": "PDP", "tipo__descricao": "Pedido de Provid\u00eancia", "autoria": "Rafael Figliero", "texto_original": "http://sapl.esteio.rs.leg.br/media/./sapl/public/materialegislativa/2015/3034/3034_texto_integral.docx", "ementa": "A TROCA DE L\u00c2MPADA, NA RUA ENOIR DOUGLAS FAVERO, EM FRENTE AO N\u00b0 189, BAIRRO JARDIM PLANALTO."}, {"id": "3033", "ano": "2015", "numero": "523", "tipo__sigla": "PDP", "tipo__descricao": "Pedido de Provid\u00eancia", "autoria": "Ari Zanoni", "texto_original": "http://sapl.esteio.rs.leg.br/media/./sapl/public/materialegislativa/2015/3033/3033_texto_integral.docx", "ementa": "A TROCA DA L\u00c2MPADA NA RUA SAMAMBAIA, EM FRENTE AO N\u00b0 265, PARQUE PRIMAVERA"}, {"id": "3032", "ano": "2015", "numero": "524", "tipo__sigla": "PDP", "tipo__descricao": "Pedido de Provid\u00eancia", "autoria": "Ari Zanoni", "texto_original": "http://sapl.esteio.rs.leg.br/media/./sapl/public/materialegislativa/2015/3032/3032_texto_integral.docx", "ementa": "A MANUTEN\u00c7\u00c3O NO POSTE, CUJA L\u00c2MPADA PERMANECE LIGADA ININTERRUPTAMENTE NA RUA SANTO ANT\u00d4NIO, EM FRENTE AO N\u00b0 204. "}, {"id": "3030", "ano": "2015", "numero": "525", "tipo__sigla": "PDP", "tipo__descricao": "Pedido de Provid\u00eancia", "autoria": "Michele Pereira", "texto_original": "http://sapl.esteio.rs.leg.br/media/./sapl/public/materialegislativa/2015/3030/3030_texto_integral.docx", "ementa": "A INSTALA\u00c7\u00c3O DE UM BANCO NO PONTO DE \u00d4NIBUS LOCALIZADO NA RUA VITERBO JOS\u00c9 MACHADO, EM FRENTE AO N\u00b0 191, BAIRRO JARDIM PLANALTO."}, {"id": "3029", "ano": "2015", "numero": "526", "tipo__sigla": "PDP", "tipo__descricao": "Pedido de Provid\u00eancia", "autoria": "Michele Pereira", "texto_original": "http://sapl.esteio.rs.leg.br/media/./sapl/public/materialegislativa/2015/3029/3029_texto_integral.docx", "ementa": "A TROCA DA TAMPA DA BOCA DE LOBO, LOCALIZADA NA RUA BENTO GON\u00c7ALVES, EM FRENTE AO N\u00b0 1.377, ESQUINA COM A RUA BOM JESUS, BAIRRO S\u00c3O SEBASTI\u00c3O."}, {"id": "3027", "ano": "2015", "numero": "527", "tipo__sigla": "PDP", "tipo__descricao": "Pedido de Provid\u00eancia", "autoria": "Rafael Figliero", "texto_original": "http://sapl.esteio.rs.leg.br/media/./sapl/public/materialegislativa/2015/3027/3027_texto_integral.docx", "ementa": "O CONSERTO DE UMA BROCA LOCALIZADA NA RUA 24 DE AGOSTO, N\u00ba 2.773, EM FRENTE \u00c0 PARADA DE \u00d4NIBUS."}, {"id": "3026", "ano": "2015", "numero": "528", "tipo__sigla": "PDP", "tipo__descricao": "Pedido de Provid\u00eancia", "autoria": "Rafael Figliero", "texto_original": "http://sapl.esteio.rs.leg.br/media/./sapl/public/materialegislativa/2015/3026/3026_texto_integral.docx", "ementa": "O CONSERTO DE UMA BROCA NO PASSEIO P\u00daBLICO, NA RUA LU\u00cdS FRANCISCO GUIZONE, EM FRENTE AOS N\u00b0S 64, 76 E 88."}, {"id": "3007", "ano": "2015", "numero": "530", "tipo__sigla": "PDP", "tipo__descricao": "Pedido de Provid\u00eancia", "autoria": "Rafael Figliero", "texto_original": "http://sapl.esteio.rs.leg.br/media/./sapl/public/materialegislativa/2015/3007/3007_texto_integral.docx", "ementa": "QUE SE DIGNE A INFORMAR QUAIS A\u00c7\u00d5ES FORAM TOMADAS PARA SOLUCIONAR O ALAGAMENTO NA RUA DOS FERROVI\u00c1RIOS, ESQUINA COM A RUA FERNANDO FERRARI."}, {"id": "3006", "ano": "2015", "numero": "531", "tipo__sigla": "PDP", "tipo__descricao": "Pedido de Provid\u00eancia", "autoria": "Rafael Figliero", "texto_original": "http://sapl.esteio.rs.leg.br/media/./sapl/public/materialegislativa/2015/3006/3006_texto_integral.docx", "ementa": "QUE SE DIGNE A INFORMAR QUAL ATIVIDADE EST\u00c1 SENDO EXERCIDA NA RUA CARLOS GOMES, N\u00b0 146, E SE H\u00c1 LICEN\u00c7A PARA ALGUMA ATIVIDADE NO LOCAL."}, {"id": "3018", "ano": "2015", "numero": "535", "tipo__sigla": "PDP", "tipo__descricao": "Pedido de Provid\u00eancia", "autoria": "Rafael Figliero", "texto_original": "http://sapl.esteio.rs.leg.br/media/./sapl/public/materialegislativa/2015/3018/3018_texto_integral.docx", "ementa": "QUE SE DIGNE A INFORMAR O MOTIVO DA N\u00c3O ENTREGA DAS CORRESPOND\u00caNCIAS NAS RESID\u00caNCIAS DO LOTEAMENTO RESIDENCIAL CAMPOS VERDES E O PORQU\u00ca DESTA EMPRESA SOLICITAR UM POSTO DE ENTREGAS NESTE RESIDENCIAL."}, {"id": "3017", "ano": "2015", "numero": "536", "tipo__sigla": "PDP", "tipo__descricao": "Pedido de Provid\u00eancia", "autoria": "Michele Pereira", "texto_original": "http://sapl.esteio.rs.leg.br/media/./sapl/public/materialegislativa/2015/3017/3017_texto_integral.docx", "ementa": "QUE SE DIGNE A INFORMAR QUANDO SER\u00c1 REALIZADA A REESTRUTURA\u00c7\u00c3O E REVITALIZA\u00c7\u00c3O DA PRA\u00c7A DOS GRINGOS, LOCALIZADA NA RUA EUCLIDES DA CUNHA ESQUINA COM A RUA S\u00c3O LEOPOLDO, NO BAIRRO JARDIM PLANALTO. \r\n"}, {"id": "3016", "ano": "2015", "numero": "537", "tipo__sigla": "PDP", "tipo__descricao": "Pedido de Provid\u00eancia", "autoria": "Rafael Figliero", "texto_original": "http://sapl.esteio.rs.leg.br/media/./sapl/public/materialegislativa/2015/3016/3016_texto_integral.docx", "ementa": "QUE ESTUDE A POSSIBILIDADE DE ENVIAR EM FORMA DE PROJETO DE LEI, O ANTEPROJETO DE LEI QUE &#8220;ESTABELECE HOR\u00c1RIO DE DISTRIBUI\u00c7\u00c3O E COLETA DE MALOTES DE VALORES EFETUADOS POR CARRO FORTE NOS ESTABELECIMENTOS COMERCIAIS DENOMINADOS DE AG\u00caNCIAS BANC\u00c1RIAS NO \u00c2MBITO DO MUNIC\u00cdPIO DE ESTEIO&#8221;."}, {"id": "3015", "ano": "2015", "numero": "538", "tipo__sigla": "PDP", "tipo__descricao": "Pedido de Provid\u00eancia", "autoria": "Marcelo Kohlrausch", "texto_original": "http://sapl.esteio.rs.leg.br/media/./sapl/public/materialegislativa/2015/3015/3015_texto_integral.docx", "ementa": "QUE ESTUDE A POSSIBILIDADE DE ESTABELECER PARCERIA COM A AES SUL, A FIM DE IDENTIFICAR DETERMINADOS POSTES DE ENERGIA COM O NOME DAS RUAS DO MUNIC\u00cdPIO"}, {"id": "3011", "ano": "2015", "numero": "542", "tipo__sigla": "PDP", "tipo__descricao": "Pedido de Provid\u00eancia", "autoria": "Leonardo Pascoal", "texto_original": "http://sapl.esteio.rs.leg.br/media/./sapl/public/materialegislativa/2015/3011/3011_texto_integral.docx", "ementa": "A LIMPEZA E RECOLHIMENTO DOS ENTULHOS LOCALIZADOS NA RUA PERCIVAL LISBOA, ESQUINA COM A RUA NOVO HAMBURGO. "}, {"id": "3010", "ano": "2015", "numero": "543", "tipo__sigla": "PDP", "tipo__descricao": "Pedido de Provid\u00eancia", "autoria": "Leonardo Pascoal", "texto_original": "http://sapl.esteio.rs.leg.br/media/./sapl/public/materialegislativa/2015/3010/3010_texto_integral.docx", "ementa": "A SUBSTITUI\u00c7\u00c3O DA L\u00c2MPADA DO POSTE LOCALIZADO NA RUA OLGA BEN\u00c1RIO PRESTES, EM FRENTE AO N\u00ba 65, BECO I. "}, {"id": "3031", "ano": "2015", "numero": "544", "tipo__sigla": "PDP", "tipo__descricao": "Pedido de Provid\u00eancia", "autoria": "Leonardo Pascoal", "texto_original": "http://sapl.esteio.rs.leg.br/media/./sapl/public/materialegislativa/2015/3031/3031_texto_integral.docx", "ementa": "A SUBSTITUI\u00c7\u00c3O DA L\u00c2MPADA DOS POSTES LOCALIZADOS NA RUA FORTALEZA, EM FRENTE AOS N\u00daMEROS 91 E 221 E NA RUA ALV\u00cdCIO NIENOW, AO LADO DO N\u00daMERO 183. "}, {"id": "3028", "ano": "2015", "numero": "545", "tipo__sigla": "PDP", "tipo__descricao": "Pedido de Provid\u00eancia", "autoria": "Leonardo Pascoal", "texto_original": "http://sapl.esteio.rs.leg.br/media/./sapl/public/materialegislativa/2015/3028/3028_texto_integral.docx", "ementa": "COLOCA\u00c7\u00c3O DE UMA PARADA DE \u00d4NIBUS NA RUA \u00c9RICO VER\u00cdSSIMO, ESQUINA COM A RUA CAM\u00d5ES"}, {"id": "3025", "ano": "2015", "numero": "546", "tipo__sigla": "PDP", "tipo__descricao": "Pedido de Provid\u00eancia", "autoria": "Leonardo Pascoal", "texto_original": "http://sapl.esteio.rs.leg.br/media/./sapl/public/materialegislativa/2015/3025/3025_texto_integral.docx", "ementa": "A REVITALIZA\u00c7\u00c3O DOS BANHEIROS DA PRA\u00c7A DO EXPEDICION\u00c1RIO"}, {"id": "3024", "ano": "2015", "numero": "547", "tipo__sigla": "PDP", "tipo__descricao": "Pedido de Provid\u00eancia", "autoria": "Leonardo Pascoal", "texto_original": "http://sapl.esteio.rs.leg.br/media/./sapl/public/materialegislativa/2015/3024/3024_texto_integral.docx", "ementa": "A MANUTEN\u00c7\u00c3O DO PASSEIO P\u00daBLICO LOCALIZADO NA RUA BENTO GON\u00c7ALVES, NAS PROXIMIDADES DO ARROIO ESTEIO"}, {"id": "3023", "ano": "2015", "numero": "548", "tipo__sigla": "PDP", "tipo__descricao": "Pedido de Provid\u00eancia", "autoria": "Leonardo Pascoal", "texto_original": "http://sapl.esteio.rs.leg.br/media/./sapl/public/materialegislativa/2015/3023/3023_texto_integral.docx", "ementa": "O REFOR\u00c7O DA SINALIZA\u00c7\u00c3O VI\u00c1RIA NO CRUZAMENTO DA RUA AYRTON SENNA DA SILVA COM A VIA DENOMINADA &#8220;ESTRADA VELHA PARA GRAVATA\u00cd&#8221;."}, {"id": "3068", "ano": "2015", "numero": "553", "tipo__sigla": "PDP", "tipo__descricao": "Pedido de Provid\u00eancia", "autoria": "Leonardo Pascoal", "texto_original": "http://sapl.esteio.rs.leg.br/media/./sapl/public/materialegislativa/2015/3068/3068_texto_integral.docx", "ementa": "A SUBSTITUI\u00c7\u00c3O DA L\u00c2MPADA DO POSTE LOCALIZADO NA RUA CACEQUI, EM FRENTE AO N\u00ba 199, E O DESLIGAMENTO DA L\u00c2MPADA LOCALIZADA NA RUA TEOBALDO SCHULLER, EM FRENTE AO N\u00b0 34 AMBAS NO BAIRRO NOVO ESTEIO. "}, {"id": "3067", "ano": "2015", "numero": "554", "tipo__sigla": "PDP", "tipo__descricao": "Pedido de Provid\u00eancia", "autoria": "Leonardo Pascoal", "texto_original": "http://sapl.esteio.rs.leg.br/media/./sapl/public/materialegislativa/2015/3067/3067_texto_integral.docx", "ementa": "A INSTALA\u00c7\u00c3O DE BOCA DE LOBO NA RUA ALFREDO PETRY, EM FRENTE AO N\u00b0 38, BEM COMO A LIMPEZA DAS DEMAIS BOCAS DE LOBO LOCALIZADAS NA MESMA RUA"}, {"id": "3066", "ano": "2015", "numero": "555", "tipo__sigla": "PDP", "tipo__descricao": "Pedido de Provid\u00eancia", "autoria": "Leonardo Pascoal", "texto_original": "http://sapl.esteio.rs.leg.br/media/./sapl/public/materialegislativa/2015/3066/3066_texto_integral.docx", "ementa": "A NOTIFICA\u00c7\u00c3O DO PROPRIET\u00c1RIO RESPONS\u00c1VEL PELO IM\u00d3VEL SITUADO NA AVENIDA PRESIDENTE VARGAS, N\u00b0 2.748, PARA QUE PROVIDENCIE A LIMPEZA DO TERRENO. "}, {"id": "3065", "ano": "2015", "numero": "556", "tipo__sigla": "PDP", "tipo__descricao": "Pedido de Provid\u00eancia", "autoria": "Leonardo Pascoal", "texto_original": "http://sapl.esteio.rs.leg.br/media/./sapl/public/materialegislativa/2015/3065/3065_texto_integral.docx", "ementa": "A)\tA MANUTEN\u00c7\u00c3O DO PASSEIO P\u00daBLICO LOCALIZADO NA RUA DAVID CANABARRO, EM FRENTE AO N\u00ba 243;\r\nB)\tA RESTAURA\u00c7\u00c3O DO BUEIRO E DO PASSEIO P\u00daBLICO NA RUA JOCELINO ALENCAR DE OLIVEIRA, EM FRENTE AO N\u00b0 127. \r\n"}, {"id": "3064", "ano": "2015", "numero": "557", "tipo__sigla": "PDP", "tipo__descricao": "Pedido de Provid\u00eancia", "autoria": "Leonardo Pascoal", "texto_original": "http://sapl.esteio.rs.leg.br/media/./sapl/public/materialegislativa/2015/3064/3064_texto_integral.docx", "ementa": "A MANUTEN\u00c7\u00c3O DA RAMPA DE ACESSO AO PASSEIO P\u00daBLICO LOCALIZADA NA RUA 24 DE AGOSTO, ESQUINA COM AVENIDA PRESIDENTE VARGAS."}, {"id": "3063", "ano": "2015", "numero": "558", "tipo__sigla": "PDP", "tipo__descricao": "Pedido de Provid\u00eancia", "autoria": "Leonardo Pascoal", "texto_original": "http://sapl.esteio.rs.leg.br/media/./sapl/public/materialegislativa/2015/3063/3063_texto_integral.docx", "ementa": "A REVITALIZA\u00c7\u00c3O DA SINALIZA\u00c7\u00c3O DE TR\u00c2NSITO PARA A INDICA\u00c7\u00c3O DE FLUXO DE VE\u00cdCULOS NA RUA GARIBALDI, NO TRECHO QUE CORRESPONDE A PARTE COBERTA."}, {"id": "3062", "ano": "2015", "numero": "559", "tipo__sigla": "PDP", "tipo__descricao": "Pedido de Provid\u00eancia", "autoria": "Rafael Figliero", "texto_original": "http://sapl.esteio.rs.leg.br/media/./sapl/public/materialegislativa/2015/3062/3062_texto_integral.docx", "ementa": "O CONSERTO DE UMA TAMPA DE BUEIRO NA RUA PADRE FELIPE, ESQUINA COM A RUA PELOTAS."}, {"id": "3061", "ano": "2015", "numero": "560", "tipo__sigla": "PDP", "tipo__descricao": "Pedido de Provid\u00eancia", "autoria": "Rafael Figliero", "texto_original": "http://sapl.esteio.rs.leg.br/media/./sapl/public/materialegislativa/2015/3061/3061_texto_integral.docx", "ementa": "A SUBSTITUI\u00c7\u00c3O DA TAMPA DO BUEIRO LOCALIZADO NA RUA PADRE FELIPE, EM FRENTE AO N\u00ba 142 &#8211; CENTRO. "}, {"id": "3060", "ano": "2015", "numero": "561", "tipo__sigla": "PDP", "tipo__descricao": "Pedido de Provid\u00eancia", "autoria": "Rafael Figliero", "texto_original": "http://sapl.esteio.rs.leg.br/media/./sapl/public/materialegislativa/2015/3060/3060_texto_integral.docx", "ementa": "A SUBSTITUI\u00c7\u00c3O DA TAMPA DO BUEIRO LOCALIZADO NA RUA BENTO GON\u00c7ALVES, EM FRENTE AO N\u00ba 110, ESQUINA COM A RUA DOS FERROVI\u00c1RIOS &#8211; CENTRO."}, {"id": "3049", "ano": "2015", "numero": "562", "tipo__sigla": "PDP", "tipo__descricao": "Pedido de Provid\u00eancia", "autoria": "Marcelo Kohlrausch", "texto_original": "http://sapl.esteio.rs.leg.br/media/./sapl/public/materialegislativa/2015/3049/3049_texto_integral.docx", "ementa": "QUE ESTUDE A POSSIBILIDADE DE ADOTAR TRAVESSIAS SEGURAS JUNTO \u00c0S ESCOLAS DO MUNIC\u00cdPIO. "}, {"id": "3058", "ano": "2015", "numero": "563", "tipo__sigla": "PDP", "tipo__descricao": "Pedido de Provid\u00eancia", "autoria": "Marcelo Kohlrausch", "texto_original": "http://sapl.esteio.rs.leg.br/media/./sapl/public/materialegislativa/2015/3058/3058_texto_integral.docx", "ementa": "QUE ESTUDE A POSSIBILIDADE DE ENVIAR OF\u00cdCIO \u00c0 AES SUL SOLICITANDO A IMPLANTA\u00c7\u00c3O DO PROJETO &#8220;RECICLE MAIS, PAGUE MENOS&#8221;, EM NOSSO MUNIC\u00cdPIO. "}, {"id": "3057", "ano": "2015", "numero": "564", "tipo__sigla": "PDP", "tipo__descricao": "Pedido de Provid\u00eancia", "autoria": "Marcelo Kohlrausch", "texto_original": "http://sapl.esteio.rs.leg.br/media/./sapl/public/materialegislativa/2015/3057/3057_texto_integral.docx", "ementa": "QUE PASSE A ATENDER &#8211; NOS CENTROS DE REFER\u00caNCIA EM ASSIST\u00caNCIA SOCIAL &#8211; OS INTERESSADOS EM REQUER O BENEF\u00cdCIO DO PASSE LIVRE."}, {"id": "3056", "ano": "2015", "numero": "565", "tipo__sigla": "PDP", "tipo__descricao": "Pedido de Provid\u00eancia", "autoria": "Michele Pereira", "texto_original": "http://sapl.esteio.rs.leg.br/media/./sapl/public/materialegislativa/2015/3056/3056_texto_integral.docx", "ementa": "A MANUTEN\u00c7\u00c3O NOS POSTES DE ENERGIA DA RUA VITERBO JOS\u00c9 MACHADO, EM FRENTE AO N\u00ba 191, NO BAIRRO JARDIM PLANALTO E NA RUA FERNANDO FERRARI, EM FRENTE AO N\u00ba 1.380, BAIRRO/CENTRO, POIS AS L\u00c2MPADAS PERMANECEM ACESSAS DURANTE O PER\u00cdODO DIURNO. "}, {"id": "3055", "ano": "2015", "numero": "566", "tipo__sigla": "PDP", "tipo__descricao": "Pedido de Provid\u00eancia", "autoria": "Michele Pereira", "texto_original": "http://sapl.esteio.rs.leg.br/media/./sapl/public/materialegislativa/2015/3055/3055_texto_integral.docx", "ementa": "A MANUTEN\u00c7\u00c3O NOS TR\u00caS POSTES LOCALIZADOS NO CANTEIRO CENTRAL DA AVENIDA PADRE LANDEL DE MOURA, ENTRE A RUA DAS D\u00c1LIAS E A RUA DOS PIONEIROS, E, EM FRENTE AO N\u00ba 154 DA AVENIDA PADRE LANDEL DE MOURA, NO BAIRRO SANTO IN\u00c1CIO."}, {"id": "3054", "ano": "2015", "numero": "567", "tipo__sigla": "PDP", "tipo__descricao": "Pedido de Provid\u00eancia", "autoria": "Michele Pereira", "texto_original": "http://sapl.esteio.rs.leg.br/media/./sapl/public/materialegislativa/2015/3054/3054_texto_integral.docx", "ementa": "QUE FA\u00c7A A OPERA\u00c7\u00c3O TAPA BURACO NOS SEGUINTES ENDDERE\u00c7OS: \r\n\r\nA)\tRUA EURICO LARA, ESQUINA COM A RUA RIO PARDO, BAIRRO/CENTRO;\r\nB)\tAVENIDA PADRE LANDEL DE MOURA, EM FRENTE AO N\u00ba 49, BAIRRO SANTO IN\u00c1CIO.\r\n"}, {"id": "3053", "ano": "2015", "numero": "568", "tipo__sigla": "PDP", "tipo__descricao": "Pedido de Provid\u00eancia", "autoria": "Ari Zanoni", "texto_original": "http://sapl.esteio.rs.leg.br/media/./sapl/public/materialegislativa/2015/3053/3053_texto_integral.docx", "ementa": "A MANUTEN\u00c7\u00c3O NO POSTE DE ENERGIA LOCALIZADO NA RUA ORLANDO SILVA, EM FRENTE AO N\u00ba 148, PARQUE SANTO IN\u00c1CIO, CUJA L\u00c2MPADA EST\u00c1 ACESA DIA E NOITE H\u00c1 06 (SEIS) MESES. "}, {"id": "3052", "ano": "2015", "numero": "569", "tipo__sigla": "PDP", "tipo__descricao": "Pedido de Provid\u00eancia", "autoria": "Ari Zanoni", "texto_original": "http://sapl.esteio.rs.leg.br/media/./sapl/public/materialegislativa/2015/3052/3052_texto_integral.docx", "ementa": "A SUBSTITUI\u00c7\u00c3O DA L\u00c2MPADA NA RUA PRATA, EM FRENTE AO N\u00ba 125. "}, {"id": "3051", "ano": "2015", "numero": "570", "tipo__sigla": "PDP", "tipo__descricao": "Pedido de Provid\u00eancia", "autoria": "Ari Zanoni", "texto_original": "http://sapl.esteio.rs.leg.br/media/./sapl/public/materialegislativa/2015/3051/3051_texto_integral.docx", "ementa": "A LIMPEZA, DESENTUPIMENTO DA REDE DE ESGOTO E A RECUPERA\u00c7\u00c3O DAS BOCAS DE LOBO EM TODA A EXTENS\u00c3O DA RUA NA\u00c7\u00d5ES \u00c1RABES E DA RUA ORESTESPIANTA, NO PARQUE PRIMAVERA. "}, {"id": "3050", "ano": "2015", "numero": "571", "tipo__sigla": "PDP", "tipo__descricao": "Pedido de Provid\u00eancia", "autoria": "Bia Lopes", "texto_original": "http://sapl.esteio.rs.leg.br/media/./sapl/public/materialegislativa/2015/3050/3050_texto_integral.docx", "ementa": "QUE REALIZE A PINTURA DA FAIXA DE SEGURAN\u00c7A NA RUA DOM PEDRO, EM FRENTE \u00c0 DOCTOR CLIN. "}, {"id": "3059", "ano": "2015", "numero": "572", "tipo__sigla": "PDP", "tipo__descricao": "Pedido de Provid\u00eancia", "autoria": "Marcelo Kohlrausch", "texto_original": "http://sapl.esteio.rs.leg.br/media/./sapl/public/materialegislativa/2015/3059/3059_texto_integral.docx", "ementa": "QUE SE DIGNE A INFORMAR SE H\u00c1 PROJETO PREVENDO A LIGA\u00c7\u00c3O, POR MEIO DE PONTE OU GALERIA,ENTRE A RUA DO IMP\u00c9RIO E A RUA PEDRO DOS SANTOS. EM CASO POSITIVO, QUAL A PREVIS\u00c3O DE IN\u00cdCIO DA OBRA?"}, {"id": "3046", "ano": "2015", "numero": "575", "tipo__sigla": "PDP", "tipo__descricao": "Pedido de Provid\u00eancia", "autoria": "Michele Pereira", "texto_original": "http://sapl.esteio.rs.leg.br/media/./sapl/public/materialegislativa/2015/3046/3046_texto_integral.docx", "ementa": "QUE ESTUDE A POSSIBILIDADE DE ENVIAR EM FORMA DE PROJETO DE LEI A ESTA CASA LEGISLATIVA, O ANTEPROJETO DE LEI QUE &#8220;CRIA O PROGRAMA QUE INCENTIVA A COMPOSTAGEM ORG\u00c2NICA NAS ESCOLAS MUNICIPAIS E D\u00c1 OUTRAS PROVID\u00caNCIAS&#8221;."}, {"id": "3080", "ano": "2015", "numero": "576", "tipo__sigla": "PDP", "tipo__descricao": "Pedido de Provid\u00eancia", "autoria": "Leonardo Pascoal", "texto_original": "http://sapl.esteio.rs.leg.br/media/./sapl/public/materialegislativa/2015/3080/3080_texto_integral.docx", "ementa": "A LIMPEZA DOS BUEIROS LOCALIZADOS EM TODA A EXTENS\u00c3O DA RUA JACARAND\u00c1. "}, {"id": "3079", "ano": "2015", "numero": "577", "tipo__sigla": "PDP", "tipo__descricao": "Pedido de Provid\u00eancia", "autoria": "Leonardo Pascoal", "texto_original": "http://sapl.esteio.rs.leg.br/media/./sapl/public/materialegislativa/2015/3079/3079_texto_integral.docx", "ementa": "A LIMPEZA DOS BUEIROS LOCALIZADOS EM TODA A EXTENS\u00c3O DA RUA ARAUC\u00c1RIA. "}, {"id": "3077", "ano": "2015", "numero": "578", "tipo__sigla": "PDP", "tipo__descricao": "Pedido de Provid\u00eancia", "autoria": "Leonardo Pascoal", "texto_original": "http://sapl.esteio.rs.leg.br/media/./sapl/public/materialegislativa/2015/3077/3077_texto_integral.docx", "ementa": "A LIMPEZA EM TODA A EXTENS\u00c3O DA RUA MONTEIRO LOBATO. "}, {"id": "3083", "ano": "2015", "numero": "579", "tipo__sigla": "PDP", "tipo__descricao": "Pedido de Provid\u00eancia", "autoria": "Leonardo Pascoal", "texto_original": "http://sapl.esteio.rs.leg.br/media/./sapl/public/materialegislativa/2015/3083/3083_texto_integral.docx", "ementa": "A REPOSI\u00c7\u00c3O DA COBERTURA ASF\u00c1LTICA SOBRE OS BURACOS LOCALIZADOS NA RUA 8 DE MAR\u00c7O, EM FRENTE AO N\u00daMERO 562, NA AV. LUIZ PASTEUR, EM FRENTE AO N\u00daMERO 5.144, E ESQUINA COM AS RUAS CLAUDIO MANOEL DA COSTA E PADRE SEBASTI\u00c3O PACHECO. "}, {"id": "3081", "ano": "2015", "numero": "580", "tipo__sigla": "PDP", "tipo__descricao": "Pedido de Provid\u00eancia", "autoria": "Leonardo Pascoal", "texto_original": "http://sapl.esteio.rs.leg.br/media/./sapl/public/materialegislativa/2015/3081/3081_texto_integral.docx", "ementa": "A LIMPEZA DO CAMPO LOCALIZADO ENTRE AS RUAS 1\u00ba E 08 DE MAR\u00c7O, BAIRRO PARQUE PRIMAVERA. "}, {"id": "3078", "ano": "2015", "numero": "581", "tipo__sigla": "PDP", "tipo__descricao": "Pedido de Provid\u00eancia", "autoria": "Leonardo Pascoal", "texto_original": "http://sapl.esteio.rs.leg.br/media/./sapl/public/materialegislativa/2015/3078/3078_texto_integral.docx", "ementa": "QUE SEJA DISPONIBILIZADA UMA CADEIRA DE RODAS JUNTO AO CEMIT\u00c9RIO MUNICIPAL DOIS DE NOVEMBRO, PARA EVENTUAL UTILIZA\u00c7\u00c3O DE VISITANTES QUE NECESSITEM."}, {"id": "3088", "ano": "2015", "numero": "582", "tipo__sigla": "PDP", "tipo__descricao": "Pedido de Provid\u00eancia", "autoria": "Leonardo Pascoal", "texto_original": "http://sapl.esteio.rs.leg.br/media/./sapl/public/materialegislativa/2015/3088/3088_texto_integral.docx", "ementa": "A MANUTEN\u00c7\u00c3O DO BUEIRO LOCALIZADO NA RUA JOCELINO ALENCAR DE OLIVEIRA, EM FRENTE AO N\u00b0 127."}, {"id": "3076", "ano": "2015", "numero": "583", "tipo__sigla": "PDP", "tipo__descricao": "Pedido de Provid\u00eancia", "autoria": "Jaime da Rosa", "texto_original": "http://sapl.esteio.rs.leg.br/media/./sapl/public/materialegislativa/2015/3076/3076_texto_integral.docx", "ementa": "POR INTERM\u00c9DIO DE SUA PRESIDENTE, ENCAMINHA,EM ANEXO,C\u00d3PIAS FISCAIS REFERENTES \u00c0 AQUISI\u00c7\u00c3O DAS BANDEIRAS E PEDESTAIS OUTRORA INSTALADOS NOS GABINETES DOS VEREADORES DESTA CASA LEGISLATIVA. "}, {"id": "3087", "ano": "2015", "numero": "584", "tipo__sigla": "PDP", "tipo__descricao": "Pedido de Provid\u00eancia", "autoria": "Rafael Figliero", "texto_original": "http://sapl.esteio.rs.leg.br/media/./sapl/public/materialegislativa/2015/3087/3087_texto_integral.docx", "ementa": "A INSTALA\u00c7\u00c3O DE PISO T\u00c1TIL NAS CAL\u00c7ADAS DE PR\u00c9DIOS P\u00daBLICOS DO MUNIC\u00cdPIO, OBEDECENDO \u00c0S ESPECIFICA\u00c7\u00d5ES T\u00c9CNICAS DA ASSOCIA\u00c7\u00c3O BRASILEIRA DE NORMAS T\u00c9CNICAS &#8211; ABNT E QUE SE FA\u00c7A CUMPRIR O PROGRAMA ESTEIO ACESS\u00cdVEL."}, {"id": "3082", "ano": "2015", "numero": "585", "tipo__sigla": "PDP", "tipo__descricao": "Pedido de Provid\u00eancia", "autoria": "Rafael Figliero", "texto_original": "http://sapl.esteio.rs.leg.br/media/./sapl/public/materialegislativa/2015/3082/3082_texto_integral.docx", "ementa": "A SUBSTITUI\u00c7\u00c3O DE UMA L\u00c2MPADA, NA RUA ALEGRETE, EM FRENTE AO N\u00ba 977 - CENTRO."}, {"id": "3084", "ano": "2015", "numero": "588", "tipo__sigla": "PDP", "tipo__descricao": "Pedido de Provid\u00eancia", "autoria": "Leonardo Pascoal", "texto_original": "http://sapl.esteio.rs.leg.br/media/./sapl/public/materialegislativa/2015/3084/3084_texto_integral.docx", "ementa": "QUE SE DIGNE A INFORMAR QUAL A SITUA\u00c7\u00c3O ATUAL DA DILIG\u00caNCIA DE DESTINA\u00c7\u00c3O DE RECURSOS DO TERMO DE COMPROMISSO N\u00ba 0402.493-66/2012-RS, SOLICITADA ATRAV\u00c9S DO OF\u00cdCIO OF.GG/SJL/UAJ-051, DO GABINETE DO GOVERNADOR DO ESTADO DO RIO GRANDE DO SUL, DE 12 DE SETEMBRO DE 2014."}, {"id": "3108", "ano": "2015", "numero": "589", "tipo__sigla": "PDP", "tipo__descricao": "Pedido de Provid\u00eancia", "autoria": "Ari Zanoni", "texto_original": "http://sapl.esteio.rs.leg.br/media/./sapl/public/materialegislativa/2015/3108/3108_texto_integral.docx", "ementa": "A ELIMINA\u00c7\u00c3O DE BROCA E RECONSTRU\u00c7\u00c3O DO PASSEIO P\u00daBLICO NA RUA IRM\u00c3O ALEXANDRE DOMINGUES LEAL CABALLERO, EM FRENTE AO N\u00daMERO 37 &#8211; PARQUE CLARET."}, {"id": "3106", "ano": "2015", "numero": "591", "tipo__sigla": "PDP", "tipo__descricao": "Pedido de Provid\u00eancia", "autoria": "Ari Zanoni", "texto_original": "http://sapl.esteio.rs.leg.br/media/./sapl/public/materialegislativa/2015/3106/3106_texto_integral.docx", "ementa": "A ELIMINA\u00c7\u00c3O DE UMA BROCA E RECAPEAMENTO ASF\u00c1LTICO NA RUA IN\u00c1CIO MONTANHA, EM FRENTE AO N\u00daMERO 210 &#8211; BAIRRO S\u00c3O JOS\u00c9"}, {"id": "3107", "ano": "2015", "numero": "592", "tipo__sigla": "PDP", "tipo__descricao": "Pedido de Provid\u00eancia", "autoria": "Ari Zanoni", "texto_original": "http://sapl.esteio.rs.leg.br/media/./sapl/public/materialegislativa/2015/3107/3107_texto_integral.docx", "ementa": "A ELIMINA\u00c7\u00c3O DE UMA BROCA E RECONSTRU\u00c7\u00c3O DO PASSEIO P\u00daBLICO NA AV. LUIZ PASTEUR, EM FRENTE AO N\u00daMERO 827 &#8211; BAIRRO TR\u00caS PORTOS. "}, {"id": "3105", "ano": "2015", "numero": "593", "tipo__sigla": "PDP", "tipo__descricao": "Pedido de Provid\u00eancia", "autoria": "Leonardo Pascoal", "texto_original": "http://sapl.esteio.rs.leg.br/media/./sapl/public/materialegislativa/2015/3105/3105_texto_integral.docx", "ementa": "A IMPLANTA\u00c7\u00c3O DE SINALIZA\u00c7\u00c3O VI\u00c1RIA VISANDO \u00c0 REDU\u00c7\u00c3O DE VELOCIDADE E A SEGURAN\u00c7A DOS PEDESTRES NA RUA JOCELINO ALENCAR DE OLIVEIRA, NO BAIRRO JARDIM PLANALTO."}, {"id": "3104", "ano": "2015", "numero": "594", "tipo__sigla": "PDP", "tipo__descricao": "Pedido de Provid\u00eancia", "autoria": "Leonardo Pascoal", "texto_original": "http://sapl.esteio.rs.leg.br/media/./sapl/public/materialegislativa/2015/3104/3104_texto_integral.docx", "ementa": "A COLOCA\u00c7\u00c3O DE BRITA NO BECO AO LADO NO N\u00b0 2.358, NA RUA 24 DE AGOSTO"}, {"id": "3102", "ano": "2015", "numero": "595", "tipo__sigla": "PDP", "tipo__descricao": "Pedido de Provid\u00eancia", "autoria": "Rafael Figliero", "texto_original": "http://sapl.esteio.rs.leg.br/media/./sapl/public/materialegislativa/2015/3102/3102_texto_integral.docx", "ementa": "A ELIMINA\u00c7\u00c3O DE UMA BROCA NA CAL\u00c7ADA NA RUA LU\u00cdS FRANCISCO GUIZONE 88, 76 E 64"}, {"id": "3101", "ano": "2015", "numero": "597", "tipo__sigla": "PDP", "tipo__descricao": "Pedido de Provid\u00eancia", "autoria": "Leonardo Pascoal", "texto_original": "http://sapl.esteio.rs.leg.br/media/./sapl/public/materialegislativa/2015/3101/3101_texto_integral.docx", "ementa": "A)\tREFOR\u00c7O NA ILUMINA\u00c7\u00c3O P\u00daBLICA EXISTENTE NA BR-116, DESCIDA DA PASSARELA DA ESTA\u00c7\u00c3O ESTEIO DA TRENSURB, PR\u00d3XIMO A PARADA DE \u00d4NIBUS, EM DIRE\u00c7\u00c3O A VILA PEDREIRA;\r\nB)\tSUBSTITUI\u00c7\u00c3O DA L\u00c2MPADA DO POSTE LOCALIZADO NA RUA 08 DE MAR\u00c7O, EM FRENTE AO N\u00b0 490, BAIRRO PARQUE PRIMAVERA. \r\n"}, {"id": "3100", "ano": "2015", "numero": "598", "tipo__sigla": "PDP", "tipo__descricao": "Pedido de Provid\u00eancia", "autoria": "Marcelo Kohlrausch", "texto_original": "http://sapl.esteio.rs.leg.br/media/./sapl/public/materialegislativa/2015/3100/3100_texto_integral.docx", "ementa": "A INSTALA\u00c7\u00c3O DE SINALEIRA PARA PEDESTRES NO CRUZAMENTO DA RUA DOM PEDRO COM A BENTO GON\u00c7ALVES."}, {"id": "3099", "ano": "2015", "numero": "599", "tipo__sigla": "PDP", "tipo__descricao": "Pedido de Provid\u00eancia", "autoria": "Marcelo Kohlrausch", "texto_original": "http://sapl.esteio.rs.leg.br/media/./sapl/public/materialegislativa/2015/3099/3099_texto_integral.docx", "ementa": "QUE AVALIE A POSSIBILIDADE DE INSTALAR ABRIGOS (NAS PARADAS DE \u00d4NIBUS) COM DIMENS\u00d5ES ADEQUADAS A RESPECTIVA DEMANDA.EXISTEM LOCAIS ONDE \u00c9 POSS\u00cdVEL OBSERVAR A FALTA DA ESTRUTURA PARA OS USU\u00c1RIOS DO TRANSPORTE P\u00daBLICO:\r\nA)\tRUA DOM PEDRO, EM FRENTE A PRA\u00c7A DO EXPEDICION\u00c1RIO;\r\nB)\tAVENIDA PRESIDENTE VARGAS, EM FRENTE A GRAZZIOTIN;\r\nC)\tRUA RIO PARDO, EM FRENTE A ESCOLA AUGUSTO MEYER;\r\nD)\tAVENIDA PORTO ALEGRE, JUNTO A ESCOLA JARDIM PLANALTO.\r\n"}, {"id": "3103", "ano": "2015", "numero": "600", "tipo__sigla": "PDP", "tipo__descricao": "Pedido de Provid\u00eancia", "autoria": "Rafael Figliero", "texto_original": "http://sapl.esteio.rs.leg.br/media/./sapl/public/materialegislativa/2015/3103/3103_texto_integral.docx", "ementa": "C\u00d3PIA INTEGRAL DO PROCESSO N\u00ba 014/1.14.0000627-4, REFERENTE \u00c0 A\u00c7\u00c3O DO MINISTERIO P\u00daBLICO CONTRA O MUNIC\u00cdPIO DE ESTEIO, O QUAL TRATA SOBRE AS ENCHENTES NA CIDADE. "}, {"id": "3129", "ano": "2015", "numero": "612", "tipo__sigla": "PDP", "tipo__descricao": "Pedido de Provid\u00eancia", "autoria": "Rafael Figliero", "texto_original": "http://sapl.esteio.rs.leg.br/media/./sapl/public/materialegislativa/2015/3129/3129_texto_integral.docx", "ementa": "A CONCLUS\u00c3O NA CAL\u00c7ADA DA ESCOLA LA SALLE"}, {"id": "3126", "ano": "2015", "numero": "613", "tipo__sigla": "PDP", "tipo__descricao": "Pedido de Provid\u00eancia", "autoria": "Jaime da Rosa", "texto_original": "http://sapl.esteio.rs.leg.br/media/./sapl/public/materialegislativa/2015/3126/3126_texto_integral.docx", "ementa": "A ELIMINA\u00c7\u00c3O DE BROCA EXISTENTE NA CAL\u00c7ADA DA RUA LUIZ CARLOS MORETTI NUNES, N\u00daMERO 20, PARQUE SANTO IN\u00c1CIO, ESQUINA COM A RUA PADRE ANT\u00d4NIO VIEIRA. "}, {"id": "3127", "ano": "2015", "numero": "614", "tipo__sigla": "PDP", "tipo__descricao": "Pedido de Provid\u00eancia", "autoria": "Rafael Figliero", "texto_original": "http://sapl.esteio.rs.leg.br/media/./sapl/public/materialegislativa/2015/3127/3127_texto_integral.docx", "ementa": "A REPOSI\u00c7\u00c3O DE ASFALTO NA RUA PADRE FELIPE EM FRENTE AOS N\u00b0S 1.437 E 1.457. "}, {"id": "3132", "ano": "2015", "numero": "615", "tipo__sigla": "PDP", "tipo__descricao": "Pedido de Provid\u00eancia", "autoria": "Rafael Figliero", "texto_original": "http://sapl.esteio.rs.leg.br/media/./sapl/public/materialegislativa/2015/3132/3132_texto_integral.docx", "ementa": "UMA OPERA\u00c7\u00c3O TAPA BURACOS NA RUA LIBERATO SALZANO NA DESCIDA DO VIADUTO DA VILA OS\u00d3RIO.\r\n"}, {"id": "3124", "ano": "2015", "numero": "616", "tipo__sigla": "PDP", "tipo__descricao": "Pedido de Provid\u00eancia", "autoria": "Rafael Figliero", "texto_original": "http://sapl.esteio.rs.leg.br/media/./sapl/public/materialegislativa/2015/3124/3124_texto_integral.docx", "ementa": "A REPOSI\u00c7\u00c3O DE ASFALTO NA RUA DOM PEDRO, PR\u00d3XIMO AO N\u00b0 419. "}, {"id": "3131", "ano": "2015", "numero": "617", "tipo__sigla": "PDP", "tipo__descricao": "Pedido de Provid\u00eancia", "autoria": "Rafael Figliero", "texto_original": "http://sapl.esteio.rs.leg.br/media/./sapl/public/materialegislativa/2015/3131/3131_texto_integral.docx", "ementa": "A REPOSI\u00c7\u00c3O DE ASFALTO NA AV. PADRE CLARET EM FRENTE AOS N\u00daMEROS 807 E 843.\r\n"}, {"id": "3118", "ano": "2015", "numero": "624", "tipo__sigla": "PDP", "tipo__descricao": "Pedido de Provid\u00eancia", "autoria": "Leonardo Pascoal", "texto_original": "http://sapl.esteio.rs.leg.br/media/./sapl/public/materialegislativa/2015/3118/3118_texto_integral.docx", "ementa": "O CONSERTO DE SEM\u00c1FORO LOCALIZADO NO CRUZAMENTO DA AVENIDA DOM PEDRO COM A RUA RIO GRANDE, TENDO EM VISTA QUE O MESMO SE ENCONTRA EM AMARELO INTERMITENTE H\u00c1 QUASE UMA SEMANA."}, {"id": "3140", "ano": "2015", "numero": "625", "tipo__sigla": "PDP", "tipo__descricao": "Pedido de Provid\u00eancia", "autoria": "Leo Dahmer", "texto_original": "http://sapl.esteio.rs.leg.br/media/./sapl/public/materialegislativa/2015/3140/3140_texto_integral.docx", "ementa": "QUE AVALIE A PROPOSTA ANEXADA A ESTE DOCUMENTO E RETORNE PARA ESTA CASA COMO PROJETO DE LEI A SER APRECIADO PELOS DEMAIS VEREADORES."}, {"id": "3128", "ano": "2015", "numero": "627", "tipo__sigla": "PDP", "tipo__descricao": "Pedido de Provid\u00eancia", "autoria": "Michele Pereira", "texto_original": "http://sapl.esteio.rs.leg.br/media/./sapl/public/materialegislativa/2015/3128/3128_texto_integral.docx", "ementa": "A TROCA DE L\u00c2MPADA NO POSTE LOCALIZADO EM FRENTE AO N\u00daMERO 139, NA RUA EZEQUIEL NUNES FILHO, BAIRRO S\u00c3O SEBASTI\u00c3O."}, {"id": "3122", "ano": "2015", "numero": "628", "tipo__sigla": "PDP", "tipo__descricao": "Pedido de Provid\u00eancia", "autoria": "Marcelo Kohlrausch", "texto_original": "http://sapl.esteio.rs.leg.br/media/./sapl/public/materialegislativa/2015/3122/3122_texto_integral.docx", "ementa": "QUE ESTUDE A POSSIBILIDADE DE PROMOVER CAPACITA\u00c7\u00d5ES DIRIGIDAS \u00c0 COMUNIDADE E PARA COLABORADORES DA ADMINISTRA\u00c7\u00c3O COM OBJETIVO DE QUALIFICAR OS SERVI\u00c7OS PRESTADOS AS V\u00cdTIMAS DE DESATRES NATURAIS, COMO AS ENCHENTES."}, {"id": "3120", "ano": "2015", "numero": "629", "tipo__sigla": "PDP", "tipo__descricao": "Pedido de Provid\u00eancia", "autoria": "Leonardo Pascoal", "texto_original": "http://sapl.esteio.rs.leg.br/media/./sapl/public/materialegislativa/2015/3120/3120_texto_integral.docx", "ementa": "A LIMPEZA E MANUTEN\u00c7\u00c3O DO BUEIRO, E DA TUBULA\u00c7\u00c3O DE ESGOTO, LOCALIZADOS NA AVENIDA PORTO ALEGRE, AO LADO DO N\u00daMERO 1288, NO BAIRRO JARDIM PLANALTO"}, {"id": "3121", "ano": "2015", "numero": "630", "tipo__sigla": "PDP", "tipo__descricao": "Pedido de Provid\u00eancia", "autoria": "Michele Pereira", "texto_original": "http://sapl.esteio.rs.leg.br/media/./sapl/public/materialegislativa/2015/3121/3121_texto_integral.docx", "ementa": "QUE FA\u00c7A A MANUTEN\u00c7\u00c3O NAS L\u00c2MPADAS DOS POSTES LOCALIZADOS NOS SEGUINTES ENDERE\u00c7OS:\r\nA)\tRUA SANTO ANTONIO, N\u00b0 198, BAIRRO CENTRO;\r\nB)\tRUA PELOTAS ESQUINA COM A RUA DOM PEDRO, BAIRRO: CENTRO;\r\nC)\tRUA BENTO GON\u00c7ALVES, N\u00b0 1.330, BAIRRO: S\u00c3O SEBATI\u00c3O.\r\n"}, {"id": "3119", "ano": "2015", "numero": "632", "tipo__sigla": "PDP", "tipo__descricao": "Pedido de Provid\u00eancia", "autoria": "Michele Pereira", "texto_original": "http://sapl.esteio.rs.leg.br/media/./sapl/public/materialegislativa/2015/3119/3119_texto_integral.docx", "ementa": "A PODA DE ALGUNS GALHOS DA \u00c1RVORE LOCALIZADA EM FRENTE AO N\u00b0 152, NA RUA EZEQUIEL NUNES FILHO, BAIRRO S\u00c3O SEBATI\u00c3O.\r\n"}, {"id": "3158", "ano": "2015", "numero": "639", "tipo__sigla": "PDP", "tipo__descricao": "Pedido de Provid\u00eancia", "autoria": "Ari Zanoni", "texto_original": "http://sapl.esteio.rs.leg.br/media/./sapl/public/materialegislativa/2015/3158/3158_texto_integral.docx", "ementa": "A ELIMINA\u00c7\u00c3O DE UMA BROCA PARA RECUPERA\u00c7\u00c3O DA VIA E COLOCA\u00c7\u00c3O DE TAMPA NA BOCA DE LOBO NA RUA &#8220;A&#8221;, EM FRENTE AO N\u00ba 20, E NA RUA &#8220;C&#8221;, EM FRENTE AO N\u00ba 35, NO BAIRRO S\u00c3O JOS\u00c9. \r\n"}, {"id": "3141", "ano": "2015", "numero": "640", "tipo__sigla": "PDP", "tipo__descricao": "Pedido de Provid\u00eancia", "autoria": "Rafael Figliero", "texto_original": "http://sapl.esteio.rs.leg.br/media/./sapl/public/materialegislativa/2015/3141/3141_texto_integral.docx", "ementa": "A ELIMINA\u00c7\u00c3O DE UMA BROCA NA CAL\u00c7ADA DA RUA 28 DE FEVEREIRO, N\u00ba 395."}, {"id": "3142", "ano": "2015", "numero": "641", "tipo__sigla": "PDP", "tipo__descricao": "Pedido de Provid\u00eancia", "autoria": "Rafael Figliero", "texto_original": "http://sapl.esteio.rs.leg.br/media/./sapl/public/materialegislativa/2015/3142/3142_texto_integral.docx", "ementa": "UMA OPERA\u00c7\u00c3O TAPA BURACO NA RUA LA SALLE ENTRE A RUA PADRE FELIPE E A RUA VINTE E QUATRO DE AGOSTO."}, {"id": "3157", "ano": "2015", "numero": "642", "tipo__sigla": "PDP", "tipo__descricao": "Pedido de Provid\u00eancia", "autoria": "Michele Pereira", "texto_original": "http://sapl.esteio.rs.leg.br/media/./sapl/public/materialegislativa/2015/3157/3157_texto_integral.docx", "ementa": "A MANUTEN\u00c7\u00c3O DAS L\u00c2MPADAS DOS POSTES LOCALIZADOS NOS SEGUINTES ENDERE\u00c7OS:\r\nA)\tRUA BENTO GON\u00c7ALVES, EM FRENTE AO N\u00ba 551;\r\n\r\nB)\tRUA SANTO AMARO, ESQUINA COM A RUA FERNANDO FERRARI, BAIRRO/CENTRO.\r\n"}, {"id": "3143", "ano": "2015", "numero": "643", "tipo__sigla": "PDP", "tipo__descricao": "Pedido de Provid\u00eancia", "autoria": "Rafael Figliero", "texto_original": "http://sapl.esteio.rs.leg.br/media/./sapl/public/materialegislativa/2015/3143/3143_texto_integral.docx", "ementa": "A SUBSTITUI\u00c7\u00c3O DE L\u00c2MPADA NA RUA OSMAR FORTES BARCELLOS, EM FRENTE AO N\u00daMERO 442, BAIRRO SANTO IN\u00c1CIO."}, {"id": "3156", "ano": "2015", "numero": "644", "tipo__sigla": "PDP", "tipo__descricao": "Pedido de Provid\u00eancia", "autoria": "Michele Pereira", "texto_original": "http://sapl.esteio.rs.leg.br/media/./sapl/public/materialegislativa/2015/3156/3156_texto_integral.docx", "ementa": "QUE FA\u00c7A OPERA\u00c7\u00c3O TAPA BURACO NA RUA BENTO GON\u00c7ALVES, EM FRENTE AO N\u00ba 213, NA RUA FERNANDO FERRARI, EM FRENTE AO N\u00ba 466, E NA RUA PELOTAS, BAIRRO/CENTRO. "}, {"id": "3145", "ano": "2015", "numero": "645", "tipo__sigla": "PDP", "tipo__descricao": "Pedido de Provid\u00eancia", "autoria": "Marcelo Kohlrausch", "texto_original": "http://sapl.esteio.rs.leg.br/media/./sapl/public/materialegislativa/2015/3145/3145_texto_integral.docx", "ementa": "A SUBSTITUI\u00c7\u00c3O DE L\u00c2MPADA NOS SEGUINTES ENDERE\u00c7OS:\r\n\r\n- RUA PASSO FUNDO, 383, EM FRENTE \u00c0 ESCOLA INFANTIL ARCO \u00cdRIS;\r\n- RUA SENADOR SALGADO FILHO, 1282;\r\n- RUA CAPIT\u00c3O ARMINDO BIER ESQUINA COM A SALGADO FILHO.\r\n"}, {"id": "3150", "ano": "2015", "numero": "648", "tipo__sigla": "PDP", "tipo__descricao": "Pedido de Provid\u00eancia", "autoria": "Ari Zanoni", "texto_original": "http://sapl.esteio.rs.leg.br/media/./sapl/public/materialegislativa/2015/3150/3150_texto_integral.docx", "ementa": "A ELIMINA\u00c7\u00c3O DE UMA BROCA NO PASSEIO P\u00daBLICO SITUADO NA RUA PRIMEIRO DE MAR\u00c7O, EM FRENTE AO N\u00ba 34, BAIRRO JARDIM FIGUEIRA"}, {"id": "3147", "ano": "2015", "numero": "649", "tipo__sigla": "PDP", "tipo__descricao": "Pedido de Provid\u00eancia", "autoria": "Ari Zanoni", "texto_original": "http://sapl.esteio.rs.leg.br/media/./sapl/public/materialegislativa/2015/3147/3147_texto_integral.docx", "ementa": "A RECONSTRU\u00c7\u00c3O DA BOCA DE LOBO E COLOCA\u00c7\u00c3O DE MEIO-FIO, NA AV. HENRIQUE DE PAULA SILVEIRA, ESQUINA JO\u00c3O FRAINER &#8211; PARQUE SANTO IN\u00c1CIO. "}, {"id": "3148", "ano": "2015", "numero": "650", "tipo__sigla": "PDP", "tipo__descricao": "Pedido de Provid\u00eancia", "autoria": "Rafael Figliero", "texto_original": "http://sapl.esteio.rs.leg.br/media/./sapl/public/materialegislativa/2015/3148/3148_texto_integral.docx", "ementa": "A ELIMINA\u00c7\u00c3O DE UMA BROCA NA RUA PELOTAS, ESQUINA COM A RUA S\u00c3O SEBASTI\u00c3O DO CA\u00cd."}, {"id": "3149", "ano": "2015", "numero": "651", "tipo__sigla": "PDP", "tipo__descricao": "Pedido de Provid\u00eancia", "autoria": "Rafael Figliero", "texto_original": "http://sapl.esteio.rs.leg.br/media/./sapl/public/materialegislativa/2015/3149/3149_texto_integral.docx", "ementa": "A ELIMINA\u00c7\u00c3O DE UMA BROCA NA CAL\u00c7ADA DA RUA LU\u00cdS FRANCISCO GUIZONE, N\u00daMERO"}, {"id": "3146", "ano": "2015", "numero": "652", "tipo__sigla": "PDP", "tipo__descricao": "Pedido de Provid\u00eancia", "autoria": "Rafael Figliero", "texto_original": "http://sapl.esteio.rs.leg.br/media/./sapl/public/materialegislativa/2015/3146/3146_texto_integral.docx", "ementa": "O REBAIXAMENTO DO PASSEIO P\u00daBLICO PARA RAMPA DE ACESSIBILIDADE NA RUA S\u00c3O SEBASTI\u00c3O DO CA\u00cd, EM FRENTE AO N\u00ba 709, ESQUINA COM A RUA PELOTAS"}, {"id": "3151", "ano": "2015", "numero": "653", "tipo__sigla": "PDP", "tipo__descricao": "Pedido de Provid\u00eancia", "autoria": "Rafael Figliero", "texto_original": "http://sapl.esteio.rs.leg.br/media/./sapl/public/materialegislativa/2015/3151/3151_texto_integral.docx", "ementa": "A ELIMINA\u00c7\u00c3O DE UMA BROCA NA RUA E OUTRA NA CAL\u00c7ADA DA RUA FERNANDO FERRARI ESQUINA COM A RUA S\u00c3O SEBASTI\u00c3O DO CA\u00cd. "}, {"id": "3144", "ano": "2015", "numero": "654", "tipo__sigla": "PDP", "tipo__descricao": "Pedido de Provid\u00eancia", "autoria": "Leonardo Pascoal", "texto_original": "http://sapl.esteio.rs.leg.br/media/./sapl/public/materialegislativa/2015/3144/3144_texto_integral.docx", "ementa": "A REPOSI\u00c7\u00c3O DE COBERTURA ASF\u00c1LTICA SOBRE O BURACO LOCALIZADO NA AVENIDA LUIZ PASTEUR, EM FRENTE AO N\u00ba 5.071"}, {"id": "3152", "ano": "2015", "numero": "655", "tipo__sigla": "PDP", "tipo__descricao": "Pedido de Provid\u00eancia", "autoria": "Leonardo Pascoal", "texto_original": "http://sapl.esteio.rs.leg.br/media/./sapl/public/materialegislativa/2015/3152/3152_texto_integral.docx", "ementa": "A SUBSTITUI\u00c7\u00c3O DE L\u00c2MPADA DO POSTE LOCALIZADO NA RUA ARLINDO BAIERLE, EM FRENTE AO N\u00daMERO 512, BAIRRO NOVO ESTEIO"}, {"id": "3154", "ano": "2015", "numero": "656", "tipo__sigla": "PDP", "tipo__descricao": "Pedido de Provid\u00eancia", "autoria": "Rafael Figliero", "texto_original": "http://sapl.esteio.rs.leg.br/media/./sapl/public/materialegislativa/2015/3154/3154_texto_integral.docx", "ementa": "O CONSERTO DE UMA TAMPA DE BUEIRO NA RUA PADRE FELIPE ESQUINA COM A RUA PELOTAS."}, {"id": "3169", "ano": "2015", "numero": "657", "tipo__sigla": "PDP", "tipo__descricao": "Pedido de Provid\u00eancia", "autoria": "Leonardo Pascoal", "texto_original": "http://sapl.esteio.rs.leg.br/media/./sapl/public/materialegislativa/2015/3169/3169_texto_integral.docx", "ementa": "A RETIRADA DO LIXO RECOLHIDO PELOS MORADORES, BEM COMO A COLOCA\u00c7\u00c3O DE LIXEIRAS NA PRA\u00c7A DO AZULEJO, LOCALIZADA NA RUA GILDA DE ABREU, EM FRENTE AO N\u00ba 719"}, {"id": "3184", "ano": "2015", "numero": "664", "tipo__sigla": "PDP", "tipo__descricao": "Pedido de Provid\u00eancia", "autoria": "Jaime da Rosa", "texto_original": "http://sapl.esteio.rs.leg.br/media/./sapl/public/materialegislativa/2015/3184/3184_texto_integral.docx", "ementa": "O FORNECIMETO DE C\u00d3PIA DO CONTRATO DE LOCA\u00c7\u00c3O DO IM\u00d3VEL ONDE EST\u00c1 SITUADA A US TAMANDAR\u00c9 &#8211; RUA MELVIN JONES, N\u00ba 230."}, {"id": "3179", "ano": "2015", "numero": "665", "tipo__sigla": "PDP", "tipo__descricao": "Pedido de Provid\u00eancia", "autoria": "Leonardo Pascoal", "texto_original": "http://sapl.esteio.rs.leg.br/media/./sapl/public/materialegislativa/2015/3179/3179_texto_integral.docx", "ementa": "A REPOSI\u00c7\u00c3O DE COBERTURA ASF\u00c1LTICA SOBRE O BURACO LOCALIZADO NA AVENIDA LUIZ PASTEUR, EM FRENTE AO N\u00daMERO 944."}, {"id": "3183", "ano": "2015", "numero": "666", "tipo__sigla": "PDP", "tipo__descricao": "Pedido de Provid\u00eancia", "autoria": "Marcelo Kohlrausch", "texto_original": "http://sapl.esteio.rs.leg.br/media/./sapl/public/materialegislativa/2015/3183/3183_texto_integral.docx", "ementa": "QUE INTERCEDA JUNTO \u00c0 EMPRESA CIMENTO VOTORANTIM, PARA QUE A MESMA PROVIDENCIE A PODA DE ALGUMAS \u00c1RVORES DE SUA PROPRIEDADE QUE AVAN\u00c7AM SOBRE AS MORADIAS DA COMUNIDADE DA VILA PEDREIRA. "}, {"id": "3177", "ano": "2015", "numero": "667", "tipo__sigla": "PDP", "tipo__descricao": "Pedido de Provid\u00eancia", "autoria": "Marcelo Kohlrausch", "texto_original": "http://sapl.esteio.rs.leg.br/media/./sapl/public/materialegislativa/2015/3177/3177_texto_integral.docx", "ementa": "QUE NOTIFIQUE AS EMPRESAS RESPONS\u00c1VEIS PELA BADERNA ESTABELECIDA JUNTO \u00c0 REDE DE TELEFONIA NA AVENIDA DAS AM\u00c9RICAS, NO BAIRRO SANTO IN\u00c1CIO."}, {"id": "3182", "ano": "2015", "numero": "668", "tipo__sigla": "PDP", "tipo__descricao": "Pedido de Provid\u00eancia", "autoria": "Marcelo Kohlrausch", "texto_original": "http://sapl.esteio.rs.leg.br/media/./sapl/public/materialegislativa/2015/3182/3182_texto_integral.docx", "ementa": "A REVIS\u00c3O DAS LUMIN\u00c1RIAS DO PARQUE TAMANDAR\u00c9, UMA VEZ QUE H\u00c1 MUITAS L\u00c2MPADAS DESLIGADAS."}, {"id": "3175", "ano": "2015", "numero": "669", "tipo__sigla": "PDP", "tipo__descricao": "Pedido de Provid\u00eancia", "autoria": "Michele Pereira", "texto_original": "http://sapl.esteio.rs.leg.br/media/./sapl/public/materialegislativa/2015/3175/3175_texto_integral.docx", "ementa": "QUE FA\u00c7AMA MANUTEN\u00c7\u00c3ODAS L\u00c2MPADAS QUE PERMANECEM ACESAS DURANTE O DIA, NOS POSTES LOCALIZADOS NOS SEGUINTES ENDERE\u00c7OS:\r\n\r\n- RUA ESTREMOSAS, N\u00ba 172 E N\u00ba 202, BAIRRO SANTO IN\u00c1CIO. \r\n"}, {"id": "3181", "ano": "2015", "numero": "670", "tipo__sigla": "PDP", "tipo__descricao": "Pedido de Provid\u00eancia", "autoria": "Michele Pereira", "texto_original": "http://sapl.esteio.rs.leg.br/media/./sapl/public/materialegislativa/2015/3181/3181_texto_integral.docx", "ementa": "A ELIMINA\u00c7\u00c3O DE UMA BROCA NO PASSEIO P\u00daBLICO DA RUA DAS ESTREMOSAS, EM FRENTE AO N\u00ba 128, BAIRRO SANTO IN\u00c1CIO. "}, {"id": "3174", "ano": "2015", "numero": "671", "tipo__sigla": "PDP", "tipo__descricao": "Pedido de Provid\u00eancia", "autoria": "Michele Pereira", "texto_original": "http://sapl.esteio.rs.leg.br/media/./sapl/public/materialegislativa/2015/3174/3174_texto_integral.docx", "ementa": "QUE FA\u00c7A A SUBSTITUI\u00c7\u00c3O DE L\u00c2MPADA NO POSTE LOCALIZADO EM FRENTE AO N\u00daMERO 655, NA RUA GRAVATA\u00cd, BAIRRO CENTRO."}, {"id": "3180", "ano": "2015", "numero": "672", "tipo__sigla": "PDP", "tipo__descricao": "Pedido de Provid\u00eancia", "autoria": "Rafael Figliero", "texto_original": "http://sapl.esteio.rs.leg.br/media/./sapl/public/materialegislativa/2015/3180/3180_texto_integral.docx", "ementa": "A ELIMINA\u00c7\u00c3O DE UMA BROCA NO PASSEIO P\u00daBLICO DA RUA FERNANDO FERRARI, EM FRENTE AO N\u00ba 1.320. "}, {"id": "3172", "ano": "2015", "numero": "673", "tipo__sigla": "PDP", "tipo__descricao": "Pedido de Provid\u00eancia", "autoria": "Rafael Figliero", "texto_original": "http://sapl.esteio.rs.leg.br/media/./sapl/public/materialegislativa/2015/3172/3172_texto_integral.docx", "ementa": "UMA OPERA\u00c7\u00c3O TAPA BURACO NA AV. LUIZ PASTEUR, ENTRE AS AVENIDAS PORTO ALEGRE E LINDOLFO COLOR."}, {"id": "3178", "ano": "2015", "numero": "674", "tipo__sigla": "PDP", "tipo__descricao": "Pedido de Provid\u00eancia", "autoria": "Marcelo Kohlrausch", "texto_original": "http://sapl.esteio.rs.leg.br/media/./sapl/public/materialegislativa/2015/3178/3178_texto_integral.docx", "ementa": "SE DIGNE A INFORMAR SE O ATESTADO EMITIDO, PELA PREFEITURA MUNICIPAL DE ESTEIO \u00c0S PESSOAS QUE FICARAM IMPEDIDAS DE COMPARECER AO TRABALHO, EM VIRTUDE DAS ENCHENTES PODE SER UTILIZADO PELOS PROFESSORES DA REDE MUNICIPAL DE ENSINO?"}, {"id": "3171", "ano": "2015", "numero": "681", "tipo__sigla": "PDP", "tipo__descricao": "Pedido de Provid\u00eancia", "autoria": "Leonardo Pascoal", "texto_original": "http://sapl.esteio.rs.leg.br/media/./sapl/public/materialegislativa/2015/3171/3171_texto_integral.docx", "ementa": "A LIMPEZA DO BUEIRO LOCALIZADO NA RUA EZEQUIEL REZENDE, EM FRENTE AO N\u00daMERO 537. "}, {"id": "3205", "ano": "2015", "numero": "682", "tipo__sigla": "PDP", "tipo__descricao": "Pedido de Provid\u00eancia", "autoria": "Leonardo Pascoal", "texto_original": "http://sapl.esteio.rs.leg.br/media/./sapl/public/materialegislativa/2015/3205/3205_texto_integral.docx", "ementa": "A REALIZA\u00c7\u00c3O DE ATIVIDADES DE MANUTEN\u00c7\u00c3O JUNTO AOS PONTOS DOS CURSOS D&#8217;\u00c1GUA, TENDO EM VISTA QUE OS MESMOS EST\u00c3O SUJOS, ASSOREADOS E COM A SUA VAZ\u00c3O REDUZIDA."}, {"id": "3221", "ano": "2015", "numero": "683", "tipo__sigla": "PDP", "tipo__descricao": "Pedido de Provid\u00eancia", "autoria": "Leonardo Pascoal", "texto_original": "http://sapl.esteio.rs.leg.br/media/./sapl/public/materialegislativa/2015/3221/3221_texto_integral.docx", "ementa": "A LIMPEZA E/OU NOTIFICA\u00c7\u00c3O DO PROPRIET\u00c1RIO PARA LIMPEZA E CERCAMENTO DO TERRENO E DO PASSEIO P\u00daBLICO LOCALIZADO NA AVENIDA LUIZ PASTEUR, NA ALTURA DO N\u00daMERO 3.973. "}, {"id": "3219", "ano": "2015", "numero": "684", "tipo__sigla": "PDP", "tipo__descricao": "Pedido de Provid\u00eancia", "autoria": "Leonardo Pascoal", "texto_original": "http://sapl.esteio.rs.leg.br/media/./sapl/public/materialegislativa/2015/3219/3219_texto_integral.docx", "ementa": "A SUBSTITUI\u00c7\u00c3O DAS L\u00c2MPADAS DOS POSTES LOCALIZADOS NA RUA SANTO AMARO, EM FRENTE AO BANRISUL, NA RUA ALV\u00cdCIO NIENOW, EM FRENTE AO N\u00ba 156, E NA AV. PADRE CLARET, EM FRENTE \u00c0 JUSTI\u00c7A DO TRABALHO"}, {"id": "3204", "ano": "2015", "numero": "685", "tipo__sigla": "PDP", "tipo__descricao": "Pedido de Provid\u00eancia", "autoria": "Marcelo Kohlrausch", "texto_original": "http://sapl.esteio.rs.leg.br/media/./sapl/public/materialegislativa/2015/3204/3204_texto_integral.docx", "ementa": "A REVIS\u00c3O DO SISTEMA DE SEM\u00c1FOROS DO MUNIC\u00cdPIO, POIS FREQUENTEMENTE ALGUNS EQUIPAMENTOS EST\u00c3O APRESENTANDO DEFEITOS E FICAM DESATIVADOS EM HOR\u00c1RIOS DE PICO."}, {"id": "3217", "ano": "2015", "numero": "686", "tipo__sigla": "PDP", "tipo__descricao": "Pedido de Provid\u00eancia", "autoria": "Marcelo Kohlrausch", "texto_original": "http://sapl.esteio.rs.leg.br/media/./sapl/public/materialegislativa/2015/3217/3217_texto_integral.docx", "ementa": "QUE DESIGNE GUARDAS DE TR\u00c2NSITO PARA ORGANIZAR A CIRCULA\u00c7\u00c3O DE VE\u00cdCULOS JUNTO \u00c0S OBRAS DE SUBSTITUI\u00c7\u00c3O DA REDE DE \u00c1GUA PROMOVIDAS PELA CORSAN.  "}, {"id": "3216", "ano": "2015", "numero": "687", "tipo__sigla": "PDP", "tipo__descricao": "Pedido de Provid\u00eancia", "autoria": "Rafael Figliero", "texto_original": "http://sapl.esteio.rs.leg.br/media/./sapl/public/materialegislativa/2015/3216/3216_texto_integral.docx", "ementa": "A REALIZA\u00c7\u00c3O DE OPERA\u00c7\u00c3O TAPA BURACO NA RUA EURICO LARA, PR\u00d3XIMO AO N\u00ba 48, BAIRRO TAMANDAR\u00c9. "}, {"id": "3202", "ano": "2015", "numero": "688", "tipo__sigla": "PDP", "tipo__descricao": "Pedido de Provid\u00eancia", "autoria": "Rafael Figliero", "texto_original": "http://sapl.esteio.rs.leg.br/media/./sapl/public/materialegislativa/2015/3202/3202_texto_integral.docx", "ementa": "A REPINTURA DOS QUEBRA-MOLAS E DAS FAIXAS DE SEGURAN\u00c7A AO LONGO DA AV. PORTO ALEGRE, NO BAIRRO JARDIM PLANALTO, POIS ENCONTRAM-SE EM P\u00c9SSIMAS CONDI\u00c7\u00d5ES DE MANUTEN\u00c7\u00c3O."}, {"id": "3215", "ano": "2015", "numero": "689", "tipo__sigla": "PDP", "tipo__descricao": "Pedido de Provid\u00eancia", "autoria": "Rafael Figliero", "texto_original": "http://sapl.esteio.rs.leg.br/media/./sapl/public/materialegislativa/2015/3215/3215_texto_integral.docx", "ementa": "A REPOSI\u00c7\u00c3O DE ASFALTO NA AV. DOM PEDRO ESQUINA COM A RUA PELOTAS. "}, {"id": "3220", "ano": "2015", "numero": "690", "tipo__sigla": "PDP", "tipo__descricao": "Pedido de Provid\u00eancia", "autoria": "Rafael Figliero", "texto_original": "http://sapl.esteio.rs.leg.br/media/./sapl/public/materialegislativa/2015/3220/3220_texto_integral.docx", "ementa": "CONSERTO DE UMA BROCA NA RUA DI CAVALCANTI, N\u00b0 437, BAIRRO SANTO IN\u00c1CIO E INSPE\u00c7\u00c3O COMPLETA NAS CAL\u00c7ADAS DA REFERIDA RUA.\r\n"}, {"id": "3201", "ano": "2015", "numero": "691", "tipo__sigla": "PDP", "tipo__descricao": "Pedido de Provid\u00eancia", "autoria": "Leonardo Pascoal", "texto_original": "http://sapl.esteio.rs.leg.br/media/./sapl/public/materialegislativa/2015/3201/3201_texto_integral.docx", "ementa": "A MANUTEN\u00c7\u00c3O DA TUBULA\u00c7\u00c3O DE ESGOTO EXISTENTE JUNTO \u00c0 RUA JO\u00c3O FRANCISCO ALVES, N\u00daMERO 245, NO BAIRRO TR\u00caS MARIAS."}, {"id": "3213", "ano": "2015", "numero": "692", "tipo__sigla": "PDP", "tipo__descricao": "Pedido de Provid\u00eancia", "autoria": "Jaime da Rosa", "texto_original": "http://sapl.esteio.rs.leg.br/media/./sapl/public/materialegislativa/2015/3213/3213_texto_integral.docx", "ementa": "A LIMPEZA DO IM\u00d3VEL LOCALIZADO NA ESQUINA DA RUA PINTO BANDEIRA COM A RUA AUR\u00c9LIO PORTO, BAIRRO TR\u00caS PORTOS. "}, {"id": "3218", "ano": "2015", "numero": "693", "tipo__sigla": "PDP", "tipo__descricao": "Pedido de Provid\u00eancia", "autoria": "Marcelo Kohlrausch", "texto_original": "http://sapl.esteio.rs.leg.br/media/./sapl/public/materialegislativa/2015/3218/3218_texto_integral.docx", "ementa": "QUE ESTUDE A POSSIBILIDADE DE PAVIMENTAR COM BLOCOS DE CONCRETO A CAL\u00c7ADA JUNTO AO MURO DA TRENSURB NA AVENIDA PRESIDENTE VARGAS, \u00c0 EXEMPLO DO QUE EST\u00c1 SENDO FEITO EM SAPUCAIA DO SUL. \r\n"}, {"id": "3197", "ano": "2015", "numero": "694", "tipo__sigla": "PDP", "tipo__descricao": "Pedido de Provid\u00eancia", "autoria": "Michele Pereira", "texto_original": "http://sapl.esteio.rs.leg.br/media/./sapl/public/materialegislativa/2015/3197/3197_texto_integral.docx", "ementa": "QUE FA\u00c7A A TROCA DE L\u00c2MPADA NOS POSTES LOCALIZADOS NOS SEGUINTES ENDERE\u00c7OS:\r\n- RUA ITAPU\u00c3, N\u00daMERO 50;\r\n- RUA EZEQUIEL NUNES FILHO, AO LADO DO N\u00daMERO 157;\r\n- RUA BOM JESUS, N\u00daMERO 117;\r\n- RUA BENTO GON\u00c7ALVES, N\u00daMERO 1.495;\r\n- TODAS AS RUAS NO BAIRRO S\u00c3O SEBASTI\u00c3O.\r\n"}, {"id": "3211", "ano": "2015", "numero": "695", "tipo__sigla": "PDP", "tipo__descricao": "Pedido de Provid\u00eancia", "autoria": "Marcelo Kohlrausch", "texto_original": "http://sapl.esteio.rs.leg.br/media/./sapl/public/materialegislativa/2015/3211/3211_texto_integral.docx", "ementa": "QUE ESTUDE ALTERNATIVAS MAIS OBJETIVAS PARA COMBATER O EXCESSO DE VELOCIDADE NA RUA SALGADO FILHO, SOBRETUDO NO TRECHO ENTRE A R\u00d3TULA DA RUA RIO GRANDE E A TRAVESSA FARROUPILHA. \r\n"}, {"id": "3208", "ano": "2015", "numero": "697", "tipo__sigla": "PDP", "tipo__descricao": "Pedido de Provid\u00eancia", "autoria": "Ari Zanoni", "texto_original": "http://sapl.esteio.rs.leg.br/media/./sapl/public/materialegislativa/2015/3208/3208_texto_integral.docx", "ementa": "QUE SE DIGNE A ENVIAR C\u00d3PIA DO PROJETO DE INSTALA\u00c7\u00c3O DAS PLACAS DE LIMITE DE VELOCIDADE NAS VIAS P\u00daBLICAS DO MUNIC\u00cdPIO DE ESTEIO, ACOMPANHADO DE PARECER T\u00c9CNICO RESPONS\u00c1VEL."}, {"id": "3223", "ano": "2015", "numero": "708", "tipo__sigla": "PDP", "tipo__descricao": "Pedido de Provid\u00eancia", "autoria": "Rafael Figliero", "texto_original": "http://sapl.esteio.rs.leg.br/media/./sapl/public/materialegislativa/2015/3223/3223_texto_integral.docx", "ementa": "A ELIMINA\u00c7\u00c3O DE UMA BROCA NO PASSEIO P\u00daBLICO DA RUA BENTO GON\u00c7ALVES ENTRE OS N\u00daMEROS 744 E 754 (CONDOM\u00cdNIOS ROSSI IDEAL)."}, {"id": "3246", "ano": "2015", "numero": "709", "tipo__sigla": "PDP", "tipo__descricao": "Pedido de Provid\u00eancia", "autoria": "Rafael Figliero", "texto_original": "http://sapl.esteio.rs.leg.br/media/./sapl/public/materialegislativa/2015/3246/3246_texto_integral.docx", "ementa": "SOLICITA A NOTIFICA\u00c7\u00c3O DO PROPRIET\u00c1RIO DO IM\u00d3VEL LOCALIZADO NA RUA ARMANDO RIELA, ESQUINA COM A AV. LUIZ PASTEUR, PARA QUE FA\u00c7A A DESOBSTRU\u00c7\u00c3O DO PASSEIO P\u00daBLICO. "}, {"id": "3238", "ano": "2015", "numero": "710", "tipo__sigla": "PDP", "tipo__descricao": "Pedido de Provid\u00eancia", "autoria": "Marcelo Kohlrausch", "texto_original": "http://sapl.esteio.rs.leg.br/media/./sapl/public/materialegislativa/2015/3238/3238_texto_integral.docx", "ementa": "SOLICITA QUE PROMOVA O NIVELAMENTO DAS TAMPAS DE BUEIROS OU CAIXAS DE INSPE\u00c7\u00c3O QUE EST\u00c3O LOCALIZADAS NA PISTA DE ROLAMENTO DAS VIAS P\u00daBLICAS EM QUE SER\u00c3O RECAPADAS COM ASFALTO."}, {"id": "3239", "ano": "2015", "numero": "711", "tipo__sigla": "PDP", "tipo__descricao": "Pedido de Provid\u00eancia", "autoria": "Marcelo Kohlrausch", "texto_original": "http://sapl.esteio.rs.leg.br/media/./sapl/public/materialegislativa/2015/3239/3239_texto_integral.docx", "ementa": "SOLICITA A SUBSTITUI\u00c7\u00c3O DA TAMPA DO BUEIRO LOCALIZADO NA RUA BARTOLOMEU DE GUSM\u00c3O, ESQUINA COM A AVENIDA RIO BRANCO."}, {"id": "3240", "ano": "2015", "numero": "712", "tipo__sigla": "PDP", "tipo__descricao": "Pedido de Provid\u00eancia", "autoria": "Marcelo Kohlrausch", "texto_original": "http://sapl.esteio.rs.leg.br/media/./sapl/public/materialegislativa/2015/3240/3240_texto_integral.docx", "ementa": "SOLICITA A INSTALA\u00c7\u00c3O DE LUMIN\u00c1RIA NO POSTE LOCALIZADO NA AVENIDA PRESIDENTE VARGAS, EM FRENTE AO N\u00ba 2.334, E, AINDA, A SUBSTITUI\u00c7\u00c3O DA L\u00c2MPADA NA RUA SANTO AMARO, ESQUINA COM A AVENIDA PRESIDENTE VARGAS. "}, {"id": "3237", "ano": "2015", "numero": "714", "tipo__sigla": "PDP", "tipo__descricao": "Pedido de Provid\u00eancia", "autoria": "Marcelo Kohlrausch", "texto_original": "http://sapl.esteio.rs.leg.br/media/./sapl/public/materialegislativa/2015/3237/3237_texto_integral.docx", "ementa": "SOLICITA A LIMPEZA E/OU NOTIFICA\u00c7\u00c3O DO PROPRIET\u00c1RIO PARA QUE REALIZE HIGIENE DO IM\u00d3VEL E DO PASSEIO P\u00daBLICO LOCALIZADO NA AVENIDA JO\u00c3O PAULO I, ENTRE OS N\u00b0S 125 E 141."}, {"id": "3234", "ano": "2015", "numero": "716", "tipo__sigla": "PDP", "tipo__descricao": "Pedido de Provid\u00eancia", "autoria": "Jane Battistello", "texto_original": "http://sapl.esteio.rs.leg.br/media/./sapl/public/materialegislativa/2015/3234/3234_texto_integral.docx", "ementa": "SOLICITA QUE PROVIDENCIE A LIMPEZA DA PRA\u00c7A DOS AZULEJOS, BAIRRO SANTO IN\u00c1CIO."}, {"id": "3232", "ano": "2015", "numero": "717", "tipo__sigla": "PDP", "tipo__descricao": "Pedido de Provid\u00eancia", "autoria": "Rafael Figliero", "texto_original": "http://sapl.esteio.rs.leg.br/media/./sapl/public/materialegislativa/2015/3232/3232_texto_integral.docx", "ementa": "SOLICITA O CONSERTO DO CAL\u00c7AMENTO NA RUA VITOR MATEUS TEIXEIRA, EM FRENTE AO N\u00b0 235, POIS J\u00c1 SE PASSARAM MAIS DE DOIS ANOS E NADA FOI FEITO."}, {"id": "3241", "ano": "2015", "numero": "718", "tipo__sigla": "PDP", "tipo__descricao": "Pedido de Provid\u00eancia", "autoria": "Leonardo Pascoal", "texto_original": "http://sapl.esteio.rs.leg.br/media/./sapl/public/materialegislativa/2015/3241/3241_texto_integral.docx", "ementa": "SOLICITA A MANUTEN\u00c7\u00c3O DOS PASSEIOS P\u00daBLICOS LOCALIZADOS NOS SEGUINTES ENDERE\u00c7OS: \r\n\r\nA)\tRUA ANA TERRA, EM FRENTE AOS N\u00b0S 63 E 87;\r\nB)\tRUA ROQUE GONZ\u00c1LES, EM FRENTE AO N\u00b0 330;\r\nC)\tAVENIDA PORTO ALEGRE, EM FRENTE AO N\u00b0 76."}, {"id": "3231", "ano": "2015", "numero": "719", "tipo__sigla": "PDP", "tipo__descricao": "Pedido de Provid\u00eancia", "autoria": "Rafael Figliero", "texto_original": "http://sapl.esteio.rs.leg.br/media/./sapl/public/materialegislativa/2015/3231/3231_texto_integral.docx", "ementa": "SOLICITA A REALIZA\u00c7\u00c3O DE OPERA\u00c7\u00c3O TAPA BURACO NA RUA RIO PARDO, ESQUINA COM A TRAVESSA S\u00c3O SEP\u00c9, BAIRRO TAMANDAR\u00c9."}, {"id": "3230", "ano": "2015", "numero": "720", "tipo__sigla": "PDP", "tipo__descricao": "Pedido de Provid\u00eancia", "autoria": "Rafael Figliero", "texto_original": "http://sapl.esteio.rs.leg.br/media/./sapl/public/materialegislativa/2015/3230/3230_texto_integral.docx", "ementa": "SOLICITA A REPINTURA DA FAIXA DE SEGURAN\u00c7A SITUADA NA RUA NOVO HAMBURGO, ESQUINA COM A RUA S\u00c3O FRANCISCO, BAIRRO VILA OL\u00cdMPICA, POIS TRATA-SE DE TRAVESSIA ESCOLAR."}, {"id": "3236", "ano": "2015", "numero": "722", "tipo__sigla": "PDP", "tipo__descricao": "Pedido de Provid\u00eancia", "autoria": "Marcelo Kohlrausch", "texto_original": "http://sapl.esteio.rs.leg.br/media/./sapl/public/materialegislativa/2015/3236/3236_texto_integral.docx", "ementa": "SOLICITA QUE VERIFIQUE A SITUA\u00c7\u00c3O DOS CONSELHEIROS TUTELARES EM RELA\u00c7\u00c3O \u00c0S DIFICULDADES QUE OS MESMOS ENFRENTAM PARA UTILIZAR OS SERVI\u00c7OS DE TRANSPORTE ENTRE \u00c0S 17H E 19H, UMA VEZ QUE NESSE PER\u00cdODO OCORRE A TRANSI\u00c7\u00c3O DE TURNOS ENTRE OS SERVIDORES QUE PRESTAM O SERVI\u00c7O."}, {"id": "3235", "ano": "2015", "numero": "723", "tipo__sigla": "PDP", "tipo__descricao": "Pedido de Provid\u00eancia", "autoria": "Jane Battistello", "texto_original": "http://sapl.esteio.rs.leg.br/media/./sapl/public/materialegislativa/2015/3235/3235_texto_integral.docx", "ementa": "SOLICITA QUE PROVIDENCIE A LIMPEZA DAS BOCAS DE LOBO LOCALIZADAS NA RUA GILDO DE FREITAS, BAIRRO SANTO IN\u00c1CIO."}, {"id": "3245", "ano": "2015", "numero": "724", "tipo__sigla": "PDP", "tipo__descricao": "Pedido de Provid\u00eancia", "autoria": "Leonardo Pascoal", "texto_original": "http://sapl.esteio.rs.leg.br/media/./sapl/public/materialegislativa/2015/3245/3245_texto_integral.docx", "ementa": "SOLICITA A LIMPEZA E A MANUTEN\u00c7\u00c3O DOS BUEIROS LOCALIZADOS NA AVENIDA PORTO ALEGRE, EM FRENTE AO N\u00daMERO 76, NA RUA OSMAR FORTES BARCELLOS, ESQUINA COM A AVENIDA GOVERNADOR ERNESTO DORNELLES E NA AVENIDA RIO BRANCO, ESQUINA COM A RUA BARTOLOMEU DE GUSM\u00c3O."}, {"id": "3233", "ano": "2015", "numero": "725", "tipo__sigla": "PDP", "tipo__descricao": "Pedido de Provid\u00eancia", "autoria": "Jane Battistello", "texto_original": "http://sapl.esteio.rs.leg.br/media/./sapl/public/materialegislativa/2015/3233/3233_texto_integral.docx", "ementa": "SOLICITA O RECAPEAMENTO ASF\u00c1LTICO NA AV. PADRE ANT\u00d4NIO VIEIRA."}, {"id": "3243", "ano": "2015", "numero": "726", "tipo__sigla": "PDP", "tipo__descricao": "Pedido de Provid\u00eancia", "autoria": "Leonardo Pascoal", "texto_original": "http://sapl.esteio.rs.leg.br/media/./sapl/public/materialegislativa/2015/3243/3243_texto_integral.docx", "ementa": "SOLICITA QUE NOTIFIQUE A EMPRESA RESPONS\u00c1VEL PELO DEP\u00d3SITO DE POSTES JUNTO A UMA \u00c1REA, DE PROPRIEDADE DO MUNIC\u00cdPIO, LOCALIZADA NO FINAL DA RUA MONTEIRO LOBATO, BEM COMO A REMO\u00c7\u00c3O DO MATERIAL."}, {"id": "3273", "ano": "2015", "numero": "727", "tipo__sigla": "PDP", "tipo__descricao": "Pedido de Provid\u00eancia", "autoria": "Rafael Figliero", "texto_original": "http://sapl.esteio.rs.leg.br/media/./sapl/public/materialegislativa/2015/3273/3273_texto_integral.docx", "ementa": "SOLICITA A REALIZA\u00c7\u00c3O DE OPERA\u00c7\u00c3O TAPA BURACO NA RUA CLAUDIO MANOEL DA COSTA, EM FRENTE AO N\u00b0 372, BAIRRO JARDIM PLANALTO."}, {"id": "3274", "ano": "2015", "numero": "728", "tipo__sigla": "PDP", "tipo__descricao": "Pedido de Provid\u00eancia", "autoria": "Rafael Figliero", "texto_original": "http://sapl.esteio.rs.leg.br/media/./sapl/public/materialegislativa/2015/3274/3274_texto_integral.docx", "ementa": "SOLICITA A INSTALA\u00c7\u00c3O DE UMA TAMPA DE BUEIRO NA RUA GALV\u00c3O DE OLIVEIRA LOUREIRO, N\u00b0 37, BAIRRO SANTO IN\u00c1CIO."}, {"id": "3275", "ano": "2015", "numero": "729", "tipo__sigla": "PDP", "tipo__descricao": "Pedido de Provid\u00eancia", "autoria": "Michele Pereira", "texto_original": "http://sapl.esteio.rs.leg.br/media/./sapl/public/materialegislativa/2015/3275/3275_texto_integral.docx", "ementa": "SOLICITA QUE FA\u00c7A A MANUTEN\u00c7\u00c3O NOS POSTES DE ILUMINA\u00c7\u00c3O NOS SEGUINTES ENDERE\u00c7OS:\r\n\r\n- RUA S\u00c3O JER\u00d4NIMO, N\u00daMERO 86;\r\n- RUA PADRE FELIPE, N\u00daMERO 220."}, {"id": "3276", "ano": "2015", "numero": "730", "tipo__sigla": "PDP", "tipo__descricao": "Pedido de Provid\u00eancia", "autoria": "Michele Pereira", "texto_original": "http://sapl.esteio.rs.leg.br/media/./sapl/public/materialegislativa/2015/3276/3276_texto_integral.docx", "ementa": "SOLICITA QUE FA\u00c7A A OPERA\u00c7\u00c3O TAPA BURACOS NOS SEGUINTES ENDERE\u00c7OS:\r\n\r\n- RUA ALVICIO NIENOW, ESQUINA COM A RUA RIO GRANDE, BAIRRO LIBERDADE;\r\n- RUA RIO GRANDE, N\u00daMERO 1.450, BAIRRO CENTRO."}, {"id": "3277", "ano": "2015", "numero": "731", "tipo__sigla": "PDP", "tipo__descricao": "Pedido de Provid\u00eancia", "autoria": "Michele Pereira", "texto_original": "http://sapl.esteio.rs.leg.br/media/./sapl/public/materialegislativa/2015/3277/3277_texto_integral.docx", "ementa": "SOLICITA QUE ELIMINE A BROCA NA CAL\u00c7ADA DA RUA FERNANDO FERRARI, N\u00daMERO 1.320, BAIRRO CENTRO."}, {"id": "3278", "ano": "2015", "numero": "732", "tipo__sigla": "PDP", "tipo__descricao": "Pedido de Provid\u00eancia", "autoria": "Michele Pereira", "texto_original": "http://sapl.esteio.rs.leg.br/media/./sapl/public/materialegislativa/2015/3278/3278_texto_integral.docx", "ementa": "SOLICITA QUE FA\u00c7A A COLETA DE LIXO E RETIRADA DE GALHOS DA PODA DE \u00c1RVORES, COLOCADOS NO CANTEIRO CENTRAL DA AVENIDA JACOBE ALCALAI, ENTRE AS RUAS JARDEL FILHO E RUA DAS D\u00c1LIAS, NO BAIRRO JARDIM PLANALTO."}, {"id": "3279", "ano": "2015", "numero": "733", "tipo__sigla": "PDP", "tipo__descricao": "Pedido de Provid\u00eancia", "autoria": "Michele Pereira", "texto_original": "http://sapl.esteio.rs.leg.br/media/./sapl/public/materialegislativa/2015/3279/3279_texto_integral.docx", "ementa": "SOLICITA QUE FA\u00c7A A COLETA DE LIXO E RETIRADA DE GALHOS DA PODA DE \u00c1RVORES, ACUMULADOS NA CAL\u00c7ADA DO PARQUE MUNICIPAL GALVANY GUEDES, SITUADA NA RUA VICENTE CELESTINO, BAIRRO JARDIM PLANALTO."}, {"id": "3280", "ano": "2015", "numero": "734", "tipo__sigla": "PDP", "tipo__descricao": "Pedido de Provid\u00eancia", "autoria": "Marcelo Kohlrausch", "texto_original": "http://sapl.esteio.rs.leg.br/media/./sapl/public/materialegislativa/2015/3280/3280_texto_integral.docx", "ementa": "SOLICITA QUE REALIZE A SUBSTITUI\u00c7\u00c3O DAS SEGUINTES BOCAS-DE-LOBO:\r\n\r\nA)\tRUA \u00c9RICO VER\u00cdSSIMO, N\u00b0 163;\r\nB)\tTRAVESSA GENERAL OS\u00d3RIO, ESQUINA COM A RUA SOLEDADE."}, {"id": "3281", "ano": "2015", "numero": "735", "tipo__sigla": "PDP", "tipo__descricao": "Pedido de Provid\u00eancia", "autoria": "Marcelo Kohlrausch", "texto_original": "http://sapl.esteio.rs.leg.br/media/./sapl/public/materialegislativa/2015/3281/3281_texto_integral.docx", "ementa": "SOLICITA QUE NOTIFIQUE AS EMPRESAS DE TELEFONIA RESPONS\u00c1VEL:\r\n\r\nA)\tPELOS CABOS QUE EST\u00c3O REBAIXADOS NA RUA LUPIC\u00cdNIO RODRIGUES, EM FRENTE AO N\u00daMERO 29;\r\nB)\tPROVIDENCIE A SUBSTITUI\u00c7\u00c3O DOS POSTES PR\u00d3XIMOS DESTE LOCAL, NA AVENIDA PADRE ANT\u00d4NIO VIEIRA, EM FRENTE AO N\u00b0 97, POIS OS EQUIPAMENTOS EST\u00c3O COM INCLINA\u00c7\u00c3O EXAGERADA;"}, {"id": "3282", "ano": "2015", "numero": "736", "tipo__sigla": "PDP", "tipo__descricao": "Pedido de Provid\u00eancia", "autoria": "Marcelo Kohlrausch", "texto_original": "http://sapl.esteio.rs.leg.br/media/./sapl/public/materialegislativa/2015/3282/3282_texto_integral.docx", "ementa": "SOLICITA QUE REALIZE A MANUTEN\u00c7\u00c3O NA REDE DE ESGOTO PLUVIAL, EM FRENTE AO N\u00b0 571 NA RUA VEREADOR ERNESTO MENEZES, NA VILA OL\u00cdMPICA."}, {"id": "3283", "ano": "2015", "numero": "737", "tipo__sigla": "PDP", "tipo__descricao": "Pedido de Provid\u00eancia", "autoria": "Ari Zanoni", "texto_original": "http://sapl.esteio.rs.leg.br/media/./sapl/public/materialegislativa/2015/3283/3283_texto_integral.docx", "ementa": "SOLICITA A TROCA DE L\u00c2MPADA NA RUA SANTO ANT\u00d4NIO, EM FRENTE AO N\u00b0 204."}, {"id": "3287", "ano": "2015", "numero": "738", "tipo__sigla": "PDP", "tipo__descricao": "Pedido de Provid\u00eancia", "autoria": "Leonardo Pascoal", "texto_original": "http://sapl.esteio.rs.leg.br/media/./sapl/public/materialegislativa/2015/3287/3287_texto_integral.docx", "ementa": "SOLICITA O CADASTRAMENTO DO FUNDO MUNICIPAL DO IDOSO JUNTO AO CADASTRO NACIONAL DOS FUNDOS DO IDOSO, ORGANIZADO PELA SECRETARIA DE DIREITOS HUMANOS DA PRESID\u00caNCIA DA REP\u00daBLICA."}, {"id": "3286", "ano": "2015", "numero": "739", "tipo__sigla": "PDP", "tipo__descricao": "Pedido de Provid\u00eancia", "autoria": "Bia Lopes", "texto_original": "http://sapl.esteio.rs.leg.br/media/./sapl/public/materialegislativa/2015/3286/3286_texto_integral.docx", "ementa": "SOLICITA QUE REALIZE A LIMPEZA E MANUTEN\u00c7\u00c3O DA PRA\u00c7A LOCALIZADA ENTRE AS RUAS EUCLIDES DA CUNHA E S\u00c3O LEOPOLDO, NO BAIRRO JARDIM PLANALTO."}, {"id": "3291", "ano": "2015", "numero": "744", "tipo__sigla": "PDP", "tipo__descricao": "Pedido de Provid\u00eancia", "autoria": "Rafael Figliero", "texto_original": "http://sapl.esteio.rs.leg.br/media/./sapl/public/materialegislativa/2015/3291/3291_texto_integral.docx", "ementa": "SOLICITA QUE SE DIGNE A INFORMAR O MOTIVO PARA O AC\u00daMULO DE \u00c1GUA NO CEMIT\u00c9RIO MUNICIPAL 2 DE NOVEMBRO, IMPEDINDO O ACESSO A T\u00daMULOS DE FAMILIARES."}, {"id": "3290", "ano": "2015", "numero": "745", "tipo__sigla": "PDP", "tipo__descricao": "Pedido de Provid\u00eancia", "autoria": "Rafael Figliero", "texto_original": "http://sapl.esteio.rs.leg.br/media/./sapl/public/materialegislativa/2015/3290/3290_texto_integral.docx", "ementa": "SOLICITA QUE SE DIGNE A INFORMAR SE PROCEDE A INFORMA\u00c7\u00c3O DE QUE UM CAMINH\u00c3O DA SECRETARIA DE OBRAS EST\u00c1 TAPANDO BURACOS NA CAL\u00c7ADA COM ENTULHOS NA AV. SANTO IN\u00c1CIO DE LOYOLA, BAIRRO SANTO IN\u00c1CIO"}, {"id": "3288", "ano": "2015", "numero": "746", "tipo__sigla": "PDP", "tipo__descricao": "Pedido de Provid\u00eancia", "autoria": "Marcelo Kohlrausch", "texto_original": "http://sapl.esteio.rs.leg.br/media/./sapl/public/materialegislativa/2015/3288/3288_texto_integral.docx", "ementa": "SOLICITA QUE SE DIGNE A INFORMAR SE A LOMBADA SOLICITADA PELA COMUNIDADE POR MEIO DE ABAIXO-ASSINADO NA RUA SENADOR SALGADO FILHO, NO TRECHO ENTRE AS TRAVESSAS GENERAL OS\u00d3RIO E GET\u00daLIO VARGAS, DEVER\u00c1 SER EDIFICADA. CASO POSITIVO, QUAL A PREVIS\u00c3O PARA EXECU\u00c7\u00c3O? CASO NEGTIVO, QUAL A A PROPOSTA DO EXECUTIVO MUNICIPAL PARA CONTROLAR O EXCESSO DE VELOCIDADE NA REFERIDA VIA P\u00daBLICA?"}, {"id": "3259", "ano": "2015", "numero": "752", "tipo__sigla": "PDP", "tipo__descricao": "Pedido de Provid\u00eancia", "autoria": "Michele Pereira", "texto_original": "http://sapl.esteio.rs.leg.br/media/./sapl/public/materialegislativa/2015/3259/3259_texto_integral.docx", "ementa": "SOLICITA A ELIMINA\u00c7\u00c3O DE UMA BROCA, NO PASSEIO P\u00daBLICO, DA AVENIDA GARCIA LORCA, EM FRENTE AO N\u00daMERO 325, BAIRRO SANTO IN\u00c1CIO."}, {"id": "3261", "ano": "2015", "numero": "753", "tipo__sigla": "PDP", "tipo__descricao": "Pedido de Provid\u00eancia", "autoria": "Michele Pereira", "texto_original": "http://sapl.esteio.rs.leg.br/media/./sapl/public/materialegislativa/2015/3261/3261_texto_integral.docx", "ementa": "SOLICITA A COLETA DE LIXO (RESTOS DE M\u00d3VEIS) E RETIRADA DE GALHOS DE PODA DE \u00c1RVORES, COLOCADOS NO CANTEIRO CENTRAL DA AVENIDA PADRE ANT\u00d4NIO VIEIRA, PR\u00d3XIMO AO N\u00daMERO 451, NO BAIRRO SANTO IN\u00c1CIO."}, {"id": "3262", "ano": "2015", "numero": "754", "tipo__sigla": "PDP", "tipo__descricao": "Pedido de Provid\u00eancia", "autoria": "Michele Pereira", "texto_original": "http://sapl.esteio.rs.leg.br/media/./sapl/public/materialegislativa/2015/3262/3262_texto_integral.docx", "ementa": "SOLICITA A ELIMINA\u00c7\u00c3O DE UMA BROCA NO PASSEIO P\u00daBLICO DA RUA EZEQUIEL NUNES FILHO, PR\u00d3XIMO AO N\u00daMERO 181, NA SA\u00cdDA DO BECO QUE D\u00c1 ACESSO \u00c0 AVENIDA PRESIDENTE VARGAS, NO BAIRRO S\u00c3O SEBASTI\u00c3O."}, {"id": "3263", "ano": "2015", "numero": "755", "tipo__sigla": "PDP", "tipo__descricao": "Pedido de Provid\u00eancia", "autoria": "Michele Pereira", "texto_original": "http://sapl.esteio.rs.leg.br/media/./sapl/public/materialegislativa/2015/3263/3263_texto_integral.docx", "ementa": "SOLICITA O RECAPEAMENTO ASF\u00c1LTICO NA AVENIDA PADRE ANTONIO VIEIRA, NA BIFURCA\u00c7\u00c3O COM A RUA DA PAZ, NO BAIRRO PARQUE AMADOR."}, {"id": "3265", "ano": "2015", "numero": "756", "tipo__sigla": "PDP", "tipo__descricao": "Pedido de Provid\u00eancia", "autoria": "Rafael Figliero", "texto_original": "http://sapl.esteio.rs.leg.br/media/./sapl/public/materialegislativa/2015/3265/3265_texto_integral.docx", "ementa": "SOLICITA A ELIMINA\u00c7\u00c3O DE UMA BROCA, LOCALIZADA NO PASSEIO P\u00daBLICO DA RUA IRM\u00c3O ALEXANDRE DOMINGUES LEAL CABALLERO, EM FRENTE AO N\u00daMERO 51, BAIRRO PARQUE AMADOR."}, {"id": "3266", "ano": "2015", "numero": "757", "tipo__sigla": "PDP", "tipo__descricao": "Pedido de Provid\u00eancia", "autoria": "Rafael Figliero", "texto_original": "http://sapl.esteio.rs.leg.br/media/./sapl/public/materialegislativa/2015/3266/3266_texto_integral.docx", "ementa": "SOLICITA A REPOSI\u00c7\u00c3O DE UMA TAMPA DE BUEIRO, LOCALIZADA NA RUA IRM\u00c3O ALEXANDRE DOMINGUES LEAL CABALLERO, ESQUINA COM A RUA RITA DE CASSIA CARVALHO, BAIRRO PARQUE AMADOR."}, {"id": "3251", "ano": "2015", "numero": "758", "tipo__sigla": "PDP", "tipo__descricao": "Pedido de Provid\u00eancia", "autoria": "Rafael Figliero", "texto_original": "http://sapl.esteio.rs.leg.br/media/./sapl/public/materialegislativa/2015/3251/3251_texto_integral.docx", "ementa": "A REALIZA\u00c7\u00c3O DE OPERA\u00c7\u00c3O TAPA BURACO NA RUA GERMANO ARDUINO TONIOLO, ESQUINA COM A RUA ZALDI JOS\u00c9 VELHO, BAIRRO PARQUE AMADOR."}, {"id": "3254", "ano": "2015", "numero": "759", "tipo__sigla": "PDP", "tipo__descricao": "Pedido de Provid\u00eancia", "autoria": "Rafael Figliero", "texto_original": "http://sapl.esteio.rs.leg.br/media/./sapl/public/materialegislativa/2015/3254/3254_texto_integral.docx", "ementa": "SOLICITA OPERA\u00c7\u00c3O TAPA BURACO NA RUA IRM\u00c3O ALEXANDRE DOMINGUES LEAL CABALLERO, EM FRENTE AO N\u00b0 27, BAIRRO PARQUE AMADOR"}, {"id": "3257", "ano": "2015", "numero": "760", "tipo__sigla": "PDP", "tipo__descricao": "Pedido de Provid\u00eancia", "autoria": "Rafael Figliero", "texto_original": "http://sapl.esteio.rs.leg.br/media/./sapl/public/materialegislativa/2015/3257/3257_texto_integral.docx", "ementa": "SOLICITA A REALIZA\u00c7\u00c3O DE PINTURA DE UMA FAIXA DE SEGURAN\u00c7A NA RUA PADRE FELIPE, N\u00b0 370, EM FRENTE \u00c0 ESCOLA BEM ME QUER, BAIRRO CENTRO."}, {"id": "3258", "ano": "2015", "numero": "761", "tipo__sigla": "PDP", "tipo__descricao": "Pedido de Provid\u00eancia", "autoria": "Rafael Figliero", "texto_original": "http://sapl.esteio.rs.leg.br/media/./sapl/public/materialegislativa/2015/3258/3258_texto_integral.docx", "ementa": "SOLICITA A TROCA DE L\u00c2MPADA NA RUA IRM\u00c3O ALEXANDRE DOMINGUES LEAL CABALLERO, EM FRENTE AO N\u00b0 57, BAIRRO PARQUE AMADOR."}, {"id": "3260", "ano": "2015", "numero": "762", "tipo__sigla": "PDP", "tipo__descricao": "Pedido de Provid\u00eancia", "autoria": "Marcelo Kohlrausch", "texto_original": "http://sapl.esteio.rs.leg.br/media/./sapl/public/materialegislativa/2015/3260/3260_texto_integral.docx", "ementa": "SOLICITA QUE CONSIDERE A POSSIBILIDADE DE ALARGAMENTO DOS ARROIOS ESTEIO E SAPUCAIA, CONFORME PREVIS\u00c3O DOS ESTUDOS DO IPH/UFRGS. "}, {"id": "3264", "ano": "2015", "numero": "763", "tipo__sigla": "PDP", "tipo__descricao": "Pedido de Provid\u00eancia", "autoria": "Marcelo Kohlrausch", "texto_original": "http://sapl.esteio.rs.leg.br/media/./sapl/public/materialegislativa/2015/3264/3264_texto_integral.docx", "ementa": "SOLICITA QUE SE DIGNE A INFORMAR OS SEGUINTES QUESTIONAMENTOS:\r\n\r\nA) TODAS AS INTERVEN\u00c7\u00d5ES QUE EST\u00c3O SENDO EXECUTADAS JUNTO \u00c0S GALERIAS DA DONA ISABEL E NO PONTO DE ENCONTRO ENTRE OS ARROIOS ESTEIO E SAPUCAIA ESTAVAM PREVISTAS NOS ESTUDOS REALIZADOS PELO IPH?\r\n\r\n                        B)  EXISTE A PREVIS\u00c3O DE APROFUNDAMENTO DO LEITO DOS ARROIOS ESTEIO E SAPUCAIA? CASO POSITIVO, QUAIS S\u00c3O OS PONTOS?\r\n\r\n                        C)   A COTA DAS INTERVEN\u00c7\u00d5ES JUNTO AO ARROIO ESTEIO NA PONTE DA RUA DONA ISABEL \u00c9 MAIOR, IGUAL OU INFERIOR \u00c0 COTA DO CMEB ALBERTO PASQUALINI, NA RUA ARTHUR COSTA E SILVA, N\u00b0 55, BAIRRO S\u00c3O JOS\u00c9? AFIRMA O VEREADOR, QUE SE A COTA FOR IGUAL OU MAIOR, AS A\u00c7\u00d5ES SER\u00c3O IN\u00d3CUAS, NO ENTANTO, SE A COTA FOR INFERIOR DESDE QUE SEJA TAMB\u00c9M NAS INTERVEN\u00c7\u00d5ES DO ARROIO SAPUCAIA, A\u00cd PODEREMOS ESPERAR QUE A VAZ\u00c3O DE AMBOS OS ARROIOS EM DIRE\u00c7\u00c3O AO RIO DO SINOS SER\u00c1 MAIOR."}, {"id": "3267", "ano": "2015", "numero": "764", "tipo__sigla": "PDP", "tipo__descricao": "Pedido de Provid\u00eancia", "autoria": "Marcelo Kohlrausch", "texto_original": "http://sapl.esteio.rs.leg.br/media/./sapl/public/materialegislativa/2015/3267/3267_texto_integral.docx", "ementa": "SOLICITA QUE PROMOVA A REMO\u00c7\u00c3O DOS ENTULHOS E CALI\u00c7AS DEPOSITADAS EM FRENTE AO N\u00b0 280, NA RUA JOS\u00c9 GUIMAR\u00c3ES. "}, {"id": "3268", "ano": "2015", "numero": "765", "tipo__sigla": "PDP", "tipo__descricao": "Pedido de Provid\u00eancia", "autoria": "Marcelo Kohlrausch", "texto_original": "http://sapl.esteio.rs.leg.br/media/./sapl/public/materialegislativa/2015/3268/3268_texto_integral.docx", "ementa": "SOLICITA QUE INVESTIGUE COM MAIOR RIGOR O PROBLEMA DA LUMIN\u00c1RIA JUNTO A RUA IN\u00c1CIO MONTANHA, EM FRENTE AO N\u00b0 5, BAIRRO SANTO IN\u00c1CIO."}, {"id": "3269", "ano": "2015", "numero": "766", "tipo__sigla": "PDP", "tipo__descricao": "Pedido de Provid\u00eancia", "autoria": "Marcelo Kohlrausch", "texto_original": "http://sapl.esteio.rs.leg.br/media/./sapl/public/materialegislativa/2015/3269/3269_texto_integral.docx", "ementa": "SOLICITA QUE MANTENHA EM LINHA RETA O LEITO DO ARROIO ESTEIO NO MESMO SENTIDO DAS GALERIAS DA PONTE DA DONA ISABEL, EIS QUE A MARGEM ESQUERDA DO ARROIO EST\u00c1 OBSTRUINDO A VAZ\u00c3O DE PARTE DAS GALERIAS, ESTRANGULANDO A VAZ\u00c3O DE PARTE DAS GALERIAS, BEM COMO A VAZ\u00c3O DO CURSO DO ARROIO ESTEIO."}, {"id": "3305", "ano": "2015", "numero": "770", "tipo__sigla": "PDP", "tipo__descricao": "Pedido de Provid\u00eancia", "autoria": "Ari Zanoni", "texto_original": "http://sapl.esteio.rs.leg.br/media/./sapl/public/materialegislativa/2015/3305/3305_texto_integral.docx", "ementa": "SOLICITA A ELIMINA\u00c7\u00c3O DE BROCA, TROCA DA TUBULA\u00c7\u00c3O DE ESGOTO E RECUPERA\u00c7\u00c3O DE PASSEIO P\u00daBLICO NA RUA S\u00c3O LEOPOLDO, EM FRENTE AO N\u00b0 141, BAIRRO JARDIM PLANALTO."}, {"id": "3304", "ano": "2015", "numero": "771", "tipo__sigla": "PDP", "tipo__descricao": "Pedido de Provid\u00eancia", "autoria": "Ari Zanoni", "texto_original": "http://sapl.esteio.rs.leg.br/media/./sapl/public/materialegislativa/2015/3304/3304_texto_integral.docx", "ementa": "SOLICITA A RECONSTRU\u00c7\u00c3O DO ACESSO A CADEIRANTES NA RUA GRAVATA\u00cd, ESQUINA COM A RUA PELOTAS."}, {"id": "3303", "ano": "2015", "numero": "772", "tipo__sigla": "PDP", "tipo__descricao": "Pedido de Provid\u00eancia", "autoria": "Ari Zanoni", "texto_original": "http://sapl.esteio.rs.leg.br/media/./sapl/public/materialegislativa/2015/3303/3303_texto_integral.docx", "ementa": "SOLICITA ELIMINA\u00c7\u00c3O DE BROCA E RECUPERA\u00c7\u00c3O DA PAVIMENTA\u00c7\u00c3O ASF\u00c1LTICA NA AVENIDA SENADOR SALGADO FILHO, EM FRENTE AO N\u00b0 321, CENTRO."}, {"id": "3302", "ano": "2015", "numero": "774", "tipo__sigla": "PDP", "tipo__descricao": "Pedido de Provid\u00eancia", "autoria": "Ari Zanoni", "texto_original": "http://sapl.esteio.rs.leg.br/media/./sapl/public/materialegislativa/2015/3302/3302_texto_integral.docx", "ementa": "SOLICITA A ELIMINA\u00c7\u00c3O DE UMA BROCA NO PASSEIO P\u00daBLICO LOCALIZADO NA RUA PRIMEIRO DE MAR\u00c7O, EM FRENTE AO N\u00b0 34, BAIRRO JARDIM FIGUEIRA."}, {"id": "3301", "ano": "2015", "numero": "775", "tipo__sigla": "PDP", "tipo__descricao": "Pedido de Provid\u00eancia", "autoria": "Ari Zanoni", "texto_original": "http://sapl.esteio.rs.leg.br/media/./sapl/public/materialegislativa/2015/3301/3301_texto_integral.docx", "ementa": "SOLICITA A SUBSTITUI\u00c7\u00c3O DE L\u00c2MPADA NA RUA S\u00c3O LEOPOLDO, EM FRENTE AO N\u00b0 141, BAIRRO JARDIM PLANALTO."}, {"id": "3306", "ano": "2015", "numero": "776", "tipo__sigla": "PDP", "tipo__descricao": "Pedido de Provid\u00eancia", "autoria": "Leonardo Pascoal", "texto_original": "http://sapl.esteio.rs.leg.br/media/./sapl/public/materialegislativa/2015/3306/3306_texto_integral.docx", "ementa": "SOLICITA A MANUTEN\u00c7\u00c3O DO PASSEIO P\u00daBLICO LOCALIZADO NA RUA ERWINO SCHULLER, EM FRENTE AOS N\u00b0S 77 E 83."}, {"id": "3310", "ano": "2015", "numero": "777", "tipo__sigla": "PDP", "tipo__descricao": "Pedido de Provid\u00eancia", "autoria": "Leonardo Pascoal", "texto_original": "http://sapl.esteio.rs.leg.br/media/./sapl/public/materialegislativa/2015/3310/3310_texto_integral.docx", "ementa": "SOLICITA A ELIMINA\u00c7\u00c3O DE BROCA E MANUTEN\u00c7\u00c3O NA TUBULA\u00c7\u00c3O NA RUA QUARA\u00cd, ESQUINA COM A TRAVESSA C."}, {"id": "3316", "ano": "2015", "numero": "778", "tipo__sigla": "PDP", "tipo__descricao": "Pedido de Provid\u00eancia", "autoria": "Marcelo Kohlrausch", "texto_original": "http://sapl.esteio.rs.leg.br/media/./sapl/public/materialegislativa/2015/3316/3316_texto_integral.docx", "ementa": "SOLICITA QUE, EM PARCERIA COM A COMUNIDADE TRADICIONALISTA E SIMPATIZANTES, JUNTE-SE AO MOVIMENTO DESTE LEGISLATIVO, A FIM DE GARANTIR A MANUTEN\u00c7\u00c3O DA \u00c1REA DESTINADA A REALIZA\u00c7\u00c3O DA SEMANA FARROUPILHA, NAS DEPEND\u00caNCIAS DO PARQUE DE EXPOSI\u00c7\u00c3O ASSIS BRASIL."}, {"id": "3311", "ano": "2015", "numero": "781", "tipo__sigla": "PDP", "tipo__descricao": "Pedido de Provid\u00eancia", "autoria": "Jane Battistello", "texto_original": "http://sapl.esteio.rs.leg.br/media/./sapl/public/materialegislativa/2015/3311/3311_texto_integral.docx", "ementa": "SOLICITA A ELIMINA\u00c7\u00c3O DA BROCA LOCALIZADA NO MEIO DA RUA PADRE DE LANDELL DE MOURA, EM FRENTE AO N\u00b0 49."}, {"id": "3312", "ano": "2015", "numero": "783", "tipo__sigla": "PDP", "tipo__descricao": "Pedido de Provid\u00eancia", "autoria": "Rafael Figliero", "texto_original": "http://sapl.esteio.rs.leg.br/media/./sapl/public/materialegislativa/2015/3312/3312_texto_integral.docx", "ementa": "SOLICITA A REPOSI\u00c7\u00c3O DE UMA TAMPA DE BUEIRO LOCALIZADA NO PASSEIO P\u00daBLICO DA AVENIDA PADRE CLARET, ESQUINA COM A RUA CORA\u00c7\u00c3O DE MARIA."}, {"id": "3314", "ano": "2015", "numero": "784", "tipo__sigla": "PDP", "tipo__descricao": "Pedido de Provid\u00eancia", "autoria": "Rafael Figliero", "texto_original": "http://sapl.esteio.rs.leg.br/media/./sapl/public/materialegislativa/2015/3314/3314_texto_integral.docx", "ementa": "SOLICITA A REALIZA\u00c7\u00c3O DE OPERA\u00c7\u00c3O TAPA BURACO NA RUA BENTO GON\u00c7ALVES, ESQUINA COM A RUA PADRE FELIPE."}, {"id": "3317", "ano": "2015", "numero": "785", "tipo__sigla": "PDP", "tipo__descricao": "Pedido de Provid\u00eancia", "autoria": "Rafael Figliero", "texto_original": "http://sapl.esteio.rs.leg.br/media/./sapl/public/materialegislativa/2015/3317/3317_texto_integral.docx", "ementa": "SOLICITA A INSTALA\u00c7\u00c3O DE PISO T\u00c1TIL NAS CAL\u00c7ADAS DOS PR\u00c9DIOS P\u00daBLICOS DO MUNIC\u00cdPIO, OBEDECENDO \u00c0S ESPECIFICA\u00c7\u00d5ES T\u00c9CNICAS DA ASSOCIA\u00c7\u00c3O BRASILEIRA DE NORMAS T\u00c9CNICAS &#8211; ABNT E QUE FA\u00c7A CUMPRIR O PROGRAMA ESTEIO ACESS\u00cdVEL."}, {"id": "3307", "ano": "2015", "numero": "786", "tipo__sigla": "PDP", "tipo__descricao": "Pedido de Provid\u00eancia", "autoria": "Rafael Figliero", "texto_original": "http://sapl.esteio.rs.leg.br/media/./sapl/public/materialegislativa/2015/3307/3307_texto_integral.docx", "ementa": "SOLICITA A COLOCA\u00c7\u00c3O DE UMA PLACA DE PROIBIDO COLOCAR LIXO, NA RUA RITA DE C\u00c1SSIA CARVALHO, ESQUINA COM A RUA NOVO HAMBURGO, \u00c0S MARGENS DO ARROIO ESTEIO."}, {"id": "3313", "ano": "2015", "numero": "787", "tipo__sigla": "PDP", "tipo__descricao": "Pedido de Provid\u00eancia", "autoria": "Marcelo Kohlrausch", "texto_original": "http://sapl.esteio.rs.leg.br/media/./sapl/public/materialegislativa/2015/3313/3313_texto_integral.docx", "ementa": "SOLICITA A MANUTEN\u00c7\u00c3O DA LUMIN\u00c1RIA EM FRENTE AO N\u00daMERO 377, JUNTO AO XIS DO LAGO."}, {"id": "3363", "ano": "2015", "numero": "789", "tipo__sigla": "PDP", "tipo__descricao": "Pedido de Provid\u00eancia", "autoria": "Marcelo Kohlrausch", "texto_original": "http://sapl.esteio.rs.leg.br/media/./sapl/public/materialegislativa/2015/3363/3363_texto_integral.docx", "ementa": "QUE SE DIGNE A INFORMAR SE H\u00c1 POSSIBILIDADE DE REALIZAR INVESTIMENTOS DE INFRAESTRUTURA NA TRAVESSA EXISTENTE ENTRE A ESTRADA DO BOQUEIR\u00c3O E RUA OSVALDO JESUS VIEIRA."}, {"id": "3315", "ano": "2015", "numero": "790", "tipo__sigla": "PDP", "tipo__descricao": "Pedido de Provid\u00eancia", "autoria": "Marcelo Kohlrausch", "texto_original": "http://sapl.esteio.rs.leg.br/media/./sapl/public/materialegislativa/2015/3315/3315_texto_integral.docx", "ementa": "SOLICITA QUE, DENTRO DAS A\u00c7\u00d5ES PREVISTAS PARA PROTEGER A CIDADE DAS ENCHENTES, PRIORIZE AS OBRAS E MEDIDAS QUE VIABILIZEM A VAZ\u00c3O DAS \u00c1GUAS DOS ARROIOS ESTEIO E SAPUCAIA. "}, {"id": "3347", "ano": "2015", "numero": "792", "tipo__sigla": "PDP", "tipo__descricao": "Pedido de Provid\u00eancia", "autoria": "Michele Pereira", "texto_original": "http://sapl.esteio.rs.leg.br/media/./sapl/public/materialegislativa/2015/3347/3347_texto_integral.docx", "ementa": "A OPERA\u00c7\u00c3O TAPA BURACO NA RUA CLAUDIO MANOEL DA COSTA, EM FRENTE AO N\u00ba 343, BAIRRO JARDIM PLANALTO. "}, {"id": "3350", "ano": "2015", "numero": "793", "tipo__sigla": "PDP", "tipo__descricao": "Pedido de Provid\u00eancia", "autoria": "Michele Pereira", "texto_original": "http://sapl.esteio.rs.leg.br/media/./sapl/public/materialegislativa/2015/3350/3350_texto_integral.docx", "ementa": "A SUBSTITUI\u00c7\u00c3O DAS L\u00c2MPADAS NOS DOIS BRA\u00c7OS DO POSTE LOCALIZADO NA AVENIDA PORTO ALEGRE, EM FRENTE AO N\u00ba 1.068, BAIRRO JARDIM PLANALTO. "}, {"id": "3348", "ano": "2015", "numero": "794", "tipo__sigla": "PDP", "tipo__descricao": "Pedido de Provid\u00eancia", "autoria": "Michele Pereira", "texto_original": "http://sapl.esteio.rs.leg.br/media/./sapl/public/materialegislativa/2015/3348/3348_texto_integral.docx", "ementa": "A SUBSTITUI\u00c7\u00c3O DA ESTRUTURA MET\u00c1LICA QUE SUSTENTA A COBERTURA DE UM DOS ABRIGOS DE \u00d4NIBUS LOCALIZADO NA BR 116, JUNTO \u00c0 ESTA\u00c7\u00c3O ESTEIO DO TRENSURB"}, {"id": "3337", "ano": "2015", "numero": "795", "tipo__sigla": "PDP", "tipo__descricao": "Pedido de Provid\u00eancia", "autoria": "Michele Pereira", "texto_original": "http://sapl.esteio.rs.leg.br/media/./sapl/public/materialegislativa/2015/3337/3337_texto_integral.docx", "ementa": "QUE FA\u00c7A A SUBSTITUI\u00c7\u00c3O DO ABRIGO DE PONTO DE \u00d4NIBUS LOCALIZADO NA BR 116, PR\u00d3XIMO \u00c0 PASSARELA DE ACESSO \u00c0 VILA EZEQUIEL, TENDO EM VISTA QUE TODA A ESTRUTURA MET\u00c1LICA EST\u00c1 DANIFICADA E SEM A COBERTURA, CAUSANDO TRANSTORNOS AOS USU\u00c1RIOS.      "}, {"id": "3338", "ano": "2015", "numero": "796", "tipo__sigla": "PDP", "tipo__descricao": "Pedido de Provid\u00eancia", "autoria": "Michele Pereira", "texto_original": "http://sapl.esteio.rs.leg.br/media/./sapl/public/materialegislativa/2015/3338/3338_texto_integral.docx", "ementa": "A ELIMINA\u00c7\u00c3O DE UMA BROCA NA CAL\u00c7ADA DA RUA FORTALEZA, EM FRENTE AO N\u00ba 30, BAIRRO LIBERDADE.        "}, {"id": "3359", "ano": "2015", "numero": "797", "tipo__sigla": "PDP", "tipo__descricao": "Pedido de Provid\u00eancia", "autoria": "Rafael Figliero", "texto_original": "http://sapl.esteio.rs.leg.br/media/./sapl/public/materialegislativa/2015/3359/3359_texto_integral.docx", "ementa": "O REPARO NO ASFALTO NA AVENIDA PADRE ANT\u00d4NIO VIEIRA, EM FRENTE AO N\u00ba 87. "}, {"id": "3358", "ano": "2015", "numero": "798", "tipo__sigla": "PDP", "tipo__descricao": "Pedido de Provid\u00eancia", "autoria": "Rafael Figliero", "texto_original": "http://sapl.esteio.rs.leg.br/media/./sapl/public/materialegislativa/2015/3358/3358_texto_integral.docx", "ementa": "OPERA\u00c7\u00c3O TAPA BURACOS NA AVENIDA PADRE ANT\u00d4NIO VIEIRA, ENTRE OS N\u00daMEROS 100 E 278. "}, {"id": "3357", "ano": "2015", "numero": "799", "tipo__sigla": "PDP", "tipo__descricao": "Pedido de Provid\u00eancia", "autoria": "Rafael Figliero", "texto_original": "http://sapl.esteio.rs.leg.br/media/./sapl/public/materialegislativa/2015/3357/3357_texto_integral.docx", "ementa": "A ELIMINA\u00c7\u00c3O DE UMA BROCA LOCALIZADA NA RUA NOVO HAMBURGO, ESQUINA COM A RUA ANA NERI. "}, {"id": "3356", "ano": "2015", "numero": "800", "tipo__sigla": "PDP", "tipo__descricao": "Pedido de Provid\u00eancia", "autoria": "Rafael Figliero", "texto_original": "http://sapl.esteio.rs.leg.br/media/./sapl/public/materialegislativa/2015/3356/3356_texto_integral.docx", "ementa": "QUE FA\u00c7A A NOTIFICA\u00c7\u00c3O DO PROPRIET\u00c1RIO DO IM\u00d3VEL LOCALIZADO NA RUA 24 DE AGOSTO, AO LADO DO N\u00ba 2.474, PARA EFETUAR A LIMPEZA, CERCAMENTO E A CONSTRU\u00c7\u00c3O DE UM PASSEIO P\u00daBLICO."}, {"id": "3355", "ano": "2015", "numero": "802", "tipo__sigla": "PDP", "tipo__descricao": "Pedido de Provid\u00eancia", "autoria": "Bia Lopes", "texto_original": "http://sapl.esteio.rs.leg.br/media/./sapl/public/materialegislativa/2015/3355/3355_texto_integral.docx", "ementa": "A ELIMINA\u00c7\u00c3O DE UMA BROCA LOCALIZADA NA RUA GUARANI, EM FRENTE AO N\u00ba 23."}, {"id": "3360", "ano": "2015", "numero": "803", "tipo__sigla": "PDP", "tipo__descricao": "Pedido de Provid\u00eancia", "autoria": "Leonardo Pascoal", "texto_original": "http://sapl.esteio.rs.leg.br/media/./sapl/public/materialegislativa/2015/3360/3360_texto_integral.docx", "ementa": "A LIMPEZA DA TUBULA\u00c7\u00c3O DE ESGOTO EM TODA EXTENS\u00c3O DA RUA FLORINALDO SILVEIRA DE MATOS, BAIRRO S\u00c3O JOS\u00c9.  "}, {"id": "3352", "ano": "2015", "numero": "804", "tipo__sigla": "PDP", "tipo__descricao": "Pedido de Provid\u00eancia", "autoria": "Leonardo Pascoal", "texto_original": "http://sapl.esteio.rs.leg.br/media/./sapl/public/materialegislativa/2015/3352/3352_texto_integral.docx", "ementa": "O CADASTRAMENTO DE PROJETO JUNTO AO EDITAL DLLLB N\u00ba 02/2015, DO MINIST\u00c9RIO DA CULTURA, QUE VISA DAR APOIO AO CIRCUITO NACIONAL DE FEIRAS DE LIVROS E EVENTOS LITER\u00c1RIOS."}, {"id": "3353", "ano": "2015", "numero": "805", "tipo__sigla": "PDP", "tipo__descricao": "Pedido de Provid\u00eancia", "autoria": "Leonardo Pascoal", "texto_original": "http://sapl.esteio.rs.leg.br/media/./sapl/public/materialegislativa/2015/3353/3353_texto_integral.docx", "ementa": "A SUBSTITUI\u00c7\u00c3O DE L\u00c2MPADA DO POSTE LOCALIZADO NA RUA ALBERTO BRAUN, EM FRENTE AO N\u00daMERO 124."}, {"id": "3342", "ano": "2015", "numero": "806", "tipo__sigla": "PDP", "tipo__descricao": "Pedido de Provid\u00eancia", "autoria": "Marcelo Kohlrausch", "texto_original": "http://sapl.esteio.rs.leg.br/media/./sapl/public/materialegislativa/2015/3342/3342_texto_integral.docx", "ementa": "QUE SE DIGNE A INFORMAR QUAL A PREVIS\u00c3O DE IMPLANTA\u00c7\u00c3O DO SISTEMA DE CICLOVIAS NO MUNIC\u00cdPIO. "}, {"id": "3345", "ano": "2015", "numero": "811", "tipo__sigla": "PDP", "tipo__descricao": "Pedido de Provid\u00eancia", "autoria": "Ari Zanoni", "texto_original": "http://sapl.esteio.rs.leg.br/media/./sapl/public/materialegislativa/2015/3345/3345_texto_integral.docx", "ementa": "A ELIMINA\u00c7\u00c3O DE UMA BROCA NA CAL\u00c7ADA, EM FRENTE AO N\u00ba 1.837 DA AV. PRESIDENTE VARGAS. "}, {"id": "3387", "ano": "2015", "numero": "812", "tipo__sigla": "PDP", "tipo__descricao": "Pedido de Provid\u00eancia", "autoria": "Michele Pereira", "texto_original": "http://sapl.esteio.rs.leg.br/media/./sapl/public/materialegislativa/2015/3387/3387_texto_integral.docx", "ementa": "A PINTURA DE IDENTIFICA\u00c7\u00c3O QUE PRESERVA O ESTACIONAMENTO PARA O DEFICIENTE F\u00cdSICO E IDOSO, EM FRENTE A SOCIEDADE ESP\u00cdRITA PONTO DE LUZ, SITUADO NA RUA DA CONSTITUI\u00c7\u00c3O, N\u00daMERO 153, BAIRRO PREMEM. "}, {"id": "3402", "ano": "2015", "numero": "813", "tipo__sigla": "PDP", "tipo__descricao": "Pedido de Provid\u00eancia", "autoria": "Jaime da Rosa", "texto_original": "http://sapl.esteio.rs.leg.br/media/./sapl/public/materialegislativa/2015/3402/3402_texto_integral.docx", "ementa": "A NOTIFICA\u00c7\u00c3O DO PROPRIET\u00c1RIO/RESPONS\u00c1VEL PELO IM\u00d3VEL LOCALIZADO NA RUA PRIMEIRO DE MAR\u00c7O, N\u00daMERO 93, BAIRRO JARDIM DAS FIGUEIRAS, PARA QUE PROVIDENCIE IMEDIATAMENTE A LIMPEZA DO TERRENO."}, {"id": "3381", "ano": "2015", "numero": "815", "tipo__sigla": "PDP", "tipo__descricao": "Pedido de Provid\u00eancia", "autoria": "Rafael Figliero", "texto_original": "http://sapl.esteio.rs.leg.br/media/./sapl/public/materialegislativa/2015/3381/3381_texto_integral.docx", "ementa": "A ELIMINA\u00c7\u00c3O DE UMA BROCA NA RUA ACRE, 288."}, {"id": "3379", "ano": "2015", "numero": "816", "tipo__sigla": "PDP", "tipo__descricao": "Pedido de Provid\u00eancia", "autoria": "Leonardo Pascoal", "texto_original": "http://sapl.esteio.rs.leg.br/media/./sapl/public/materialegislativa/2015/3379/3379_texto_integral.docx", "ementa": "REFOR\u00c7O POLICIAL NA AVENIDA PRESIDENTE VARGAS, SOBRETUDO NO HOR\u00c1RIO DE FUNCIONAMENTO DO COM\u00c9RCIO DA REGI\u00c3O."}, {"id": "3378", "ano": "2015", "numero": "817", "tipo__sigla": "PDP", "tipo__descricao": "Pedido de Provid\u00eancia", "autoria": "Michele Pereira", "texto_original": "http://sapl.esteio.rs.leg.br/media/./sapl/public/materialegislativa/2015/3378/3378_texto_integral.docx", "ementa": "QUE FA\u00c7A O RECAPEAMENTO ASF\u00c1LTICO NA RUA SOLEDADE, EM FRENTE AO N\u00daMERO 1.614, BAIRRO/CENTRO. "}, {"id": "3401", "ano": "2015", "numero": "818", "tipo__sigla": "PDP", "tipo__descricao": "Pedido de Provid\u00eancia", "autoria": "Michele Pereira", "texto_original": "http://sapl.esteio.rs.leg.br/media/./sapl/public/materialegislativa/2015/3401/3401_texto_integral.docx", "ementa": "A LIMPEZA, COLOCA\u00c7\u00c3O DE SAIBRO E OPERA\u00c7\u00c3O TAPA BURACOS EM TODA A EXTENS\u00c3O DO BECO QUE LIGA A RUA AIRTON SENA COM A RUA LUDOVICO COSTELA, BAIRRO TR\u00caS MARIAS."}, {"id": "3400", "ano": "2015", "numero": "819", "tipo__sigla": "PDP", "tipo__descricao": "Pedido de Provid\u00eancia", "autoria": "Michele Pereira", "texto_original": "http://sapl.esteio.rs.leg.br/media/./sapl/public/materialegislativa/2015/3400/3400_texto_integral.docx", "ementa": "A COLOCA\u00c7\u00c3O DA TAMPA NA BOCA DE LOBO LOCALIZADA NA RUA RIO GRANDE, N\u00daMERO 930, EM FRENTE AO POSTO DE COMBUST\u00cdVEL RIO GRANDE.           \r\n"}, {"id": "3399", "ano": "2015", "numero": "820", "tipo__sigla": "PDP", "tipo__descricao": "Pedido de Provid\u00eancia", "autoria": "Michele Pereira", "texto_original": "http://sapl.esteio.rs.leg.br/media/./sapl/public/materialegislativa/2015/3399/3399_texto_integral.docx", "ementa": "A OPERA\u00c7\u00c3O TAPA BURACO NA RUA FERNANDO FERRARI, EM FRENTE AO N\u00daMERO 235, BAIRRO/CENTRO.            "}, {"id": "3377", "ano": "2015", "numero": "821", "tipo__sigla": "PDP", "tipo__descricao": "Pedido de Provid\u00eancia", "autoria": "Michele Pereira", "texto_original": "http://sapl.esteio.rs.leg.br/media/./sapl/public/materialegislativa/2015/3377/3377_texto_integral.docx", "ementa": "A SUBSTITUI\u00c7\u00c3O DA L\u00c2MPADA NO POSTE LOCALIZADO NA RUA ELBA ESTELLA MORETTI, EM FRENTE AO N\u00daMERO 48, NO BAIRRO TR\u00caS MARIAS.  "}, {"id": "3398", "ano": "2015", "numero": "822", "tipo__sigla": "PDP", "tipo__descricao": "Pedido de Provid\u00eancia", "autoria": "Michele Pereira", "texto_original": "http://sapl.esteio.rs.leg.br/media/./sapl/public/materialegislativa/2015/3398/3398_texto_integral.docx", "ementa": "A LIMPEZA E CORTE DE GRAMA NA PRA\u00c7A LOCALIZADA NO LOTEAMENTO CAMPOS DE ESTEIO.           "}, {"id": "3397", "ano": "2015", "numero": "823", "tipo__sigla": "PDP", "tipo__descricao": "Pedido de Provid\u00eancia", "autoria": "Marcelo Kohlrausch", "texto_original": "http://sapl.esteio.rs.leg.br/media/./sapl/public/materialegislativa/2015/3397/3397_texto_integral.docx", "ementa": "NOTIFICA\u00c7\u00c3O DOS PROPRIET\u00c1RIOS/RESPONS\u00c1VEIS PELOS IM\u00d3VEIS LOCALIZADOS NA RUA ALEGRETE, N\u00daMEROS 149 E 191, POIS AMBOS APRESENTAM AC\u00daMULO DE VEGETA\u00c7\u00c3O E LIXO SOBRE OS RESPECTIVOS PASSEIOS P\u00daBLICOS. "}, {"id": "3375", "ano": "2015", "numero": "824", "tipo__sigla": "PDP", "tipo__descricao": "Pedido de Provid\u00eancia", "autoria": "Marcelo Kohlrausch", "texto_original": "http://sapl.esteio.rs.leg.br/media/./sapl/public/materialegislativa/2015/3375/3375_texto_integral.docx", "ementa": "A MANUTEN\u00c7\u00c3O DA REDE PLUVIAL NA ESQUINA DA RUA FERNANDO FERRARI COM A RUA S\u00c3O SEBASTI\u00c3O DO CA\u00cd. "}, {"id": "3396", "ano": "2015", "numero": "825", "tipo__sigla": "PDP", "tipo__descricao": "Pedido de Provid\u00eancia", "autoria": "Marcelo Kohlrausch", "texto_original": "http://sapl.esteio.rs.leg.br/media/./sapl/public/materialegislativa/2015/3396/3396_texto_integral.docx", "ementa": "A MANUTEN\u00c7\u00c3O DA CAMADA ASF\u00c1LTICA DA RUA FERNANDO FERRARI, EM FRENTE AOS N\u00daMEROS 275 E 466, E NA ESQUINA DA RUA PELOTAS COM AVENIDA PADRE CLARET.  "}, {"id": "3395", "ano": "2015", "numero": "826", "tipo__sigla": "PDP", "tipo__descricao": "Pedido de Provid\u00eancia", "autoria": "Marcelo Kohlrausch", "texto_original": "http://sapl.esteio.rs.leg.br/media/./sapl/public/materialegislativa/2015/3395/3395_texto_integral.docx", "ementa": "A REVIS\u00c3O DAS CONDI\u00c7\u00d5ES F\u00cdSICAS DOS PILARES DAS ESTRUTURAS DA RUA COBERTA. "}, {"id": "3389", "ano": "2015", "numero": "827", "tipo__sigla": "PDP", "tipo__descricao": "Pedido de Provid\u00eancia", "autoria": "Marcelo Kohlrausch", "texto_original": "http://sapl.esteio.rs.leg.br/media/./sapl/public/materialegislativa/2015/3389/3389_texto_integral.docx", "ementa": "O ESTUDO SOBRE A POSSIBILIDADE DE INSTALAR O SERVI\u00c7O DE ALUGUEL DE BICICLETAS NO MUNIC\u00cdPIO DE ESTEIO. "}, {"id": "3394", "ano": "2015", "numero": "828", "tipo__sigla": "PDP", "tipo__descricao": "Pedido de Provid\u00eancia", "autoria": "Marcelo Kohlrausch", "texto_original": "http://sapl.esteio.rs.leg.br/media/./sapl/public/materialegislativa/2015/3394/3394_texto_integral.docx", "ementa": "AVALIA\u00c7\u00c3O PARA VER DA POSSIBILIDADE DE CRIAR O BANCO DA SOLIDARIEDADE &#8211; ESPA\u00c7O DESTINADO A RECEBER M\u00d3VEIS, ROUPAS, CAL\u00c7ADOS, PRODUTOS DE LIMPEZA, MATERIAL ESCOLAR E ALIMENTOS PARA EVENTUAL DOA\u00c7\u00c3O \u00c0S V\u00cdTIMAS DE CAT\u00c1STROFES NATURAIS OU FAM\u00cdLIAS EM SITUA\u00c7\u00c3O DE VULNERABILIDADE SOCIAL."}, {"id": "3374", "ano": "2015", "numero": "829", "tipo__sigla": "PDP", "tipo__descricao": "Pedido de Provid\u00eancia", "autoria": "Leonardo Pascoal", "texto_original": "http://sapl.esteio.rs.leg.br/media/./sapl/public/materialegislativa/2015/3374/3374_texto_integral.docx", "ementa": "A SUBSTITUI\u00c7\u00c3O DAS L\u00c2MPADAS DOS POSTES LOCALIZADOS NA RUA EZEQUIEL NUNES FILHO, EM FRENTE AO N\u00ba 88. "}, {"id": "3390", "ano": "2015", "numero": "830", "tipo__sigla": "PDP", "tipo__descricao": "Pedido de Provid\u00eancia", "autoria": "Leonardo Pascoal", "texto_original": "http://sapl.esteio.rs.leg.br/media/./sapl/public/materialegislativa/2015/3390/3390_texto_integral.docx", "ementa": "A COLOCA\u00c7\u00c3O DE SAIBRO EM TODA A EXTENS\u00c3O DA RUA BRUNO SPERB. "}, {"id": "3393", "ano": "2015", "numero": "831", "tipo__sigla": "PDP", "tipo__descricao": "Pedido de Provid\u00eancia", "autoria": "Leonardo Pascoal", "texto_original": "http://sapl.esteio.rs.leg.br/media/./sapl/public/materialegislativa/2015/3393/3393_texto_integral.docx", "ementa": "ESTUDOS PARA IMPLANTA\u00c7\u00c3O DE UM SEM\u00c1FORO NO CRUZAMENTO DA RUA NOVO HAMBURGO COM A AVENIDA PADRE CLARET."}, {"id": "3421", "ano": "2015", "numero": "832", "tipo__sigla": "PDP", "tipo__descricao": "Pedido de Provid\u00eancia", "autoria": "Rafael Figliero", "texto_original": "http://sapl.esteio.rs.leg.br/media/./sapl/public/materialegislativa/2015/3421/3421_texto_integral.docx", "ementa": "A ELIMINA\u00c7\u00c3O DE BROCA E REPARO ASF\u00c1LTICO EM TODA A EXTENS\u00c3O DA RUA IRM\u00c3O ALEXANDRE DOMINGUES LEAL CABALLERO."}, {"id": "3410", "ano": "2015", "numero": "833", "tipo__sigla": "PDP", "tipo__descricao": "Pedido de Provid\u00eancia", "autoria": "Rafael Figliero", "texto_original": "http://sapl.esteio.rs.leg.br/media/./sapl/public/materialegislativa/2015/3410/3410_texto_integral.docx", "ementa": "A CAPINA E LIMPEZA DO CANTEIRO CENTRAL DAS AVENIDAS PRESIDENTE VARGAS, PADRE CLARET E DOM PEDRO."}, {"id": "3411", "ano": "2015", "numero": "834", "tipo__sigla": "PDP", "tipo__descricao": "Pedido de Provid\u00eancia", "autoria": "Rafael Figliero", "texto_original": "http://sapl.esteio.rs.leg.br/media/./sapl/public/materialegislativa/2015/3411/3411_texto_integral.docx", "ementa": "A REPOSI\u00c7\u00c3O DE UMA TAMPA DE BUEIRO LOCALIZADA NA CAL\u00c7ADA DA RUA BENTO GON\u00c7ALVES, EM FRENTE AO N\u00daMERO 1267."}, {"id": "3420", "ano": "2015", "numero": "835", "tipo__sigla": "PDP", "tipo__descricao": "Pedido de Provid\u00eancia", "autoria": "Marcelo Kohlrausch", "texto_original": "http://sapl.esteio.rs.leg.br/media/./sapl/public/materialegislativa/2015/3420/3420_texto_integral.docx", "ementa": "QUE CONCLUA A DEMARCA\u00c7\u00c3O DA PISTA PARA CAMINHADA JUNTO A AVENIDA PERI FAGUNDES, NA VILA OS\u00d3RIO."}, {"id": "3431", "ano": "2015", "numero": "836", "tipo__sigla": "PDP", "tipo__descricao": "Pedido de Provid\u00eancia", "autoria": "Marcelo Kohlrausch", "texto_original": "http://sapl.esteio.rs.leg.br/media/./sapl/public/materialegislativa/2015/3431/3431_texto_integral.docx", "ementa": "A REALIZA\u00c7\u00c3O DE MANUTEN\u00c7\u00c3O ASF\u00c1LTICA NA RUA DOM PEDRO, EM FRENTE AO N\u00daMERO 135."}, {"id": "3380", "ano": "2015", "numero": "837", "tipo__sigla": "PDP", "tipo__descricao": "Pedido de Provid\u00eancia", "autoria": "Bia Lopes", "texto_original": "http://sapl.esteio.rs.leg.br/media/./sapl/public/materialegislativa/2015/3380/3380_texto_integral.docx", "ementa": "A SUBSTITUI\u00c7\u00c3O DE L\u00c2MPADAS DOS POSTES LOCALIZADOS NA RUA S\u00c3O CAETANO, EM FRENTE AOS N\u00daMEROS 122 E 160. "}, {"id": "3391", "ano": "2015", "numero": "838", "tipo__sigla": "PDP", "tipo__descricao": "Pedido de Provid\u00eancia", "autoria": "Bia Lopes", "texto_original": "http://sapl.esteio.rs.leg.br/media/./sapl/public/materialegislativa/2015/3391/3391_texto_integral.docx", "ementa": "O RECOLHIMENTO DE ENTULHOS E LIMPEZA NA RUA S\u00c3O CAETANO."}, {"id": "3392", "ano": "2015", "numero": "839", "tipo__sigla": "PDP", "tipo__descricao": "Pedido de Provid\u00eancia", "autoria": "Bia Lopes", "texto_original": "http://sapl.esteio.rs.leg.br/media/./sapl/public/materialegislativa/2015/3392/3392_texto_integral.docx", "ementa": "A RECONSTRU\u00c7\u00c3O DA PONTE SOBRE O ARROIO ESTEIO, LOCALIZADA NA RUA S\u00c3O CAETANO. "}, {"id": "3429", "ano": "2015", "numero": "840", "tipo__sigla": "PDP", "tipo__descricao": "Pedido de Provid\u00eancia", "autoria": "Marcelo Kohlrausch", "texto_original": "http://sapl.esteio.rs.leg.br/media/./sapl/public/materialegislativa/2015/3429/3429_texto_integral.docx", "ementa": "QUE SE DIGNE A INFORMAR, SE EXISTE POSSIBILIDADE DE PROMOVER O ARRUAMENTO DE PARTE DO TERRENO LOCALIZADO AO LADO DO RESIDENCIAL RENASCER 1, AO FINAL DA RUA S\u00c3O BORJA."}, {"id": "3414", "ano": "2015", "numero": "841", "tipo__sigla": "PDP", "tipo__descricao": "Pedido de Provid\u00eancia", "autoria": "Marcelo Kohlrausch", "texto_original": "http://sapl.esteio.rs.leg.br/media/./sapl/public/materialegislativa/2015/3414/3414_texto_integral.docx", "ementa": "QUE REFORCE A SINALIZA\u00c7\u00c3O DE TR\u00c2NSITO E INSTALE UM REDUTOR DE VELOCIDADE NAS IMEDIA\u00c7\u00d5ES DO N\u00daMERO 157, NA RUA S\u00c3O BORJA."}, {"id": "3416", "ano": "2015", "numero": "842", "tipo__sigla": "PDP", "tipo__descricao": "Pedido de Provid\u00eancia", "autoria": "Michele Pereira", "texto_original": "http://sapl.esteio.rs.leg.br/media/./sapl/public/materialegislativa/2015/3416/3416_texto_integral.docx", "ementa": "A MANUTEN\u00c7\u00c3O NAS L\u00c2MPADAS DOS POSTES LOCALIZADOS NAS RUAS BOM JESUS, N\u00daMERO 283; LA SALLE, N\u00daMERO 471; PADRE FELIPE, ESQUINA COM A BENTO GON\u00c7ALVES; BENTO GON\u00c7ALVES, N\u00daMERO 1099. AL\u00c9M DOS POSTES LOCALIZADOS NA AVENIDA JO\u00c3O PAULO I, ESQUINA COM A RUA BORGES DE MEDEIROS E NO PARQUE MUNICIPAL GALVANY GUEDES, PR\u00d3XIMO A PISTA DE SKATE, POIS AS L\u00c2MPADAS PERMANECEM ACESAS DURANTE O DIA."}, {"id": "3415", "ano": "2015", "numero": "843", "tipo__sigla": "PDP", "tipo__descricao": "Pedido de Provid\u00eancia", "autoria": "Michele Pereira", "texto_original": "http://sapl.esteio.rs.leg.br/media/./sapl/public/materialegislativa/2015/3415/3415_texto_integral.docx", "ementa": "A ELIMINA\u00c7\u00c3O DE BROCA NA CAL\u00c7ADA DA RUA RIO PARDO, EM FRENTE AO N\u00daMERO 249."}, {"id": "3417", "ano": "2015", "numero": "844", "tipo__sigla": "PDP", "tipo__descricao": "Pedido de Provid\u00eancia", "autoria": "Michele Pereira", "texto_original": "http://sapl.esteio.rs.leg.br/media/./sapl/public/materialegislativa/2015/3417/3417_texto_integral.docx", "ementa": "A TROCA DE L\u00c2MPADA NO POSTE LOCALIZADO NA RUA SALGADO FILHO, AO LADO DO N\u00daMERO 496."}, {"id": "3418", "ano": "2015", "numero": "845", "tipo__sigla": "PDP", "tipo__descricao": "Pedido de Provid\u00eancia", "autoria": "Bia Lopes", "texto_original": "http://sapl.esteio.rs.leg.br/media/./sapl/public/materialegislativa/2015/3418/3418_texto_integral.docx", "ementa": "A MANUTEN\u00c7\u00c3O E CAPINA DO CANTEIRO CENTRAL DA RUA ACHYLES QUAIATO."}, {"id": "3428", "ano": "2015", "numero": "846", "tipo__sigla": "PDP", "tipo__descricao": "Pedido de Provid\u00eancia", "autoria": "Leonardo Pascoal", "texto_original": "http://sapl.esteio.rs.leg.br/media/./sapl/public/materialegislativa/2015/3428/3428_texto_integral.docx", "ementa": "QUE ESTUDE A POSSIBILIDADE DE INSTITUIR UMA C\u00c2MARA DE CONCILIA\u00c7\u00c3O DE PRECAT\u00d3RIOS NO \u00c2MBITO DO MUNICIPIO DE ESTEIO."}, {"id": "3435", "ano": "2015", "numero": "861", "tipo__sigla": "PDP", "tipo__descricao": "Pedido de Provid\u00eancia", "autoria": "Michele Pereira", "texto_original": "http://sapl.esteio.rs.leg.br/media/./sapl/public/materialegislativa/2015/3435/3435_texto_integral.docx", "ementa": "A TROCA DE L\u00c2MPADA NO POSTE LOCALIZADO NA RUA PAULO PONTES, AO LADO DO N\u00daMERO 100, BAIRRO SANTO IN\u00c1CIO."}, {"id": "3438", "ano": "2015", "numero": "863", "tipo__sigla": "PDP", "tipo__descricao": "Pedido de Provid\u00eancia", "autoria": "Rafael Figliero", "texto_original": "http://sapl.esteio.rs.leg.br/media/./sapl/public/materialegislativa/2015/3438/3438_texto_integral.docx", "ementa": "A TROCA DA TAMPA DE UM BUEIRO NA RUA PADRE FELIPE, ESQUINA COM A RUA PELOTAS."}, {"id": "3437", "ano": "2015", "numero": "865", "tipo__sigla": "PDP", "tipo__descricao": "Pedido de Provid\u00eancia", "autoria": "Rafael Figliero", "texto_original": "http://sapl.esteio.rs.leg.br/media/./sapl/public/materialegislativa/2015/3437/3437_texto_integral.docx", "ementa": "DESOBSTRU\u00c7\u00c3O DOS BUEIROS NA RUA MONTENEGRO, EM FRENTE AOS N\u00daMEROS 30 E 40."}, {"id": "3440", "ano": "2015", "numero": "871", "tipo__sigla": "PDP", "tipo__descricao": "Pedido de Provid\u00eancia", "autoria": "Leo Dahmer", "texto_original": "http://sapl.esteio.rs.leg.br/media/./sapl/public/materialegislativa/2015/3440/3440_texto_integral.docx", "ementa": "QUE AVALIE A PROPOSTA DE IMPLANTAR O VALE-CULTURA PARA SEUS FUNCION\u00c1RIOS CONFORME PREV\u00ca A LEI N\u00b012.761 DE 2012."}, {"id": "3469", "ano": "2015", "numero": "872", "tipo__sigla": "PDP", "tipo__descricao": "Pedido de Provid\u00eancia", "autoria": "Marcelo Kohlrausch", "texto_original": "http://sapl.esteio.rs.leg.br/media/./sapl/public/materialegislativa/2015/3469/3469_texto_integral.docx", "ementa": "A REVIS\u00c3O DOS SEM\u00c1FOROS LOCALIZADOS NO MUNIC\u00cdPIO E QUE MANTENHA UMA EQUIPE DE PRONTID\u00c3O PARA REALIZAR A MANUTEN\u00c7\u00c3O DESTES EQUIPAMENTOS. "}, {"id": "3502", "ano": "2015", "numero": "873", "tipo__sigla": "PDP", "tipo__descricao": "Pedido de Provid\u00eancia", "autoria": "Marcelo Kohlrausch", "texto_original": "http://sapl.esteio.rs.leg.br/media/./sapl/public/materialegislativa/2015/3502/3502_texto_integral.docx", "ementa": "A REVIS\u00c3O DO SISTEMA DE DRENAGEM DA VILA NAVEGANTES E A MANUTEN\u00c7\u00c3O NOS SEGUINTES PONTOS:\r\n\r\nA)\tRUA B, DESOBSTRU\u00c7\u00c3O DA CANALIZA\u00c7\u00c3O E MANUTEN\u00c7\u00c3O DA BOCA DE LOBO, NAS IMEDIA\u00c7\u00d5ES DA IGREJA;\r\nB)\tRUA D, A PARTIR DO N\u00b0 220, DESOBSTRU\u00c7\u00c3O DOS CANOS;\r\nC)\tRUA \u00c9RICO VER\u00cdSSIMO, N\u00b0130, DESOBSTRU\u00c7\u00c3O DOS CANOS, E, NO N\u00b0 220, REPARO NA PAVIMENTA\u00c7\u00c3O.\r\n"}, {"id": "3497", "ano": "2015", "numero": "874", "tipo__sigla": "PDP", "tipo__descricao": "Pedido de Provid\u00eancia", "autoria": "Jane Battistello", "texto_original": "http://sapl.esteio.rs.leg.br/media/./sapl/public/materialegislativa/2015/3497/3497_texto_integral.docx", "ementa": "A ELIMINA\u00c7\u00c3O DAS BROCAS E LIMPEZA DAS BOCAS DE LOBO DE TODA EXTENS\u00c3O DA RUA GILDO DE FREITAS.\r\n"}, {"id": "3496", "ano": "2015", "numero": "875", "tipo__sigla": "PDP", "tipo__descricao": "Pedido de Provid\u00eancia", "autoria": "Jane Battistello", "texto_original": "http://sapl.esteio.rs.leg.br/media/./sapl/public/materialegislativa/2015/3496/3496_texto_integral.docx", "ementa": "QUE PROVIDENCIE A MANUTEN\u00c7\u00c3O DO SEM\u00c1FORO, LOCALIZADO NA RUA 24 DE AGOSTO, ESQUINA COM A RUA BENTO GON\u00c7ALVES.\r\n"}, {"id": "3505", "ano": "2015", "numero": "876", "tipo__sigla": "PDP", "tipo__descricao": "Pedido de Provid\u00eancia", "autoria": "Jaime da Rosa", "texto_original": "http://sapl.esteio.rs.leg.br/media/./sapl/public/materialegislativa/2015/3505/3505_texto_integral.docx", "ementa": "QUE PROVIDENCIE A LIMPEZA DE TODAS AS BOCAS DE LOBO LOCALIZADAS NA TRAVESSA GUA\u00cdBA, BAIRRO CENTRO.\r\n"}, {"id": "3504", "ano": "2015", "numero": "877", "tipo__sigla": "PDP", "tipo__descricao": "Pedido de Provid\u00eancia", "autoria": "Jaime da Rosa", "texto_original": "http://sapl.esteio.rs.leg.br/media/./sapl/public/materialegislativa/2015/3504/3504_texto_integral.docx", "ementa": "QUE PROVIDENCIE A ELIMINA\u00c7\u00c3O DAS BROCAS EXISTENTES EM TODA A EXTENS\u00c3O DA TRAVESSA GUA\u00cdBA, NO CENTRO."}, {"id": "3457", "ano": "2015", "numero": "878", "tipo__sigla": "PDP", "tipo__descricao": "Pedido de Provid\u00eancia", "autoria": "Jane Battistello", "texto_original": "http://sapl.esteio.rs.leg.br/media/./sapl/public/materialegislativa/2015/3457/3457_texto_integral.docx", "ementa": "QUE PROVIDENCIE O CONCERTO DE BURACOS NA AVENIDA PRESIDENTE VARGAS, EM FRENTE AO CLUBE DO COM\u00c9RCIO, BAIRRO CENTRO."}, {"id": "3473", "ano": "2015", "numero": "879", "tipo__sigla": "PDP", "tipo__descricao": "Pedido de Provid\u00eancia", "autoria": "Ari Zanoni", "texto_original": "http://sapl.esteio.rs.leg.br/media/./sapl/public/materialegislativa/2015/3473/3473_texto_integral.docx", "ementa": "A LIMPEZA E MANUTEN\u00c7\u00c3O DE TODAS AS RUAS E PRA\u00c7A DO LOTEAMENTO CAMPOS DE ESTEIO, BAIRRO TR\u00caS MARIAS."}, {"id": "3498", "ano": "2015", "numero": "880", "tipo__sigla": "PDP", "tipo__descricao": "Pedido de Provid\u00eancia", "autoria": "Ari Zanoni", "texto_original": "http://sapl.esteio.rs.leg.br/media/./sapl/public/materialegislativa/2015/3498/3498_texto_integral.docx", "ementa": "O RECAPEAMENTO ASF\u00c1LTICO NA RUA BENTO GON\u00c7ALVES, ESQUINA COM A RUA PADRE FELIPE. "}, {"id": "3499", "ano": "2015", "numero": "881", "tipo__sigla": "PDP", "tipo__descricao": "Pedido de Provid\u00eancia", "autoria": "Ari Zanoni", "texto_original": "http://sapl.esteio.rs.leg.br/media/./sapl/public/materialegislativa/2015/3499/3499_texto_integral.docx", "ementa": "O RECAPEAMENTO ASF\u00c1LTICO NA RUA RIO PARDO, EM FRENTE AO N\u00ba 1.071."}, {"id": "3471", "ano": "2015", "numero": "882", "tipo__sigla": "PDP", "tipo__descricao": "Pedido de Provid\u00eancia", "autoria": "Marcelo Kohlrausch", "texto_original": "http://sapl.esteio.rs.leg.br/media/./sapl/public/materialegislativa/2015/3471/3471_texto_integral.docx", "ementa": "A REVIS\u00c3O NO SISTEMA DE DRENAGEM DA VILA ESPERAN\u00c7A, PRINCIPALMENTE, NA RUA TRI CAMPE\u00c3O, EM FRENTE AO N\u00daMERO 181, ONDE O EQUIPAMENTO EST\u00c1 ATULHADO DE TERRA, J\u00c1 QUE, EM ALGUNS PONTOS, A \u00c1GUA EST\u00c1 TRANSBORDANDO MESMO COM POUCO VOLUME DE CHUVA.  \r\n"}, {"id": "3477", "ano": "2015", "numero": "883", "tipo__sigla": "PDP", "tipo__descricao": "Pedido de Provid\u00eancia", "autoria": "Marcelo Kohlrausch", "texto_original": "http://sapl.esteio.rs.leg.br/media/./sapl/public/materialegislativa/2015/3477/3477_texto_integral.docx", "ementa": "A REALIZA\u00c7\u00c3O DE ESTUDOS NO SENTIDO DE OFERECER MAIS VAGAS DE ESTACIONAMENTO, NO ENTORNO DO CENTRO ADMINISTRATIVO MUNICIPAL."}, {"id": "3472", "ano": "2015", "numero": "884", "tipo__sigla": "PDP", "tipo__descricao": "Pedido de Provid\u00eancia", "autoria": "", "texto_original": "http://sapl.esteio.rs.leg.br/media/./sapl/public/materialegislativa/2015/3472/3472_texto_integral.docx", "ementa": "A DEMARCA\u00c7\u00c3O DE ESTACIONAMENTO EXCLUSIVO PARA IDOSO, EM FRENTE AO PR\u00c9DIO DA SECRETARIA MUNICIPAL DA SA\u00daDE E PROCON, SITUADO NA RUA ENGENHEIRO HENER DE SOUZA NUNES. "}, {"id": "3475", "ano": "2015", "numero": "885", "tipo__sigla": "PDP", "tipo__descricao": "Pedido de Provid\u00eancia", "autoria": "Marcelo Kohlrausch", "texto_original": "http://sapl.esteio.rs.leg.br/media/./sapl/public/materialegislativa/2015/3475/3475_texto_integral.docx", "ementa": "AO PLANEJAR O PR\u00d3XIMO CONJUNTO HABITACIONAL VIA PAC 2, DESIGNE PARTE DAS UNIDADES HABITACIONAIS AOS MORADORES FIXADOS NAS \u00c1REAS ATINGIDAS PELAS ENCHENTES, PRINCIPALMENTE, DOS BAIRROS TR\u00caS MARIAS, JARDIM DAS FIGUEIRAS E PRIMAVERA."}, {"id": "3459", "ano": "2015", "numero": "886", "tipo__sigla": "PDP", "tipo__descricao": "Pedido de Provid\u00eancia", "autoria": "Marcelo Kohlrausch", "texto_original": "http://sapl.esteio.rs.leg.br/media/./sapl/public/materialegislativa/2015/3459/3459_texto_integral.docx", "ementa": "QUE AVALIE A POSSIBILIDADE DE AUMENTAR AS DIMENS\u00d5ES DA PASSAGEM DE \u00c1GUA JUNTO \u00c0 PONTE DA AVENIDA BRASIL."}, {"id": "3462", "ano": "2015", "numero": "887", "tipo__sigla": "PDP", "tipo__descricao": "Pedido de Provid\u00eancia", "autoria": "Marcelo Kohlrausch", "texto_original": "http://sapl.esteio.rs.leg.br/media/./sapl/public/materialegislativa/2015/3462/3462_texto_integral.docx", "ementa": "QUE AVALIE A POSSIBILIDADE DE OFERECER EMERGENCIALMENTE O ALUGUEL SOCIAL PARA AS FAM\u00cdLIAS ATINGIDAS PELAS ENCHENTES. "}, {"id": "3456", "ano": "2015", "numero": "888", "tipo__sigla": "PDP", "tipo__descricao": "Pedido de Provid\u00eancia", "autoria": "Marcelo Kohlrausch", "texto_original": "http://sapl.esteio.rs.leg.br/media/./sapl/public/materialegislativa/2015/3456/3456_texto_integral.docx", "ementa": "QUE REVISE A FORMA COMO EST\u00c1 SENDO EXECUTADO O SERVI\u00c7O DE REMO\u00c7\u00c3O DE TERRA DO LEITO DOS ARROIOS. "}, {"id": "3461", "ano": "2015", "numero": "889", "tipo__sigla": "PDP", "tipo__descricao": "Pedido de Provid\u00eancia", "autoria": "Michele Pereira", "texto_original": "http://sapl.esteio.rs.leg.br/media/./sapl/public/materialegislativa/2015/3461/3461_texto_integral.docx", "ementa": "A SUBSTITUI\u00c7\u00c3O DA COBERTURA DO ABRIGO NO PONTO DE \u00d4NIBUS, LOCALIZADO NA AVENIDA PRESIDENTE VARGAS, EM FRENTE AO BECO DE ACESSO DO BAIRRO S\u00c3O SEBASTI\u00c3O, NO SENTIDO ESTEIO/CANOAS."}, {"id": "3479", "ano": "2015", "numero": "890", "tipo__sigla": "PDP", "tipo__descricao": "Pedido de Provid\u00eancia", "autoria": "Leonardo Pascoal", "texto_original": "http://sapl.esteio.rs.leg.br/media/./sapl/public/materialegislativa/2015/3479/3479_texto_integral.docx", "ementa": "A MANUTEN\u00c7\u00c3O DO BUEIRO, LOCALIZADO NA RUA RIO GRANDE, AO LADO DO N\u00b0 542, E A LIMPEZA DO BUEIRO LOCALIZADO NA TRAVESSA 1\u00b0 DE MAIO, N\u00b0 12. "}, {"id": "3500", "ano": "2015", "numero": "891", "tipo__sigla": "PDP", "tipo__descricao": "Pedido de Provid\u00eancia", "autoria": "Leonardo Pascoal", "texto_original": "http://sapl.esteio.rs.leg.br/media/./sapl/public/materialegislativa/2015/3500/3500_texto_integral.docx", "ementa": "A LIMPEZA DO IM\u00d3VEL E DO PASSEIO P\u00daBLICO, LOCALIZADO NA TRAVESSA 1\u00b0 DE MAIO, EM FRENTE AO N\u00b0 58."}, {"id": "3463", "ano": "2015", "numero": "892", "tipo__sigla": "PDP", "tipo__descricao": "Pedido de Provid\u00eancia", "autoria": "Michele Pereira", "texto_original": "http://sapl.esteio.rs.leg.br/media/./sapl/public/materialegislativa/2015/3463/3463_texto_integral.docx", "ementa": "UMA OPERA\u00c7\u00c3O TAPA BURACO NA RUA FERNANDO FERRARI, ESQUINA COM A RUA SENADOR SALGADO FILHO, BAIRRO/CENTRO."}, {"id": "3474", "ano": "2015", "numero": "893", "tipo__sigla": "PDP", "tipo__descricao": "Pedido de Provid\u00eancia", "autoria": "Michele Pereira", "texto_original": "http://sapl.esteio.rs.leg.br/media/./sapl/public/materialegislativa/2015/3474/3474_texto_integral.docx", "ementa": "A LIMPEZA, CORTE DE GRAMA, MANUTEN\u00c7\u00c3O E EMBELEZAMENTO NA PRA\u00c7A DOS GRINGOS, LOCALIZADA NA RUA EUCLIDES DA CUNHA, ESQUINA COM A RUA S\u00c3O LEOPOLDO, BAIRRO JARDIM PLANALTO."}, {"id": "3465", "ano": "2015", "numero": "894", "tipo__sigla": "PDP", "tipo__descricao": "Pedido de Provid\u00eancia", "autoria": "Rafael Figliero", "texto_original": "http://sapl.esteio.rs.leg.br/media/./sapl/public/materialegislativa/2015/3465/3465_texto_integral.docx", "ementa": "A ELIMINA\u00c7\u00c3O DE UM BURACO LOCALIZADO NA AVENIDA PRESIDENTE VARGAS, EM FRENTE AO N\u00b01.460, BAIRRO/CENTRO."}, {"id": "3495", "ano": "2015", "numero": "895", "tipo__sigla": "PDP", "tipo__descricao": "Pedido de Provid\u00eancia", "autoria": "Leonardo Pascoal", "texto_original": "http://sapl.esteio.rs.leg.br/media/./sapl/public/materialegislativa/2015/3495/3495_texto_integral.docx", "ementa": "A ELIMINA\u00c7\u00c3O DE BROCAS NOS PASSEIOS P\u00daBLICOS, LOCALIZADOS NOS SEGUINTES ENDERE\u00c7OS:\r\n \r\nA)\tRUA RIO PARDO, EM FRENTE AO N\u00b0 249;\r\nB)\tRUA LA SALLE, EM FRENTE AO N\u00b01.212;\r\nC)\tRUA DOM PEDRO, EM FRENTE AO N\u00b0 398;\r\nD)\tRUA 24 DE AGOSTO, EM FRENTE AO N\u00b0 1.607. \r\n"}, {"id": "3476", "ano": "2015", "numero": "896", "tipo__sigla": "PDP", "tipo__descricao": "Pedido de Provid\u00eancia", "autoria": "Rafael Figliero", "texto_original": "http://sapl.esteio.rs.leg.br/media/./sapl/public/materialegislativa/2015/3476/3476_texto_integral.docx", "ementa": "COLOCA\u00c7\u00c3O DE PLACA DE PROIBIDO COLOCAR LIXO, NA RUA RITA DE CASSIA CARVALHO, ESQUINA COM A RUA NOVO HAMBURGO, \u00c0S MARGENS DO ARROIO ESTEIO. \r\n"}, {"id": "3490", "ano": "2015", "numero": "905", "tipo__sigla": "PDP", "tipo__descricao": "Pedido de Provid\u00eancia", "autoria": "Leonardo Pascoal", "texto_original": "http://sapl.esteio.rs.leg.br/media/./sapl/public/materialegislativa/2015/3490/3490_texto_integral.docx", "ementa": "A ELIMINA\u00c7\u00c3O DAS BROCAS NO PASSEIO P\u00daBLICO, LOCALIZADO NA AV. PRESIDENTE VARGAS, EM FRENTE AO N\u00b0 1.700 E NA RUA MACHADO LOPES, EM FRENTE AO N\u00b0 326. "}, {"id": "3491", "ano": "2015", "numero": "906", "tipo__sigla": "PDP", "tipo__descricao": "Pedido de Provid\u00eancia", "autoria": "Leonardo Pascoal", "texto_original": "http://sapl.esteio.rs.leg.br/media/./sapl/public/materialegislativa/2015/3491/3491_texto_integral.docx", "ementa": "A MANUTEN\u00c7\u00c3O DO BUEIRO LOCALIZADO NA AV. PRESIDENTE VARGAS, EM FRENTE AO N\u00b0 1.725, E A LIMPEZA DOS BUEIROS LOCALIZADOS NA RUA ROQUETE PINTO."}, {"id": "3492", "ano": "2015", "numero": "907", "tipo__sigla": "PDP", "tipo__descricao": "Pedido de Provid\u00eancia", "autoria": "Leonardo Pascoal", "texto_original": "http://sapl.esteio.rs.leg.br/media/./sapl/public/materialegislativa/2015/3492/3492_texto_integral.docx", "ementa": "A REPOSI\u00c7\u00c3O DE COBERTURA ASF\u00c1LTICA SOBRE OS BURACOS LOCALIZADOS NA AV. PRESIDENTE VARGAS, EM FRENTE AO N\u00b0 1.725"}, {"id": "3478", "ano": "2015", "numero": "911", "tipo__sigla": "PDP", "tipo__descricao": "Pedido de Provid\u00eancia", "autoria": "Rafael Figliero", "texto_original": "http://sapl.esteio.rs.leg.br/media/./sapl/public/materialegislativa/2015/3478/3478_texto_integral.docx", "ementa": "RAMPA DE ACESSIBILIDADE NOS LOCAIS DESCRITOS ABAIXO:\r\n\r\n- RUA VINTE E QUATRO DE AGOSTO ESQUINA COM A RUA BENTO GON\u00c7ALVES;\r\n- RUA PELOTAS ESQUINA COM A AV. DOM PEDRO;\r\n- RUA FERROVI\u00c1RIOS ESQUINA COM A RUA FERNANDO FERRARI.\r\n"}, {"id": "3483", "ano": "2015", "numero": "912", "tipo__sigla": "PDP", "tipo__descricao": "Pedido de Provid\u00eancia", "autoria": "Rafael Figliero", "texto_original": "http://sapl.esteio.rs.leg.br/media/./sapl/public/materialegislativa/2015/3483/3483_texto_integral.docx", "ementa": "A ELIMINA\u00c7\u00c3O DE UMA BROCA, LOCALIZADA NA RUA S\u00c3O CAETANO, ESQUINA COM A RUA PADRE FELIPE. "}, {"id": "3482", "ano": "2015", "numero": "913", "tipo__sigla": "PDP", "tipo__descricao": "Pedido de Provid\u00eancia", "autoria": "Rafael Figliero", "texto_original": "http://sapl.esteio.rs.leg.br/media/./sapl/public/materialegislativa/2015/3482/3482_texto_integral.docx", "ementa": "A DESOBSTRU\u00c7\u00c3O DE UM BUEIRO LOCALIZADO NA RUA PADRE FELIPE, EM FRENTE AO N\u00ba 1.815."}, {"id": "3481", "ano": "2015", "numero": "914", "tipo__sigla": "PDP", "tipo__descricao": "Pedido de Provid\u00eancia", "autoria": "Rafael Figliero", "texto_original": "http://sapl.esteio.rs.leg.br/media/./sapl/public/materialegislativa/2015/3481/3481_texto_integral.docx", "ementa": "OPERA\u00c7\u00c3O TAPA BURACO NA RUA LA SALLE, ESQUINA COM A RUA PADRE FELIPE."}, {"id": "3480", "ano": "2015", "numero": "916", "tipo__sigla": "PDP", "tipo__descricao": "Pedido de Provid\u00eancia", "autoria": "Michele Pereira", "texto_original": "http://sapl.esteio.rs.leg.br/media/./sapl/public/materialegislativa/2015/3480/3480_texto_integral.docx", "ementa": "A DESOBSTRU\u00c7\u00c3O E LIMPEZA DOS BUEIROS COM HIDRO JATEAMENTO EM TODA A EXTENS\u00c3O DA RUA ACRE, BAIRRO PARQUE AMADOR."}, {"id": "3486", "ano": "2015", "numero": "918", "tipo__sigla": "PDP", "tipo__descricao": "Pedido de Provid\u00eancia", "autoria": "Marcelo Kohlrausch", "texto_original": "http://sapl.esteio.rs.leg.br/media/./sapl/public/materialegislativa/2015/3486/3486_texto_integral.docx", "ementa": "A LIMPEZA E HIDROJATEAMENTO NO SISTEMA DE DRENAGEM DA RUA GARIBALDI E ADJAC\u00caNCIAS."}, {"id": "3487", "ano": "2015", "numero": "919", "tipo__sigla": "PDP", "tipo__descricao": "Pedido de Provid\u00eancia", "autoria": "Marcelo Kohlrausch", "texto_original": "http://sapl.esteio.rs.leg.br/media/./sapl/public/materialegislativa/2015/3487/3487_texto_integral.docx", "ementa": "A LIMPEZA E HIDROJATEAMENTO NO SISTEMA DE DRENAGEM DO BECO TR\u00caS, VILA ESPERAN\u00c7A (PR\u00d3XIMO AO CAMPO DO ESTRELA). "}, {"id": "3489", "ano": "2015", "numero": "920", "tipo__sigla": "PDP", "tipo__descricao": "Pedido de Provid\u00eancia", "autoria": "Marcelo Kohlrausch", "texto_original": "http://sapl.esteio.rs.leg.br/media/./sapl/public/materialegislativa/2015/3489/3489_texto_integral.docx", "ementa": "A MANUTEN\u00c7\u00c3O NA CANALIZA\u00c7\u00c3O AO LADO DO N\u00b0 472, EM FRENTE AO N\u00b0 489, NA RUA GRAVATA\u00cd."}, {"id": "3488", "ano": "2015", "numero": "921", "tipo__sigla": "PDP", "tipo__descricao": "Pedido de Provid\u00eancia", "autoria": "Marcelo Kohlrausch", "texto_original": "http://sapl.esteio.rs.leg.br/media/./sapl/public/materialegislativa/2015/3488/3488_texto_integral.docx", "ementa": "A INSTALA\u00c7\u00c3O DE LIXEIRAS JUNTO AOS ABRIGOS DE \u00d4NIBUS."}, {"id": "3493", "ano": "2015", "numero": "922", "tipo__sigla": "PDP", "tipo__descricao": "Pedido de Provid\u00eancia", "autoria": "Marcelo Kohlrausch", "texto_original": "http://sapl.esteio.rs.leg.br/media/./sapl/public/materialegislativa/2015/3493/3493_texto_integral.docx", "ementa": "A INSTALA\u00c7\u00c3O DE PLACAS DE SINALIZA\u00c7\u00c3O, NAS IMEDIA\u00c7\u00d5ES DA FUNDA\u00c7\u00c3O DE SA\u00daDE P\u00daBLICA S\u00c3O CAMILO, INDICANDO A LOCALIZA\u00c7\u00c3O DO MESMO.\r\n"}, {"id": "3484", "ano": "2015", "numero": "924", "tipo__sigla": "PDP", "tipo__descricao": "Pedido de Provid\u00eancia", "autoria": "Rafael Figliero", "texto_original": "http://sapl.esteio.rs.leg.br/media/./sapl/public/materialegislativa/2015/3484/3484_texto_integral.docx", "ementa": "A ELIMINA\u00c7\u00c3O DE UMA BROCA, LOCALIZADA NA RUA GILDA DE ABREU, ESQUINA COM AVENIDA MARIA HELENA COSTA TAVARES, BAIRRO SANTO IN\u00c1CIO."}, {"id": "3527", "ano": "2015", "numero": "925", "tipo__sigla": "PDP", "tipo__descricao": "Pedido de Provid\u00eancia", "autoria": "Jaime da Rosa", "texto_original": "http://sapl.esteio.rs.leg.br/media/./sapl/public/materialegislativa/2015/3527/3527_texto_integral.docx", "ementa": "A MANUTEN\u00c7\u00c3O DA SINALIZA\u00c7\u00c3O HORIZONTAL (PINTURA DA VIA) EM TODA EXTENS\u00c3O DO VIADUTO LOCALIZADO NA RUA PADRE FELIPE QUE PASSA SOBRE A BR 116. "}, {"id": "3528", "ano": "2015", "numero": "926", "tipo__sigla": "PDP", "tipo__descricao": "Pedido de Provid\u00eancia", "autoria": "Ari Zanoni", "texto_original": "http://sapl.esteio.rs.leg.br/media/./sapl/public/materialegislativa/2015/3528/3528_texto_integral.docx", "ementa": "A SUBSTITUI\u00c7\u00c3O DE UM POSTE DE ENERGIA EL\u00c9TRICA NA RUA NEGRINHO DO PASTOREIO, EM FRENTE AO N\u00ba 41 &#8211; NOVO ESTEIO."}, {"id": "3526", "ano": "2015", "numero": "927", "tipo__sigla": "PDP", "tipo__descricao": "Pedido de Provid\u00eancia", "autoria": "Marcelo Kohlrausch", "texto_original": "http://sapl.esteio.rs.leg.br/media/./sapl/public/materialegislativa/2015/3526/3526_texto_integral.docx", "ementa": "INFORMAR O QUE EST\u00c1 FALTANDO PARA QUE A SECRETARIA MUNICIPAL DE SEGURAN\u00c7A E MOBILIDADE URBANA, ATRAV\u00c9S DA INFOVIA, EFETIVE O SERVI\u00c7O DE VIDEOMONITORAMENTO DE TODOS OS PR\u00c9DIOS P\u00daBLICOS?"}, {"id": "3521", "ano": "2015", "numero": "929", "tipo__sigla": "PDP", "tipo__descricao": "Pedido de Provid\u00eancia", "autoria": "Leonardo Pascoal", "texto_original": "http://sapl.esteio.rs.leg.br/media/./sapl/public/materialegislativa/2015/3521/3521_texto_integral.docx", "ementa": "A PODA DAS \u00c1RVORES LOCALIZADAS NA RUA ARAUC\u00c1RIA, EM FRENTE AO N\u00daMERO 40."}, {"id": "3516", "ano": "2015", "numero": "931", "tipo__sigla": "PDP", "tipo__descricao": "Pedido de Provid\u00eancia", "autoria": "Leonardo Pascoal", "texto_original": "http://sapl.esteio.rs.leg.br/media/./sapl/public/materialegislativa/2015/3516/3516_texto_integral.docx", "ementa": "REFOR\u00c7O POLICIAL NO LOTEAMENTO VERDES CAMPOS, BAIRRO TR\u00caS MARIAS.\r\n"}, {"id": "3520", "ano": "2015", "numero": "932", "tipo__sigla": "PDP", "tipo__descricao": "Pedido de Provid\u00eancia", "autoria": "Jaime da Rosa", "texto_original": "http://sapl.esteio.rs.leg.br/media/./sapl/public/materialegislativa/2015/3520/3520_texto_integral.docx", "ementa": "A INSTALA\u00c7\u00c3O DE SINALIZA\u00c7\u00c3O SEMAF\u00d3RICA NO CRUZAMENTO DA RUA FERNANDO FERRARI COM A RUA SENADOR SALGADO FILHO, BAIRRO CENTRO."}, {"id": "3508", "ano": "2015", "numero": "933", "tipo__sigla": "PDP", "tipo__descricao": "Pedido de Provid\u00eancia", "autoria": "Ari Zanoni", "texto_original": "http://sapl.esteio.rs.leg.br/media/./sapl/public/materialegislativa/2015/3508/3508_texto_integral.docx", "ementa": "A TROCA DE L\u00c2MPADA NA RUA SETE CAMPOS &#8211; JARDIM PLANALTO, EM FRENTE AO N\u00daMERO 50.\r\n"}, {"id": "3518", "ano": "2015", "numero": "934", "tipo__sigla": "PDP", "tipo__descricao": "Pedido de Provid\u00eancia", "autoria": "Bia Lopes", "texto_original": "http://sapl.esteio.rs.leg.br/media/./sapl/public/materialegislativa/2015/3518/3518_texto_integral.docx", "ementa": "QUE O CAMINH\u00c3O DA COLETA DE LIXO ENTRE NA SERVID\u00c3O, NA RUA 24 DE AGOSTO, N\u00ba 2.436, PARA RECOLHER OS RES\u00cdDUOS E, TAMB\u00c9M, PARA QUE RETIRE AS LIXEIRAS COLETIVAS INSTALADAS PELA PREFEITURA MUNICIPAL, A FIM DE QUE OS MORADORES POSSAM PROVIDENCIAR A CONSTRU\u00c7\u00c3O DO PASSEIO P\u00daBLICO. "}, {"id": "3522", "ano": "2015", "numero": "935", "tipo__sigla": "PDP", "tipo__descricao": "Pedido de Provid\u00eancia", "autoria": "Bia Lopes", "texto_original": "http://sapl.esteio.rs.leg.br/media/./sapl/public/materialegislativa/2015/3522/3522_texto_integral.docx", "ementa": "A COLOCA\u00c7\u00c3O DE UMA PLACA DE SINALIZA\u00c7\u00c3O: ESTACIONAMENTO 15 MINUTOS, EM FRENTE AO N\u00daMERO 2.226, NA RUA 24 DE AGOSTO."}, {"id": "3523", "ano": "2015", "numero": "936", "tipo__sigla": "PDP", "tipo__descricao": "Pedido de Provid\u00eancia", "autoria": "Rafael Figliero", "texto_original": "http://sapl.esteio.rs.leg.br/media/./sapl/public/materialegislativa/2015/3523/3523_texto_integral.docx", "ementa": "A INSTALA\u00c7\u00c3O DE RAMPA DE ACESSIBILIDADE NOS LOCAIS DESCRITOS ABAIXO: \r\n\r\nA)\tRUA SANTO ANT\u00d4NIO, ESQUINA COM A RUA PELOTAS;\r\nB)\tCANTEIRO CENTRAL, NA AVENIDA PADRE CLARET, EM FRENTE AO N\u00ba 737;\r\nC)\tRUA BENTO GON\u00c7ALVES, ESQUINA COM A AVENIDA DOM PEDRO.\r\n"}, {"id": "3514", "ano": "2015", "numero": "937", "tipo__sigla": "PDP", "tipo__descricao": "Pedido de Provid\u00eancia", "autoria": "Michele Pereira", "texto_original": "http://sapl.esteio.rs.leg.br/media/./sapl/public/materialegislativa/2015/3514/3514_texto_integral.docx", "ementa": "A DESOBSTRU\u00c7\u00c3O, LIMPEZA E COLOCA\u00c7\u00c3O DE TAMPA NO BUEIRO, LOCALIZADO NA RUA BRASIL, ESQUINA COM A AVENIDA DAS NA\u00c7\u00d5ES, BAIRRO TAMANDAR\u00c9. "}, {"id": "3513", "ano": "2015", "numero": "938", "tipo__sigla": "PDP", "tipo__descricao": "Pedido de Provid\u00eancia", "autoria": "Michele Pereira", "texto_original": "http://sapl.esteio.rs.leg.br/media/./sapl/public/materialegislativa/2015/3513/3513_texto_integral.docx", "ementa": "A COLOCA\u00c7\u00c3O DE UMA TAMPA NA BOCA DE LOBO, LOCALIZADO NO PASSEIO P\u00daBLICO DA RUA PADRE FELIPE, ESQUINA COM A RUA RIO GRANDE, BAIRRO/CENTRO.  \r\n"}, {"id": "3512", "ano": "2015", "numero": "939", "tipo__sigla": "PDP", "tipo__descricao": "Pedido de Provid\u00eancia", "autoria": "Michele Pereira", "texto_original": "http://sapl.esteio.rs.leg.br/media/./sapl/public/materialegislativa/2015/3512/3512_texto_integral.docx", "ementa": "A COLOCA\u00c7\u00c3O DE UMA TAMPA EM UMA DAS BOCAS DE LOBO, LOCALIZADO NO PASSEIO P\u00daBLICO DO COL\u00c9GIO ESTADUAL AUGUSTO MEYER, SITUADO \u00c0 RUA RIO PARDO, N\u00ba 1.187, BAIRRO TAMANDAR\u00c9. "}, {"id": "3511", "ano": "2015", "numero": "940", "tipo__sigla": "PDP", "tipo__descricao": "Pedido de Provid\u00eancia", "autoria": "Michele Pereira", "texto_original": "http://sapl.esteio.rs.leg.br/media/./sapl/public/materialegislativa/2015/3511/3511_texto_integral.docx", "ementa": "OPERA\u00c7\u00c3O TAPA BURACO EM TODA EXTENS\u00c3O DA RUA BOM JESUS, BAIRO S\u00c3O SEBASTI\u00c3O. "}, {"id": "3510", "ano": "2015", "numero": "941", "tipo__sigla": "PDP", "tipo__descricao": "Pedido de Provid\u00eancia", "autoria": "Michele Pereira", "texto_original": "http://sapl.esteio.rs.leg.br/media/./sapl/public/materialegislativa/2015/3510/3510_texto_integral.docx", "ementa": "A ELIMINA\u00c7\u00c3O DA BROCA, NO PASSEIO P\u00daBLICO, LOCALIZADO NA RUA RIO PARDO, EM FRENTE AO N\u00daMERO 175, BAIRRO/CENTRO.  "}, {"id": "3509", "ano": "2015", "numero": "942", "tipo__sigla": "PDP", "tipo__descricao": "Pedido de Provid\u00eancia", "autoria": "Marcelo Kohlrausch", "texto_original": "http://sapl.esteio.rs.leg.br/media/./sapl/public/materialegislativa/2015/3509/3509_texto_integral.docx", "ementa": ", A REALIZA\u00c7\u00c3O DE PARCERIA COM A BRIGADA MILITAR EM RELA\u00c7\u00c3O AO SISTEMA DE VIDEOMONITORAMENTO. "}, {"id": "3524", "ano": "2015", "numero": "943", "tipo__sigla": "PDP", "tipo__descricao": "Pedido de Provid\u00eancia", "autoria": "Marcelo Kohlrausch", "texto_original": "http://sapl.esteio.rs.leg.br/media/./sapl/public/materialegislativa/2015/3524/3524_texto_integral.docx", "ementa": "A NOTIFICA\u00c7\u00c3O DO PROPRIET\u00c1RIO DO IM\u00d3VEL, LOCALIZADO AO LADO DO IM\u00d3VEL SITUADO NA RUA VEIGA MARQUES, N\u00ba 336, PARA QUE PROVIDENCIE A REMO\u00c7\u00c3O DOS ENTULHOS DEIXADOS JUNTO AO LOCAL E PROMOVA A LIMPEZA DA CAL\u00c7ADA. "}, {"id": "3519", "ano": "2015", "numero": "944", "tipo__sigla": "PDP", "tipo__descricao": "Pedido de Provid\u00eancia", "autoria": "Leonardo Pascoal", "texto_original": "http://sapl.esteio.rs.leg.br/media/./sapl/public/materialegislativa/2015/3519/3519_texto_integral.docx", "ementa": "SUGERE NOVA REDA\u00c7\u00c3O AO DECRETO N\u00ba 5.232/1999, PARA ALTERA\u00c7\u00c3O DO ITINER\u00c1RIO DA LINHA 04 DO TRANSPORTE COLETIVO DE ESTEIO, INCLUINDO AS RUAS AMETISTA, TOP\u00c1ZIO E ALEXANDRITA, TODAS DO LOTEAMENTO VERDES CAMPOS, BAIRRO TR\u00caS MARIAS.  "}, {"id": "3515", "ano": "2015", "numero": "945", "tipo__sigla": "PDP", "tipo__descricao": "Pedido de Provid\u00eancia", "autoria": "Leonardo Pascoal", "texto_original": "http://sapl.esteio.rs.leg.br/media/./sapl/public/materialegislativa/2015/3515/3515_texto_integral.docx", "ementa": "A LIMPEZA DOS SEGUINTES LOCAIS:\r\n\r\nA)\tBECO, AO LADO DO N\u00daMERO 1.851, NA RUA RIO GRANDE, BAIRRO LIBERDADE; \r\n\r\nB)\tRUAS AMETISTA, TOP\u00c1ZIO E ALEXANDRITA E, AINDA, DA PRA\u00c7A CRISTAL, LOCALIZADA NA RUA TOP\u00c1ZIO, NO LOTEAMENTO VERDES CAMPOS, BAIRRO TR\u00caS MARIAS. FOTOS ANEXAS. \r\n"}, {"id": "3507", "ano": "2015", "numero": "946", "tipo__sigla": "PDP", "tipo__descricao": "Pedido de Provid\u00eancia", "autoria": "Leonardo Pascoal", "texto_original": "http://sapl.esteio.rs.leg.br/media/./sapl/public/materialegislativa/2015/3507/3507_texto_integral.docx", "ementa": "A REPOSI\u00c7\u00c3O DE PARALELEP\u00cdPEDO SOBRE OS BURACOS LOCALIZADOS NA RUA AMETISTA, EM FRENTE \u00c0 PRA\u00c7A CRISTAL, NO LOTEAMENTO VERDES CAMPOS, E NO BECO, AO LADO DO N\u00daMERO 1.851, NA RUA RIO GRANDE"}, {"id": "3506", "ano": "2015", "numero": "947", "tipo__sigla": "PDP", "tipo__descricao": "Pedido de Provid\u00eancia", "autoria": "Leonardo Pascoal", "texto_original": "http://sapl.esteio.rs.leg.br/media/./sapl/public/materialegislativa/2015/3506/3506_texto_integral.docx", "ementa": "A ELIMINA\u00c7\u00c3O DA BROCA NO PASSEIO P\u00daBLICO, EM FRENTE AO N\u00daMERO 32, LOCALIZADO NA RUA EUZ\u00c9BIO DE QUEIROZ"}, {"id": "3525", "ano": "2015", "numero": "948", "tipo__sigla": "PDP", "tipo__descricao": "Pedido de Provid\u00eancia", "autoria": "Leonardo Pascoal", "texto_original": "http://sapl.esteio.rs.leg.br/media/./sapl/public/materialegislativa/2015/3525/3525_texto_integral.docx", "ementa": "COLOCA\u00c7\u00c3O DE SAIBRO EM TODA A EXTENS\u00c3O DA RUA BRUNO SPERB. "}, {"id": "3544", "ano": "2015", "numero": "949", "tipo__sigla": "PDP", "tipo__descricao": "Pedido de Provid\u00eancia", "autoria": "Jaime da Rosa", "texto_original": "http://sapl.esteio.rs.leg.br/media/./sapl/public/materialegislativa/2015/3544/3544_texto_integral.docx", "ementa": "A LIMPEZA E A DESOBSTRU\u00c7\u00c3O DA SA\u00cdDA DO ARROIO, LOCALIZADO NA EMPRESA DUPONT DO BRASIL &#8211; ALIMENTOS E BEBIDAS, COM ENDERE\u00c7O NA BR 116 &#8211; BAIRRO TR\u00caS PORTOS, NO TRECHO QUE SEGUE ABAIXO E DO OUTRO LADO DA BR 116. "}, {"id": "3557", "ano": "2015", "numero": "950", "tipo__sigla": "PDP", "tipo__descricao": "Pedido de Provid\u00eancia", "autoria": "Michele Pereira", "texto_original": "http://sapl.esteio.rs.leg.br/media/./sapl/public/materialegislativa/2015/3557/3557_texto_integral.docx", "ementa": "UM ESTUDO PARA VER A POSSIBILIDADE DE IMPLEMENTAR REDUTORES DE VELOCIDADE NA RUA GILDO DE FREITAS, PR\u00d3XIMO AO ENTRONCAMENTO COM A RUA MARC\u00cdLIO DIAS, BAIRRO JARDIM PLANALTO. \r\n"}, {"id": "3539", "ano": "2015", "numero": "955", "tipo__sigla": "PDP", "tipo__descricao": "Pedido de Provid\u00eancia", "autoria": "Michele Pereira", "texto_original": "http://sapl.esteio.rs.leg.br/media/./sapl/public/materialegislativa/2015/3539/3539_texto_integral.docx", "ementa": "A REALIZA\u00c7\u00c3O DE OPERA\u00c7\u00c3O TAPA BURACO EM TODA EXTENS\u00c3O DA RUA ALVARENGA PEIXOTO, BAIRRO JARDIM PLANALTO. "}, {"id": "3537", "ano": "2015", "numero": "956", "tipo__sigla": "PDP", "tipo__descricao": "Pedido de Provid\u00eancia", "autoria": "Michele Pereira", "texto_original": "http://sapl.esteio.rs.leg.br/media/./sapl/public/materialegislativa/2015/3537/3537_texto_integral.docx", "ementa": "QUE FA\u00c7A A LIMPEZA, MANUTEN\u00c7\u00c3O E REVITALIZA\u00c7\u00c3O NA PRA\u00c7A PREMEM, LOCALIZADA ENTRE A RUA RIO PARDO, RUA VERA CRUZ E RUA BRASIL, BAIRRO TAMANDAR\u00c9. "}, {"id": "3556", "ano": "2015", "numero": "957", "tipo__sigla": "PDP", "tipo__descricao": "Pedido de Provid\u00eancia", "autoria": "Rafael Figliero", "texto_original": "http://sapl.esteio.rs.leg.br/media/./sapl/public/materialegislativa/2015/3556/3556_texto_integral.docx", "ementa": "A LIMPEZA ENTRE OS T\u00daMULOS, NO CEMIT\u00c9RIO DOIS DE NOVEMBRO."}, {"id": "3555", "ano": "2015", "numero": "958", "tipo__sigla": "PDP", "tipo__descricao": "Pedido de Provid\u00eancia", "autoria": "Rafael Figliero", "texto_original": "http://sapl.esteio.rs.leg.br/media/./sapl/public/materialegislativa/2015/3555/3555_texto_integral.docx", "ementa": "A ELIMINA\u00c7\u00c3O DE UMA BROCA NA RUA TAQUARA, EM FRENTE AO N\u00b0 1.190.\r\n"}, {"id": "3553", "ano": "2015", "numero": "959", "tipo__sigla": "PDP", "tipo__descricao": "Pedido de Provid\u00eancia", "autoria": "Ari Zanoni", "texto_original": "http://sapl.esteio.rs.leg.br/media/./sapl/public/materialegislativa/2015/3553/3553_texto_integral.docx", "ementa": "A ELIMINA\u00c7\u00c3O DE BROCA, TROCA DA TUBULA\u00c7\u00c3O DE ESGOTO E RECUPERA\u00c7\u00c3O DO PASSEIO P\u00daBLICO, NA RUA S\u00c3O LEOPOLDO, EM FRENTE AO N\u00b0 141 &#8211; JARDIM PLANALTO."}, {"id": "3552", "ano": "2015", "numero": "961", "tipo__sigla": "PDP", "tipo__descricao": "Pedido de Provid\u00eancia", "autoria": "Ari Zanoni", "texto_original": "http://sapl.esteio.rs.leg.br/media/./sapl/public/materialegislativa/2015/3552/3552_texto_integral.docx", "ementa": "A ELIMINA\u00c7\u00c3O DE BROCA NO PASSEIO P\u00daBLICO DA RUA PRIMEIRO DE MAR\u00c7O, EM FRENTE AO N\u00b0 34 &#8211; JARDIM DAS FIGUEIRAS."}, {"id": "3551", "ano": "2015", "numero": "962", "tipo__sigla": "PDP", "tipo__descricao": "Pedido de Provid\u00eancia", "autoria": "Ari Zanoni", "texto_original": "http://sapl.esteio.rs.leg.br/media/./sapl/public/materialegislativa/2015/3551/3551_texto_integral.docx", "ementa": "A SUBSTITUI\u00c7\u00c3O DE L\u00c2MPADA NA AVENIDA SENADOR SALGADO FILHO, ESQUINA COM A RUA FERNANDO FERRARI &#8211; BAIRRO/CENTRO."}, {"id": "3550", "ano": "2015", "numero": "963", "tipo__sigla": "PDP", "tipo__descricao": "Pedido de Provid\u00eancia", "autoria": "Ari Zanoni", "texto_original": "http://sapl.esteio.rs.leg.br/media/./sapl/public/materialegislativa/2015/3550/3550_texto_integral.docx", "ementa": "O CONSERTO DO PASSEIO P\u00daBLICO, NA RUA OSMAR FORTES BARCELOS, EM FRENTE AOS N\u00b0S 239 E 233, NO BAIRRO PARQUE SANTO IN\u00c1CIO.\r\n"}, {"id": "3549", "ano": "2015", "numero": "964", "tipo__sigla": "PDP", "tipo__descricao": "Pedido de Provid\u00eancia", "autoria": "Ari Zanoni", "texto_original": "http://sapl.esteio.rs.leg.br/media/./sapl/public/materialegislativa/2015/3549/3549_texto_integral.docx", "ementa": "A SUBSTITUI\u00c7\u00c3O DE L\u00c2MPADA, NA AVENIDA GOVERNADOR ERNESTO DORNELES, ESQUINA COM A RUA ROQUE GONZALES &#8211; PARQUE SANTO IN\u00c1CIO."}, {"id": "3540", "ano": "2015", "numero": "966", "tipo__sigla": "PDP", "tipo__descricao": "Pedido de Provid\u00eancia", "autoria": "Michele Pereira", "texto_original": "http://sapl.esteio.rs.leg.br/media/./sapl/public/materialegislativa/2015/3540/3540_texto_integral.docx", "ementa": "QUE REALIZE POLICIAMENTO OSTENSIVO E DI\u00c1RIO NAS DEPEND\u00caNCIAS E IMEDIA\u00c7\u00d5ES DO PARQUE GALVANY GUEDES, BAIRRO JARDIM PLANALTO. "}, {"id": "3554", "ano": "2015", "numero": "968", "tipo__sigla": "PDP", "tipo__descricao": "Pedido de Provid\u00eancia", "autoria": "Rafael Figliero", "texto_original": "http://sapl.esteio.rs.leg.br/media/./sapl/public/materialegislativa/2015/3554/3554_texto_integral.docx", "ementa": "A INSTALA\u00c7\u00c3O DE NOVAS LIXEIRAS NA AVENIDA PRESIDENTE VARGAS, POIS AS EXISTENTES EST\u00c3O EM ESTADO PREC\u00c1RIO, ENQUANTO OUTRAS FORAM DANIFICADAS POR V\u00c2NDALOS."}, {"id": "3548", "ano": "2015", "numero": "969", "tipo__sigla": "PDP", "tipo__descricao": "Pedido de Provid\u00eancia", "autoria": "Ari Zanoni", "texto_original": "http://sapl.esteio.rs.leg.br/media/./sapl/public/materialegislativa/2015/3548/3548_texto_integral.docx", "ementa": "A ELIMINA\u00c7\u00c3O DE UMA BROCA NO MEIO DA RUA ANA NERY, ESQUINA COM A RUA NOVO HAMBURGO - PARQUE AMADOR."}, {"id": "3547", "ano": "2015", "numero": "970", "tipo__sigla": "PDP", "tipo__descricao": "Pedido de Provid\u00eancia", "autoria": "Ari Zanoni", "texto_original": "http://sapl.esteio.rs.leg.br/media/./sapl/public/materialegislativa/2015/3547/3547_texto_integral.docx", "ementa": "A ELIMINA\u00c7\u00c3O DE UMA BROCA E O CONSERTO DA BOCA DE LOBO, NA RUA ANA NERY, EM FRENTE AO N\u00b0 107 - PARQUE AMADOR"}, {"id": "3541", "ano": "2015", "numero": "975", "tipo__sigla": "PDP", "tipo__descricao": "Pedido de Provid\u00eancia", "autoria": "Leonardo Pascoal", "texto_original": "http://sapl.esteio.rs.leg.br/media/./sapl/public/materialegislativa/2015/3541/3541_texto_integral.docx", "ementa": "A SUBSTITUI\u00c7\u00c3O DE L\u00c2MPADA QUEIMADA DO POSTE LOCALIZADO NA RUA ROQUE GONZALEZ, EM FRENTE AO N\u00daMERO 426. "}, {"id": "3542", "ano": "2015", "numero": "976", "tipo__sigla": "PDP", "tipo__descricao": "Pedido de Provid\u00eancia", "autoria": "Marcelo Kohlrausch", "texto_original": "http://sapl.esteio.rs.leg.br/media/./sapl/public/materialegislativa/2015/3542/3542_texto_integral.docx", "ementa": "A REMO\u00c7\u00c3O DOS RES\u00cdDUOS DEIXADOS NA JUN\u00c7\u00c3O DOS ARROIOS ESTEIO E SAPUCAIA DURANTE A OBRA, QUE CONCRETOU O LEITO DOS REFERIDOS C\u00d3RREGOS. "}, {"id": "3543", "ano": "2015", "numero": "977", "tipo__sigla": "PDP", "tipo__descricao": "Pedido de Provid\u00eancia", "autoria": "Marcelo Kohlrausch", "texto_original": "http://sapl.esteio.rs.leg.br/media/./sapl/public/materialegislativa/2015/3543/3543_texto_integral.docx", "ementa": "A REVIS\u00c3O DO TEMPO DOS NOVOS SEM\u00c1FOROS INSTALADOS RECENTEMENTE PELA PREFEITURA MUNICIPAL."}, {"id": "3546", "ano": "2015", "numero": "978", "tipo__sigla": "PDP", "tipo__descricao": "Pedido de Provid\u00eancia", "autoria": "Marcelo Kohlrausch", "texto_original": "http://sapl.esteio.rs.leg.br/media/./sapl/public/materialegislativa/2015/3546/3546_texto_integral.docx", "ementa": "A MANUTEN\u00c7\u00c3O DA LUMIN\u00c1RIA, PR\u00d3XIMA AO N\u00daMERO 226, NA RUA DAS EXTREMOSAS, BAIRRO SAMTO IN\u00c1CIO.  "}, {"id": "3545", "ano": "2015", "numero": "979", "tipo__sigla": "PDP", "tipo__descricao": "Pedido de Provid\u00eancia", "autoria": "Marcelo Kohlrausch", "texto_original": "http://sapl.esteio.rs.leg.br/media/./sapl/public/materialegislativa/2015/3545/3545_texto_integral.docx", "ementa": "O HIDROJATEAMENTO DA CANALIZA\u00c7\u00c3O DO BECO 3, NA VILA ESPERAN\u00c7A, PR\u00d3XIMO AO CAMPO ESTRELA. "}, {"id": "3566", "ano": "2015", "numero": "980", "tipo__sigla": "PDP", "tipo__descricao": "Pedido de Provid\u00eancia", "autoria": "Ari Zanoni", "texto_original": "http://sapl.esteio.rs.leg.br/media/./sapl/public/materialegislativa/2015/3566/3566_texto_integral.docx", "ementa": "A RETIRADA DO POSTE LOCALIZADO NA RUA CL\u00c1UDIO MANOEL DA COSTA, EM FRENTE AO N\u00daMERO 144. "}, {"id": "3595", "ano": "2015", "numero": "982", "tipo__sigla": "PDP", "tipo__descricao": "Pedido de Provid\u00eancia", "autoria": "Leonardo Pascoal", "texto_original": "http://sapl.esteio.rs.leg.br/media/./sapl/public/materialegislativa/2015/3595/3595_texto_integral.docx", "ementa": "A ELIMINA\u00c7\u00c3O DE BROCAS NOS PASSEIOS P\u00daBLICOS, LOCALIZADOS NOS SEGUINTES ENDERE\u00c7OS:\r\n- RUA PRIMO CAETANO, N\u00ba 56;\r\n\r\n- AV. PRESIDENTE VARGAS, N\u00ba 1.834.\r\n"}, {"id": "3574", "ano": "2015", "numero": "983", "tipo__sigla": "PDP", "tipo__descricao": "Pedido de Provid\u00eancia", "autoria": "", "texto_original": "http://sapl.esteio.rs.leg.br/media/./sapl/public/materialegislativa/2015/3574/3574_texto_integral.docx", "ementa": "A LIMPEZA OU NOTIFIQUE O PROPRIET\u00c1RIO DO IM\u00d3VEL LOCALIZADO NA AV. PADRE CLARET, 507, PARA QUE REALIZE A LIMPEZA DO TERRENO E DO PASSEIO P\u00daBLICO."}, {"id": "3558", "ano": "2015", "numero": "984", "tipo__sigla": "PDP", "tipo__descricao": "Pedido de Provid\u00eancia", "autoria": "Leonardo Pascoal", "texto_original": "http://sapl.esteio.rs.leg.br/media/./sapl/public/materialegislativa/2015/3558/3558_texto_integral.docx", "ementa": "A LIMPEZA E/OU NOTIFICA\u00c7\u00c3O  AO PROPRIET\u00c1RIO DO TERRENO NA AVENIDA LUIZ PASTEUR, NA ALTURA DO N\u00daMERO 3.973."}, {"id": "3563", "ano": "2015", "numero": "985", "tipo__sigla": "PDP", "tipo__descricao": "Pedido de Provid\u00eancia", "autoria": "Leonardo Pascoal", "texto_original": "http://sapl.esteio.rs.leg.br/media/./sapl/public/materialegislativa/2015/3563/3563_texto_integral.docx", "ementa": "A SUBSTITUI\u00c7\u00c3O DA L\u00c2MPADA QUEIMADA DO POSTE LOCALIZADO NA ESQUINA DAS AVENIDAS RIO BRANCO A CELINA CHAVES KROEFF. "}, {"id": "3565", "ano": "2015", "numero": "987", "tipo__sigla": "PDP", "tipo__descricao": "Pedido de Provid\u00eancia", "autoria": "Ari Zanoni", "texto_original": "http://sapl.esteio.rs.leg.br/media/./sapl/public/materialegislativa/2015/3565/3565_texto_integral.docx", "ementa": "A POSSIBILIDADE DE COLOCA\u00c7\u00c3O DE PONTO DE \u00d4NIBUS E SEU ABRIGO NA FRENTE DA ASSOCIA\u00c7\u00c3O DOS MORADORES DO LOTEAMENTO P\u00d4R DO SOL"}, {"id": "3571", "ano": "2015", "numero": "988", "tipo__sigla": "PDP", "tipo__descricao": "Pedido de Provid\u00eancia", "autoria": "Rafael Figliero", "texto_original": "http://sapl.esteio.rs.leg.br/media/./sapl/public/materialegislativa/2015/3571/3571_texto_integral.docx", "ementa": "A FINALIZA\u00c7\u00c3O DO CONSERTO DE UMA BROCA NA RUA 24 DE AGOSTO, N\u00b0 2.773. "}, {"id": "3573", "ano": "2015", "numero": "989", "tipo__sigla": "PDP", "tipo__descricao": "Pedido de Provid\u00eancia", "autoria": "", "texto_original": "http://sapl.esteio.rs.leg.br/media/", "ementa": "A MANUTEN\u00c7\u00c3O NAS TAMPAS DA REDE COLETORA DE ESGOTO, NOS ENDERE\u00c7OS ABAIXO:\r\n\r\n- RUA ITAPU\u00c3 EM FRENTE AO N\u00daMERO 50;\r\n- RUA GUIDO POSSAMAI ESQUINA COM A RUA ITAPU\u00c3, BAIRRO S\u00c3O SEBASTI\u00c3O.\r\n"}, {"id": "3560", "ano": "2015", "numero": "990", "tipo__sigla": "PDP", "tipo__descricao": "Pedido de Provid\u00eancia", "autoria": "Marcelo Kohlrausch", "texto_original": "http://sapl.esteio.rs.leg.br/media/./sapl/public/materialegislativa/2015/3560/3560_texto_integral.docx", "ementa": "A MANUTEN\u00c7\u00c3O ASF\u00c1LTICA NA RUA DOM PEDRO, N\u00b0 95 EM FRENTE \u00c0 PARADA DE \u00d4NIBUS."}, {"id": "3559", "ano": "2015", "numero": "991", "tipo__sigla": "PDP", "tipo__descricao": "Pedido de Provid\u00eancia", "autoria": "Marcelo Kohlrausch", "texto_original": "http://sapl.esteio.rs.leg.br/media/./sapl/public/materialegislativa/2015/3559/3559_texto_integral.docx", "ementa": "A MANUTEN\u00c7\u00c3O DE CAMADA ASF\u00c1LTICA NA RUA ARTUR COSTA E SILVA, EM FRENTE AOS N\u00daMEROS 76 E 84. "}, {"id": "3570", "ano": "2015", "numero": "992", "tipo__sigla": "PDP", "tipo__descricao": "Pedido de Provid\u00eancia", "autoria": "Marcelo Kohlrausch", "texto_original": "http://sapl.esteio.rs.leg.br/media/./sapl/public/materialegislativa/2015/3570/3570_texto_integral.docx", "ementa": "A MANUTEN\u00c7\u00c3O ASF\u00c1LTICA NA RUA IN\u00c1CIO MONTANHA, EM FRENTE AOS N\u00daMEROS 96, 115, 129, 184, 210 E 245, BAIRRO S\u00c3O JOS\u00c9."}, {"id": "3564", "ano": "2015", "numero": "993", "tipo__sigla": "PDP", "tipo__descricao": "Pedido de Provid\u00eancia", "autoria": "Marcelo Kohlrausch", "texto_original": "http://sapl.esteio.rs.leg.br/media/./sapl/public/materialegislativa/2015/3564/3564_texto_integral.docx", "ementa": "A PAVIMENTA\u00c7\u00c3O COM BLOCOS DE CONCRETO NA RUA JOS\u00c9 DO PATROC\u00cdNIO NO TRECHO ENTRE A RUA ARTUR COSTA E SILVA E IN\u00cdCIO DA VILA NAVEGANTES. "}, {"id": "3572", "ano": "2015", "numero": "994", "tipo__sigla": "PDP", "tipo__descricao": "Pedido de Provid\u00eancia", "autoria": "Michele Pereira", "texto_original": "http://sapl.esteio.rs.leg.br/media/./sapl/public/materialegislativa/2015/3572/3572_texto_integral.docx", "ementa": "A MANUTEN\u00c7\u00c3O NAS VIAS ONDE CIRCULA O TRANSPORTE P\u00daBLICO, NO LOTEAMENTO CAMPINAS."}, {"id": "3599", "ano": "2015", "numero": "995", "tipo__sigla": "PDP", "tipo__descricao": "Pedido de Provid\u00eancia", "autoria": "Michele Pereira", "texto_original": "http://sapl.esteio.rs.leg.br/media/./sapl/public/materialegislativa/2015/3599/3599_texto_integral.docx", "ementa": "A FISCALIZA\u00c7\u00c3O DE PROPAGANDA VEICULADA ATRAV\u00c9S DE CARROS DE SOM QUE CIRCULAM EM NOSSO MUNIC\u00cdPIO, CONFORME DISP\u00d5E A LEI N\u00ba 1.397, DE 16.12.1987 SOBRE RU\u00cdDOS E SONS EXCESSIVOS"}, {"id": "3569", "ano": "2015", "numero": "996", "tipo__sigla": "PDP", "tipo__descricao": "Pedido de Provid\u00eancia", "autoria": "Michele Pereira", "texto_original": "http://sapl.esteio.rs.leg.br/media/./sapl/public/materialegislativa/2015/3569/3569_texto_integral.docx", "ementa": "A PODA DOS GALHOS DA \u00c1RVORE, LOCALIZADA PR\u00d3XIMA AO POSTE EM FRENTE AO N\u00b0 192 NA RUA GRAVATA\u00cd, BAIRRO CENTRO."}, {"id": "3593", "ano": "2015", "numero": "997", "tipo__sigla": "PDP", "tipo__descricao": "Pedido de Provid\u00eancia", "autoria": "Michele Pereira", "texto_original": "http://sapl.esteio.rs.leg.br/media/./sapl/public/materialegislativa/2015/3593/3593_texto_integral.docx", "ementa": "A TROCA DE L\u00c2MPADA NOS POSTES LOCALIZADOS NOS SEGUINTES ENDERE\u00c7OS:\r\n\r\n- RUA ALVARENGA PEIXOTO, EM FRENTE AO N\u00daMERO 114, BAIRRO JARDIM PLANALTO;\r\n\r\n- RUA GRAVATA\u00cd, EM FRENTE AO N\u00daMERO 192, BAIRRO CENTRO.\r\n"}, {"id": "3567", "ano": "2015", "numero": "998", "tipo__sigla": "PDP", "tipo__descricao": "Pedido de Provid\u00eancia", "autoria": "Jaime da Rosa", "texto_original": "http://sapl.esteio.rs.leg.br/media/./sapl/public/materialegislativa/2015/3567/3567_texto_integral.docx", "ementa": "A TROCA DE L\u00c2MPADA QUEIMADA LOCALIZADA NA AVENIDA PERY FAGUNDES, QUASE ESQUINA COM A RUA CRISTOV\u00c3O COLOMBO, BAIRRO TR\u00caS PORTOS."}, {"id": "3598", "ano": "2015", "numero": "999", "tipo__sigla": "PDP", "tipo__descricao": "Pedido de Provid\u00eancia", "autoria": "Jaime da Rosa", "texto_original": "http://sapl.esteio.rs.leg.br/media/./sapl/public/materialegislativa/2015/3598/3598_texto_integral.docx", "ementa": "A TROCA DE L\u00c2MPADA QUEIMADA LOCALIZADA NA RUA CRIST\u00d3V\u00c3O COLOMBO QUASE ESQUINA COM A AV. PERY FAGUNDES, BAIRRO TR\u00caS PORTOS."}, {"id": "3561", "ano": "2015", "numero": "1000", "tipo__sigla": "PDP", "tipo__descricao": "Pedido de Provid\u00eancia", "autoria": "Rafael Figliero", "texto_original": "http://sapl.esteio.rs.leg.br/media/./sapl/public/materialegislativa/2015/3561/3561_texto_integral.docx", "ementa": "A REPINTURA NAS FAIXAS DE SEGURAN\u00c7A NA RUA 24 DE AGOSTO ESQUINA COM A RUA NOVO HAMBURGO."}, {"id": "3592", "ano": "2015", "numero": "1001", "tipo__sigla": "PDP", "tipo__descricao": "Pedido de Provid\u00eancia", "autoria": "Rafael Figliero", "texto_original": "http://sapl.esteio.rs.leg.br/media/./sapl/public/materialegislativa/2015/3592/3592_texto_integral.docx", "ementa": "A REALIZA\u00c7\u00c3O DE TROCA DE L\u00c2MPADAS NOS SEGUINTES LOCAIS:\r\n\r\nA)\tRUA S\u00c3O GER\u00d4NIMO, EM FRENTE AO N\u00b0 86;\r\n\r\nB) RUA BENTO GON\u00c7ALVES, EM FRENTE AO N\u00b0 337 E EM FRENTE AO N\u00b0 191. \r\n"}, {"id": "3596", "ano": "2015", "numero": "1002", "tipo__sigla": "PDP", "tipo__descricao": "Pedido de Provid\u00eancia", "autoria": "Rafael Figliero", "texto_original": "http://sapl.esteio.rs.leg.br/media/./sapl/public/materialegislativa/2015/3596/3596_texto_integral.docx", "ementa": "A OPERA\u00c7\u00c3O TAPA BURACO NA AV. CELINA CHAVES KROEFF ENTRE A BR 116 E A RUA AGOSTINHO CAMILO DE BORBA E NA RUA JOS\u00c9 GUIMAR\u00c3ES ENTRE A TRAVESSA SANTA CATARINA E RUA CEL. THEODOMIRO PORTO DA FONSECA."}, {"id": "3597", "ano": "2015", "numero": "1004", "tipo__sigla": "PDP", "tipo__descricao": "Pedido de Provid\u00eancia", "autoria": "Michele Pereira", "texto_original": "http://sapl.esteio.rs.leg.br/media/./sapl/public/materialegislativa/2015/3597/3597_texto_integral.docx", "ementa": "ENCAMINHE OF\u00cdCIO AO SUBSECRET\u00c1RIO DO PARQUE ESTADUAL DE EXPOSI\u00c7\u00d5ES ASSIS BRASIL, RATIFICANDO A SOLICITA\u00c7\u00c3O CONTIDA NO ITEM &#8220;B&#8221; DO OF\u00cdCIO 965/2015-SG:\r\nA)\t... ;\r\nB)\tPERMITIR A ENTRADA DE ANIMAIS DE ESTIMA\u00c7\u00c3O ACOMPANHADOS DOS PROPRIET\u00c1RIOS, CONFORME NORMAS DE SEGURAN\u00c7A E CONVIV\u00caNICA;"}, {"id": "3600", "ano": "2015", "numero": "1005", "tipo__sigla": "PDP", "tipo__descricao": "Pedido de Provid\u00eancia", "autoria": "Marcelo Kohlrausch", "texto_original": "http://sapl.esteio.rs.leg.br/media/./sapl/public/materialegislativa/2015/3600/3600_texto_integral.docx", "ementa": "QUE SE DIGNE A NOS ENVIAR RESPOSTA DAS SEGUINTES INFORMA\u00c7\u00d5ES:\r\n\r\n- RELA\u00c7\u00c3O DAS OBRAS PREVISTAS PARA ESTEIO ATRAV\u00c9S DO PAC 2 COM O DETALHAMENTO DA EVOLU\u00c7\u00c3O DE CADA OBRA;\r\n\r\n- EXISTEM A\u00c7\u00d5ES PREVISTAS PARA MOBILIDADE URBANA? CASO POSITIVO, QUAIS S\u00c3O? \r\n\r\n- EXISTE PROJETO DE REASSENTAMENTO DE FAM\u00cdLIAS? CASO POSITIVO, EM QUAIS CASOS E QUAIS OS PONTOS ESPEC\u00cdFICOS?\r\n\r\n- A REVITALIZA\u00c7\u00c3O DO SISTEMA DE DRENAGEM DA CIDADE EST\u00c1 PREVISTO NO PAC 2? CASO POSITIVO, DETALHAR QUAIS AS A\u00c7\u00d5ES PREVISTAS?\r\n"}, {"id": "3612", "ano": "2015", "numero": "1006", "tipo__sigla": "PDP", "tipo__descricao": "Pedido de Provid\u00eancia", "autoria": "Leonardo Pascoal", "texto_original": "http://sapl.esteio.rs.leg.br/media/./sapl/public/materialegislativa/2015/3612/3612_texto_integral.docx", "ementa": "SE DIGNE A ENCAMINHAR C\u00d3PIA DE TODO O PROCESSO DE AUTORIZA\u00c7\u00c3O PARA SUPRESS\u00c3O DE \u00c1RVORES NA PRA\u00c7A DO PREMEM, OCORRIDA NA \u00daLTIMA SEMANA, NO BAIRRO TAMANDAR\u00c9."}, {"id": "3575", "ano": "2015", "numero": "1007", "tipo__sigla": "PDP", "tipo__descricao": "Pedido de Provid\u00eancia", "autoria": "Leonardo Pascoal", "texto_original": "http://sapl.esteio.rs.leg.br/media/./sapl/public/materialegislativa/2015/3575/3575_texto_integral.docx", "ementa": "A SUBSTITUI\u00c7\u00c3O DOS POSTES LOCALIZADOS NA RUA QUARA\u00cd, EM FRENTE AO N\u00daMERO 510. "}, {"id": "3577", "ano": "2015", "numero": "1009", "tipo__sigla": "PDP", "tipo__descricao": "Pedido de Provid\u00eancia", "autoria": "Ari Zanoni", "texto_original": "http://sapl.esteio.rs.leg.br/media/./sapl/public/materialegislativa/2015/3577/3577_texto_integral.docx", "ementa": "UM ESTUDO PARA INSTALA\u00c7\u00c3O DE SEM\u00c1FOROS NO CRUZAMENTO DA RUA PELOTAS COM A RUA 24 DE AGOSTO, NO BAIRRO CENTRO"}, {"id": "3578", "ano": "2015", "numero": "1010", "tipo__sigla": "PDP", "tipo__descricao": "Pedido de Provid\u00eancia", "autoria": "Ari Zanoni", "texto_original": "http://sapl.esteio.rs.leg.br/media/./sapl/public/materialegislativa/2015/3578/3578_texto_integral.docx", "ementa": "RESPONDER OS SEGUINTES QUESTIONAMENTOS ELENCADOS ABAIXO: \r\n\r\nA)\tPOR QUE AS FICHAS DE ATENDIMENTO, NO POSTO DE SA\u00daDE DO BAIRRO NOVO ESTEIO, QUE ERAM DADAS DE SEGUNDA A SEXTA-FEIRA, AGORA EST\u00c3O SENDO DISTRIBU\u00cdDAS SOMENTE NAS SEXTAS-FEIRAS?\r\n\r\nB)\tPOR QUE FOI FEITA A DIVIS\u00c3O DO BAIRRO EM DUAS PARTES, FICANDO DA AV. RIO BRANCO AT\u00c9 A RUA ARLINDO BAIERLE PARA UM M\u00c9DICO, E DA AV. RIO BRANCO AT\u00c9 A RUA ALAMEDA DA ECOLOGIA PARA OUTRO M\u00c9DICO?\r\n"}, {"id": "3579", "ano": "2015", "numero": "1011", "tipo__sigla": "PDP", "tipo__descricao": "Pedido de Provid\u00eancia", "autoria": "Rafael Figliero", "texto_original": "http://sapl.esteio.rs.leg.br/media/./sapl/public/materialegislativa/2015/3579/3579_texto_integral.docx", "ementa": "A SUBSTITUI\u00c7\u00c3O DE UM POSTE LOCALIZADO NA RUA \u00c9RICO VER\u00cdSSIMO, EM FRENTE AO N\u00daMERO 75, POIS ESSE SE ENCONTRA INCLINADO E COM RISCO DE QUEDA. \r\n"}, {"id": "3580", "ano": "2015", "numero": "1012", "tipo__sigla": "PDP", "tipo__descricao": "Pedido de Provid\u00eancia", "autoria": "Marcelo Kohlrausch", "texto_original": "http://sapl.esteio.rs.leg.br/media/./sapl/public/materialegislativa/2015/3580/3580_texto_integral.docx", "ementa": "QUE O MUNIC\u00cdP\u00cdO DE ESTEIO CRIE E TOME A LIDERAN\u00c7A DOS DOIS GRUPOS DESCRITOS ABAIXO, PARA A DISCUSS\u00c3O DE A\u00c7\u00d5ES E CONTRAPARTIDAS SOBRE POLUI\u00c7\u00c3O CAUSADA PELA REFINARIA ALBERTO PASQUALINI &#8211; REFAP:\r\n \r\nA)\tGRUPO DENOMINADO ADA &#8211; \u00c1REA DIRETAMENTE AFETADA, PARA MUNIC\u00cdPIOS QUE EST\u00c3O EM UM RAIO DE 10 KM DA REFAP; \r\n\r\nB)\tGRUPO DENOMINADO AID &#8211; \u00c1REA DE INFLU\u00caNCIA DIRETA, PARA MUNIC\u00cdPIOS QUE EST\u00c3O EM UM RAIO DE 20 KM DA REFAP. \r\n"}, {"id": "3581", "ano": "2015", "numero": "1013", "tipo__sigla": "PDP", "tipo__descricao": "Pedido de Provid\u00eancia", "autoria": "Marcelo Kohlrausch", "texto_original": "http://sapl.esteio.rs.leg.br/media/./sapl/public/materialegislativa/2015/3581/3581_texto_integral.docx", "ementa": "QUE SE DIGNE A ENVIAR A ESTA CASA LEGISLATIVA AS SEGUINTES INFORMA\u00c7\u00d5ES:\r\n\r\nA)\tQUAIS AS CONTRAPARTIDAS AMBIENTAIS/SOCIAIS OU DE INFRAESTRUTURA A REFAP FORNECE OU POSSUI CONV\u00caNIO COM O MUNIC\u00cdPIO DE ESTEIO?\r\n\r\nB)\tQUAIS AS MEDIDAS DE SEGURAN\u00c7A A REFAP POSSUI PARA COMBATER OU PREVINIR EVENTUAIS DESASTRES AMBIENTAIS EM RAZ\u00c3O DOS CONSTANTES ALAGAMENTOS NAS \u00c1REAS DE ABRANG\u00caNCIA DOS TANQUES DE COMBUST\u00cdVEL, BEM COMO A SUA PROXIMIDADE DOS ARROIOS ESTEIO E GUAJUVIRAS, QUE DESAGUAM NO RIO DOS SINOS?\r\n"}, {"id": "3582", "ano": "2015", "numero": "1014", "tipo__sigla": "PDP", "tipo__descricao": "Pedido de Provid\u00eancia", "autoria": "Leonardo Pascoal", "texto_original": "http://sapl.esteio.rs.leg.br/media/./sapl/public/materialegislativa/2015/3582/3582_texto_integral.docx", "ementa": "A LIMPEZA DO PASSEIO P\u00daBLICO LOCALIZADO NO ENTORNO DA ESCOLA ESTADUAL BAIRRO DO PARQUE. "}, {"id": "3583", "ano": "2015", "numero": "1015", "tipo__sigla": "PDP", "tipo__descricao": "Pedido de Provid\u00eancia", "autoria": "Leonardo Pascoal", "texto_original": "http://sapl.esteio.rs.leg.br/media/./sapl/public/materialegislativa/2015/3583/3583_texto_integral.docx", "ementa": "A MANUTEN\u00c7\u00c3O DO BUEIRO LOCALIZADO NA RUA VASCO DA GAMA, EM FRENTE AO N\u00daMERO 51, E A LIMPEZA DOS BUEIROS SITUADOS NA RUA CLARICE LISPECTOR, ESQUINA COM A RUA ALFREDO PETRY, NA ESCOLA ESTADUAL BAIRRO DO PARQUE. "}, {"id": "3584", "ano": "2015", "numero": "1016", "tipo__sigla": "PDP", "tipo__descricao": "Pedido de Provid\u00eancia", "autoria": "Leonardo Pascoal", "texto_original": "http://sapl.esteio.rs.leg.br/media/./sapl/public/materialegislativa/2015/3584/3584_texto_integral.docx", "ementa": "A NOTIFICA\u00c7\u00c3O DO PROPRIET\u00c1RIO PARA LIMPEZA DO IM\u00d3VEL E PARA CONSTRU\u00c7\u00c3O DO PASSEIO P\u00daBLICO, LOCALIZADO NA BR-116, AO LADO DO VIADUTO QUE D\u00c1 ACESSO AO CENTRO DE ESTEIO. "}, {"id": "3585", "ano": "2015", "numero": "1017", "tipo__sigla": "PDP", "tipo__descricao": "Pedido de Provid\u00eancia", "autoria": "Leonardo Pascoal", "texto_original": "http://sapl.esteio.rs.leg.br/media/./sapl/public/materialegislativa/2015/3585/3585_texto_integral.docx", "ementa": "A SUBSTITUI\u00c7\u00c3O DE L\u00c2MPADA NO POSTE LOCALIZADO NA RUA S\u00c3O SEBASTI\u00c3O DO CA\u00cd, EM FRENTE AO N\u00daMERO 841, E O REFOR\u00c7O NA ILUMINA\u00c7\u00c3O DOS POSTES SITUADOS NA RUA 24 DE AGOSTO, ENTRE OS N\u00daMEROS 168 E 208. "}, {"id": "3586", "ano": "2015", "numero": "1018", "tipo__sigla": "PDP", "tipo__descricao": "Pedido de Provid\u00eancia", "autoria": "Leonardo Pascoal", "texto_original": "http://sapl.esteio.rs.leg.br/media/./sapl/public/materialegislativa/2015/3586/3586_texto_integral.docx", "ementa": "A REPOSI\u00c7\u00c3O DA COBERTURA ASF\u00c1LTICA SOBRE A CRATERA NA AVENIDA PADRE ANT\u00d4NIO VIEIRA, EM FRENTE AO N\u00daMERO 245. "}, {"id": "3587", "ano": "2015", "numero": "1019", "tipo__sigla": "PDP", "tipo__descricao": "Pedido de Provid\u00eancia", "autoria": "Ari Zanoni", "texto_original": "http://sapl.esteio.rs.leg.br/media/./sapl/public/materialegislativa/2015/3587/3587_texto_integral.docx", "ementa": "A SUBSTITUI\u00c7\u00c3O DE DUAS L\u00c2MPADAS NA RUA IMP\u00c9RIO, PR\u00d3XIMO AO N\u00daMERO 239, NO BAIRRO LIBERDADE.  "}, {"id": "3588", "ano": "2015", "numero": "1020", "tipo__sigla": "PDP", "tipo__descricao": "Pedido de Provid\u00eancia", "autoria": "Ari Zanoni", "texto_original": "http://sapl.esteio.rs.leg.br/media/./sapl/public/materialegislativa/2015/3588/3588_texto_integral.docx", "ementa": "A ELIMINA\u00c7\u00c3O DE UMA BROCA NA RUA BUENOS AIRES, ESQUINA COM A RUA PADRE FELIPE, NO BAIRRO PARQUE AMADOR. "}, {"id": "3601", "ano": "2015", "numero": "1021", "tipo__sigla": "PDP", "tipo__descricao": "Pedido de Provid\u00eancia", "autoria": "Ari Zanoni", "texto_original": "http://sapl.esteio.rs.leg.br/media/./sapl/public/materialegislativa/2015/3601/3601_texto_integral.docx", "ementa": "A RECONSTRU\u00c7\u00c3O DA BOCA DE LOBO E DO PASSEIO P\u00daBLICO NA RUA PADRE FELIPE, ESQUINA COM A RUA BUENOS AIRES, NO BAIRRO PARQUE AMADOR."}, {"id": "3602", "ano": "2015", "numero": "1022", "tipo__sigla": "PDP", "tipo__descricao": "Pedido de Provid\u00eancia", "autoria": "Rafael Figliero", "texto_original": "http://sapl.esteio.rs.leg.br/media/./sapl/public/materialegislativa/2015/3602/3602_texto_integral.docx", "ementa": "A SUBSTITUI\u00c7\u00c3O DE L\u00c2MPADA NA RUA 24 DE AGOSTO, EM FRENTE AOS N\u00daMEROS 682 E 824."}, {"id": "3603", "ano": "2015", "numero": "1023", "tipo__sigla": "PDP", "tipo__descricao": "Pedido de Provid\u00eancia", "autoria": "Rafael Figliero", "texto_original": "http://sapl.esteio.rs.leg.br/media/./sapl/public/materialegislativa/2015/3603/3603_texto_integral.docx", "ementa": "A ELIMINA\u00c7\u00c3O DE UMA BROCA LOCALIZADA NA RUA CAXIAS, ESQUINA COM A RUA PELOTAS, NO BAIRRO CENTRO."}, {"id": "3604", "ano": "2015", "numero": "1024", "tipo__sigla": "PDP", "tipo__descricao": "Pedido de Provid\u00eancia", "autoria": "Rafael Figliero", "texto_original": "http://sapl.esteio.rs.leg.br/media/./sapl/public/materialegislativa/2015/3604/3604_texto_integral.docx", "ementa": "A REALIZA\u00c7\u00c3O DA OPERA\u00c7\u00c3O TAPA-BURACO NA RUA CAXIAS, EM FRENTE AO N\u00daMERO 450, NO BAIRRO CENTRO."}, {"id": "3605", "ano": "2015", "numero": "1025", "tipo__sigla": "PDP", "tipo__descricao": "Pedido de Provid\u00eancia", "autoria": "Michele Pereira", "texto_original": "http://sapl.esteio.rs.leg.br/media/./sapl/public/materialegislativa/2015/3605/3605_texto_integral.docx", "ementa": "UM ESTUDO PARA AVERIGUAR A POSSIBILIDADE DE MUDAR O LOCAL DE INSTALA\u00c7\u00c3O DO SEM\u00c1FORO PARA PEDESTRES NA AVENIDA PRESIDENTE VARGAS COM A RUA SOLEDADE, NO BAIRRO CENTRO. "}, {"id": "3606", "ano": "2015", "numero": "1026", "tipo__sigla": "PDP", "tipo__descricao": "Pedido de Provid\u00eancia", "autoria": "Michele Pereira", "texto_original": "http://sapl.esteio.rs.leg.br/media/./sapl/public/materialegislativa/2015/3606/3606_texto_integral.docx", "ementa": "A COLOCA\u00c7\u00c3O DE UMA TAMPA NA BOCA DE LOBO LOCALIZADA NO PASSEIO P\u00daBLICO DA RUA PADRE FELIPE, ESQUINA COM A RUA PELOTAS, NO BAIRRO CENTRO."}, {"id": "3607", "ano": "2015", "numero": "1027", "tipo__sigla": "PDP", "tipo__descricao": "Pedido de Provid\u00eancia", "autoria": "Michele Pereira", "texto_original": "http://sapl.esteio.rs.leg.br/media/./sapl/public/materialegislativa/2015/3607/3607_texto_integral.docx", "ementa": "A LIMPEZA E A COLOCA\u00c7\u00c3O DE SAIBRO NO BECO AO LADO DO N\u00daMERO 100 DA RUA PAULO PONTES, QUE D\u00c1 ACESSO \u00c0 RUA JOCELINO A. OLIVEIRA, NO BAIRRO CONC\u00d3RDIA. "}, {"id": "3608", "ano": "2015", "numero": "1028", "tipo__sigla": "PDP", "tipo__descricao": "Pedido de Provid\u00eancia", "autoria": "Michele Pereira", "texto_original": "http://sapl.esteio.rs.leg.br/media/./sapl/public/materialegislativa/2015/3608/3608_texto_integral.docx", "ementa": "A REALIZA\u00c7\u00c3O DA OPERA\u00c7\u00c3O TAPA-BURACO NA ESTRADA DO NAZ\u00c1RIO, ESQUINA COM A RUA JO\u00c3O GOULART, NO BAIRRO PRIMAVERA. "}, {"id": "3609", "ano": "2015", "numero": "1029", "tipo__sigla": "PDP", "tipo__descricao": "Pedido de Provid\u00eancia", "autoria": "Marcelo Kohlrausch", "texto_original": "http://sapl.esteio.rs.leg.br/media/./sapl/public/materialegislativa/2015/3609/3609_texto_integral.docx", "ementa": "A ELABORA\u00c7\u00c3O DE UM ESTUDO PARA INCLUIR, NAS ALTERA\u00c7\u00d5ES DO PLANO DIRETOR, A INSTALA\u00c7\u00c3O DE UMA IND\u00daSTRIA E COM\u00c9RCIO DE CERVEJAS ARTESANAIS."}, {"id": "3610", "ano": "2015", "numero": "1030", "tipo__sigla": "PDP", "tipo__descricao": "Pedido de Provid\u00eancia", "autoria": "Marcelo Kohlrausch", "texto_original": "http://sapl.esteio.rs.leg.br/media/./sapl/public/materialegislativa/2015/3610/3610_texto_integral.docx", "ementa": "A MANUTEN\u00c7\u00c3O ASF\u00c1LTICA DA EROS\u00c3O JUNTO AO ARROIO ESTEIO, NA AVENIDA ALBERTO PASQUALINI, NO BAIRRO PARQUE AMADOR. "}, {"id": "3618", "ano": "2015", "numero": "1032", "tipo__sigla": "PDP", "tipo__descricao": "Pedido de Provid\u00eancia", "autoria": "Marcelo Kohlrausch", "texto_original": "http://sapl.esteio.rs.leg.br/media/./sapl/public/materialegislativa/2015/3618/3618_texto_integral.docx", "ementa": "SOLICITA QUE ENCAMINHE A ESTA CASA LEGISLATIVA A SEGUNDA VIA DOS CONTRATOS FIRMADOS ENTRE OS MUTU\u00c1RIOS CONTEMPLADOS JUNTO AO PROGRAMA HABITACIONAL MINHA CASA MINHA VIDA DOS RESIDENCIAIS: BOQUEIR\u00c3O, QUARA\u00cd, RENASCER 1 E 2, LOCALIZADOS EM ESTEIO."}, {"id": "3638", "ano": "2015", "numero": "1033", "tipo__sigla": "PDP", "tipo__descricao": "Pedido de Provid\u00eancia", "autoria": "Leonardo Pascoal", "texto_original": "http://sapl.esteio.rs.leg.br/media/./sapl/public/materialegislativa/2015/3638/3638_texto_integral.docx", "ementa": "UMA MANIFESTA\u00c7\u00c3O FORMAL A RESPEITO DA INTEN\u00c7\u00c3O DO PODER EXECUTIVO DE INSTALAR UMA USINA DE RES\u00cdDUOS S\u00d3LIDOS NO BAIRRO NOVO ESTEIO"}, {"id": "3619", "ano": "2015", "numero": "1034", "tipo__sigla": "PDP", "tipo__descricao": "Pedido de Provid\u00eancia", "autoria": "Leonardo Pascoal", "texto_original": "http://sapl.esteio.rs.leg.br/media/./sapl/public/materialegislativa/2015/3619/3619_texto_integral.docx", "ementa": "A MANUTEN\u00c7\u00c3O E A SEGURAN\u00c7A DO BICICLET\u00c1RIO LOCALIZADO JUNTO \u00c0 ESTA\u00c7\u00c3O ESTEIO."}, {"id": "3620", "ano": "2015", "numero": "1035", "tipo__sigla": "PDP", "tipo__descricao": "Pedido de Provid\u00eancia", "autoria": "Leonardo Pascoal", "texto_original": "http://sapl.esteio.rs.leg.br/media/./sapl/public/materialegislativa/2015/3620/3620_texto_integral.docx", "ementa": "SENHORIA A INTENSIFICA\u00c7\u00c3O NA RONDA POLICIAL REALIZADA NO BAIRRO TR\u00caS PORTOS."}, {"id": "3621", "ano": "2015", "numero": "1036", "tipo__sigla": "PDP", "tipo__descricao": "Pedido de Provid\u00eancia", "autoria": "Marcelo Kohlrausch", "texto_original": "http://sapl.esteio.rs.leg.br/media/./sapl/public/materialegislativa/2015/3621/3621_texto_integral.docx", "ementa": "A VARRI\u00c7\u00c3O E A REMO\u00c7\u00c3O DA AREIA E DE DEMAIS RES\u00cdDUOS ACUMULADOS AO LONGO DA PISTA DE CAMINHADA JUNTO \u00c0 AVENIDA PERI FAGUNDES, NA VILA OS\u00d3RIO, E QUE A REFERIDA PISTA RECEBA A DEMARCA\u00c7\u00c3O DE DIST\u00c2NCIA."}, {"id": "3622", "ano": "2015", "numero": "1037", "tipo__sigla": "PDP", "tipo__descricao": "Pedido de Provid\u00eancia", "autoria": "Marcelo Kohlrausch", "texto_original": "http://sapl.esteio.rs.leg.br/media/./sapl/public/materialegislativa/2015/3622/3622_texto_integral.docx", "ementa": "A REVIS\u00c3O DA LUMIN\u00c1RIA EM FRENTE AO N\u00daMERO 467, NA RUA DA IMPRENSA, BAIRRO NOVO ESTEIO."}, {"id": "3639", "ano": "2015", "numero": "1038", "tipo__sigla": "PDP", "tipo__descricao": "Pedido de Provid\u00eancia", "autoria": "Marcelo Kohlrausch", "texto_original": "http://sapl.esteio.rs.leg.br/media/./sapl/public/materialegislativa/2015/3639/3639_texto_integral.docx", "ementa": "REALIZE ESTUDOS PARA MELHORAR O SISTEMA DE ILUMINA\u00c7\u00c3O AO FINAL DA RUA THEODOMIRO PORTO DA FONSECA E DE DEMAIS TRAVESSAS. "}, {"id": "3625", "ano": "2015", "numero": "1039", "tipo__sigla": "PDP", "tipo__descricao": "Pedido de Provid\u00eancia", "autoria": "Marcelo Kohlrausch", "texto_original": "http://sapl.esteio.rs.leg.br/media/./sapl/public/materialegislativa/2015/3625/3625_texto_integral.docx", "ementa": "A MANUTEN\u00c7\u00c3O DA REDE DE ESGOTO EM FRENTE AO N\u00daMERO 800, DA ESTRADA DO BOQUEIR\u00c3O."}, {"id": "3644", "ano": "2015", "numero": "1040", "tipo__sigla": "PDP", "tipo__descricao": "Pedido de Provid\u00eancia", "autoria": "Marcelo Kohlrausch", "texto_original": "http://sapl.esteio.rs.leg.br/media/./sapl/public/materialegislativa/2015/3644/3644_texto_integral.docx", "ementa": "ESTUDE A POSSIBILIDADE DE ESTABELECER PARCERIA COM A TRENSURB PARA SUBSTITUI\u00c7\u00c3O DA PAVIMENTA\u00c7\u00c3O DO PASSEIO P\u00daBLICO AO LONGO DA AVENIDA PERI FAGUNDES &#8211; VILA OS\u00d3RIO.  \r\n"}, {"id": "3640", "ano": "2015", "numero": "1041", "tipo__sigla": "PDP", "tipo__descricao": "Pedido de Provid\u00eancia", "autoria": "Leonardo Pascoal", "texto_original": "http://sapl.esteio.rs.leg.br/media/./sapl/public/materialegislativa/2015/3640/3640_texto_integral.docx", "ementa": "A MANUTEN\u00c7\u00c3O DOS BUEIROS LOCALIZADOS NA AVENIDA FREDERICO DAHNE, EM FRENTE AO N\u00daMERO 165. "}, {"id": "3626", "ano": "2015", "numero": "1042", "tipo__sigla": "PDP", "tipo__descricao": "Pedido de Provid\u00eancia", "autoria": "Leonardo Pascoal", "texto_original": "http://sapl.esteio.rs.leg.br/media/./sapl/public/materialegislativa/2015/3626/3626_texto_integral.docx", "ementa": "A ELIMINA\u00c7\u00c3O DAS BROCAS LOCALIZADAS NOS SEGUINTES ENDERE\u00c7OS:\r\n\r\nA)\tRUA MANOEL DOS SANTOS, EM FRENTE AOS N\u00daMEROS 122 E 236;\r\nB)\tAVENIDA LUIZ PASTEUR, EM FRENTE AO N\u00daMERO 6.561;\r\nC)\tAVENIDA FREDERICO DAHNE, EM FRENTE AO N\u00daMERO 139.\r\n"}, {"id": "3627", "ano": "2015", "numero": "1043", "tipo__sigla": "PDP", "tipo__descricao": "Pedido de Provid\u00eancia", "autoria": "Leonardo Pascoal", "texto_original": "http://sapl.esteio.rs.leg.br/media/./sapl/public/materialegislativa/2015/3627/3627_texto_integral.docx", "ementa": "A LIMPEZA DAS PASSARELAS LOCALIZADAS NO VIADUTO QUE LIGA A RUA SENADOR SALGADO FILHO COM A RUA LIBERATO SALZANO, NO TRECHO EM FRENTE \u00c0 IGREJA NOSSA SENHORA DAS GRA\u00c7AS, E A OUTRA SITUADA ENTRE A AV. PRESIDENTE VARGAS E A AV. FREDERICO DAHNE."}, {"id": "3630", "ano": "2015", "numero": "1044", "tipo__sigla": "PDP", "tipo__descricao": "Pedido de Provid\u00eancia", "autoria": "Leonardo Pascoal", "texto_original": "http://sapl.esteio.rs.leg.br/media/./sapl/public/materialegislativa/2015/3630/3630_texto_integral.docx", "ementa": "A COLOCA\u00c7\u00c3O DE SAIBRO EM TODA A EXTENS\u00c3O DA RUA BRUNO SPERB."}, {"id": "3631", "ano": "2015", "numero": "1045", "tipo__sigla": "PDP", "tipo__descricao": "Pedido de Provid\u00eancia", "autoria": "Leonardo Pascoal", "texto_original": "http://sapl.esteio.rs.leg.br/media/./sapl/public/materialegislativa/2015/3631/3631_texto_integral.docx", "ementa": "A NOTIFICA\u00c7\u00c3O AO PROPRIET\u00c1RIO PARA LIMPEZA DO TERRENO LOCALIZADO NA RUA PINTO BANDEIRA, N\u00daMERO 61. "}, {"id": "3641", "ano": "2015", "numero": "1046", "tipo__sigla": "PDP", "tipo__descricao": "Pedido de Provid\u00eancia", "autoria": "Leonardo Pascoal", "texto_original": "http://sapl.esteio.rs.leg.br/media/./sapl/public/materialegislativa/2015/3641/3641_texto_integral.docx", "ementa": "O DESLIGAMENTO DURANTE O DIA DA L\u00c2MPADA DO POSTE LOCALIZADO NA RUA ASSIS BRASIL, EM FRENTE AO N\u00daMERO 80, E A SUBSTITUI\u00c7\u00c3O DA L\u00c2MPADA SITUADA NA RUA 24 DE AGOSTO, EM FRENTE AO N\u00daMERO 698. "}, {"id": "3642", "ano": "2015", "numero": "1047", "tipo__sigla": "PDP", "tipo__descricao": "Pedido de Provid\u00eancia", "autoria": "Leonardo Pascoal", "texto_original": "http://sapl.esteio.rs.leg.br/media/./sapl/public/materialegislativa/2015/3642/3642_texto_integral.docx", "ementa": "A LIMPEZA DO IM\u00d3VEL LOCALIZADO NA RUA ASSIS BRASIL, ESQUINA COM A AV. FREDERICO DAHNE, BAIRRO TR\u00caS PORTOS. "}, {"id": "3632", "ano": "2015", "numero": "1048", "tipo__sigla": "PDP", "tipo__descricao": "Pedido de Provid\u00eancia", "autoria": "Ari Zanoni", "texto_original": "http://sapl.esteio.rs.leg.br/media/./sapl/public/materialegislativa/2015/3632/3632_texto_integral.docx", "ementa": "COMPETENTE A ELIMINA\u00c7\u00c3O DE UMA BROCA E A RECONSTRU\u00c7\u00c3O DO PASSEIO P\u00daBLICO EM FRENTE AO LAR DA IRM\u00c3 ANA, NA RUA MANOEL DOS SANTOS, EM FRENTE AO N\u00daMERO 236, BAIRRO TR\u00caS MARIAS. "}, {"id": "3633", "ano": "2015", "numero": "1049", "tipo__sigla": "PDP", "tipo__descricao": "Pedido de Provid\u00eancia", "autoria": "Rafael Figliero", "texto_original": "http://sapl.esteio.rs.leg.br/media/./sapl/public/materialegislativa/2015/3633/3633_texto_integral.docx", "ementa": "A LIMPEZA NO CANTEIRO CENTRAL AO LONGO DA AVENIDA PERI FAGUNDES, VILA OS\u00d3RIO/TR\u00caS PORTOS."}, {"id": "3634", "ano": "2015", "numero": "1050", "tipo__sigla": "PDP", "tipo__descricao": "Pedido de Provid\u00eancia", "autoria": "Rafael Figliero", "texto_original": "http://sapl.esteio.rs.leg.br/media/./sapl/public/materialegislativa/2015/3634/3634_texto_integral.docx", "ementa": "A ELIMINA\u00c7\u00c3O DE UMA BROCA LOCALIZADA NA RUA SANTO TOM\u00c1S DE AQUINO, EM FRENTE AO N\u00daMERO 363, BAIRRO SANTO IN\u00c1CIO."}, {"id": "3643", "ano": "2015", "numero": "1051", "tipo__sigla": "PDP", "tipo__descricao": "Pedido de Provid\u00eancia", "autoria": "Rafael Figliero", "texto_original": "http://sapl.esteio.rs.leg.br/media/./sapl/public/materialegislativa/2015/3643/3643_texto_integral.docx", "ementa": "A NOTIFICA\u00c7\u00c3O DO PROPRIET\u00c1RIO DO IM\u00d3VEL LOCALIZADO NA RUA RIO GRANDE, BAIRRO CENTRO, EM FRENTE AO N\u00daMERO 538, PARA QUE REALIZE O CERCAMENTO, A LIMPEZA E A CONFEC\u00c7\u00c3O DO PASSEIO P\u00daBLICO."}, {"id": "3635", "ano": "2015", "numero": "1052", "tipo__sigla": "PDP", "tipo__descricao": "Pedido de Provid\u00eancia", "autoria": "Rafael Figliero", "texto_original": "http://sapl.esteio.rs.leg.br/media/./sapl/public/materialegislativa/2015/3635/3635_texto_integral.docx", "ementa": "A LIMPEZA E A PINTURA DO MEIO-FIO AO LONGO DA RUA URUGUAI, BAIRRO CENTRO. \r\n"}, {"id": "3636", "ano": "2015", "numero": "1053", "tipo__sigla": "PDP", "tipo__descricao": "Pedido de Provid\u00eancia", "autoria": "Rafael Figliero", "texto_original": "http://sapl.esteio.rs.leg.br/media/./sapl/public/materialegislativa/2015/3636/3636_texto_integral.docx", "ementa": "A REALIZA\u00c7\u00c3O DA OPERA\u00c7\u00c3O TAPA-BURACO NA RUA S\u00c3O FRANCISCO, EM FRENTE AO N\u00daMERO 315, BAIRRO VILA OL\u00cdMPICA."}, {"id": "3637", "ano": "2015", "numero": "1054", "tipo__sigla": "PDP", "tipo__descricao": "Pedido de Provid\u00eancia", "autoria": "Michele Pereira", "texto_original": "http://sapl.esteio.rs.leg.br/media/./sapl/public/materialegislativa/2015/3637/3637_texto_integral.docx", "ementa": "O CORTE DE GRAMA, A LIMPEZA E A REVITALIZA\u00c7\u00c3O EM TODA A EXTENS\u00c3O DO CANTEIRO CENTRAL DA AVENIDA PORTO ALEGRE, BAIRRO JARDIM PLANALTO. "}, {"id": "3661", "ano": "2015", "numero": "1056", "tipo__sigla": "PDP", "tipo__descricao": "Pedido de Provid\u00eancia", "autoria": "Felipe Costella", "texto_original": "http://sapl.esteio.rs.leg.br/media/./sapl/public/materialegislativa/2015/3661/3661_texto_integral.docx", "ementa": "INFORME SE H\u00c1 ALGUM PROJETO DE HABITA\u00c7\u00c3O NO LOCAL DO CAMPO OURO VERDE, BAIRRO VILA ESPERAN\u00c7A."}, {"id": "3646", "ano": "2015", "numero": "1057", "tipo__sigla": "PDP", "tipo__descricao": "Pedido de Provid\u00eancia", "autoria": "Felipe Costella", "texto_original": "http://sapl.esteio.rs.leg.br/media/./sapl/public/materialegislativa/2015/3646/3646_texto_integral.docx", "ementa": "EFETUE A ILUMINA\u00c7\u00c3O DO VIADUTO DO BAIRRO VILA OS\u00d3RIO."}, {"id": "3652", "ano": "2015", "numero": "1058", "tipo__sigla": "PDP", "tipo__descricao": "Pedido de Provid\u00eancia", "autoria": "Jane Battistello", "texto_original": "http://sapl.esteio.rs.leg.br/media/./sapl/public/materialegislativa/2015/3652/3652_texto_integral.docx", "ementa": "A TROCA DE L\u00c2MPADAS QUEIMADAS E A COLOCA\u00c7\u00c3O DE SUPORTE (BRA\u00c7O QUE APOIA O SUSTENTO DO POSTE) DA RUA IMPRENSA, N\u00ba 467, E DA RUA PAPA PAULO VI, N\u00ba 325, ESQUINA COM ALFREDO PETRY."}, {"id": "3651", "ano": "2015", "numero": "1059", "tipo__sigla": "PDP", "tipo__descricao": "Pedido de Provid\u00eancia", "autoria": "Rafael Figliero", "texto_original": "http://sapl.esteio.rs.leg.br/media/./sapl/public/materialegislativa/2015/3651/3651_texto_integral.docx", "ementa": "A REALIZA\u00c7\u00c3O DA TROCA DE L\u00c2MPADA NOS SEGUINTES ENDERE\u00c7OS:\r\n\r\n- POSTE LOCALIZADO NA PARADA EM FRENTE AO CEMIT\u00c9RIO 2 DE NOVEMBRO &#8211; VILA OL\u00cdMPICA.\r\n- RUA SALGADO FILHO, 515 &#8211; CENTRO.\r\n- RUA VINTE E QUATRO DE AGOSTO, EM FRENTE AO N\u00ba 2.599 E AO N\u00ba 1.776 &#8211; CENTRO.\r\n"}, {"id": "3663", "ano": "2015", "numero": "1060", "tipo__sigla": "PDP", "tipo__descricao": "Pedido de Provid\u00eancia", "autoria": "Rafael Figliero", "texto_original": "http://sapl.esteio.rs.leg.br/media/./sapl/public/materialegislativa/2015/3663/3663_texto_integral.docx", "ementa": "O REPARO NO ASFALTO (DEPRESS\u00c3O) LOCALIZADO NA AV. PADRE CLARET, ESQUINA COM A RUA S\u00c3O LUIZ, BAIRRO PARQUE AMADOR."}, {"id": "3650", "ano": "2015", "numero": "1061", "tipo__sigla": "PDP", "tipo__descricao": "Pedido de Provid\u00eancia", "autoria": "Rafael Figliero", "texto_original": "http://sapl.esteio.rs.leg.br/media/./sapl/public/materialegislativa/2015/3650/3650_texto_integral.docx", "ementa": "A SUBSTITUI\u00c7\u00c3O DA TAMPA DE UM BUEIRO NA RUA RIO GRANDE, ESQUINA COM A RUA PADRE FELIPE, UMA VEZ QUE ESSA SE ENCONTRA QUEBRADA, COLOCANDO EM RISCO QUEM TRANSITA NO LOCAL."}, {"id": "3662", "ano": "2015", "numero": "1062", "tipo__sigla": "PDP", "tipo__descricao": "Pedido de Provid\u00eancia", "autoria": "Michele Pereira", "texto_original": "http://sapl.esteio.rs.leg.br/media/./sapl/public/materialegislativa/2015/3662/3662_texto_integral.docx", "ementa": "A REALIZA\u00c7\u00c3O DA OPERA\u00c7\u00c3O TAPA-BURACO NA RUA SOLEDADE EM FRENTE AO N\u00daMERO 1.640 E NA ESQUINA COM A TRAVESSA J\u00daLIO DE CASTILHOS, BAIRRO CENTRO."}, {"id": "3649", "ano": "2015", "numero": "1063", "tipo__sigla": "PDP", "tipo__descricao": "Pedido de Provid\u00eancia", "autoria": "Michele Pereira", "texto_original": "http://sapl.esteio.rs.leg.br/media/./sapl/public/materialegislativa/2015/3649/3649_texto_integral.docx", "ementa": "REALIZE A TROCA DA L\u00c2MPADA NO POSTE LOCALIZADO EM FRENTE AO N\u00daMERO 139 DA RUA EZEQUIEL NUNES FILHO, BAIRRO S\u00c3O SEBASTI\u00c3O."}, {"id": "3648", "ano": "2015", "numero": "1064", "tipo__sigla": "PDP", "tipo__descricao": "Pedido de Provid\u00eancia", "autoria": "Marcelo Kohlrausch", "texto_original": "http://sapl.esteio.rs.leg.br/media/./sapl/public/materialegislativa/2015/3648/3648_texto_integral.docx", "ementa": "REFOR\u00c7AR, JUNTO \u00c0S EMPRESAS DE TRANSPORTE P\u00daBLICO, A IMPORT\u00c2NCIA DE MANTER EM TODOS OS VE\u00cdCULOS OS ADESIVOS QUE INFORMAM OS ESPA\u00c7OS RESERVADOS PARA DEFICIENTES, IDOSOS, GESTANTES E LACTANTES. "}, {"id": "3647", "ano": "2015", "numero": "1065", "tipo__sigla": "PDP", "tipo__descricao": "Pedido de Provid\u00eancia", "autoria": "Marcelo Kohlrausch", "texto_original": "http://sapl.esteio.rs.leg.br/media/./sapl/public/materialegislativa/2015/3647/3647_texto_integral.docx", "ementa": "A TROCA DE L\u00c2MPADA NA RUA IN\u00c1CIO MONTANHA, EM FRENTE AO N\u00daMERO 5, JUNTO \u00c0 ESQUINA COM A RUA QUARA\u00cd."}, {"id": "3645", "ano": "2015", "numero": "1066", "tipo__sigla": "PDP", "tipo__descricao": "Pedido de Provid\u00eancia", "autoria": "Felipe Costella", "texto_original": "http://sapl.esteio.rs.leg.br/media/./sapl/public/materialegislativa/2015/3645/3645_texto_integral.docx", "ementa": "ESTUDE A POSSIBILIDADE DE PRESTAR SERVI\u00c7O DE TELEFONIA FIXA E INTERNET BANDA LARGA NO LOTEAMENTO CAMPOS DE ESTEIO, LOCALIZADO NO BAIRRO TR\u00caS MARIAS. "}, {"id": "3653", "ano": "2015", "numero": "1067", "tipo__sigla": "PDP", "tipo__descricao": "Pedido de Provid\u00eancia", "autoria": "Leonardo Pascoal", "texto_original": "http://sapl.esteio.rs.leg.br/media/./sapl/public/materialegislativa/2015/3653/3653_texto_integral.docx", "ementa": "A REPOSI\u00c7\u00c3O DE PARALELEP\u00cdPEDO SOBRE OS BURACOS EM FRENTE AO CONDOM\u00cdNIO BOQUEIR\u00c3O, N\u00daMERO 670, ESTRADA DO BOQUEIR\u00c3O. "}, {"id": "3654", "ano": "2015", "numero": "1068", "tipo__sigla": "PDP", "tipo__descricao": "Pedido de Provid\u00eancia", "autoria": "Leonardo Pascoal", "texto_original": "http://sapl.esteio.rs.leg.br/media/./sapl/public/materialegislativa/2015/3654/3654_texto_integral.docx", "ementa": "A LIMPEZA E A RETIRADA DE AREIA DO ASFALTO NA RUA ALEGRETE, PR\u00d3XIMO AO N\u00daMERO 1.046."}, {"id": "3655", "ano": "2015", "numero": "1069", "tipo__sigla": "PDP", "tipo__descricao": "Pedido de Provid\u00eancia", "autoria": "Leonardo Pascoal", "texto_original": "http://sapl.esteio.rs.leg.br/media/./sapl/public/materialegislativa/2015/3655/3655_texto_integral.docx", "ementa": "A REVITALIZA\u00c7\u00c3O DOS BANHEIROS DA PRA\u00c7A DO EXPEDICION\u00c1RIO"}, {"id": "3656", "ano": "2015", "numero": "1070", "tipo__sigla": "PDP", "tipo__descricao": "Pedido de Provid\u00eancia", "autoria": "Leonardo Pascoal", "texto_original": "http://sapl.esteio.rs.leg.br/media/./sapl/public/materialegislativa/2015/3656/3656_texto_integral.docx", "ementa": "A MANUTEN\u00c7\u00c3O DO BUEIRO LOCALIZADO NA ESQUINA DAS RUAS S\u00c3O DOMINGUES E MELVIN JONES, BAIRRO TAMANDAR\u00c9, E A LIMPEZA DO BUEIRO SITUADO NA RUA ALEGRETE, EM FRENTE AO N\u00daMERO 1.046. "}, {"id": "3657", "ano": "2015", "numero": "1071", "tipo__sigla": "PDP", "tipo__descricao": "Pedido de Provid\u00eancia", "autoria": "Leonardo Pascoal", "texto_original": "http://sapl.esteio.rs.leg.br/media/./sapl/public/materialegislativa/2015/3657/3657_texto_integral.docx", "ementa": "A LIMPEZA E/OU A NOTIFICA\u00c7\u00c3O DO PROPRIET\u00c1RIO DO IM\u00d3VEL LOCALIZADO NA RUA MELVIN JONES, N\u00daMERO 36. "}, {"id": "3658", "ano": "2015", "numero": "1072", "tipo__sigla": "PDP", "tipo__descricao": "Pedido de Provid\u00eancia", "autoria": "Leonardo Pascoal", "texto_original": "http://sapl.esteio.rs.leg.br/media/./sapl/public/materialegislativa/2015/3658/3658_texto_integral.docx", "ementa": "A SUBSTITUI\u00c7\u00c7\u00c3O DA L\u00c2MPADA DO POSTE LOCALIZADO NA RUA EURICO LARA, EM FRENTE AO N\u00daMERO 122, BAIRRO TAMANDAR\u00c9. "}, {"id": "3659", "ano": "2015", "numero": "1073", "tipo__sigla": "PDP", "tipo__descricao": "Pedido de Provid\u00eancia", "autoria": "Leonardo Pascoal", "texto_original": "http://sapl.esteio.rs.leg.br/media/./sapl/public/materialegislativa/2015/3659/3659_texto_integral.docx", "ementa": "A MANUTEN\u00c7\u00c3O DA TUBULA\u00c7\u00c3O DE ESGOTO EXISTENTE JUNTO \u00c0 RUA SEP\u00c9 TIARAJU, EM FRENTE AO N\u00daMERO 136, NO BAIRRO NOVO ESTEIO, E A REPOSI\u00c7\u00c3O ASF\u00c1LTICA NA RUA EURICO LARA, EM FRENTE AO N\u00daMERO 85. "}, {"id": "3664", "ano": "2015", "numero": "1074", "tipo__sigla": "PDP", "tipo__descricao": "Pedido de Provid\u00eancia", "autoria": "Leonardo Pascoal", "texto_original": "http://sapl.esteio.rs.leg.br/media/./sapl/public/materialegislativa/2015/3664/3664_texto_integral.docx", "ementa": "A INTENSIFICA\u00c7\u00c3O NA RONDA POLICIAL REALIZADA NO LOTEAMENTO VERDES CAMPOS, BAIRRO TR\u00caS MARIAS."}, {"id": "3660", "ano": "2015", "numero": "1075", "tipo__sigla": "PDP", "tipo__descricao": "Pedido de Provid\u00eancia", "autoria": "Michele Pereira", "texto_original": "http://sapl.esteio.rs.leg.br/media/./sapl/public/materialegislativa/2015/3660/3660_texto_integral.docx", "ementa": "A SUBSTITUI\u00c7\u00c3O DA TAMPA DE REDE COLETORA DE ESGOTO E POSTERIOR RECAPEAMENTO ASF\u00c1LTICO EM TORNO DESSA, NA RUA JOS\u00c9 GUIMAR\u00c3ES, EM FRENTE AO N\u00daMERO 283, BAIRRO CENTRO. "}, {"id": "3708", "ano": "2015", "numero": "1076", "tipo__sigla": "PDP", "tipo__descricao": "Pedido de Provid\u00eancia", "autoria": "Leonardo Pascoal", "texto_original": "http://sapl.esteio.rs.leg.br/media/./sapl/public/materialegislativa/2015/3708/3708_texto_integral.docx", "ementa": "A LIMPEZA E O RECOLHIMENTO DE ENTULHOS LOCALIZADOS NA RUA BENTO GON\u00c7ALVES, AO LADO DO N\u00daMERO 1149 E EM FRENTE AO N\u00daMERO 1182. "}, {"id": "3706", "ano": "2015", "numero": "1077", "tipo__sigla": "PDP", "tipo__descricao": "Pedido de Provid\u00eancia", "autoria": "Leonardo Pascoal", "texto_original": "http://sapl.esteio.rs.leg.br/media/./sapl/public/materialegislativa/2015/3706/3706_texto_integral.docx", "ementa": "A LIMPEZA DOS BUEIROS LOCALIZADOS EM TODA EXTENS\u00c3O DA RUA EZEQUIEL REZENDE, BAIRRO S\u00c3O JOS\u00c9."}, {"id": "3704", "ano": "2015", "numero": "1078", "tipo__sigla": "PDP", "tipo__descricao": "Pedido de Provid\u00eancia", "autoria": "Leonardo Pascoal", "texto_original": "http://sapl.esteio.rs.leg.br/media/./sapl/public/materialegislativa/2015/3704/3704_texto_integral.docx", "ementa": "A ELIMINA\u00c7\u00c3O DA BROCA NO PASSEIO P\u00daBLICO, LOCALIZADA NA RUA EUZ\u00c9BIO DE QUEIROZ, EM FRENTE AO N\u00daMERO 32. "}, {"id": "3707", "ano": "2015", "numero": "1080", "tipo__sigla": "PDP", "tipo__descricao": "Pedido de Provid\u00eancia", "autoria": "Rafael Figliero", "texto_original": "http://sapl.esteio.rs.leg.br/media/./sapl/public/materialegislativa/2015/3707/3707_texto_integral.docx", "ementa": "A FISCALIZA\u00c7\u00c3O SOBRE A VENDA DE BEBIDAS ALCO\u00d3LICAS, CHURRASCO, EXPLORA\u00c7\u00c3O DE JOGOS, M\u00c1QUINAS JUKEBOX E M\u00daSICA ALTA NA MADRUGADA, OCASIONANDO TRANSTORNOS AOS VIZINHOS, NA RUA PAPA PAULO VI, N\u00daMERO 574, BAIRRO NOVO ESTEIO. "}, {"id": "3678", "ano": "2015", "numero": "1081", "tipo__sigla": "PDP", "tipo__descricao": "Pedido de Provid\u00eancia", "autoria": "Rafael Figliero", "texto_original": "http://sapl.esteio.rs.leg.br/media/./sapl/public/materialegislativa/2015/3678/3678_texto_integral.docx", "ementa": "A REMO\u00c7\u00c3O DA BOCA DE LOBO DE 1,5M (UM METRO E MEIO) PARA A DIREITA (OLHANDO DE FRENTE AO LOTE), LOCALIZADO NA RUA SANTO ANT\u00d4NIO, EM FRENTE AO N\u00daMERO 286, BAIRRO\r\nCENTRO.\r\n"}, {"id": "3679", "ano": "2015", "numero": "1082", "tipo__sigla": "PDP", "tipo__descricao": "Pedido de Provid\u00eancia", "autoria": "Rafael Figliero", "texto_original": "http://sapl.esteio.rs.leg.br/media/./sapl/public/materialegislativa/2015/3679/3679_texto_integral.docx", "ementa": "A SUBSTITUI\u00c7\u00c3O DE L\u00c2MPADA NA RUA DA IMPRENSA, EM FRENTE AO N\u00daMERO 467, BAIRRO NOVO ESTEIO. "}, {"id": "3680", "ano": "2015", "numero": "1083", "tipo__sigla": "PDP", "tipo__descricao": "Pedido de Provid\u00eancia", "autoria": "Marcelo Kohlrausch", "texto_original": "http://sapl.esteio.rs.leg.br/media/./sapl/public/materialegislativa/2015/3680/3680_texto_integral.docx", "ementa": "SE DIGNE A INFORMAR QUAIS S\u00c3O AS A\u00c7\u00d5ES PREVISTAS PARA A REMO\u00c7\u00c3O DAS CASAS JUNTO AO ARROIO SAPUCAIA E NAS IMEDIA\u00c7\u00d5ES DA RUA PRIMEIRO DE MAR\u00c7O."}, {"id": "3699", "ano": "2015", "numero": "1084", "tipo__sigla": "PDP", "tipo__descricao": "Pedido de Provid\u00eancia", "autoria": "Marcelo Kohlrausch", "texto_original": "http://sapl.esteio.rs.leg.br/media/./sapl/public/materialegislativa/2015/3699/3699_texto_integral.docx", "ementa": "SE DIGNE A ESCLARECER PARA A COMUNIDADE OS MOTIVOS PELOS QUAIS O ARROIO ESTEIO, NO TRECHO JUNTO \u00c0 RUA THEODOMIRO PORTO DA FONSECA, AINDA N\u00c3O FOI APROFUNDADO E ALARGADO. "}, {"id": "3703", "ano": "2015", "numero": "1085", "tipo__sigla": "PDP", "tipo__descricao": "Pedido de Provid\u00eancia", "autoria": "Marcelo Kohlrausch", "texto_original": "http://sapl.esteio.rs.leg.br/media/./sapl/public/materialegislativa/2015/3703/3703_texto_integral.docx", "ementa": "INFORMAR OS SEGUINTES QUESTIONAMENTOS:\r\n\r\nA)\tEXISTE ALOJAMENTO ADEQUADO COM ARM\u00c1RIOS INDIVIDUAIS PARA OS GUARDAS MUNICIPAIS QUE TRABALHAM NO SETOR DE VIDEOMONITORAMENTO JUNTO AO SEMIN\u00c1RIO CLARETIANO? CASO CONTR\u00c1RIO, QUAL A PREVIS\u00c3O DESTA PROVID\u00caNCIA?\r\n\r\nB)\tQUAL A QUALIDADE DO EXAME PSICOT\u00c9CNICO REALIZADO PELOS GUARDAS MUNICIPAIS PARA UTILIZA\u00c7\u00c3O DE ARMAS DE FOGO EM SERVI\u00c7O?\r\n\r\nC)\tQUAL O CUSTO INDIVIDUAL DOS REFERIDOS EXAMES?\r\n"}, {"id": "3705", "ano": "2015", "numero": "1086", "tipo__sigla": "PDP", "tipo__descricao": "Pedido de Provid\u00eancia", "autoria": "Marcelo Kohlrausch", "texto_original": "http://sapl.esteio.rs.leg.br/media/./sapl/public/materialegislativa/2015/3705/3705_texto_integral.docx", "ementa": "ESTUDE A POSSIBILIDADE DE IMPLANTAR UM SISTEMA DE ALARME JUNTO AOS PR\u00c9DIOS P\u00daBLICOS INTERLIGADO COM A GUARDA MUNICIPAL."}, {"id": "3673", "ano": "2015", "numero": "1087", "tipo__sigla": "PDP", "tipo__descricao": "Pedido de Provid\u00eancia", "autoria": "Rafael Figliero", "texto_original": "http://sapl.esteio.rs.leg.br/media/./sapl/public/materialegislativa/2015/3673/3673_texto_integral.docx", "ementa": "A SUBSTITUI\u00c7\u00c3O DAS L\u00c2MPADAS NOS SEGUINTES ENDERE\u00c7OS:\r\n\r\nA)\tRUA 24 DE AGOSTO, EM FRENTE AOS N\u00daMEROS 1.575 E 1.485 &#8211; BAIRRO CENTRO;\r\n\r\nB)\tAV. PRESIDENTE VARGAS, EM FRENTE AOS N\u00daMEROS 1.636, 1.300 E 810 &#8211; BAIRRO CENTRO;\r\n\r\nC)\tRUA BENTO GON\u00c7ALVES, EM FRENTE AO N\u00daMERO 337 &#8211; BAIRRO CENTRO. \r\n"}, {"id": "3675", "ano": "2015", "numero": "1088", "tipo__sigla": "PDP", "tipo__descricao": "Pedido de Provid\u00eancia", "autoria": "Michele Pereira", "texto_original": "http://sapl.esteio.rs.leg.br/media/./sapl/public/materialegislativa/2015/3675/3675_texto_integral.docx", "ementa": "A MANUTEN\u00c7\u00c3O DAS L\u00c2MPADAS DOS POSTES LOCALIZADOS NOS SEGUINTES ENDERE\u00c7OS, AS QUAIS PERMANECEM ACESAS DURANTE O DIA:\r\n\r\nA)\tRUA NELSON DE OLIVEIRA, EM FRENTE AO N\u00daMERO 269, BAIRRO SANTO IN\u00c1CIO;\r\n\r\nB)\tRUA FORTALEZA, EM FRENTE AO N\u00daMERO 146, BAIRRO LIBERDADE. \r\n"}, {"id": "3674", "ano": "2015", "numero": "1089", "tipo__sigla": "PDP", "tipo__descricao": "Pedido de Provid\u00eancia", "autoria": "Michele Pereira", "texto_original": "http://sapl.esteio.rs.leg.br/media/./sapl/public/materialegislativa/2015/3674/3674_texto_integral.docx", "ementa": "A LIMPEZA E A COLOCA\u00c7\u00c3O DE SAIBRO NO BECO DA RUA MANOEL DOS SANTOS, BAIRRO TR\u00caS MARIAS."}, {"id": "3676", "ano": "2015", "numero": "1090", "tipo__sigla": "PDP", "tipo__descricao": "Pedido de Provid\u00eancia", "autoria": "Michele Pereira", "texto_original": "http://sapl.esteio.rs.leg.br/media/./sapl/public/materialegislativa/2015/3676/3676_texto_integral.docx", "ementa": "A LIMPEZA DOS BUEIROS COM HIDROJATEAMENTO EM TODA A EXTENS\u00c3O DA RUA PEDRO DOS SANTOS, BAIRRO S\u00c3O JOS\u00c9. "}, {"id": "3691", "ano": "2015", "numero": "1092", "tipo__sigla": "PDP", "tipo__descricao": "Pedido de Provid\u00eancia", "autoria": "Rafael Figliero", "texto_original": "http://sapl.esteio.rs.leg.br/media/./sapl/public/materialegislativa/2015/3691/3691_texto_integral.docx", "ementa": "A SUBSTITUI\u00c7\u00c3O DA L\u00c2MPADA NA AVENIDA SENADOR SALGADO FILHO, ESQUINA COM A RUA FERNANDO FERRARI. "}, {"id": "3693", "ano": "2015", "numero": "1093", "tipo__sigla": "PDP", "tipo__descricao": "Pedido de Provid\u00eancia", "autoria": "Rafael Figliero", "texto_original": "http://sapl.esteio.rs.leg.br/media/./sapl/public/materialegislativa/2015/3693/3693_texto_integral.docx", "ementa": "A CONTEN\u00c7\u00c3O NA MARGEM DO ARROIO ESTEIO, NA AVENIDA ALBERTO PASQUALINI, EM FRENTE AOS N\u00daMEROS 240 E 280, BEM COMO O CONSERTO DO ASFALTO NO N\u00daMERO 280."}, {"id": "3695", "ano": "2015", "numero": "1094", "tipo__sigla": "PDP", "tipo__descricao": "Pedido de Provid\u00eancia", "autoria": "Michele Pereira", "texto_original": "http://sapl.esteio.rs.leg.br/media/./sapl/public/materialegislativa/2015/3695/3695_texto_integral.docx", "ementa": "A SUBSTITUI\u00c7\u00c3O DAS L\u00c2MPADAS NOS POSTES LOCALIZADOS NOS SEGUINTES ENDERE\u00c7OS:\r\n\r\nA)\tRUA SENADOR SALGADO FILHO, EM FRENTE AO N\u00daMERO 768, BAIRRO/CENTRO;\r\n\r\nB)\tAVENIDA PRESIDENTE VARGAS, EM FRENTE AO N\u00daMERO 344, BAIRRO/CENTRO. \r\n"}, {"id": "3692", "ano": "2015", "numero": "1095", "tipo__sigla": "PDP", "tipo__descricao": "Pedido de Provid\u00eancia", "autoria": "", "texto_original": "http://sapl.esteio.rs.leg.br/media/./sapl/public/materialegislativa/2015/3692/3692_texto_integral.docx", "ementa": "A CONTEN\u00c7\u00c3O NA MARGEM DO ARROIO ESTEIO E O CONSERTO DO ASFALTO, NA AVENIDA ALBERTO PASQUALINI, EM FRENTE AO N\u00daMERO 280"}, {"id": "2714", "ano": "2015", "numero": "1", "tipo__sigla": "PDL", "tipo__descricao": "Projeto de Decreto Legislativo", "autoria": "Legislativo Municipal", "texto_original": "http://sapl.esteio.rs.leg.br/media/./sapl/public/materialegislativa/2015/2714/2714_texto_integral.pdf", "ementa": "AUTORIZA A ADES\u00c3O DA C\u00c2MARA MUNICIPAL DE ESTEIO AO PARLAMENTO METROPOLITANO DA GRANDE PORTO ALEGRE"}, {"id": "3713", "ano": "2015", "numero": "2", "tipo__sigla": "PDL", "tipo__descricao": "Projeto de Decreto Legislativo", "autoria": "Ari Zanoni, Jaime da Rosa, Leonardo Pascoal, Marcelo Kohlrausch, Michele Pereira, Rafael Figliero", "texto_original": "http://sapl.esteio.rs.leg.br/media/./sapl/public/materialegislativa/2015/3713/3713_texto_integral.pdf", "ementa": "CONFERE A MEDALHA DE CIDAD\u00c3O DESTAQUE ESTEIENSE."}, {"id": "2835", "ano": "2015", "numero": "1", "tipo__sigla": "ELO", "tipo__descricao": "Projeto de Emenda \u00e0 Lei Org\u00e2nica", "autoria": "Legislativo Municipal", "texto_original": "http://sapl.esteio.rs.leg.br/media/", "ementa": "MODIFICA O ARTIGO 50 DA LEI ORG\u00c2NICA DE ESTEIO"}, {"id": "432", "ano": "2015", "numero": "1", "tipo__sigla": "PL", "tipo__descricao": "Projeto de Lei", "autoria": "Executivo Municipal", "texto_original": "http://sapl.esteio.rs.leg.br/media/./sapl/public/materialegislativa/2015/432/432_texto_integral.doc", "ementa": "REVOGA A LEI MUNICIPAL N\u00ba 5740, DE 30 DE JULHO DE 2013."}, {"id": "433", "ano": "2015", "numero": "3", "tipo__sigla": "PL", "tipo__descricao": "Projeto de Lei", "autoria": "Executivo Municipal", "texto_original": "http://sapl.esteio.rs.leg.br/media/./sapl/public/materialegislativa/2015/433/433_texto_integral.doc", "ementa": "AUTORIZA A ABERTURA DE CR\u00c9DITO ESPECIAL NO OR\u00c7AMENTO DA ADMINISTRA\u00c7\u00c3O DIRETA DO MUNIC\u00cdPIO DE ESTEIO."}, {"id": "434", "ano": "2015", "numero": "4", "tipo__sigla": "PL", "tipo__descricao": "Projeto de Lei", "autoria": "Executivo Municipal", "texto_original": "http://sapl.esteio.rs.leg.br/media/./sapl/public/materialegislativa/2015/434/434_texto_integral.doc", "ementa": "AUTORIZA A ABERTURA DE CR\u00c9DITO SUPLEMENTAR NO OR\u00c7AMENTO DA ADMINISTRA\u00c7\u00c3O DIRETA DO MUNIC\u00cdPIO DE ESTEIO."}, {"id": "435", "ano": "2015", "numero": "5", "tipo__sigla": "PL", "tipo__descricao": "Projeto de Lei", "autoria": "Executivo Municipal", "texto_original": "http://sapl.esteio.rs.leg.br/media/./sapl/public/materialegislativa/2015/435/435_texto_integral.doc", "ementa": "ALTERA A LEI MUNICIPAL N\u00ba 5.996, DE 01 DE OUTUBRO DE 2014."}, {"id": "436", "ano": "2015", "numero": "6", "tipo__sigla": "PL", "tipo__descricao": "Projeto de Lei", "autoria": "Executivo Municipal", "texto_original": "http://sapl.esteio.rs.leg.br/media/./sapl/public/materialegislativa/2015/436/436_texto_integral.doc", "ementa": "AUTORIZA A ABERTURA DE CR\u00c9DITO ESPECIAL NO OR\u00c7AMENTO DA ADMINISTRA\u00c7\u00c3O DIRETA DO MUNIC\u00cdPIO DE ESTEIO."}, {"id": "285", "ano": "2015", "numero": "7", "tipo__sigla": "PL", "tipo__descricao": "Projeto de Lei", "autoria": "Executivo Municipal", "texto_original": "http://sapl.esteio.rs.leg.br/media/./sapl/public/materialegislativa/2015/285/285_texto_integral.doc", "ementa": "\r\n&#8220;AUTORIZA A CONCESS\u00c3O DE SUBVEN\u00c7\u00c3O SOCIAL MENSAL AO CENTRO DE FORMA\u00c7\u00c3O TERESA VERZERI VISANDO \u00c0 EXECU\u00c7\u00c3O DO PROJETO REDE DE PROTE\u00c7\u00c3O SOCIAL B\u00c1SICA &#8211; SERVI\u00c7O DE CONVIV\u00caNCIA E FORTALECIMENTO DE V\u00cdNCULOS PARA CRIAN\u00c7AS E ADOLESCENTES&#8221;.\r\n"}, {"id": "286", "ano": "2015", "numero": "8", "tipo__sigla": "PL", "tipo__descricao": "Projeto de Lei", "autoria": "Executivo Municipal", "texto_original": "http://sapl.esteio.rs.leg.br/media/./sapl/public/materialegislativa/2015/286/286_texto_integral.doc", "ementa": "&#8220;AUTORIZA A CONCESS\u00c3O DE SUBVEN\u00c7\u00c3O SOCIAL \u00c0 ENTIDADE ESCOLA COMUNIT\u00c1RIA DE EDUCA\u00c7\u00c3O INFANTIL NOVO LAR SESTILIA ANNA TONIOLO NO PER\u00cdODO CORRESPONDENTE AOS MESES DE FEVEREIRO DE 2015 A JULHO DE 2015.&#8221;"}, {"id": "287", "ano": "2015", "numero": "9", "tipo__sigla": "PL", "tipo__descricao": "Projeto de Lei", "autoria": "Executivo Municipal", "texto_original": "http://sapl.esteio.rs.leg.br/media/./sapl/public/materialegislativa/2015/287/287_texto_integral.doc", "ementa": "&#8220;AUTORIZA O FIRMAMENTO DE TERMO DE CONV\u00caNIO E O CONSEQ\u00dcENTE REPASSE DE SUBVEN\u00c7\u00c3O SOCIAL EM PROL DA ASSOCIA\u00c7\u00c3O AMIGO DOS MENINOS &#8211; AME, VISANDO A EXECU\u00c7\u00c3O DO PROJETO ABRIGO, NO PER\u00cdODO CORRESPONDIDO ENTRE FEVEREIRO DE 2015 A FEVEREIRO DE 2016&#8221;."}, {"id": "437", "ano": "2015", "numero": "10", "tipo__sigla": "PL", "tipo__descricao": "Projeto de Lei", "autoria": "Executivo Municipal", "texto_original": "http://sapl.esteio.rs.leg.br/media/./sapl/public/materialegislativa/2015/437/437_texto_integral.doc", "ementa": "AUTORIZA A ABERTURA DE CR\u00c9DITO SUPLEMENTAR NO OR\u00c7AMENTO DA ADMINISTRA\u00c7\u00c3O DIRETA DO MUNIC\u00cdPIO DE ESTEIO."}, {"id": "438", "ano": "2015", "numero": "11", "tipo__sigla": "PL", "tipo__descricao": "Projeto de Lei", "autoria": "Executivo Municipal", "texto_original": "http://sapl.esteio.rs.leg.br/media/./sapl/public/materialegislativa/2015/438/438_texto_integral.doc", "ementa": "AUTORIZA A ABERTURA DE CR\u00c9DITO SUPLEMENTAR NO OR\u00c7AMENTO DA ADMINISTRA\u00c7\u00c3O DIRETA DO MUNIC\u00cdPIO DE ESTEIO.\r\n"}, {"id": "439", "ano": "2015", "numero": "12", "tipo__sigla": "PL", "tipo__descricao": "Projeto de Lei", "autoria": "Executivo Municipal", "texto_original": "http://sapl.esteio.rs.leg.br/media/./sapl/public/materialegislativa/2015/439/439_texto_integral.doc", "ementa": "AUTORIZA A ABERTURA DE CR\u00c9DITO SUPLEMENTAR NO OR\u00c7AMENTO DA ADMINISTRA\u00c7\u00c3O DIRETA DO MUNIC\u00cdPIO DE ESTEIO."}, {"id": "440", "ano": "2015", "numero": "13", "tipo__sigla": "PL", "tipo__descricao": "Projeto de Lei", "autoria": "Executivo Municipal", "texto_original": "http://sapl.esteio.rs.leg.br/media/./sapl/public/materialegislativa/2015/440/440_texto_integral.doc", "ementa": "ALTERA A LEI MUNICIPAL N\u00ba 5.996, DE 01 DE OUTUBRO DE 2014."}, {"id": "441", "ano": "2015", "numero": "14", "tipo__sigla": "PL", "tipo__descricao": "Projeto de Lei", "autoria": "Executivo Municipal", "texto_original": "http://sapl.esteio.rs.leg.br/media/./sapl/public/materialegislativa/2015/441/441_texto_integral.doc", "ementa": "AUTORIZA A ABERTURA DE CR\u00c9DITO ESPECIAL NO OR\u00c7AMENTO DA ADMINISTRA\u00c7\u00c3O DIRETA DO MUNIC\u00cdPIO DE ESTEIO."}, {"id": "978", "ano": "2015", "numero": "15", "tipo__sigla": "PL", "tipo__descricao": "Projeto de Lei", "autoria": "Executivo Municipal", "texto_original": "http://sapl.esteio.rs.leg.br/media/./sapl/public/materialegislativa/2015/978/978_texto_integral.doc", "ementa": "AUTORIZA O PODER EXECUTIVO MUNICIPAL A DESAFETAR E CONCEDER O USO DE \u00c1REA DE TERRAS QUE MENCIONA PARA O ESTADO DO RIO GRANDE DO SUL."}, {"id": "654", "ano": "2015", "numero": "16", "tipo__sigla": "PL", "tipo__descricao": "Projeto de Lei", "autoria": "Executivo Municipal", "texto_original": "http://sapl.esteio.rs.leg.br/media/./sapl/public/materialegislativa/2015/654/654_texto_integral.doc", "ementa": "&#8220;INSTITUI O EVENTO ESTEIO DA POESIA GA\u00daCHA&#8221;."}, {"id": "690", "ano": "2015", "numero": "17", "tipo__sigla": "PL", "tipo__descricao": "Projeto de Lei", "autoria": "Executivo Municipal", "texto_original": "http://sapl.esteio.rs.leg.br/media/./sapl/public/materialegislativa/2015/690/690_texto_integral.doc", "ementa": "AUTORIZA A ABERTURA DE CR\u00c9DITO ESPECIAL NO OR\u00c7AMENTO DA ADMINISTRA\u00c7\u00c3O DIRETA DO MUNIC\u00cdPIO DE ESTEIO."}, {"id": "691", "ano": "2015", "numero": "18", "tipo__sigla": "PL", "tipo__descricao": "Projeto de Lei", "autoria": "Executivo Municipal", "texto_original": "http://sapl.esteio.rs.leg.br/media/./sapl/public/materialegislativa/2015/691/691_texto_integral.doc", "ementa": "ALTERA A LEI MUNICIPAL N\u00ba 5.996, DE 01 DE OUTUBRO DE 2014."}, {"id": "693", "ano": "2015", "numero": "19", "tipo__sigla": "PL", "tipo__descricao": "Projeto de Lei", "autoria": "Executivo Municipal", "texto_original": "http://sapl.esteio.rs.leg.br/media/./sapl/public/materialegislativa/2015/693/693_texto_integral.doc", "ementa": "ALTERA A LEI MUNICIPAL N\u00ba 5.753, DE 15 DE AGOSTO DE 2013."}, {"id": "694", "ano": "2015", "numero": "20", "tipo__sigla": "PL", "tipo__descricao": "Projeto de Lei", "autoria": "Executivo Municipal", "texto_original": "http://sapl.esteio.rs.leg.br/media/./sapl/public/materialegislativa/2015/694/694_texto_integral.doc", "ementa": "ALTERA A LEI MUNICIPAL N\u00ba 5.996, DE 01 DE OUTUBRO DE 2014."}, {"id": "695", "ano": "2015", "numero": "21", "tipo__sigla": "PL", "tipo__descricao": "Projeto de Lei", "autoria": "Executivo Municipal", "texto_original": "http://sapl.esteio.rs.leg.br/media/./sapl/public/materialegislativa/2015/695/695_texto_integral.doc", "ementa": "AUTORIZA A ABERTURA DE CR\u00c9DITO ESPECIAL NO OR\u00c7AMENTO DA ADMINISTRA\u00c7\u00c3O DIRETA DO MUNIC\u00cdPIO DE ESTEIO."}, {"id": "696", "ano": "2015", "numero": "22", "tipo__sigla": "PL", "tipo__descricao": "Projeto de Lei", "autoria": "Executivo Municipal", "texto_original": "http://sapl.esteio.rs.leg.br/media/./sapl/public/materialegislativa/2015/696/696_texto_integral.doc", "ementa": "AUTORIZA A ABERTURA DE CR\u00c9DITO ESPECIAL NO OR\u00c7AMENTO DA ADMINISTRA\u00c7\u00c3O DIRETA DO MUNIC\u00cdPIO DE ESTEIO."}, {"id": "697", "ano": "2015", "numero": "23", "tipo__sigla": "PL", "tipo__descricao": "Projeto de Lei", "autoria": "Executivo Municipal", "texto_original": "http://sapl.esteio.rs.leg.br/media/./sapl/public/materialegislativa/2015/697/697_texto_integral.doc", "ementa": "AUTORIZA A ABERTURA DE CR\u00c9DITO SUPLEMENTAR NO OR\u00c7AMENTO DA ADMINISTRA\u00c7\u00c3O DIRETA DO MUNIC\u00cdPIO DE ESTEIO."}, {"id": "698", "ano": "2015", "numero": "24", "tipo__sigla": "PL", "tipo__descricao": "Projeto de Lei", "autoria": "Executivo Municipal", "texto_original": "http://sapl.esteio.rs.leg.br/media/./sapl/public/materialegislativa/2015/698/698_texto_integral.doc", "ementa": "AUTORIZA A ABERTURA DE CR\u00c9DITO ESPECIAL NO OR\u00c7AMENTO DA ADMINISTRA\u00c7\u00c3O DIRETA DO MUNIC\u00cdPIO DE ESTEIO."}, {"id": "700", "ano": "2015", "numero": "25", "tipo__sigla": "PL", "tipo__descricao": "Projeto de Lei", "autoria": "Executivo Municipal", "texto_original": "http://sapl.esteio.rs.leg.br/media/./sapl/public/materialegislativa/2015/700/700_texto_integral.doc", "ementa": "AUTORIZA A CONTRATA\u00c7\u00c3O DE PESSOAL POR TEMPO DETERMINADO PARA ATENDER A NECESSIDADE TEMPOR\u00c1RIA DE EXCEPCIONAL INTERESSE P\u00daBLICO."}, {"id": "907", "ano": "2015", "numero": "26", "tipo__sigla": "PL", "tipo__descricao": "Projeto de Lei", "autoria": "Executivo Municipal", "texto_original": "http://sapl.esteio.rs.leg.br/media/", "ementa": "INSTITU\u00cd A HOMENAGEM &#8220;COMENDA LUIZ AL\u00c9CIO FRAINER - ESTEIO 60 ANOS&#8221;."}, {"id": "986", "ano": "2015", "numero": "27", "tipo__sigla": "PL", "tipo__descricao": "Projeto de Lei", "autoria": "Executivo Municipal", "texto_original": "http://sapl.esteio.rs.leg.br/media/./sapl/public/materialegislativa/2015/986/986_texto_integral.doc", "ementa": "AUTORIZA A ABERTURA DE CR\u00c9DITO SUPLEMENTAR NO OR\u00c7AMENTO DA ADMINISTRA\u00c7\u00c3O DIRETA DO MUNIC\u00cdPIO DE ESTEIO."}, {"id": "987", "ano": "2015", "numero": "28", "tipo__sigla": "PL", "tipo__descricao": "Projeto de Lei", "autoria": "Executivo Municipal", "texto_original": "http://sapl.esteio.rs.leg.br/media/./sapl/public/materialegislativa/2015/987/987_texto_integral.doc", "ementa": "AUTORIZA A ABERTURA DE CR\u00c9DITO ESPECIAL NO OR\u00c7AMENTO DA ADMINISTRA\u00c7\u00c3O DIRETA DO MUNIC\u00cdPIO DE ESTEIO."}, {"id": "988", "ano": "2015", "numero": "29", "tipo__sigla": "PL", "tipo__descricao": "Projeto de Lei", "autoria": "Executivo Municipal", "texto_original": "http://sapl.esteio.rs.leg.br/media/./sapl/public/materialegislativa/2015/988/988_texto_integral.doc", "ementa": "ALTERA A LEI MUNICIPAL N\u00ba 5.996, DE 01 DE OUTUBRO DE 2014."}, {"id": "989", "ano": "2015", "numero": "30", "tipo__sigla": "PL", "tipo__descricao": "Projeto de Lei", "autoria": "Executivo Municipal", "texto_original": "http://sapl.esteio.rs.leg.br/media/./sapl/public/materialegislativa/2015/989/989_texto_integral.doc", "ementa": "AUTORIZA A ABERTURA DE CR\u00c9DITO SUPLEMENTAR NO OR\u00c7AMENTO DA ADMINISTRA\u00c7\u00c3O DIRETA DO MUNIC\u00cdPIO DE ESTEIO."}, {"id": "979", "ano": "2015", "numero": "31", "tipo__sigla": "PL", "tipo__descricao": "Projeto de Lei", "autoria": "Executivo Municipal", "texto_original": "http://sapl.esteio.rs.leg.br/media/./sapl/public/materialegislativa/2015/979/979_texto_integral.doc", "ementa": "AUTORIZA A ABERTURA DE CR\u00c9DITO ESPECIAL NO OR\u00c7AMENTO DA ADMINISTRA\u00c7\u00c3O DIRETA DO MUNIC\u00cdPIO DE ESTEIO."}, {"id": "982", "ano": "2015", "numero": "33", "tipo__sigla": "PL", "tipo__descricao": "Projeto de Lei", "autoria": "Executivo Municipal", "texto_original": "http://sapl.esteio.rs.leg.br/media/", "ementa": "&#8220;AUTORIZA O FIRMAMENTO DE TERMO DE CONV\u00caNIO, E O CONSEQUENTE REPASSE DE SUBVEN\u00c7\u00c3O SOCIAL EM PROL DO COL\u00c9GIO CORA\u00c7\u00c3O DE MARIA, VISANDO A PARTICIPA\u00c7\u00c3O DOS ALUNOS DA EQUIPE DE ROB\u00d3TICA NO TORNEIO FLL (FIRST LEGO LEAGUE) ETAPA NACIONAL 2015 EM BRAS\u00cdLIA/DF E NA FEBRACE (FEIRA BRASILEIRA DE CI\u00caNCIAS E ENGENHARIA) EM S\u00c3O PAULO&#8221;"}, {"id": "1604", "ano": "2015", "numero": "34", "tipo__sigla": "PL", "tipo__descricao": "Projeto de Lei", "autoria": "", "texto_original": "http://sapl.esteio.rs.leg.br/media/", "ementa": "&#8220;D\u00c1 NOVA REDA\u00c7\u00c3O AO CAPUT DO ART. 6\u00ba, DA LEI MUNICIPAL N.\u00ba4.293, DE 15 DE JANEIRO DE 2007, QUE PRO\u00cdBE OS ESTABELECIMENTOS COMERCIAIS E PESSOAS F\u00cdSICAS OU JUR\u00cdDICAS A VENDER &#8220;SPRAY&#8221; PARA MENORES DE 18 (DEZOITO) ANOS, ESTABELECE SAN\u00c7\u00d5ES AOS PICHADORES&#8221;."}, {"id": "1605", "ano": "2015", "numero": "35", "tipo__sigla": "PL", "tipo__descricao": "Projeto de Lei", "autoria": "Executivo Municipal", "texto_original": "http://sapl.esteio.rs.leg.br/media/./sapl/public/materialegislativa/2015/1605/1605_texto_integral.doc", "ementa": "AUTORIZA A ABERTURA DE CR\u00c9DITO SUPLEMENTAR NO OR\u00c7AMENTO DA ADMINISTRA\u00c7\u00c3O DIRETA DO MUNIC\u00cdPIO DE ESTEIO."}, {"id": "1606", "ano": "2015", "numero": "36", "tipo__sigla": "PL", "tipo__descricao": "Projeto de Lei", "autoria": "Executivo Municipal", "texto_original": "http://sapl.esteio.rs.leg.br/media/./sapl/public/materialegislativa/2015/1606/1606_texto_integral.doc", "ementa": "ALTERA A LEI MUNICIPAL N\u00ba 5.753 DE 15 DE AGOSTO DE 2013."}, {"id": "1607", "ano": "2015", "numero": "37", "tipo__sigla": "PL", "tipo__descricao": "Projeto de Lei", "autoria": "Executivo Municipal", "texto_original": "http://sapl.esteio.rs.leg.br/media/./sapl/public/materialegislativa/2015/1607/1607_texto_integral.doc", "ementa": "ALTERA A LEI MUNICIPAL N\u00ba 5.996, DE 01 DE OUTUBRO DE 2014."}, {"id": "1608", "ano": "2015", "numero": "38", "tipo__sigla": "PL", "tipo__descricao": "Projeto de Lei", "autoria": "Executivo Municipal", "texto_original": "http://sapl.esteio.rs.leg.br/media/./sapl/public/materialegislativa/2015/1608/1608_texto_integral.doc", "ementa": "AUTORIZA A ABERTURA DE CR\u00c9DITO SUPLEMENTAR NO OR\u00c7AMENTO DA ADMINISTRA\u00c7\u00c3O DIRETA DO MUNIC\u00cdPIO DE ESTEIO."}, {"id": "1609", "ano": "2015", "numero": "40", "tipo__sigla": "PL", "tipo__descricao": "Projeto de Lei", "autoria": "Executivo Municipal", "texto_original": "http://sapl.esteio.rs.leg.br/media/./sapl/public/materialegislativa/2015/1609/1609_texto_integral.doc", "ementa": "AUTORIZA A ABERTURA DE CR\u00c9DITO ESPECIAL NO OR\u00c7AMENTO DA ADMINISTRA\u00c7\u00c3O DIRETA DO MUNIC\u00cdPIO DE ESTEIO."}, {"id": "2340", "ano": "2015", "numero": "41", "tipo__sigla": "PL", "tipo__descricao": "Projeto de Lei", "autoria": "Executivo Municipal", "texto_original": "http://sapl.esteio.rs.leg.br/media/./sapl/public/materialegislativa/2015/2340/2340_texto_integral.doc", "ementa": "ALTERA A LEI MUNICIPAL N\u00ba 5.753/2013."}, {"id": "2341", "ano": "2015", "numero": "42", "tipo__sigla": "PL", "tipo__descricao": "Projeto de Lei", "autoria": "Executivo Municipal", "texto_original": "http://sapl.esteio.rs.leg.br/media/./sapl/public/materialegislativa/2015/2341/2341_texto_integral.doc", "ementa": "ALTERA A LEI MUNICIPAL N\u00ba 5.996/2014."}, {"id": "2346", "ano": "2015", "numero": "43", "tipo__sigla": "PL", "tipo__descricao": "Projeto de Lei", "autoria": "Executivo Municipal", "texto_original": "http://sapl.esteio.rs.leg.br/media/./sapl/public/materialegislativa/2015/2346/2346_texto_integral.doc", "ementa": "AUTORIZA A ABERTURA DE CR\u00c9DITO ESPECIAL NO OR\u00c7AMENTO DA ADMINISTRA\u00c7\u00c3O DIRETA DO MUNIC\u00cdPIO DE ESTEIO."}, {"id": "2348", "ano": "2015", "numero": "44", "tipo__sigla": "PL", "tipo__descricao": "Projeto de Lei", "autoria": "Executivo Municipal", "texto_original": "http://sapl.esteio.rs.leg.br/media/./sapl/public/materialegislativa/2015/2348/2348_texto_integral.doc", "ementa": "AUTORIZA A ABERTURA DE CR\u00c9DITO ESPECIAL NO OR\u00c7AMENTO DA ADMINISTRA\u00c7\u00c3O DIRETA DO MUNIC\u00cdPIO DE ESTEIO."}, {"id": "2352", "ano": "2015", "numero": "45", "tipo__sigla": "PL", "tipo__descricao": "Projeto de Lei", "autoria": "Executivo Municipal", "texto_original": "http://sapl.esteio.rs.leg.br/media/./sapl/public/materialegislativa/2015/2352/2352_texto_integral.doc", "ementa": "AUTORIZA A ABERTURA DE CR\u00c9DITO SUPLEMENTAR NO OR\u00c7AMENTO DA ADMINISTRA\u00c7\u00c3O DIRETA DO MUNIC\u00cdPIO DE ESTEIO."}, {"id": "2418", "ano": "2015", "numero": "46", "tipo__sigla": "PL", "tipo__descricao": "Projeto de Lei", "autoria": "Executivo Municipal", "texto_original": "http://sapl.esteio.rs.leg.br/media/./sapl/public/materialegislativa/2015/2418/2418_texto_integral.doc", "ementa": "AUTORIZA O PODER EXECUTIVO A FIRMAR CONV\u00caNIO COM O CONSELHO COMUNIT\u00c1RIO PR\u00d3-SEGURAN\u00c7A P\u00daBLICA DE ESTEIO."}, {"id": "2116", "ano": "2015", "numero": "47", "tipo__sigla": "PL", "tipo__descricao": "Projeto de Lei", "autoria": "Executivo Municipal", "texto_original": "http://sapl.esteio.rs.leg.br/media/", "ementa": "&#8220;AUTORIZA A CONCESS\u00c3O DE SUBVEN\u00c7\u00c3O SOCIAL EM PROL DA ENTIDADE CENTRO DE FORMA\u00c7\u00c3O TERESA VERZERI, VISANDO A EXECU\u00c7\u00c3O EM \u00c2MBITO MUNICIPAL DAS A\u00c7\u00d5ES RELACIONADAS AO PROGRAMA INTEGRADO DE INCLUS\u00c3O SOCIAL NO DECORRER DO ANO DE 2015.&#8221;"}, {"id": "2401", "ano": "2015", "numero": "48", "tipo__sigla": "PL", "tipo__descricao": "Projeto de Lei", "autoria": "Executivo Municipal", "texto_original": "http://sapl.esteio.rs.leg.br/media/./sapl/public/materialegislativa/2015/2401/2401_texto_integral.doc", "ementa": "AUTORIZA A ABERTURA DE CR\u00c9DITO ESPECIAL NO OR\u00c7AMENTO DA ADMINISTRA\u00c7\u00c3O DIRETA DO MUNIC\u00cdPIO DE ESTEIO."}, {"id": "2482", "ano": "2015", "numero": "49", "tipo__sigla": "PL", "tipo__descricao": "Projeto de Lei", "autoria": "Executivo Municipal", "texto_original": "http://sapl.esteio.rs.leg.br/media/./sapl/public/materialegislativa/2015/2482/2482_texto_integral.doc", "ementa": "ALTERA A LEI MUNICIPAL N\u00ba 5.996, DE 01 DE OUTUBRO DE 2014"}, {"id": "2467", "ano": "2015", "numero": "50", "tipo__sigla": "PL", "tipo__descricao": "Projeto de Lei", "autoria": "Executivo Municipal", "texto_original": "http://sapl.esteio.rs.leg.br/media/./sapl/public/materialegislativa/2015/2467/2467_texto_integral.doc", "ementa": "AUTORIZA A ABERTURA DE CR\u00c9DITO ESPECIAL NO OR\u00c7AMENTO DA ADMINISTRA\u00c7\u00c3O DIRETA DO MUNIC\u00cdPIO DE ESTEIO"}, {"id": "2460", "ano": "2015", "numero": "51", "tipo__sigla": "PL", "tipo__descricao": "Projeto de Lei", "autoria": "Executivo Municipal", "texto_original": "http://sapl.esteio.rs.leg.br/media/./sapl/public/materialegislativa/2015/2460/2460_texto_integral.doc", "ementa": "AUTORIZA A CONTRATA\u00c7\u00c3O DE PESSOAL POR TEMPO DETERMINADO PARA ATENDER A NECESSIDADE TEMPOR\u00c1RIA DE EXCEPCIONAL INTERESSE P\u00daBLICO."}, {"id": "2461", "ano": "2015", "numero": "52", "tipo__sigla": "PL", "tipo__descricao": "Projeto de Lei", "autoria": "Executivo Municipal", "texto_original": "http://sapl.esteio.rs.leg.br/media/./sapl/public/materialegislativa/2015/2461/2461_texto_integral.doc", "ementa": "ALTERA A LEI MUNICIPAL N\u00ba 5.996, DE 01 DE OUTUBRO DE 2014."}, {"id": "2463", "ano": "2015", "numero": "53", "tipo__sigla": "PL", "tipo__descricao": "Projeto de Lei", "autoria": "Executivo Municipal", "texto_original": "http://sapl.esteio.rs.leg.br/media/./sapl/public/materialegislativa/2015/2463/2463_texto_integral.doc", "ementa": "AUTORIZA A ABERTURA DE CR\u00c9DITO ESPECIAL NO OR\u00c7AMENTO DA ADMINISTRA\u00c7\u00c3O DIRETA DO MUNIC\u00cdPIO DE ESTEIO"}, {"id": "2465", "ano": "2015", "numero": "54", "tipo__sigla": "PL", "tipo__descricao": "Projeto de Lei", "autoria": "Executivo Municipal", "texto_original": "http://sapl.esteio.rs.leg.br/media/./sapl/public/materialegislativa/2015/2465/2465_texto_integral.doc", "ementa": "AUTORIZA A ABERTURA DE CR\u00c9DITO SUPLEMENTAR NO OR\u00c7AMENTO DA ADMINISTRA\u00c7\u00c3O DIRETA DO MUNIC\u00cdPIO DE ESTEIO"}, {"id": "3249", "ano": "2015", "numero": "56", "tipo__sigla": "PL", "tipo__descricao": "Projeto de Lei", "autoria": "Executivo Municipal", "texto_original": "http://sapl.esteio.rs.leg.br/media/./sapl/public/materialegislativa/2015/3249/3249_texto_integral.doc", "ementa": "AUTORIZA A CONCESS\u00c3O DE USO, DE TERRAS QUE MENCIONA, AO CTG CHAMA NATIVA"}, {"id": "2504", "ano": "2015", "numero": "57", "tipo__sigla": "PL", "tipo__descricao": "Projeto de Lei", "autoria": "Executivo Municipal", "texto_original": "http://sapl.esteio.rs.leg.br/media/./sapl/public/materialegislativa/2015/2504/2504_texto_integral.doc", "ementa": "ALTERA A LEI MUNICIPAL N\u00ba 5.996, DE 01 DE OUTUBRO DE 2014"}, {"id": "2505", "ano": "2015", "numero": "58", "tipo__sigla": "PL", "tipo__descricao": "Projeto de Lei", "autoria": "Executivo Municipal", "texto_original": "http://sapl.esteio.rs.leg.br/media/./sapl/public/materialegislativa/2015/2505/2505_texto_integral.doc", "ementa": "AUTORIZA A ABERTURA DE CR\u00c9DITO ESPECIAL NO OR\u00c7AMENTO DA ADMINISTRA\u00c7\u00c3O DIRETA DO MUNIC\u00cdPIO DE ESTEIO"}, {"id": "2518", "ano": "2015", "numero": "59", "tipo__sigla": "PL", "tipo__descricao": "Projeto de Lei", "autoria": "Executivo Municipal", "texto_original": "http://sapl.esteio.rs.leg.br/media/./sapl/public/materialegislativa/2015/2518/2518_texto_integral.doc", "ementa": "AUTORIZA A ABERTURA DE CR\u00c9DITO SUPLEMENTAR NO OR\u00c7AMENTO DA ADMINISTRA\u00c7\u00c3O DIRETA DO MUNIC\u00cdPIO DE ESTEIO"}, {"id": "2506", "ano": "2015", "numero": "60", "tipo__sigla": "PL", "tipo__descricao": "Projeto de Lei", "autoria": "Executivo Municipal", "texto_original": "http://sapl.esteio.rs.leg.br/media/./sapl/public/materialegislativa/2015/2506/2506_texto_integral.doc", "ementa": "AUTORIZA A ABERTURA DE CR\u00c9DITO ESPECIAL NO OR\u00c7AMENTO DA ADMINISTRA\u00c7\u00c3O DIRETA DO MUNIC\u00cdPIO DE ESTEIO"}, {"id": "2712", "ano": "2015", "numero": "61", "tipo__sigla": "PL", "tipo__descricao": "Projeto de Lei", "autoria": "Executivo Municipal", "texto_original": "http://sapl.esteio.rs.leg.br/media/./sapl/public/materialegislativa/2015/2712/2712_texto_integral.doc", "ementa": "AUTORIZA A ABERTURA DE CR\u00c9DITO SUPLEMENTAR NO OR\u00c7AMENTO DA ADMINISTRA\u00c7\u00c3O DIRETA DO MUNIC\u00cdPIO DE ESTEIO"}, {"id": "2713", "ano": "2015", "numero": "62", "tipo__sigla": "PL", "tipo__descricao": "Projeto de Lei", "autoria": "Executivo Municipal", "texto_original": "http://sapl.esteio.rs.leg.br/media/./sapl/public/materialegislativa/2015/2713/2713_texto_integral.doc", "ementa": "AUTORIZA A ABERTURA DE CR\u00c9DITO ESPECIAL NO OR\u00c7AMENTO DA ADMINISTRA\u00c7\u00c3O DIRETA DO MUNIC\u00cdPIO DE ESTEIO"}, {"id": "2711", "ano": "2015", "numero": "63", "tipo__sigla": "PL", "tipo__descricao": "Projeto de Lei", "autoria": "Executivo Municipal", "texto_original": "http://sapl.esteio.rs.leg.br/media/./sapl/public/materialegislativa/2015/2711/2711_texto_integral.doc", "ementa": "AUTORIZA A CONTRATA\u00c7\u00c3O DE PESSOAL POR TEMPO DETERMINADO PARA ATENDER A NECESSIDADE TEMPOR\u00c1RIA DE EXCEPCIONAL INTERESSE P\u00daBLICO"}, {"id": "2760", "ano": "2015", "numero": "64", "tipo__sigla": "PL", "tipo__descricao": "Projeto de Lei", "autoria": "Executivo Municipal", "texto_original": "http://sapl.esteio.rs.leg.br/media/./sapl/public/materialegislativa/2015/2760/2760_texto_integral.doc", "ementa": "ALTERA A AL\u00cdNEA &#8220;B&#8221; DO ART. 1\u00ba DA LEI N\u00ba 2.001, DE 26 DE ABRIL DE 1.993."}, {"id": "2834", "ano": "2015", "numero": "69", "tipo__sigla": "PL", "tipo__descricao": "Projeto de Lei", "autoria": "Executivo Municipal", "texto_original": "http://sapl.esteio.rs.leg.br/media/./sapl/public/materialegislativa/2015/2834/2834_texto_integral.doc", "ementa": "AUTORIZA A ABERTURA DE CR\u00c9DITO SUPLEMENTAR NO OR\u00c7AMENTO DA ADMINISTRA\u00c7\u00c3O DIRETA DO MUNIC\u00cdPIO DE ESTEIO"}, {"id": "2833", "ano": "2015", "numero": "70", "tipo__sigla": "PL", "tipo__descricao": "Projeto de Lei", "autoria": "Executivo Municipal", "texto_original": "http://sapl.esteio.rs.leg.br/media/./sapl/public/materialegislativa/2015/2833/2833_texto_integral.doc", "ementa": "ALTERA O ANEXO X REFERENTE \u00c0 UNIDADE TERRITORIAL 08 DA LEI COMPLEMENTAR MUNICIPAL N\u00ba 4.247, DE 06 DE DEZEMBRO DE 2006."}, {"id": "3322", "ano": "2015", "numero": "71", "tipo__sigla": "PL", "tipo__descricao": "Projeto de Lei", "autoria": "Executivo Municipal", "texto_original": "http://sapl.esteio.rs.leg.br/media/./sapl/public/materialegislativa/2015/3322/3322_texto_integral.pdf", "ementa": "AUTORIZA O MUNIC\u00cdPIO DE ESTEIO/RS, A ASSOCIAR-SE A ASSOCIA\u00c7\u00c3O BRASILEIRA DE MUNIC\u00cdPIOS - ABM E D\u00c1 OUTRAS PROVID\u00caNCIAS."}, {"id": "3072", "ano": "2015", "numero": "81", "tipo__sigla": "PL", "tipo__descricao": "Projeto de Lei", "autoria": "Executivo Municipal", "texto_original": "http://sapl.esteio.rs.leg.br/media/./sapl/public/materialegislativa/2015/3072/3072_texto_integral.doc", "ementa": "AUTORIZA O PODER EXECUTIVO MUNICIPAL A DESAFETAR E CONCEDER O USO DE \u00c1REA DE TERRAS DE SUA PROPRIEDADE EM PROL DA LOJA MA\u00c7ONICA ALDEBARAN"}, {"id": "3039", "ano": "2015", "numero": "82", "tipo__sigla": "PL", "tipo__descricao": "Projeto de Lei", "autoria": "Executivo Municipal", "texto_original": "http://sapl.esteio.rs.leg.br/media/./sapl/public/materialegislativa/2015/3039/3039_texto_integral.doc", "ementa": "CRIA O P\u00d3LO DE APOIO PRESENCIAL DA UNIVERSIDADE ABERTA DO BRASIL EM ESTEIO, E D\u00c1 OUTRAS PROVID\u00caNCIAS"}, {"id": "3044", "ano": "2015", "numero": "94", "tipo__sigla": "PL", "tipo__descricao": "Projeto de Lei", "autoria": "Executivo Municipal", "texto_original": "http://sapl.esteio.rs.leg.br/media/./sapl/public/materialegislativa/2015/3044/3044_texto_integral.doc", "ementa": "EXTINGUE O CENTRO MUNICIPAL DE EDUCA\u00c7\u00c3O, CULTURA E INCLUS\u00c3O SOCIAL &#8211; CMECIS, LOCALIZADO NO BAIRRO PEDREIRA"}, {"id": "3196", "ano": "2015", "numero": "100", "tipo__sigla": "PL", "tipo__descricao": "Projeto de Lei", "autoria": "Legislativo Municipal", "texto_original": "http://sapl.esteio.rs.leg.br/media/./sapl/public/materialegislativa/2015/3196/3196_texto_integral.doc", "ementa": "REVOGA O ART. 4\u00ba DA LEI MUNICIPAL N\u00ba 5.117, DE 16 DE JULHO DE 2010, BEM COMO O ART. 10 DA LEI MUNICIPAL N\u00ba 5.316, DE 16 DE JUNHO DE 2011"}, {"id": "3073", "ano": "2015", "numero": "102", "tipo__sigla": "PL", "tipo__descricao": "Projeto de Lei", "autoria": "Executivo Municipal", "texto_original": "http://sapl.esteio.rs.leg.br/media/./sapl/public/materialegislativa/2015/3073/3073_texto_integral.doc", "ementa": "INSTITUI O DIA DA CULTURA CIGANA NO MUNIC\u00cdPIO DE ESTEIO"}, {"id": "3001", "ano": "2015", "numero": "104", "tipo__sigla": "PL", "tipo__descricao": "Projeto de Lei", "autoria": "Executivo Municipal", "texto_original": "http://sapl.esteio.rs.leg.br/media/./sapl/public/materialegislativa/2015/3001/3001_texto_integral.doc", "ementa": "APROVA O PLANO MUNICIPAL DE EDUCA\u00c7\u00c3O - PME E D\u00c1 OUTRAS PROVID\u00caNCIAS."}, {"id": "3002", "ano": "2015", "numero": "107", "tipo__sigla": "PL", "tipo__descricao": "Projeto de Lei", "autoria": "Executivo Municipal", "texto_original": "http://sapl.esteio.rs.leg.br/media/./sapl/public/materialegislativa/2015/3002/3002_texto_integral.doc", "ementa": "AUTORIZA A CONTRATA\u00c7\u00c3O DE PESSOAL POR TEMPO DETERMINADO PARA ATENDER A NECESSIDADE TEMPOR\u00c1RIA DE EXCEPCIONAL INTERESSE P\u00daBLICO"}, {"id": "3040", "ano": "2015", "numero": "108", "tipo__sigla": "PL", "tipo__descricao": "Projeto de Lei", "autoria": "Executivo Municipal", "texto_original": "http://sapl.esteio.rs.leg.br/media/./sapl/public/materialegislativa/2015/3040/3040_texto_integral.doc", "ementa": "AUTORIZA O PODER EXECUTIVO MUNICIPAL A PROCEDER FIRMATURA DE CONTRATO DE RATEIO POR INTERM\u00c9DIO DE CONS\u00d3RCIO P\u00daBLICO NO DECORRER DO ANO DE 2015, VISANDO \u00c0S A\u00c7\u00d5ES DE SANEAMENTO B\u00c1SICO NECESS\u00c1RIAS \u00c0 BACIA HIDROGR\u00c1FICA DO RIO DOS SINOS &#8211; PR\u00d3-SINOS"}, {"id": "3070", "ano": "2015", "numero": "110", "tipo__sigla": "PL", "tipo__descricao": "Projeto de Lei", "autoria": "Executivo Municipal", "texto_original": "http://sapl.esteio.rs.leg.br/media/./sapl/public/materialegislativa/2015/3070/3070_texto_integral.doc", "ementa": "D\u00c1 NOVA REDA\u00c7\u00c3O AO INCISO I DO ARTIGO 1\u00b0, DO INCISO III DO ARTIGO 3\u00ba E ACRESCENTANDO O PAR\u00c1GRAFO \u00daNICO E D\u00c1 NOVA REDA\u00c7\u00c3O AO ARTIGO 13, TODOS DA LEI MUNICIPAL 3.455/2002 E D\u00c1 OUTRAS PROVID\u00caNCIAS"}, {"id": "3074", "ano": "2015", "numero": "111", "tipo__sigla": "PL", "tipo__descricao": "Projeto de Lei", "autoria": "", "texto_original": "http://sapl.esteio.rs.leg.br/media/./sapl/public/materialegislativa/2015/3074/3074_texto_integral.doc", "ementa": "CRIA CONSELHO MUNICIPAL DE PROMO\u00c7\u00c3O DA IGUALDADE DE DIREITOS DO POVO DE TERREIRO DE MATRIZ AFRICANA DE ESTEIO - RS&#8221;"}, {"id": "3041", "ano": "2015", "numero": "112", "tipo__sigla": "PL", "tipo__descricao": "Projeto de Lei", "autoria": "Executivo Municipal", "texto_original": "http://sapl.esteio.rs.leg.br/media/./sapl/public/materialegislativa/2015/3041/3041_texto_integral.doc", "ementa": "AUTORIZA A DOA\u00c7\u00c3O DOS BENS INSERV\u00cdVEIS A COOPERATIVA DE TRABALHO DE RECICLADORES DE ESTEIO - COOTRE"}, {"id": "3042", "ano": "2015", "numero": "114", "tipo__sigla": "PL", "tipo__descricao": "Projeto de Lei", "autoria": "Executivo Municipal", "texto_original": "http://sapl.esteio.rs.leg.br/media/./sapl/public/materialegislativa/2015/3042/3042_texto_integral.doc", "ementa": "AUTORIZA A ABERTURA DE CR\u00c9DITO SUPLEMENTAR NO OR\u00c7AMENTO DA ADMINISTRA\u00c7\u00c3O DIRETA DO MUNICIPIO DE ESTEIO"}, {"id": "3043", "ano": "2015", "numero": "115", "tipo__sigla": "PL", "tipo__descricao": "Projeto de Lei", "autoria": "Legislativo Municipal", "texto_original": "http://sapl.esteio.rs.leg.br/media/./sapl/public/materialegislativa/2015/3043/3043_texto_integral.doc", "ementa": "INSTITUI O ANO JUBILAR ALUSIVO AOS 75 ANOS DA PAR\u00d3QUIA IMACULADO CORA\u00c7\u00c3O DE MARIA&#8221;"}, {"id": "3090", "ano": "2015", "numero": "116", "tipo__sigla": "PL", "tipo__descricao": "Projeto de Lei", "autoria": "Executivo Municipal", "texto_original": "http://sapl.esteio.rs.leg.br/media/./sapl/public/materialegislativa/2015/3090/3090_texto_integral.pdf", "ementa": "DISP\u00d5E SOBRE O ACEITE DE DECLARA\u00c7\u00c3O DE COMPARECIMENTO DE SERVIDORES A SERVI\u00c7OS DE SA\u00daDE E D\u00c1 OUTRAS PROVID\u00caNCIAS"}, {"id": "3164", "ano": "2015", "numero": "117", "tipo__sigla": "PL", "tipo__descricao": "Projeto de Lei", "autoria": "Executivo Municipal", "texto_original": "http://sapl.esteio.rs.leg.br/media/./sapl/public/materialegislativa/2015/3164/3164_texto_integral.doc", "ementa": "DISP\u00d5E SOBRE A REGULARIZA\u00c7\u00c3O DE EDIFICA\u00c7\u00d5ES IMPLEMENTADAS EM DESACORDO COM A LEGISLA\u00c7\u00c3O ESPEC\u00cdFICA, PORTADORAS DE ESTABILIDADE ESTRUTURAL E CONCLU\u00cdDAS AT\u00c9 A DATA DE PUBLICA\u00c7\u00c3O DESTA LEI"}, {"id": "3069", "ano": "2015", "numero": "118", "tipo__sigla": "PL", "tipo__descricao": "Projeto de Lei", "autoria": "Executivo Municipal", "texto_original": "http://sapl.esteio.rs.leg.br/media/./sapl/public/materialegislativa/2015/3069/3069_texto_integral.doc", "ementa": "AUTORIZA A ABERTURA DE CR\u00c9DITO SUPLEMENTAR NO OR\u00c7AMENTO DA ADMINISTRA\u00c7\u00c3O DIRETA DO MUNIC\u00cdPIO DE ESTEIO"}, {"id": "3089", "ano": "2015", "numero": "119", "tipo__sigla": "PL", "tipo__descricao": "Projeto de Lei", "autoria": "Executivo Municipal", "texto_original": "http://sapl.esteio.rs.leg.br/media/./sapl/public/materialegislativa/2015/3089/3089_texto_integral.doc", "ementa": "CRIA A GRATIFICA\u00c7\u00c3O POR DESEMPENHO DE ATIVIDADE TRIBUT\u00c1RIA &#8211; GDAT &#8211; AOS SERVIDORES EM EFETIVO EXERC\u00cdCIO DA ATIVIDADE TRIBUT\u00c1RIA E D\u00c1 OUTRAS PROVID\u00caNCIAS"}, {"id": "3111", "ano": "2015", "numero": "120", "tipo__sigla": "PL", "tipo__descricao": "Projeto de Lei", "autoria": "Executivo Municipal", "texto_original": "http://sapl.esteio.rs.leg.br/media/./sapl/public/materialegislativa/2015/3111/3111_texto_integral.doc", "ementa": "AUTORIZA A ABERTURA DE CR\u00c9DITO ESPECIAL NO OR\u00c7AMENTO DA ADMINISTRA\u00c7\u00c3O DIRETA DO MUNIC\u00cdPIO DE ESTEIO"}, {"id": "3112", "ano": "2015", "numero": "121", "tipo__sigla": "PL", "tipo__descricao": "Projeto de Lei", "autoria": "Executivo Municipal", "texto_original": "http://sapl.esteio.rs.leg.br/media/./sapl/public/materialegislativa/2015/3112/3112_texto_integral.doc", "ementa": "AUTORIZA A ABERTURA DE CR\u00c9DITO SUPLEMENTAR NO OR\u00c7AMENTO DA ADMINISTRA\u00c7\u00c3O DIRETA DO MUNIC\u00cdPIO DE ESTEIO"}, {"id": "3113", "ano": "2015", "numero": "122", "tipo__sigla": "PL", "tipo__descricao": "Projeto de Lei", "autoria": "Executivo Municipal", "texto_original": "http://sapl.esteio.rs.leg.br/media/./sapl/public/materialegislativa/2015/3113/3113_texto_integral.doc", "ementa": "AUTORIZA A ABERTURA DE CR\u00c9DITO ESPECIAL NO OR\u00c7AMENTO DA ADMINISTRA\u00c7\u00c3O DIRETA DO MUNIC\u00cdPIO DE ESTEIO"}, {"id": "3116", "ano": "2015", "numero": "123", "tipo__sigla": "PL", "tipo__descricao": "Projeto de Lei", "autoria": "Executivo Municipal", "texto_original": "http://sapl.esteio.rs.leg.br/media/./sapl/public/materialegislativa/2015/3116/3116_texto_integral.doc", "ementa": "AUTORIZA O PODER EXECUTIVO MUNICIPAL A DESAFETAR E CONCEDER O USO DE \u00c1REA DE TERRA QUE ESPEC\u00cdFICA, EM PROL DA ASSOCIA\u00c7\u00c3O AFRO-UMBANDISTA DE ESTEIO"}, {"id": "3114", "ano": "2015", "numero": "124", "tipo__sigla": "PL", "tipo__descricao": "Projeto de Lei", "autoria": "Executivo Municipal", "texto_original": "http://sapl.esteio.rs.leg.br/media/./sapl/public/materialegislativa/2015/3114/3114_texto_integral.doc", "ementa": "DISP\u00d5E SOBRE INFORMA\u00c7\u00d5ES A SEREM PRESTADAS PELAS ADMINISTRADORAS DE CART\u00d5ES DE CR\u00c9DITO OU D\u00c9BITO EM CONTA CORRENTE E DEMAIS ESTABELECIMENTOS SIMILARES"}, {"id": "3165", "ano": "2015", "numero": "125", "tipo__sigla": "PL", "tipo__descricao": "Projeto de Lei", "autoria": "Executivo Municipal", "texto_original": "http://sapl.esteio.rs.leg.br/media/./sapl/public/materialegislativa/2015/3165/3165_texto_integral.doc", "ementa": "AUTORIZA A ABERTURA DE CR\u00c9DITO SUPLEMENTAR NO OR\u00c7AMENTO DA ADMINISTRA\u00c7\u00c3O DIRETA DO MUNIC\u00cdPIO DE ESTEIO"}, {"id": "3194", "ano": "2015", "numero": "126", "tipo__sigla": "PL", "tipo__descricao": "Projeto de Lei", "autoria": "Legislativo Municipal", "texto_original": "http://sapl.esteio.rs.leg.br/media/", "ementa": "DECLARA DE UTILIDADE P\u00daBLICA, PARA FINALIDADE DE DESAPROPRIA\u00c7\u00c3O, O IM\u00d3VEL SITUADO NA RUA BENTO GON\u00c7ALVES, N\u00b0 517, DO MUNIC\u00cdPIO DE ESTEIO"}, {"id": "3166", "ano": "2015", "numero": "127", "tipo__sigla": "PL", "tipo__descricao": "Projeto de Lei", "autoria": "Executivo Municipal", "texto_original": "http://sapl.esteio.rs.leg.br/media/./sapl/public/materialegislativa/2015/3166/3166_texto_integral.doc", "ementa": "AUTORIZA A ABERTURA DE CR\u00c9DITO ESPECIAL NO OR\u00c7AMENTO DA ADMINISTRA\u00c7\u00c3O DIRETA DO MUNIC\u00cdPIO DE ESTEIO"}, {"id": "3167", "ano": "2015", "numero": "128", "tipo__sigla": "PL", "tipo__descricao": "Projeto de Lei", "autoria": "Executivo Municipal", "texto_original": "http://sapl.esteio.rs.leg.br/media/./sapl/public/materialegislativa/2015/3167/3167_texto_integral.doc", "ementa": "ALTERA A LEI MUNICIPAL N\u00ba 5.753, DE 15 DE AGOSTO DE 2013"}, {"id": "3168", "ano": "2015", "numero": "129", "tipo__sigla": "PL", "tipo__descricao": "Projeto de Lei", "autoria": "Executivo Municipal", "texto_original": "http://sapl.esteio.rs.leg.br/media/./sapl/public/materialegislativa/2015/3168/3168_texto_integral.doc", "ementa": "ALTERA A LEI MUNICIPAL N\u00ba 5.996, DE 1\u00ba DE OUTUBRO DE 2014"}, {"id": "3195", "ano": "2015", "numero": "130", "tipo__sigla": "PL", "tipo__descricao": "Projeto de Lei", "autoria": "Executivo Municipal", "texto_original": "http://sapl.esteio.rs.leg.br/media/./sapl/public/materialegislativa/2015/3195/3195_texto_integral.doc", "ementa": "AUTORIZA A ABERTURA DE CR\u00c9DITO SUPLEMENTAR NO OR\u00c7AMENTO DA ADMINISTRA\u00c7\u00c3O DIRETA DO MUNIC\u00cdPIO DE ESTEIO"}, {"id": "3224", "ano": "2015", "numero": "131", "tipo__sigla": "PL", "tipo__descricao": "Projeto de Lei", "autoria": "Executivo Municipal", "texto_original": "http://sapl.esteio.rs.leg.br/media/./sapl/public/materialegislativa/2015/3224/3224_texto_integral.doc", "ementa": "AUTORIZA A ABERTURA DE CR\u00c9DITO SUPLEMENTAR NO OR\u00c7AMENTO DA ADMINISTRA\u00c7\u00c3O DIRETA DO MUNIC\u00cdPIO DE ESTEIO"}, {"id": "3225", "ano": "2015", "numero": "132", "tipo__sigla": "PL", "tipo__descricao": "Projeto de Lei", "autoria": "Executivo Municipal", "texto_original": "http://sapl.esteio.rs.leg.br/media/./sapl/public/materialegislativa/2015/3225/3225_texto_integral.doc", "ementa": "AUTORIZA A ABERTURA DE CR\u00c9DITO SUPLEMENTAR NO OR\u00c7AMENTO DA ADMINISTRA\u00c7\u00c3O DIRETA DO MUNIC\u00cdPIO DE ESTEIO"}, {"id": "3226", "ano": "2015", "numero": "133", "tipo__sigla": "PL", "tipo__descricao": "Projeto de Lei", "autoria": "Executivo Municipal", "texto_original": "http://sapl.esteio.rs.leg.br/media/./sapl/public/materialegislativa/2015/3226/3226_texto_integral.doc", "ementa": "ALTERA A LEI MUNICIPAL N\u00ba 5.753 DE 15 DE AGOSTO DE 2013 &#8211; PPA"}, {"id": "3227", "ano": "2015", "numero": "134", "tipo__sigla": "PL", "tipo__descricao": "Projeto de Lei", "autoria": "Executivo Municipal", "texto_original": "http://sapl.esteio.rs.leg.br/media/./sapl/public/materialegislativa/2015/3227/3227_texto_integral.doc", "ementa": "ALTERA A LEI MUNICIPAL N\u00ba 5.996 DE 01 DE OUTUBRO DE 2014 &#8211; LDO"}, {"id": "3228", "ano": "2015", "numero": "135", "tipo__sigla": "PL", "tipo__descricao": "Projeto de Lei", "autoria": "Executivo Municipal", "texto_original": "http://sapl.esteio.rs.leg.br/media/./sapl/public/materialegislativa/2015/3228/3228_texto_integral.doc", "ementa": "AUTORIZA A ABERTURA DE CR\u00c9DITO ESPECIAL NO OR\u00c7AMENTO DA ADMINISTRA\u00c7\u00c3O DIRETA DO MUNIC\u00cdPIO DE ESTEIO"}, {"id": "3330", "ano": "2015", "numero": "136", "tipo__sigla": "PL", "tipo__descricao": "Projeto de Lei", "autoria": "Executivo Municipal", "texto_original": "http://sapl.esteio.rs.leg.br/media/./sapl/public/materialegislativa/2015/3330/3330_texto_integral.pdf", "ementa": "INSTITUI E DENOMINA ESCOLA MUNICIPAL DE EDUCA\u00c7\u00c3O INFANTIL - EMEI DENISE FINGER BORTOLINI."}, {"id": "3229", "ano": "2015", "numero": "137", "tipo__sigla": "PL", "tipo__descricao": "Projeto de Lei", "autoria": "Executivo Municipal", "texto_original": "http://sapl.esteio.rs.leg.br/media/./sapl/public/materialegislativa/2015/3229/3229_texto_integral.doc", "ementa": "AUTORIZA A ABERTURA DE CR\u00c9DITO SUPLEMENTAR NO OR\u00c7AMENTO DA ADMINISTRA\u00c7\u00c3O DIRETA DO MUNIC\u00cdPIO DE ESTEIO"}, {"id": "3333", "ano": "2015", "numero": "138", "tipo__sigla": "PL", "tipo__descricao": "Projeto de Lei", "autoria": "Leo Dahmer", "texto_original": "http://sapl.esteio.rs.leg.br/media/./sapl/public/materialegislativa/2015/3333/3333_texto_integral.pdf", "ementa": "PRO\u00cdBE O EXECUTIVO E O LEGISLATIVO MUNICIPAIS DE CELEBRAR OU PRORROGAR CONTRATO COM PESSOA JUR\u00cdDICA, BEM COMO COM CONS\u00d3RCIO DE PESSOAS JUR\u00cdDICAS, QUE TENHA EFETUADO DOA\u00c7\u00c3O EM DINHEIRO, OU BEM ESTIM\u00c1VEL EM DINHEIRO, PARA PARTIDO POL\u00cdTICO OU CAMPANHA LEITORAL DE CANDIDATO A CARGO ELETIVO, POR 4 (QUATRO) ANOS, CONTADOS DA DATA DE DOA\u00c7\u00c3O."}, {"id": "3331", "ano": "2015", "numero": "139", "tipo__sigla": "PL", "tipo__descricao": "Projeto de Lei", "autoria": "Leonardo Pascoal", "texto_original": "http://sapl.esteio.rs.leg.br/media/./sapl/public/materialegislativa/2015/3331/3331_texto_integral.pdf", "ementa": "DENOMINA UNIDADE B\u00c1SICA DE SA\u00daDE - UBS."}, {"id": "3247", "ano": "2015", "numero": "140", "tipo__sigla": "PL", "tipo__descricao": "Projeto de Lei", "autoria": "Executivo Municipal", "texto_original": "http://sapl.esteio.rs.leg.br/media/./sapl/public/materialegislativa/2015/3247/3247_texto_integral.doc", "ementa": "AUTORIZA O FIRMAMENTO DE TERMO DE CONV\u00caNIO SEM \u00d4NUS FINANCEIRO COM A ASSOCIA\u00c7\u00c3O DO VOLUNTARIADO E DA SOLIDARIEDADE &#8211; AVESOL, VISANDO AS A\u00c7\u00d5ES INERENTES \u00c0 ORGANIZA\u00c7\u00c3O GERAL DAS ATIVIDADES EXERCIDAS PELOS COMERCIANTES AMBULANTES QUANDO DA EXECU\u00c7\u00c3O DA EXPOSI\u00c7\u00c3O INTERNACIONAL DE ANIMAIS, M\u00c1QUINAS, IMPLEMENTOS E PRODUTOS AGROPECU\u00c1RIOS &#8211; EXPOINTER 2015"}, {"id": "3294", "ano": "2015", "numero": "141", "tipo__sigla": "PL", "tipo__descricao": "Projeto de Lei", "autoria": "Executivo Municipal", "texto_original": "http://sapl.esteio.rs.leg.br/media/./sapl/public/materialegislativa/2015/3294/3294_texto_integral.doc", "ementa": "AUTORIZA A ABERTURA DE CR\u00c9DITO SUPLEMENTAR NO OR\u00c7AMENTO DA ADMINISTRA\u00c7\u00c3O DIRETA DO MUNIC\u00cdPIO DE ESTEIO"}, {"id": "3295", "ano": "2015", "numero": "142", "tipo__sigla": "PL", "tipo__descricao": "Projeto de Lei", "autoria": "Executivo Municipal", "texto_original": "http://sapl.esteio.rs.leg.br/media/./sapl/public/materialegislativa/2015/3295/3295_texto_integral.doc", "ementa": "AUTORIZA A ABERTURA DE CR\u00c9DITO ESPECIAL NO OR\u00c7AMENTO DA ADMINISTRA\u00c7\u00c3O DIRETA DO MUNIC\u00cdPIO DE ESTEIO"}, {"id": "3296", "ano": "2015", "numero": "143", "tipo__sigla": "PL", "tipo__descricao": "Projeto de Lei", "autoria": "Executivo Municipal", "texto_original": "http://sapl.esteio.rs.leg.br/media/./sapl/public/materialegislativa/2015/3296/3296_texto_integral.doc", "ementa": "ALTERA A LEI MUNICIPAL N\u00ba 5.753, DE 15 DE AGOSTO DE 2013"}, {"id": "3297", "ano": "2015", "numero": "144", "tipo__sigla": "PL", "tipo__descricao": "Projeto de Lei", "autoria": "Executivo Municipal", "texto_original": "http://sapl.esteio.rs.leg.br/media/./sapl/public/materialegislativa/2015/3297/3297_texto_integral.doc", "ementa": "ALTERA A LEI MUNICIPAL N\u00ba 5.996, DE 01 DE OUTUBRO DE 2014"}, {"id": "3298", "ano": "2015", "numero": "145", "tipo__sigla": "PL", "tipo__descricao": "Projeto de Lei", "autoria": "Executivo Municipal", "texto_original": "http://sapl.esteio.rs.leg.br/media/./sapl/public/materialegislativa/2015/3298/3298_texto_integral.doc", "ementa": "AUTORIZA A ABERTURA DE CR\u00c9DITO ESPECIAL NO OR\u00c7AMENTO DA ADMINISTRA\u00c7\u00c3O DIRETA DO MUNIC\u00cdPIO DE ESTEIO"}, {"id": "3299", "ano": "2015", "numero": "146", "tipo__sigla": "PL", "tipo__descricao": "Projeto de Lei", "autoria": "Executivo Municipal", "texto_original": "http://sapl.esteio.rs.leg.br/media/./sapl/public/materialegislativa/2015/3299/3299_texto_integral.doc", "ementa": "AUTORIZA A ABERTURA DE CR\u00c9DITO ESPECIAL NO OR\u00c7AMENTO DA ADMINISTRA\u00c7\u00c3O DIRETA DO MUNIC\u00cdPIO DE ESTEIO"}, {"id": "3300", "ano": "2015", "numero": "147", "tipo__sigla": "PL", "tipo__descricao": "Projeto de Lei", "autoria": "Executivo Municipal", "texto_original": "http://sapl.esteio.rs.leg.br/media/./sapl/public/materialegislativa/2015/3300/3300_texto_integral.doc", "ementa": "AUTORIZA A ABERTURA DE CR\u00c9DITO SUPLEMENTAR NO OR\u00c7AMENTO DA ADMINISTRA\u00c7\u00c3O DIRETA DO MUNIC\u00cdPIO DE ESTEIO"}, {"id": "3371", "ano": "2015", "numero": "148", "tipo__sigla": "PL", "tipo__descricao": "Projeto de Lei", "autoria": "Executivo Municipal", "texto_original": "http://sapl.esteio.rs.leg.br/media/", "ementa": "SUBSTITUI A MENSAGEM N\u00ba 142/2015, EXP. 173/15, PROJETO DE LEI N\u00ba 148, QUE &#8220;AUTORIZA O PODER EXECUTIVO MUNICIPAL A FIRMAR TERMO DE CONV\u00caNIO COM A ORGANIZA\u00c7\u00c3O N\u00c3O GOVERNAMENTAL AMIGOS DA DIVERSIDADE, NO PER\u00cdODO CORRESPONDIDO \u00c0 SEGUNDA QUINZENA DO M\u00caS DE OUTUBRO DE 2015."}, {"id": "3323", "ano": "2015", "numero": "149", "tipo__sigla": "PL", "tipo__descricao": "Projeto de Lei", "autoria": "Executivo Municipal", "texto_original": "http://sapl.esteio.rs.leg.br/media/./sapl/public/materialegislativa/2015/3323/3323_texto_integral.pdf", "ementa": "DISP\u00d5E SOBRE AS DIRETRIZES OR\u00c7AMENT\u00c1RIAS PARA O EXERC\u00cdCIO DE 2016 E D\u00c1 OUTRAS PROVID\u00caNCIAS."}, {"id": "3271", "ano": "2015", "numero": "150", "tipo__sigla": "PL", "tipo__descricao": "Projeto de Lei", "autoria": "Executivo Municipal", "texto_original": "http://sapl.esteio.rs.leg.br/media/./sapl/public/materialegislativa/2015/3271/3271_texto_integral.doc", "ementa": "CRIA CARGO DE ARQUITETO NA ESTRUTURA ADMINISTRATIVA DO PODER EXECUTIVO"}, {"id": "3272", "ano": "2015", "numero": "151", "tipo__sigla": "PL", "tipo__descricao": "Projeto de Lei", "autoria": "Executivo Municipal", "texto_original": "http://sapl.esteio.rs.leg.br/media/./sapl/public/materialegislativa/2015/3272/3272_texto_integral.doc", "ementa": "DESAFETA IM\u00d3VEIS DE PROPRIEDADE DO MUNIC\u00cdPIO DE \u00c1REAS QUE MENCIONA E D\u00c1 OUTRAS PROVID\u00caNCIAS"}, {"id": "3324", "ano": "2015", "numero": "152", "tipo__sigla": "PL", "tipo__descricao": "Projeto de Lei", "autoria": "Executivo Municipal", "texto_original": "http://sapl.esteio.rs.leg.br/media/./sapl/public/materialegislativa/2015/3324/3324_texto_integral.pdf", "ementa": "AUTORIZA A ABERTURA DE CR\u00c9DITO PESSOAL ESPECIAL NO OR\u00c7AMENTO DA ADMINISTRA\u00c7\u00c3O DIRETA DO MUNIC\u00cdPIO DE ESTEIO."}, {"id": "3320", "ano": "2015", "numero": "153", "tipo__sigla": "PL", "tipo__descricao": "Projeto de Lei", "autoria": "Executivo Municipal", "texto_original": "http://sapl.esteio.rs.leg.br/media/./sapl/public/materialegislativa/2015/3320/3320_texto_integral.pdf", "ementa": "AUTORIZA A ABERTURA DE CR\u00c9DITO SUPLEMENTAR NO OR\u00c7AMENTO DA ADMINISTRA\u00c7\u00c3O DIRETA DO MUNIC\u00cdPIO DE ESTEIO."}, {"id": "3319", "ano": "2015", "numero": "154", "tipo__sigla": "PL", "tipo__descricao": "Projeto de Lei", "autoria": "Executivo Municipal", "texto_original": "http://sapl.esteio.rs.leg.br/media/./sapl/public/materialegislativa/2015/3319/3319_texto_integral.pdf", "ementa": "AUTORIZA O PODER EXECUTIVO A CONCEDER A ISEN\u00c7\u00c3O DO IMPOSTO PREDIAL E TERRITORIAL URBANO - IPTU - INCIDENTE SOBRE IM\u00d3VEIS EDIFICADOS ATINGIDOS POR ENXURRADA E INUNDA\u00c7\u00c3O CAUSADOS PELAS CHUVAS OCORRIDAS NO MUNIC\u00cdPIO DE ESTEIO ENTRE OS DIAS 13 A 23 DE JULHO DE 2015 E D\u00c1 OUTRAS PROVID\u00caNCIAS."}, {"id": "3318", "ano": "2015", "numero": "155", "tipo__sigla": "PL", "tipo__descricao": "Projeto de Lei", "autoria": "Executivo Municipal", "texto_original": "http://sapl.esteio.rs.leg.br/media/./sapl/public/materialegislativa/2015/3318/3318_texto_integral.pdf", "ementa": "ALTERA AS AL\u00cdQUOTAS DE CONTRIBUI\u00c7\u00c3O PREVIDENCI\u00c1RIA DEVIDAS PELO MUNIC\u00cdPIO AO REGIME PR\u00d3PRIO DE PREVID\u00caNCIA SOCIAL - RPPS/PREV-ESTEIO, CRIADO PELA LEI MUNICIPAL N\u00ba 5.381, DE 04 DE NOVEMBRO DE 2011, E D\u00c1 OUTRAS PROVID\u00caNCIAS"}, {"id": "3325", "ano": "2015", "numero": "156", "tipo__sigla": "PL", "tipo__descricao": "Projeto de Lei", "autoria": "", "texto_original": "http://sapl.esteio.rs.leg.br/media/./sapl/public/materialegislativa/2015/3325/3325_texto_integral.pdf", "ementa": "ALTERA A LEI MUNICIPAL N\u00ba 5.753 DE 15 DE AGOSTO DE 2013."}, {"id": "3327", "ano": "2015", "numero": "157", "tipo__sigla": "PL", "tipo__descricao": "Projeto de Lei", "autoria": "Executivo Municipal", "texto_original": "http://sapl.esteio.rs.leg.br/media/./sapl/public/materialegislativa/2015/3327/3327_texto_integral.pdf", "ementa": "AUTORIZA O FIRMAMENTO DE TERMOS DE CONV\u00caNIO E O  CONSEQUENTE REPASSE DE VALORES EM PROL DA ORGANIZA\u00c7\u00c3O N\u00c3O GOVERNAMENTAL GATA - GRUPO DE AMIGOS E TRATADORES DOS ANIMAIS, NO PER\u00cdODO CORRESPONDIDO ENTRE OS MESES DE NOVEMBRO DE 2015 A ABRIL DE 2016, VISANDO A EXECU\u00c7\u00c3O DOS PROGRAMAS DE CONTROLE POPULACIONAL DE C\u00c3ES E GATOS E ATENDIMENTO EMERGENCIAL AOS ANIMAIS VULNER\u00c1VEIS. "}, {"id": "3367", "ano": "2015", "numero": "158", "tipo__sigla": "PL", "tipo__descricao": "Projeto de Lei", "autoria": "Executivo Municipal", "texto_original": "http://sapl.esteio.rs.leg.br/media/", "ementa": "AUTORIZA A ABERTURA DE CR\u00c9DITO SUPLEMENTAR NO OR\u00c7AMENTO DA ADMINISTRA\u00c7\u00c3O DIRETA DO MUNIC\u00cdPIO DE ESTEIO."}, {"id": "3369", "ano": "2015", "numero": "159", "tipo__sigla": "PL", "tipo__descricao": "Projeto de Lei", "autoria": "Executivo Municipal", "texto_original": "http://sapl.esteio.rs.leg.br/media/./sapl/public/materialegislativa/2015/3369/3369_texto_integral.pdf", "ementa": "AUTORIZA A ABERTURA DE CR\u00c9DITO SUPLEMENTAR NO OR\u00c7AMENTO DA ADMINISTRA\u00c7\u00c3O DIRETA DO MUNIC\u00cdPIO DE ESTEIO."}, {"id": "3372", "ano": "2015", "numero": "160", "tipo__sigla": "PL", "tipo__descricao": "Projeto de Lei", "autoria": "Executivo Municipal", "texto_original": "http://sapl.esteio.rs.leg.br/media/./sapl/public/materialegislativa/2015/3372/3372_texto_integral.pdf", "ementa": "AUTORIZA A ABERTURA DE CR\u00c9DITO ESPECIAL NO OR\u00c7AMENTO DA ADMINISTRA\u00c7\u00c3O DIRETA DO MUNIC\u00cdPIO DE ESTEIO."}, {"id": "3404", "ano": "2015", "numero": "161", "tipo__sigla": "PL", "tipo__descricao": "Projeto de Lei", "autoria": "Executivo Municipal", "texto_original": "http://sapl.esteio.rs.leg.br/media/./sapl/public/materialegislativa/2015/3404/3404_texto_integral.pdf", "ementa": "INSTITUI O PLANO MUNICIPAL DE CULTURA DE ESTEIO - PMC E D\u00c1 OUTRAS PROVID\u00caNCIAS."}, {"id": "3376", "ano": "2015", "numero": "162", "tipo__sigla": "PL", "tipo__descricao": "Projeto de Lei", "autoria": "Executivo Municipal", "texto_original": "http://sapl.esteio.rs.leg.br/media/./sapl/public/materialegislativa/2015/3376/3376_texto_integral.pdf", "ementa": "CRIA O CARGO DE CONTADOR NA ESTRUTURA ADMINISTRATIVA DO PODER EXECUTIVO."}, {"id": "3405", "ano": "2015", "numero": "163", "tipo__sigla": "PL", "tipo__descricao": "Projeto de Lei", "autoria": "Executivo Municipal", "texto_original": "http://sapl.esteio.rs.leg.br/media/./sapl/public/materialegislativa/2015/3405/3405_texto_integral.pdf", "ementa": "AUTORIZA A ABERTURA DE CR\u00c9DITO SUPLEMENTAR NO OR\u00c7AMENTO DA ADMINISTRA\u00c7\u00c3O DIRETA DO MUNIC\u00cdPIO DE ESTEIO. "}, {"id": "3407", "ano": "2015", "numero": "164", "tipo__sigla": "PL", "tipo__descricao": "Projeto de Lei", "autoria": "Executivo Municipal", "texto_original": "http://sapl.esteio.rs.leg.br/media/./sapl/public/materialegislativa/2015/3407/3407_texto_integral.pdf", "ementa": "AUTORIZA A CONCESS\u00c3O DE SUBVEN\u00c7\u00c3O SOCIAL \u00c0 ENTIDADE LIGA FEMININA DE COMBATE AO C\u00c2NCER NO PER\u00cdODO CORRESPONDIDO ENTRE OS MESES DE OUTUBRO DE 2015 A OUTUBRO DE 2016."}, {"id": "3406", "ano": "2015", "numero": "165", "tipo__sigla": "PL", "tipo__descricao": "Projeto de Lei", "autoria": "Leonardo Pascoal", "texto_original": "http://sapl.esteio.rs.leg.br/media/./sapl/public/materialegislativa/2015/3406/3406_texto_integral.pdf", "ementa": "INSTITUI, NO MUNIC\u00cdPIO DE ESTEIO, O PROGRAMA DE REDU\u00c7\u00c3O GRADATIVA DO N\u00daMERO DE VE\u00cdCULOS DE TRA\u00c7\u00c3O ANIMAL E D\u00c1 OUTRAS PROVID\u00caNCIAS. "}, {"id": "3408", "ano": "2015", "numero": "166", "tipo__sigla": "PL", "tipo__descricao": "Projeto de Lei", "autoria": "Executivo Municipal", "texto_original": "http://sapl.esteio.rs.leg.br/media/./sapl/public/materialegislativa/2015/3408/3408_texto_integral.pdf", "ementa": "AUTORIZA A ABERTURA DE CR\u00c9DITO SUPLEMENTAR NO OR\u00c7AMENTO DA ADMINISTRA\u00c7\u00c3O DIRETA DO MUNIC\u00cdPIO DE ESTEIO."}, {"id": "3409", "ano": "2015", "numero": "167", "tipo__sigla": "PL", "tipo__descricao": "Projeto de Lei", "autoria": "Executivo Municipal", "texto_original": "http://sapl.esteio.rs.leg.br/media/./sapl/public/materialegislativa/2015/3409/3409_texto_integral.pdf", "ementa": "AUTORIZA A REALIZA\u00c7\u00c3O DE LEIL\u00c3O DOS BENS DECLARADOS INSERV\u00cdVEIS."}, {"id": "3445", "ano": "2015", "numero": "168", "tipo__sigla": "PL", "tipo__descricao": "Projeto de Lei", "autoria": "", "texto_original": "http://sapl.esteio.rs.leg.br/media/./sapl/public/materialegislativa/2015/3445/3445_texto_integral.pdf", "ementa": "DISP\u00d5E SOBRE A DESAFETA\u00c7\u00c3O DE \u00c1REA MUNICIPAL DE USO COMUM DO POVO E D\u00c1 NOVA AFETA\u00c7\u00c3O PARA FINS DE REGULARIZA\u00c7\u00c3O FUNDI\u00c1RIA."}, {"id": "3529", "ano": "2015", "numero": "169", "tipo__sigla": "PL", "tipo__descricao": "Projeto de Lei", "autoria": "Bia Lopes", "texto_original": "http://sapl.esteio.rs.leg.br/media/./sapl/public/materialegislativa/2015/3529/3529_texto_integral.pdf", "ementa": "ESTABELECE A ISEN\u00c7\u00c3O DA TAXA DE INSCRI\u00c7\u00c3O EM CONCURSOS P\u00daBLICOS PARA DOADORES DE MEDULA \u00d3SSEA E DE SANGUE."}, {"id": "3446", "ano": "2015", "numero": "170", "tipo__sigla": "PL", "tipo__descricao": "Projeto de Lei", "autoria": "Executivo Municipal", "texto_original": "http://sapl.esteio.rs.leg.br/media/./sapl/public/materialegislativa/2015/3446/3446_texto_integral.pdf", "ementa": "AUTORIZA A ABERTURA DE CR\u00c9DITO ESPECIAL NO OR\u00c7AMENTO DA ADMINISTRA\u00c7\u00c3O DIRETA DO MUNIC\u00cdPIO DE ESTEIO."}, {"id": "3447", "ano": "2015", "numero": "171", "tipo__sigla": "PL", "tipo__descricao": "Projeto de Lei", "autoria": "Executivo Municipal", "texto_original": "http://sapl.esteio.rs.leg.br/media/./sapl/public/materialegislativa/2015/3447/3447_texto_integral.pdf", "ementa": "AUTORIZA O PODER EXECUTIVO MUNICIPAL A DESAFETAR E CONCEDER O USO DE \u00c1REA DE TERRA QUE ESPECIFICA, EM PROL DO CLUBE ESPORTIVO VIT\u00d3RIA."}, {"id": "3448", "ano": "2015", "numero": "172", "tipo__sigla": "PL", "tipo__descricao": "Projeto de Lei", "autoria": "Executivo Municipal", "texto_original": "http://sapl.esteio.rs.leg.br/media/./sapl/public/materialegislativa/2015/3448/3448_texto_integral.pdf", "ementa": "AUTORIZA O PARCELAMENTO DE D\u00c9BITOS FISCAIS."}, {"id": "3449", "ano": "2015", "numero": "173", "tipo__sigla": "PL", "tipo__descricao": "Projeto de Lei", "autoria": "", "texto_original": "http://sapl.esteio.rs.leg.br/media/./sapl/public/materialegislativa/2015/3449/3449_texto_integral.pdf", "ementa": "AUTORIZA O PROTESTO E A INSCRI\u00c7\u00c3O NOS CADASTROS NEGATIVOS DE PROTE\u00c7\u00c3O DE CR\u00c9DITO DA CERTID\u00c3O DE D\u00cdVIDA ATIVA (CDA) DE CR\u00c9DITOS TRIBUT\u00c1RIOS E N\u00c3O TRIBUT\u00c1RIOS DO MUNIC\u00cdPIO DE ESTEIO."}, {"id": "3450", "ano": "2015", "numero": "174", "tipo__sigla": "PL", "tipo__descricao": "Projeto de Lei", "autoria": "Executivo Municipal", "texto_original": "http://sapl.esteio.rs.leg.br/media/./sapl/public/materialegislativa/2015/3450/3450_texto_integral.pdf", "ementa": "ESTRUTURA E CRIA AS FUN\u00c7\u00d5ES GRATIFICADAS DO PODER EXECUTIVO DO MUNIC\u00cdPIO DE ESTEIO, ESTABELECENDO SUA NOMENCLATURA, ATRIBUI\u00c7\u00d5ES LOTA\u00c7\u00c3O E PADR\u00c3O, E D\u00c1 OUTRAS PROVID\u00caNCIAS."}, {"id": "3451", "ano": "2015", "numero": "175", "tipo__sigla": "PL", "tipo__descricao": "Projeto de Lei", "autoria": "Executivo Municipal", "texto_original": "http://sapl.esteio.rs.leg.br/media/./sapl/public/materialegislativa/2015/3451/3451_texto_integral.pdf", "ementa": "AUTORIZA A ABERTURA DE CR\u00c9DITO SUPLEMENTAR NO OR\u00c7AMENTO DA ADMINISTRA\u00c7\u00c3O DIRETA DO MUNIC\u00cdPIO DE ESTEIO."}, {"id": "3452", "ano": "2015", "numero": "176", "tipo__sigla": "PL", "tipo__descricao": "Projeto de Lei", "autoria": "", "texto_original": "http://sapl.esteio.rs.leg.br/media/./sapl/public/materialegislativa/2015/3452/3452_texto_integral.pdf", "ementa": "AUTORIZA O FIRMAMENTO DE TERMO DE CONV\u00caNIO ENTRE O MUNIC\u00cdPIO DE ESTEIO, A C\u00c2MARA DE DIRIGENTES LOGISTAS DE ESTEIO - CDL, COM O CONSEQUENTE REPASSE DE VALORES, VISANDO A EXECU\u00c7\u00c3O DA CAMPANHA \"ESTEIO SHOW DE NATAL\"."}, {"id": "3453", "ano": "2015", "numero": "177", "tipo__sigla": "PL", "tipo__descricao": "Projeto de Lei", "autoria": "Executivo Municipal", "texto_original": "http://sapl.esteio.rs.leg.br/media/./sapl/public/materialegislativa/2015/3453/3453_texto_integral.pdf", "ementa": "CRIA O CARGO DE FARMAC\u00caUTICO E AUXILIAR DA FARM\u00c1CIA NA ESTRUTURA ADMINISTRATIVA DO PODER EXECUTIVO."}, {"id": "3454", "ano": "2015", "numero": "178", "tipo__sigla": "PL", "tipo__descricao": "Projeto de Lei", "autoria": "", "texto_original": "http://sapl.esteio.rs.leg.br/media/./sapl/public/materialegislativa/2015/3454/3454_texto_integral.pdf", "ementa": "INSTITUI O PROGRAMA MEDICAMENTO EM CASA - MEDCASA E D\u00c1 OUTRAS PROVID\u00caNCIAS."}, {"id": "3628", "ano": "2015", "numero": "180", "tipo__sigla": "PL", "tipo__descricao": "Projeto de Lei", "autoria": "Executivo Municipal", "texto_original": "http://sapl.esteio.rs.leg.br/media/./sapl/public/materialegislativa/2015/3628/3628_texto_integral.pdf", "ementa": "OR\u00c7A A DESPESA E FIXA A DESPESA DA ADMINISTRA\u00c7\u00c3O DIRETA DO MUNIC\u00cdPIO DE ESTEIO PARA O EXERC\u00cdCIO FINANCEIRO DE 2016."}, {"id": "3530", "ano": "2015", "numero": "182", "tipo__sigla": "PL", "tipo__descricao": "Projeto de Lei", "autoria": "Executivo Municipal", "texto_original": "http://sapl.esteio.rs.leg.br/media/./sapl/public/materialegislativa/2015/3530/3530_texto_integral.pdf", "ementa": "AUTORIZA O PAGAMENTO DE PREMIA\u00c7\u00c3O EM DINHEIRO NA GINCANA REGISTRO ON LINE DE VIOL\u00caNCIA NAS ESCOLAS - ROVE."}, {"id": "3531", "ano": "2015", "numero": "183", "tipo__sigla": "PL", "tipo__descricao": "Projeto de Lei", "autoria": "Executivo Municipal", "texto_original": "http://sapl.esteio.rs.leg.br/media/./sapl/public/materialegislativa/2015/3531/3531_texto_integral.pdf", "ementa": "AUTORIZA O PODER EXECUTIVO MUNICIPAL A CONCEDER O USO DE \u00c1REA DE TERRAS DE SUA PROPRIEDADE EM PROL DA ASSOCIA\u00c7\u00c3O DOS MORADORES DO BAIRRO VOTORANTIM."}, {"id": "3532", "ano": "2015", "numero": "184", "tipo__sigla": "PL", "tipo__descricao": "Projeto de Lei", "autoria": "Executivo Municipal", "texto_original": "http://sapl.esteio.rs.leg.br/media/./sapl/public/materialegislativa/2015/3532/3532_texto_integral.pdf", "ementa": "ALTERA A LEI MUNICIPAL N\u00ba 5.753 DE 15 DE AGOSTO DE 2013."}, {"id": "3533", "ano": "2015", "numero": "185", "tipo__sigla": "PL", "tipo__descricao": "Projeto de Lei", "autoria": "Executivo Municipal", "texto_original": "http://sapl.esteio.rs.leg.br/media/./sapl/public/materialegislativa/2015/3533/3533_texto_integral.pdf", "ementa": "ALTERA A LEI MUNICIPAL N\u00ba 6.214, DE 16 DE OUTUBRO DE 2015."}, {"id": "3534", "ano": "2015", "numero": "186", "tipo__sigla": "PL", "tipo__descricao": "Projeto de Lei", "autoria": "Executivo Municipal", "texto_original": "http://sapl.esteio.rs.leg.br/media/./sapl/public/materialegislativa/2015/3534/3534_texto_integral.pdf", "ementa": "AUTORIZA O PODER EXECUTIVO A CONTRATAR OPERA\u00c7\u00d5ES DE CR\u00c9DITO COM O BANDESUL DESENVOLVIMENTO S.A - AG\u00caNCIA DE FORMENTO/RS PARA PAVIMENTA\u00c7\u00c3O E REPAVIMENTA\u00c7\u00c3O DAS RUAS DESTA MUNICIPALIDADE."}, {"id": "3535", "ano": "2015", "numero": "187", "tipo__sigla": "PL", "tipo__descricao": "Projeto de Lei", "autoria": "Executivo Municipal", "texto_original": "http://sapl.esteio.rs.leg.br/media/", "ementa": "AUTORIZA A ABERTURA DE CR\u00c9DITO SUPLEMENTAR NO OR\u00c7AMENTO DA ADMINISTRA\u00c7\u00c3O DIRETA DO MUNIC\u00cdPIO DE ESTEIO."}, {"id": "3536", "ano": "2015", "numero": "188", "tipo__sigla": "PL", "tipo__descricao": "Projeto de Lei", "autoria": "Michele Pereira", "texto_original": "http://sapl.esteio.rs.leg.br/media/./sapl/public/materialegislativa/2015/3536/3536_texto_integral.pdf", "ementa": "D\u00c1 NOVA REDA\u00c7\u00c3O AO CAPUT DO ART. 5\u00ba, DA LEI MUNICIPAL N\u00ba 4.293 DE 15 DE JANEIRO DE 2007, QUE PRO\u00cdBE OS ESTABELECIMENTOS COMERCIAIS E PESSOAS F\u00cdSICAS OU JUR\u00cdDICAS A VENDER \"SPRAY\" PARA MENORES DE 18 (DEZOITO) ANOS, ESTABELECE SAN\u00c7\u00d5ES AOS PICHADORES"}, {"id": "3615", "ano": "2015", "numero": "189", "tipo__sigla": "PL", "tipo__descricao": "Projeto de Lei", "autoria": "Executivo Municipal", "texto_original": "http://sapl.esteio.rs.leg.br/media/./sapl/public/materialegislativa/2015/3615/3615_texto_integral.doc", "ementa": "ALTERA A LEI MUNICIPAL N\u00b0 5.996, DE 01 DE OUTUBRO DE 2014 - LDO"}, {"id": "3616", "ano": "2015", "numero": "190", "tipo__sigla": "PL", "tipo__descricao": "Projeto de Lei", "autoria": "Executivo Municipal", "texto_original": "http://sapl.esteio.rs.leg.br/media/./sapl/public/materialegislativa/2015/3616/3616_texto_integral.doc", "ementa": "ALTERA A LEI MUNICIPAL N\u00b0 5.753, DE 15 DE AGOSTO DE 2013 - PPA"}, {"id": "3617", "ano": "2015", "numero": "191", "tipo__sigla": "PL", "tipo__descricao": "Projeto de Lei", "autoria": "Executivo Municipal", "texto_original": "http://sapl.esteio.rs.leg.br/media/", "ementa": "AUTORIZA ABERTURA DE CR\u00c9DITO ESPECIAL, NO OR\u00c7AMENTO DA ADMINISTRA\u00c7\u00c3O DIRETA DO MUNIC\u00cdPIO DE ESTEIO"}, {"id": "3613", "ano": "2015", "numero": "192", "tipo__sigla": "PL", "tipo__descricao": "Projeto de Lei", "autoria": "Executivo Municipal", "texto_original": "http://sapl.esteio.rs.leg.br/media/./sapl/public/materialegislativa/2015/3613/3613_texto_integral.doc", "ementa": "AUTORIZA O AUX\u00cdLIO FINANCEIRO EM PROL DAS ESCOLAS COMUNIT\u00c1RIAS E CONFESSIONAL DE EDUCA\u00c7\u00c3O INFANTIL, VISANDO O PAGAMENTO DE 13\u00b0 SAL\u00c1RIO E DEMAIS OBRIGA\u00c7\u00d5ES TRABALHISTAS, NO PER\u00cdODO REFERENTE AOS MESES DE NOVEMBRO E DEZEMBRO DO CORRENTE ANO"}, {"id": "3614", "ano": "2015", "numero": "193", "tipo__sigla": "PL", "tipo__descricao": "Projeto de Lei", "autoria": "Executivo Municipal", "texto_original": "http://sapl.esteio.rs.leg.br/media/./sapl/public/materialegislativa/2015/3614/3614_texto_integral.doc", "ementa": "AUTORIZA O AUX\u00cdLIO FINANCEIRO EM PROL DA ASSOCIA\u00c7\u00c3O DE PAIS E AMIGOS DOS EXCEPCIONAIS DE ESTEIO &#8211; APAE, VISANDO O PAGAMENTO DE 13\u00b0 SAL\u00c1RIO E DEMAIS OBRIGA\u00c7\u00d5ES TRABALHISTAS, NO PER\u00cdODO DE DEZEMBRO DO CORRENTE ANO"}, {"id": "3591", "ano": "2015", "numero": "195", "tipo__sigla": "PL", "tipo__descricao": "Projeto de Lei", "autoria": "Executivo Municipal", "texto_original": "http://sapl.esteio.rs.leg.br/media/./sapl/public/materialegislativa/2015/3591/3591_texto_integral.pdf", "ementa": "AUTORIZA A ABERTURA DE CR\u00c9DITO SUPLEMENTAR NO OR\u00c7AMENTO DA ADMINISTRA\u00c7\u00c3O DIRETA DO MUNIC\u00cdPIO DE ESTEIO."}, {"id": "3669", "ano": "2015", "numero": "196", "tipo__sigla": "PL", "tipo__descricao": "Projeto de Lei", "autoria": "Executivo Municipal", "texto_original": "http://sapl.esteio.rs.leg.br/media/./sapl/public/materialegislativa/2015/3669/3669_texto_integral.pdf", "ementa": "AUTORIZA A CONTRATA\u00c7\u00c3O DE AGENTE DE COMBATE \u00c0 DENGUE POR TEMPO DETERMINADO PARA ATENDER A NECESSIDADE TEMPOR\u00c1RIA DE EXCEPCIONAL INTERESSE P\u00daBLICO. "}, {"id": "3670", "ano": "2015", "numero": "197", "tipo__sigla": "PL", "tipo__descricao": "Projeto de Lei", "autoria": "Executivo Municipal", "texto_original": "http://sapl.esteio.rs.leg.br/media/./sapl/public/materialegislativa/2015/3670/3670_texto_integral.pdf", "ementa": "AUTORIZA O AUX\u00cdLIO FINANCEIRO \u00c0 ENTIDADE LIGA FEMININA DO C\u00c2NCER. "}, {"id": "3681", "ano": "2015", "numero": "198", "tipo__sigla": "PL", "tipo__descricao": "Projeto de Lei", "autoria": "", "texto_original": "http://sapl.esteio.rs.leg.br/media/./sapl/public/materialegislativa/2015/3681/3681_texto_integral.pdf", "ementa": "INSTITUI A REGULARIZA\u00c7\u00c3O DE INTERESSE ESPEC\u00cdFICO DE LOTEAMENTOS E DESMEMBRAMENTOS IRREGULARES OU CLANDESTINOS NO MUNIC\u00cdPIO DE ESTEIO E D\u00c1 OUTRAS PROVID\u00caNCIAS. "}, {"id": "3672", "ano": "2015", "numero": "199", "tipo__sigla": "PL", "tipo__descricao": "Projeto de Lei", "autoria": "Executivo Municipal", "texto_original": "http://sapl.esteio.rs.leg.br/media/./sapl/public/materialegislativa/2015/3672/3672_texto_integral.pdf", "ementa": "ALTERA A LEI MUNICIPAL N\u00ba 1260, DE 28 DE JUNHO DE 1985, QUE DISP\u00d5E SOBRE O PARCELAMENTO DO SOLO URBANO, E D\u00c1 OUTRAS PROVID\u00caNCIAS. "}, {"id": "3668", "ano": "2015", "numero": "200", "tipo__sigla": "PL", "tipo__descricao": "Projeto de Lei", "autoria": "", "texto_original": "http://sapl.esteio.rs.leg.br/media/./sapl/public/materialegislativa/2015/3668/3668_texto_integral.pdf", "ementa": "DISP\u00d5E SOBRE A CONCESS\u00c3O  DE AUX\u00cdLIO PECUNI\u00c1RIO MENSAL EM PROL DAS ESCOLAS COMUNIT\u00c1RIAS E CONFESSIONAIS DE EDUCA\u00c7\u00c3O INFANTIL NO PER\u00cdODO CORRESPONDIDO ENTRE OS MESES DE JANEIRO E DEZEMBRO DE 2016. "}, {"id": "3667", "ano": "2015", "numero": "201", "tipo__sigla": "PL", "tipo__descricao": "Projeto de Lei", "autoria": "Executivo Municipal", "texto_original": "http://sapl.esteio.rs.leg.br/media/./sapl/public/materialegislativa/2015/3667/3667_texto_integral.pdf", "ementa": "AUTORIZA A CONCESS\u00c3O DE SUBVEN\u00c7\u00c3O SOCIAL \u00c0 ASSOCIA\u00c7\u00c3O DE PAIS E AMIGOS DOS EXCEPCIONAIS - APAE, VISANDO O ATENDIMENTO EDUCACIONAL ESPECIALIZADO DE CRIAN\u00c7AS E ADOLESCENTES NO ANO DE 2016. "}, {"id": "3623", "ano": "2015", "numero": "202", "tipo__sigla": "PL", "tipo__descricao": "Projeto de Lei", "autoria": "Executivo Municipal", "texto_original": "http://sapl.esteio.rs.leg.br/media/./sapl/public/materialegislativa/2015/3623/3623_texto_integral.pdf", "ementa": "AUTORIZA A FUNDA\u00c7\u00c3O DE SA\u00daDE P\u00daBLICA S\u00c3O CAMILO DE ESTEIO - FSPSCE - A INDENIZAR VALORES DECORRENTES DE CONSIGNA\u00c7\u00c3O BANC\u00c1RIA DO PAGAMENTO DA GRATIFICA\u00c7\u00c3O NATALINA (13\u00ba SAL\u00c1RIO) AOS SEUS EMPREGADOS. "}, {"id": "3671", "ano": "2015", "numero": "203", "tipo__sigla": "PL", "tipo__descricao": "Projeto de Lei", "autoria": "Executivo Municipal", "texto_original": "http://sapl.esteio.rs.leg.br/media/./sapl/public/materialegislativa/2015/3671/3671_texto_integral.pdf", "ementa": "ALTERA A LEI MUNICIPAL N\u00ba 3.607 DE 04 DE DEZEMBRO DE 2003 QUE DISP\u00d5E SOBRE O LICENCIAMENTO AMBIENTAL NO MUNIC\u00cdPIO DE ESTEIO. "}, {"id": "3682", "ano": "2015", "numero": "204", "tipo__sigla": "PL", "tipo__descricao": "Projeto de Lei", "autoria": "Executivo Municipal", "texto_original": "http://sapl.esteio.rs.leg.br/media/./sapl/public/materialegislativa/2015/3682/3682_texto_integral.pdf", "ementa": "DENOMINA LOGRADOURO P\u00daBLICO."}, {"id": "3710", "ano": "2015", "numero": "206", "tipo__sigla": "PL", "tipo__descricao": "Projeto de Lei", "autoria": "Executivo Municipal", "texto_original": "http://sapl.esteio.rs.leg.br/media/./sapl/public/materialegislativa/2015/3710/3710_texto_integral.doc", "ementa": "DECLARA AS \u00c1REAS QUE MENCIONA, COMO \u00c1REAS DE ESPECIAL INTERESSE SOCIAL E D\u00c1 OUTRAS PROVID\u00caNCIAS"}, {"id": "3683", "ano": "2015", "numero": "207", "tipo__sigla": "PL", "tipo__descricao": "Projeto de Lei", "autoria": "Executivo Municipal", "texto_original": "http://sapl.esteio.rs.leg.br/media/./sapl/public/materialegislativa/2015/3683/3683_texto_integral.pdf", "ementa": "AUTORIZA A DOA\u00c7\u00c3O DOS BENS DECLARADOS INSERV\u00cdVEIS A COOPERATIVA DE TRABALHO DE RECICLADORES DE ESTEIO - COOTRE."}, {"id": "3684", "ano": "2015", "numero": "208", "tipo__sigla": "PL", "tipo__descricao": "Projeto de Lei", "autoria": "Executivo Municipal", "texto_original": "http://sapl.esteio.rs.leg.br/media/./sapl/public/materialegislativa/2015/3684/3684_texto_integral.pdf", "ementa": "DISP\u00d5E SOBRE A POL\u00cdTICA MUNICIPAL DE SANEAMENTO B\u00c1SICO, CRIA O FUNDO MUNICIPAL DE SANEAMENTO, E D\u00c1 OUTRAS PROVID\u00caNCIAS. "}, {"id": "3685", "ano": "2015", "numero": "209", "tipo__sigla": "PL", "tipo__descricao": "Projeto de Lei", "autoria": "Executivo Municipal", "texto_original": "http://sapl.esteio.rs.leg.br/media/./sapl/public/materialegislativa/2015/3685/3685_texto_integral.pdf", "ementa": "AUTORIZA A ABERTURA DE CR\u00c9DITO SUPLEMENTAR NO OR\u00c7AMENTO DA ADMINISTRA\u00c7\u00c3O DIRETA DO MUNIC\u00cdPIO DE ESTEIO REFERENTE AO EXERC\u00cdCIO FINANCEIRO DE 2016."}, {"id": "3686", "ano": "2015", "numero": "210", "tipo__sigla": "PL", "tipo__descricao": "Projeto de Lei", "autoria": "Executivo Municipal", "texto_original": "http://sapl.esteio.rs.leg.br/media/", "ementa": "AUTORIZA A ABERTURA DE CR\u00c9DITO SUPLEMENTAR NO OR\u00c7AMENTO DA ADMINISTRA\u00c7\u00c3O DIRETA DO MUNIC\u00cdPIO DE ESTEIO REFERENTE AO EXERC\u00cdCIO FINANCEIRO DE 2016. "}, {"id": "3687", "ano": "2015", "numero": "211", "tipo__sigla": "PL", "tipo__descricao": "Projeto de Lei", "autoria": "Executivo Municipal", "texto_original": "http://sapl.esteio.rs.leg.br/media/./sapl/public/materialegislativa/2015/3687/3687_texto_integral.pdf", "ementa": "AUTORIZA A ABERTURA DE CR\u00c9DITO SUPLEMENTAR NO OR\u00c7AMENTO DA ADMINISTRA\u00c7\u00c3O DIRETA DO MUNIC\u00cdPIO DE ESTEIO REFERENTE AO EXERC\u00cdCIO FINANCEIRO DE 2016"}, {"id": "3688", "ano": "2015", "numero": "212", "tipo__sigla": "PL", "tipo__descricao": "Projeto de Lei", "autoria": "Executivo Municipal", "texto_original": "http://sapl.esteio.rs.leg.br/media/./sapl/public/materialegislativa/2015/3688/3688_texto_integral.pdf", "ementa": "AUTORIZA A ABERTURA DE CR\u00c9DITO ESPECIAL NO OR\u00c7AMENTO DA ADMINISTRA\u00c7\u00c3O DIRETA DO MUNIC\u00cdPIO DE ESTEIO REFERENTE AO EXERC\u00cdCIO FINANCEIRO DE 2016.\r\n"}, {"id": "3689", "ano": "2015", "numero": "213", "tipo__sigla": "PL", "tipo__descricao": "Projeto de Lei", "autoria": "Executivo Municipal", "texto_original": "http://sapl.esteio.rs.leg.br/media/./sapl/public/materialegislativa/2015/3689/3689_texto_integral.pdf", "ementa": "AUTORIZA A ABERTURA DE CR\u00c9DITO ESPECIAL NO OR\u00c7AMENTO DA ADMINISTRA\u00c7\u00c3O DIRETA DO MUNIC\u00cdPIO DE ESTEIO REFERENTE AO EXERC\u00cdCIO DE 2016. "}, {"id": "3690", "ano": "2015", "numero": "214", "tipo__sigla": "PL", "tipo__descricao": "Projeto de Lei", "autoria": "Executivo Municipal", "texto_original": "http://sapl.esteio.rs.leg.br/media/./sapl/public/materialegislativa/2015/3690/3690_texto_integral.pdf", "ementa": "AUTORIZA A ABERTURA DE CR\u00c9DITO ESPECIAL NO OR\u00c7AMENTO DA ADMINISTRA\u00c7\u00c3O DIRETA DO MUNIC\u00cdPIO DE ESTEIO REFERENTE AO EXERC\u00cdCIO FINANCEIRO DE 2016."}, {"id": "3694", "ano": "2015", "numero": "215", "tipo__sigla": "PL", "tipo__descricao": "Projeto de Lei", "autoria": "Executivo Municipal", "texto_original": "http://sapl.esteio.rs.leg.br/media/./sapl/public/materialegislativa/2015/3694/3694_texto_integral.pdf", "ementa": "ALTERA A LEI MUNICIPAL N\u00ba 5.753, DE 15 DE AGOSTO DE 2013."}, {"id": "3697", "ano": "2015", "numero": "216", "tipo__sigla": "PL", "tipo__descricao": "Projeto de Lei", "autoria": "Executivo Municipal", "texto_original": "http://sapl.esteio.rs.leg.br/media/./sapl/public/materialegislativa/2015/3697/3697_texto_integral.pdf", "ementa": "ALTERA A LEI MUNICIPAL N\u00ba 6.214, DE 16 DE OUTUBRO DE 2015."}, {"id": "3698", "ano": "2015", "numero": "217", "tipo__sigla": "PL", "tipo__descricao": "Projeto de Lei", "autoria": "Executivo Municipal", "texto_original": "http://sapl.esteio.rs.leg.br/media/./sapl/public/materialegislativa/2015/3698/3698_texto_integral.pdf", "ementa": "ALTERA A LEI MUNICIPAL N\u00ba 6.214, DE 16 DE OUTUBRO DE 2015"}, {"id": "3700", "ano": "2015", "numero": "218", "tipo__sigla": "PL", "tipo__descricao": "Projeto de Lei", "autoria": "Executivo Municipal", "texto_original": "http://sapl.esteio.rs.leg.br/media/./sapl/public/materialegislativa/2015/3700/3700_texto_integral.pdf", "ementa": "ALTERA A LEI MUNICIPAL N\u00ba 6.214, DE 16 DE OUTUBRO DE 2015."}, {"id": "3701", "ano": "2015", "numero": "219", "tipo__sigla": "PL", "tipo__descricao": "Projeto de Lei", "autoria": "Executivo Municipal", "texto_original": "http://sapl.esteio.rs.leg.br/media/./sapl/public/materialegislativa/2015/3701/3701_texto_integral.pdf", "ementa": "AUTORIZA A ABERTURA DE CR\u00c9DITO SUPLEMENTAR NO OR\u00c7AMENTO DA ADMINISTRA\u00c7\u00c3O DIRETA DO MUNIC\u00cdPIO DE ESTEIO."}, {"id": "3702", "ano": "2015", "numero": "220", "tipo__sigla": "PL", "tipo__descricao": "Projeto de Lei", "autoria": "", "texto_original": "http://sapl.esteio.rs.leg.br/media/./sapl/public/materialegislativa/2015/3702/3702_texto_integral.pdf", "ementa": "AUTORIZA A ABERTURA DE CR\u00c9DITO SUPLEMENTAR NO OR\u00c7AMENTO DA ADMINISTRA\u00c7\u00c3O DIRETA DO MUNIC\u00cdPIO DE ESTEIO."}, {"id": "2860", "ano": "2015", "numero": "66", "tipo__sigla": "PLO", "tipo__descricao": "Projeto de Lei Ordin\u00e1ria", "autoria": "Executivo Municipal", "texto_original": "http://sapl.esteio.rs.leg.br/media/./sapl/public/materialegislativa/2015/2860/2860_texto_integral.doc", "ementa": "AUTORIZA O PODER EXECUTIVO MUNICIPAL A CELEBRAR ACORDO JUDICIAL NOS PROCESSOS PROVENIENTES DAS ENCHENTES OCORRIDAS NOS ANOS DE 2013 E 2014, ABERTURA DE CR\u00c9DITO ESPECIAL E D\u00c1 OUTRAS PROVID\u00caNCIAS"}, {"id": "2861", "ano": "2015", "numero": "67", "tipo__sigla": "PLO", "tipo__descricao": "Projeto de Lei Ordin\u00e1ria", "autoria": "Executivo Municipal", "texto_original": "http://sapl.esteio.rs.leg.br/media/./sapl/public/materialegislativa/2015/2861/2861_texto_integral.doc", "ementa": "ALTERA A LEI MUNICIPAL N\u00ba 5.753, DE 15 DE AGOSTO DE 2013"}, {"id": "2862", "ano": "2015", "numero": "68", "tipo__sigla": "PLO", "tipo__descricao": "Projeto de Lei Ordin\u00e1ria", "autoria": "Executivo Municipal", "texto_original": "http://sapl.esteio.rs.leg.br/media/./sapl/public/materialegislativa/2015/2862/2862_texto_integral.doc", "ementa": "ALTERA A LEI MUNICIPAL N\u00ba 5.996, DE 01 DE OUTUBRO DE 2014"}, {"id": "2863", "ano": "2015", "numero": "72", "tipo__sigla": "PLO", "tipo__descricao": "Projeto de Lei Ordin\u00e1ria", "autoria": "Executivo Municipal", "texto_original": "http://sapl.esteio.rs.leg.br/media/./sapl/public/materialegislativa/2015/2863/2863_texto_integral.doc", "ementa": "CONCEDE REVIS\u00c3O GERAL AOS SERVIDORES MUNICIPAIS DA ADMINISTRA\u00c7\u00c3O DIRETA E D\u00c1 OUTRAS PROVID\u00caNCIAS"}, {"id": "2864", "ano": "2015", "numero": "73", "tipo__sigla": "PLO", "tipo__descricao": "Projeto de Lei Ordin\u00e1ria", "autoria": "Executivo Municipal", "texto_original": "http://sapl.esteio.rs.leg.br/media/./sapl/public/materialegislativa/2015/2864/2864_texto_integral.doc", "ementa": "AUTORIZA A ABERTURA DE CR\u00c9DITO ESPECIAL NO OR\u00c7AMENTO DA ADMINISTRA\u00c7\u00c3O DIRETA DO MUNIC\u00cdPIO E D\u00c1 OUTRAS PROVID\u00caNCIAS."}, {"id": "2896", "ano": "2015", "numero": "74", "tipo__sigla": "PLO", "tipo__descricao": "Projeto de Lei Ordin\u00e1ria", "autoria": "Executivo Municipal", "texto_original": "http://sapl.esteio.rs.leg.br/media/./sapl/public/materialegislativa/2015/2896/2896_texto_integral.doc", "ementa": "CONCEDE REVIS\u00c3O DE SUBS\u00cdDIOS DOS VEREADORES DA C\u00c2MARA MUNICIPAL DE ESTEIO"}, {"id": "2895", "ano": "2015", "numero": "75", "tipo__sigla": "PLO", "tipo__descricao": "Projeto de Lei Ordin\u00e1ria", "autoria": "Executivo Municipal", "texto_original": "http://sapl.esteio.rs.leg.br/media/./sapl/public/materialegislativa/2015/2895/2895_texto_integral.doc", "ementa": "CONCEDE REVIS\u00c3O DE SUBS\u00cdDIOS DO PREFEITO, VICE-PREFEITO E DOS SECRET\u00c1RIOS DO MUNIC\u00cdPIO DE ESTEIO"}, {"id": "2891", "ano": "2015", "numero": "76", "tipo__sigla": "PLO", "tipo__descricao": "Projeto de Lei Ordin\u00e1ria", "autoria": "Legislativo Municipal", "texto_original": "http://sapl.esteio.rs.leg.br/media/./sapl/public/materialegislativa/2015/2891/2891_texto_integral.doc", "ementa": "CONCEDE REAJUSTE NOS VENCIMENTOS DOS SERVIDORES DA C\u00c2MARA MUNICIPAL DE ESTEIO E D\u00c1 OUTRAS PROVID\u00caNCIAS"}, {"id": "2894", "ano": "2015", "numero": "77", "tipo__sigla": "PLO", "tipo__descricao": "Projeto de Lei Ordin\u00e1ria", "autoria": "Executivo Municipal", "texto_original": "http://sapl.esteio.rs.leg.br/media/./sapl/public/materialegislativa/2015/2894/2894_texto_integral.doc", "ementa": "AUTORIZA A ABERTURA DE CR\u00c9DITO ESPECIAL NO OR\u00c7AMENTO DA ADMINISTRA\u00c7\u00c3O DIRETA DO MUNIC\u00cdPIO DE ESTEIO"}, {"id": "2893", "ano": "2015", "numero": "78", "tipo__sigla": "PLO", "tipo__descricao": "Projeto de Lei Ordin\u00e1ria", "autoria": "Executivo Municipal", "texto_original": "http://sapl.esteio.rs.leg.br/media/./sapl/public/materialegislativa/2015/2893/2893_texto_integral.doc", "ementa": "ALTERA A LEI MUNICIPAL N\u00ba 5.753, DE 15 DE AGOSTO DE 2013"}, {"id": "2892", "ano": "2015", "numero": "79", "tipo__sigla": "PLO", "tipo__descricao": "Projeto de Lei Ordin\u00e1ria", "autoria": "Executivo Municipal", "texto_original": "http://sapl.esteio.rs.leg.br/media/./sapl/public/materialegislativa/2015/2892/2892_texto_integral.doc", "ementa": "ALTERA A LEI MUNICIPAL N\u00b0 5.996, DE 01 DE OUTUBRO DE 2014"}, {"id": "2897", "ano": "2015", "numero": "80", "tipo__sigla": "PLO", "tipo__descricao": "Projeto de Lei Ordin\u00e1ria", "autoria": "Executivo Municipal", "texto_original": "http://sapl.esteio.rs.leg.br/media/./sapl/public/materialegislativa/2015/2897/2897_texto_integral.doc", "ementa": "AUTORIZA A ABERTURA DE CR\u00c9DITO ESPECIAL NO OR\u00c7AMENTO DA ADMINISTRA\u00c7\u00c3O DIRETA DO MUNIC\u00cdPIO DE ESTEIO E D\u00c1 OUTRAS PROVID\u00caNCIAS"}, {"id": "2922", "ano": "2015", "numero": "83", "tipo__sigla": "PLO", "tipo__descricao": "Projeto de Lei Ordin\u00e1ria", "autoria": "Legislativo Municipal", "texto_original": "http://sapl.esteio.rs.leg.br/media/./sapl/public/materialegislativa/2015/2922/2922_texto_integral.doc", "ementa": "ACRESCE O INCISO XI (ONZE) AO ART. 154 DA LEI COMPLEMENTAR MUNICIPAL N\u00ba 5.231, DE 26 DE JANEIRO DE 2011"}, {"id": "2939", "ano": "2015", "numero": "85", "tipo__sigla": "PLO", "tipo__descricao": "Projeto de Lei Ordin\u00e1ria", "autoria": "Executivo Municipal", "texto_original": "http://sapl.esteio.rs.leg.br/media/./sapl/public/materialegislativa/2015/2939/2939_texto_integral.doc", "ementa": "ALTERA A LEI MUNICIPAL N\u00b0 5.753, DE 15 DE AGOSTO DE 2013"}, {"id": "2940", "ano": "2015", "numero": "86", "tipo__sigla": "PLO", "tipo__descricao": "Projeto de Lei Ordin\u00e1ria", "autoria": "Executivo Municipal", "texto_original": "http://sapl.esteio.rs.leg.br/media/./sapl/public/materialegislativa/2015/2940/2940_texto_integral.doc", "ementa": "ALTERA A LEI MUNICIPAL N\u00b0 5.996, DE 01 DE OUTUBRO DE 2014"}, {"id": "2941", "ano": "2015", "numero": "87", "tipo__sigla": "PLO", "tipo__descricao": "Projeto de Lei Ordin\u00e1ria", "autoria": "Executivo Municipal", "texto_original": "http://sapl.esteio.rs.leg.br/media/./sapl/public/materialegislativa/2015/2941/2941_texto_integral.doc", "ementa": "AUTORIZA A ABERTURA DE CR\u00c9DITO ESPECIAL NO OR\u00c7AMENTO DA ADMINISTRA\u00c7\u00c3O DIRETA DO MUNIC\u00cdPIO DE ESTEIO"}, {"id": "2921", "ano": "2015", "numero": "88", "tipo__sigla": "PLO", "tipo__descricao": "Projeto de Lei Ordin\u00e1ria", "autoria": "Legislativo Municipal", "texto_original": "http://sapl.esteio.rs.leg.br/media/./sapl/public/materialegislativa/2015/2921/2921_texto_integral.doc", "ementa": "AUTORIZA A CONCESS\u00c3O DE SUBVEN\u00c7\u00c3O SOCIAL \u00c0 ENTIDADE INSTITUTO ESTRELA DO SUL, VISANDO \u00c0 REALIZA\u00c7\u00c3O DO 1\u00ba RODEIO FENASUL"}, {"id": "2942", "ano": "2015", "numero": "89", "tipo__sigla": "PLO", "tipo__descricao": "Projeto de Lei Ordin\u00e1ria", "autoria": "Executivo Municipal", "texto_original": "http://sapl.esteio.rs.leg.br/media/./sapl/public/materialegislativa/2015/2942/2942_texto_integral.doc", "ementa": "ALTERA A LEI MUNICIPAL N\u00b0 5.753, DE 15 DE AGOSTO DE 2013"}, {"id": "2943", "ano": "2015", "numero": "90", "tipo__sigla": "PLO", "tipo__descricao": "Projeto de Lei Ordin\u00e1ria", "autoria": "Executivo Municipal", "texto_original": "http://sapl.esteio.rs.leg.br/media/./sapl/public/materialegislativa/2015/2943/2943_texto_integral.doc", "ementa": "ALTERA A LEI MUNICIPAL N\u00b0 5.996, DE 01 DE OUTUBRO DE 2014"}, {"id": "2944", "ano": "2015", "numero": "91", "tipo__sigla": "PLO", "tipo__descricao": "Projeto de Lei Ordin\u00e1ria", "autoria": "Executivo Municipal", "texto_original": "http://sapl.esteio.rs.leg.br/media/./sapl/public/materialegislativa/2015/2944/2944_texto_integral.doc", "ementa": "AUTORIZA A ABERTURA DE CR\u00c9DITO ESPECIAL NO OR\u00c7AMENTO DA ADMINISTRA\u00c7\u00c3O DIRETA DO MUNIC\u00cdPIO DE ESTEIO"}, {"id": "2938", "ano": "2015", "numero": "92", "tipo__sigla": "PLO", "tipo__descricao": "Projeto de Lei Ordin\u00e1ria", "autoria": "Executivo Municipal", "texto_original": "http://sapl.esteio.rs.leg.br/media/./sapl/public/materialegislativa/2015/2938/2938_texto_integral.doc", "ementa": "AUTORIZA A ABERTURA DE CR\u00c9DITO SUPLEMENTAR NO OR\u00c7AMENTO DA ADMINISTRA\u00c7\u00c3O DIRETA DO MUNICIPIO DE ESTEIO"}, {"id": "2945", "ano": "2015", "numero": "93", "tipo__sigla": "PLO", "tipo__descricao": "Projeto de Lei Ordin\u00e1ria", "autoria": "Executivo Municipal", "texto_original": "http://sapl.esteio.rs.leg.br/media/./sapl/public/materialegislativa/2015/2945/2945_texto_integral.doc", "ementa": "AUTORIZA A ABERTURA DE CR\u00c9DITO ESPECIAL NO OR\u00c7AMENTO DA ADMINISTRA\u00c7\u00c3O DIRETA DO MUNIC\u00cdPIO DE ESTEIO"}, {"id": "2946", "ano": "2015", "numero": "95", "tipo__sigla": "PLO", "tipo__descricao": "Projeto de Lei Ordin\u00e1ria", "autoria": "Executivo Municipal", "texto_original": "http://sapl.esteio.rs.leg.br/media/./sapl/public/materialegislativa/2015/2946/2946_texto_integral.doc", "ementa": "ALTERA A LEI MUNICIPAL N\u00b0 5.753, DE 15 DE AGOSTO DE 2013"}, {"id": "2947", "ano": "2015", "numero": "96", "tipo__sigla": "PLO", "tipo__descricao": "Projeto de Lei Ordin\u00e1ria", "autoria": "Executivo Municipal", "texto_original": "http://sapl.esteio.rs.leg.br/media/./sapl/public/materialegislativa/2015/2947/2947_texto_integral.doc", "ementa": "AUTORIZA A ABERTURA DE CR\u00c9DITO ESPECIAL NO OR\u00c7AMENTO DA ADMINISTRA\u00c7\u00c3O DIRETA DO MUNIC\u00cdPIO DE ESTEIO"}, {"id": "2948", "ano": "2015", "numero": "97", "tipo__sigla": "PLO", "tipo__descricao": "Projeto de Lei Ordin\u00e1ria", "autoria": "Executivo Municipal", "texto_original": "http://sapl.esteio.rs.leg.br/media/./sapl/public/materialegislativa/2015/2948/2948_texto_integral.doc", "ementa": "ALTERA A LEI MUNICIPAL N\u00b0 5.996, DE 01 DE OUTUBRO DE 2014."}, {"id": "2920", "ano": "2015", "numero": "98", "tipo__sigla": "PLO", "tipo__descricao": "Projeto de Lei Ordin\u00e1ria", "autoria": "Legislativo Municipal", "texto_original": "http://sapl.esteio.rs.leg.br/media/./sapl/public/materialegislativa/2015/2920/2920_texto_integral.doc", "ementa": "AUTORIZA A CONTRATA\u00c7\u00c3O DE PESSOAL POR TEMPO DETERMINADO PARA ATENDER \u00c0 NECESSIDADE TEMPOR\u00c1RIA DE EXCEPCIONAL INTERESSE P\u00daBLICO"}, {"id": "2963", "ano": "2015", "numero": "101", "tipo__sigla": "PLO", "tipo__descricao": "Projeto de Lei Ordin\u00e1ria", "autoria": "Executivo Municipal", "texto_original": "http://sapl.esteio.rs.leg.br/media/./sapl/public/materialegislativa/2015/2963/2963_texto_integral.doc", "ementa": "AUTORIZA O PODER EXECUTIVO MUNICIPAL A DESAFETAR E CONCEDER O USO DAS \u00c1REAS DE TERAS, BEM COMO AS DEPEND\u00caNCIAS F\u00cdSICAS E EQUIPAMENTOS DO CENTRO DE TRIAGEM DE RES\u00cdDUOS RECICL\u00c1VEIS DE SUA PROPRIEDADE EM PROL DA COOPERATIVA DE TRABALHO DE RECICLADORES DE ESTEIO &#8211; COOTRE E D\u00c1 OUTRAS PROVID\u00caNCIAS"}, {"id": "2999", "ano": "2015", "numero": "103", "tipo__sigla": "PLO", "tipo__descricao": "Projeto de Lei Ordin\u00e1ria", "autoria": "Executivo Municipal", "texto_original": "http://sapl.esteio.rs.leg.br/media/./sapl/public/materialegislativa/2015/2999/2999_texto_integral.doc", "ementa": "AUTORIZA A ABERTURA DE CR\u00c9DITO SUPLEMENTAR NO OR\u00c7AMENTO DA ADMINISTRA\u00c7\u00c3O DIRETA DO MUNIC\u00cdPIO DE ESTEIO."}, {"id": "2997", "ano": "2015", "numero": "105", "tipo__sigla": "PLO", "tipo__descricao": "Projeto de Lei Ordin\u00e1ria", "autoria": "Executivo Municipal", "texto_original": "http://sapl.esteio.rs.leg.br/media/./sapl/public/materialegislativa/2015/2997/2997_texto_integral.doc", "ementa": "AUTORIZA A ABERTURA DE CR\u00c9DITO ESPECIAL NO OR\u00c7AMENTO DA ADMINISTRA\u00c7\u00c3O DIRETA DO MUNIC\u00cdPIO DE ESTEIO."}, {"id": "3000", "ano": "2015", "numero": "106", "tipo__sigla": "PLO", "tipo__descricao": "Projeto de Lei Ordin\u00e1ria", "autoria": "Executivo Municipal", "texto_original": "http://sapl.esteio.rs.leg.br/media/./sapl/public/materialegislativa/2015/3000/3000_texto_integral.doc", "ementa": "AUTORIZA A ABERTURA DE CR\u00c9DITO ESPECIAL NO OR\u00c7AMENTO DA ADMINISTRA\u00c7\u00c3O DIRETA DO MUNIC\u00cdPIO DE ESTEIO."}, {"id": "2998", "ano": "2015", "numero": "109", "tipo__sigla": "PLO", "tipo__descricao": "Projeto de Lei Ordin\u00e1ria", "autoria": "Executivo Municipal", "texto_original": "http://sapl.esteio.rs.leg.br/media/./sapl/public/materialegislativa/2015/2998/2998_texto_integral.doc", "ementa": "AUTORIZA A ABERTURA DE CR\u00c9DITO SUPLEMENTAR NO OR\u00c7AMENTO DA ADMINISTRA\u00c7\u00c3O DIRETA DO MUNIC\u00cdPIO DE ESTEIO."}, {"id": "2996", "ano": "2015", "numero": "113", "tipo__sigla": "PLO", "tipo__descricao": "Projeto de Lei Ordin\u00e1ria", "autoria": "Executivo Municipal", "texto_original": "http://sapl.esteio.rs.leg.br/media/./sapl/public/materialegislativa/2015/2996/2996_texto_integral.doc", "ementa": "AUTORIZA A CONTRATA\u00c7\u00c3O DE PESSOAL POR TEMPO DETERMINADO PARA ATENDER A NECESSIDADE TEMPOR\u00c1RIA DE EXCEPCIONAL INTERESSE P\u00daBLICO."}, {"id": "2965", "ano": "2015", "numero": "65", "tipo__sigla": "PLS", "tipo__descricao": "Projeto de Lei Substitutivo", "autoria": "Executivo Municipal", "texto_original": "http://sapl.esteio.rs.leg.br/media/./sapl/public/materialegislativa/2015/2965/2965_texto_integral.doc", "ementa": "ALTERA OS ARTIGOS 1\u00ba, 2\u00ba, 4\u00ba E 18\u00ba DA LEI MUNICIPAL N\u00ba 5.606 DE 13 DE DEZEMBRO DE 2012, QUE DISP\u00d5E SOBRE O ESTACIONAMENTO ROTATIVO PAGO NAS VIAS E LOGRADOUROS DO MUNIC\u00cdPIO DE ESTEIO"}, {"id": "661", "ano": "2015", "numero": "1", "tipo__sigla": "PRE", "tipo__descricao": "Projeto de Resolu\u00e7\u00e3o", "autoria": "Legislativo Municipal", "texto_original": "http://sapl.esteio.rs.leg.br/media/./sapl/public/materialegislativa/2015/661/661_texto_integral.doc", "ementa": "CRIA NA C\u00c2MARA MUNICIPAL DE ESTEIO A FRENTE PARLAMENTAR EM DEFESA DA FUNDA\u00c7\u00c3O DE SA\u00daDE P\u00daBLICA S\u00c3O CAMILO DE ESTEIO 100% SUS."}, {"id": "2519", "ano": "2015", "numero": "5", "tipo__sigla": "PRE", "tipo__descricao": "Projeto de Resolu\u00e7\u00e3o", "autoria": "Legislativo Municipal", "texto_original": "http://sapl.esteio.rs.leg.br/media/./sapl/public/materialegislativa/2015/2519/2519_texto_integral.doc", "ementa": "ALTERA O LOCAL DA SESS\u00c3O ORDIN\u00c1RIA DO DIA 23 DE ABRIL DO ANO CORRENTE"}, {"id": "2510", "ano": "2015", "numero": "6", "tipo__sigla": "PRE", "tipo__descricao": "Projeto de Resolu\u00e7\u00e3o", "autoria": "Legislativo Municipal", "texto_original": "http://sapl.esteio.rs.leg.br/media/./sapl/public/materialegislativa/2015/2510/2510_texto_integral.doc", "ementa": "ALTERA OS ARTIGOS 109, 113, 123, E 139, BEM COMO ATRIBUI NOVA DENOMINA\u00c7\u00c3O \u00c0 SE\u00c7\u00c3O II, DO T\u00cdTULO VIII, TODOS DO REGIMENTO INTERNO DA C\u00c2MARA MUNICIPAL DE ESTEIO"}, {"id": "2966", "ano": "2015", "numero": "7", "tipo__sigla": "PRE", "tipo__descricao": "Projeto de Resolu\u00e7\u00e3o", "autoria": "Executivo Municipal", "texto_original": "http://sapl.esteio.rs.leg.br/media/./sapl/public/materialegislativa/2015/2966/2966_texto_integral.doc", "ementa": "AUTORIZA O LEGISLATIVO A ADERIR AO DECRETO DO EXECUTIVO N\u00ba 5.324, DE 15 DE ABRIL DE 2015, QUE REGULAMENTA O SISTEMA DE REGISTRO DE PRE\u00c7OS"}, {"id": "3045", "ano": "2015", "numero": "8", "tipo__sigla": "PRE", "tipo__descricao": "Projeto de Resolu\u00e7\u00e3o", "autoria": "Legislativo Municipal", "texto_original": "http://sapl.esteio.rs.leg.br/media/./sapl/public/materialegislativa/2015/3045/3045_texto_integral.doc", "ementa": "MODIFICA OS ARTIGOS 89 E 100, AMBOS DO REGIMENTO INTERNO DA C\u00c2MARA MUNICIPAL DE ESTEIO"}, {"id": "3115", "ano": "2015", "numero": "9", "tipo__sigla": "PRE", "tipo__descricao": "Projeto de Resolu\u00e7\u00e3o", "autoria": "Legislativo Municipal", "texto_original": "http://sapl.esteio.rs.leg.br/media/", "ementa": "INSTITUI, NO \u00c2MBITO DA C\u00c2MARA MUNICIPAL DE ESTEIO, A SESS\u00c3O SOLENE EM HOMENAGEM AOS 75 ANOS DA PAR\u00d3QUIA IMACULADO CORA\u00c7\u00c3O DE MARIA"}, {"id": "3332", "ano": "2015", "numero": "10", "tipo__sigla": "PRE", "tipo__descricao": "Projeto de Resolu\u00e7\u00e3o", "autoria": "Legislativo Municipal", "texto_original": "http://sapl.esteio.rs.leg.br/media/./sapl/public/materialegislativa/2015/3332/3332_texto_integral.pdf", "ementa": "CRIA O MANUAL DE PROCEDIMENTOS PARA A DEPRECIA\u00c7\u00c3O DE BENS PATRIMONIAIS NO \u00c2MBITO DA ADMINISTRA\u00c7\u00c3O P\u00daBLICA DO PODER LEGISLATIVO MUNICIPAL DE ESTEIO E D\u00c1 OUTRAS PROVID\u00caNCIAS."}, {"id": "3091", "ano": "2015", "numero": "11", "tipo__sigla": "PRE", "tipo__descricao": "Projeto de Resolu\u00e7\u00e3o", "autoria": "Legislativo Municipal", "texto_original": "http://sapl.esteio.rs.leg.br/media/", "ementa": "ALTERA O LOCAL DA SESS\u00c3O ORDIN\u00c1RIA DO DIA 21 DE JULHO DE 2015, QUE SE REALIZAR\u00c1 NA CASA DE CULTURA LUFREDINA ARA\u00daJO GAYA, SITUADA NA RUA PADRE FELIPE, 900, NO MUN\u00cdCIPIO DE ESTEIO"}, {"id": "3110", "ano": "2015", "numero": "12", "tipo__sigla": "PRE", "tipo__descricao": "Projeto de Resolu\u00e7\u00e3o", "autoria": "Legislativo Municipal", "texto_original": "http://sapl.esteio.rs.leg.br/media/", "ementa": "ALTERA O LOCAL DAS SESS\u00d5ES ORDIN\u00c1RIAS DOS DIAS 28 DE JULHO E 04 DE AGOSTO DO CORRENTE ANO"}, {"id": "3163", "ano": "2015", "numero": "13", "tipo__sigla": "PRE", "tipo__descricao": "Projeto de Resolu\u00e7\u00e3o", "autoria": "Legislativo Municipal", "texto_original": "http://sapl.esteio.rs.leg.br/media/", "ementa": "ALTERA O LOCAL DA SESS\u00c3O ORDIN\u00c1RIA DO DIA 11 DE AGOSTO DO ANO CORRENTE"}, {"id": "3455", "ano": "2015", "numero": "15", "tipo__sigla": "PRE", "tipo__descricao": "Projeto de Resolu\u00e7\u00e3o", "autoria": "Leo Dahmer, Ari Zanoni, Leonardo Pascoal, Marcelo Kohlrausch", "texto_original": "http://sapl.esteio.rs.leg.br/media/./sapl/public/materialegislativa/2015/3455/3455_texto_integral.pdf", "ementa": "ACRESCENTA DISPOSITIVOS NA RESOLU\u00c7\u00c3O N\u00ba 609, DE 08 DE ABRIL DE 2009, QUE DISP\u00d5E ACERCA DA CONTRATA\u00c7\u00c3O DE ESTAGI\u00c1RIOS NO \u00c2MBITO DA C\u00c2MARA MUNICIPAL DE ESTEIO."}, {"id": "3666", "ano": "2015", "numero": "16", "tipo__sigla": "PRE", "tipo__descricao": "Projeto de Resolu\u00e7\u00e3o", "autoria": "CCJR - Constitui\u00e7\u00e3o, Justi\u00e7a e Reda\u00e7\u00e3o", "texto_original": "http://sapl.esteio.rs.leg.br/media/./sapl/public/materialegislativa/2015/3666/3666_texto_integral.pdf", "ementa": "MODIFICA O PAR\u00c1GRAFO DO ART. 98 DO REGIMENTO INTERNO DA C\u00c2MARA MUNICIPAL DE ESTEIO."}, {"id": "182", "ano": "2015", "numero": "1", "tipo__sigla": "REQ", "tipo__descricao": "Requerimento", "autoria": "Leonardo Pascoal", "texto_original": "http://sapl.esteio.rs.leg.br/media/./sapl/public/materialegislativa/2015/182/182_texto_integral.docx", "ementa": "SOLICITA ENVIO DO CRONOGRAMA ATUALIZADO DA OBRA DE RENATURALIZA\u00c7\u00c3O DO ARROIO SAPUCAIA, PREVENDO PRAZO DE CONCLUS\u00c3O, BEM COMO SEJA INFORMADO QUAIS RECURSOS ADICIONAIS SER\u00c3O UTILIZADOS PARA O T\u00c9RMINO DA MESMA, CONTIDO NO OF\u00cdCIO 905/14-SG DATADO DE 15/10/2014."}, {"id": "191", "ano": "2015", "numero": "5", "tipo__sigla": "REQ", "tipo__descricao": "Requerimento", "autoria": "Ari Zanoni", "texto_original": "http://sapl.esteio.rs.leg.br/media/./sapl/public/materialegislativa/2015/191/191_texto_integral.docx", "ementa": "SOLICITA \u00c0 AES SUL QUE REGULARIZEM O FORNECIMENTO DE ENERGIA EL\u00c9TRICA NA RUA ELVIS PRESLEY &#8211; PARQUE PRIMAVERA, ESTEIO."}, {"id": "198", "ano": "2015", "numero": "6", "tipo__sigla": "REQ", "tipo__descricao": "Requerimento", "autoria": "Ari Zanoni", "texto_original": "http://sapl.esteio.rs.leg.br/media/./sapl/public/materialegislativa/2015/198/198_texto_integral.docx", "ementa": "SOLICITA AO DNIT QUE PROVIDENCIE A MANUTEN\u00c7\u00c3O JUNTO \u00c0 PONTE DA DIVISA DOS MUNIC\u00cdPIOS CANOAS E ESTEIO."}, {"id": "202", "ano": "2015", "numero": "7", "tipo__sigla": "REQ", "tipo__descricao": "Requerimento", "autoria": "Jane Battistello", "texto_original": "http://sapl.esteio.rs.leg.br/media/./sapl/public/materialegislativa/2015/202/202_texto_integral.docx", "ementa": "SOLICITA AO 34\u00ba BPM QUE INTENSIFIQUE O POLICIAMENTO NAS PROXIMIDADES DA ANTIGA ASSOCIA\u00c7\u00c3O DE MORADORES DA H\u00cdPICA."}, {"id": "204", "ano": "2015", "numero": "9", "tipo__sigla": "REQ", "tipo__descricao": "Requerimento", "autoria": "Leonardo Pascoal", "texto_original": "http://sapl.esteio.rs.leg.br/media/./sapl/public/materialegislativa/2015/204/204_texto_integral.docx", "ementa": "SOLICITA \u00c0 SUPERINTEND\u00caNCIA DA CEF QUE PROVIDENCIE O ENVIO DE C\u00d3PIA DE TODO O PROCESSO REFERENTE AOS DOIS CONTRATOS QUE DIZEM RESPEITO \u00c0S OBRAS DE RENATURALIZA\u00c7\u00c3O DO ARROIO SAPUCAIA, INCLUINDO PROJETOS, LAUDOS E MEDI\u00c7\u00d5ES"}, {"id": "221", "ano": "2015", "numero": "27", "tipo__sigla": "REQ", "tipo__descricao": "Requerimento", "autoria": "Marcelo Kohlrausch", "texto_original": "http://sapl.esteio.rs.leg.br/media/./sapl/public/materialegislativa/2015/221/221_texto_integral.docx", "ementa": "SOLICITA \u00c0 AES SUL QUE SE DIGNE A INFORMAR O N\u00daMERO DE POSTES DE MADEIRA QUE FORAM SUBSTITU\u00cdDOS POR POSTES DE CONCRETO DURANTE OS ANOS DE 2013 E 2014 NO MUNIC\u00cdPIO DE ESTEIO."}, {"id": "265", "ano": "2015", "numero": "72", "tipo__sigla": "REQ", "tipo__descricao": "Requerimento", "autoria": "Felipe Costella", "texto_original": "http://sapl.esteio.rs.leg.br/media/./sapl/public/materialegislativa/2015/265/265_texto_integral.docx", "ementa": "C\u00d3PIA DO CONTRATO DE LOCA\u00c7\u00c3O DA TORRE DE VIDEOCIRURGIA, QUE EST\u00c1 EM USO NO BLOCO CIR\u00daRGICO."}, {"id": "264", "ano": "2015", "numero": "73", "tipo__sigla": "REQ", "tipo__descricao": "Requerimento", "autoria": "Felipe Costella", "texto_original": "http://sapl.esteio.rs.leg.br/media/./sapl/public/materialegislativa/2015/264/264_texto_integral.docx", "ementa": "QUE ESTUDE A POSSIBILIDADE DE REVER OS LIMITES M\u00c1XIMOS DE VELOCIDADE NAS PRINCIPAIS VIAS DE ESTEIO."}, {"id": "267", "ano": "2015", "numero": "74", "tipo__sigla": "REQ", "tipo__descricao": "Requerimento", "autoria": "Felipe Costella", "texto_original": "http://sapl.esteio.rs.leg.br/media/./sapl/public/materialegislativa/2015/267/267_texto_integral.docx", "ementa": "QUE SE DIGNE A INFORMAR O MOTIVO DA N\u00c3O ENTREGA DE CORRESPOND\u00caNCIAS NA RUA DAS ORQUIDEAS, CENTRO E RUA C, TR\u00caS MARIAS. "}, {"id": "270", "ano": "2015", "numero": "77", "tipo__sigla": "REQ", "tipo__descricao": "Requerimento", "autoria": "Leonardo Pascoal", "texto_original": "http://sapl.esteio.rs.leg.br/media/./sapl/public/materialegislativa/2015/270/270_texto_integral.docx", "ementa": "QUE FORNE\u00c7A AS INFORMA\u00c7\u00d5ES SOLICITADAS NO OF\u00cdCIO 676/13-SG, DATADO DE 16/07/2013 E AINDA N\u00c3O RESPONDIDO"}, {"id": "279", "ano": "2015", "numero": "78", "tipo__sigla": "REQ", "tipo__descricao": "Requerimento", "autoria": "Leonardo Pascoal", "texto_original": "http://sapl.esteio.rs.leg.br/media/./sapl/public/materialegislativa/2015/279/279_texto_integral.docx", "ementa": "A SOLICITA\u00c7\u00c3O CONTIDA NO OF\u00cdCIO 577/13-SG DE 18/06/2013, PARA QUE ENCAMINHE UMA RELA\u00c7\u00c3O DAS CARRO\u00c7AS E SIMILARES REGISTRADAS, EMPLACADAS E LICENCIADAS A PARTIR DA SAN\u00c7\u00c3O DA LEI MUNICIPAL N\u00b0 5.680, DE 11 DE ABRIL DE 2013."}, {"id": "273", "ano": "2015", "numero": "79", "tipo__sigla": "REQ", "tipo__descricao": "Requerimento", "autoria": "Leonardo Pascoal", "texto_original": "http://sapl.esteio.rs.leg.br/media/./sapl/public/materialegislativa/2015/273/273_texto_integral.docx", "ementa": "QUE FORNE\u00c7A AS INFORMA\u00c7\u00d5ES SOLICITADAS NO OF\u00cdCIO 631/13-SG, DATADO DE 02/07/2013 E AINDA N\u00c3O RESPONDIDO"}, {"id": "262", "ano": "2015", "numero": "80", "tipo__sigla": "REQ", "tipo__descricao": "Requerimento", "autoria": "Leonardo Pascoal", "texto_original": "http://sapl.esteio.rs.leg.br/media/./sapl/public/materialegislativa/2015/262/262_texto_integral.docx", "ementa": "A SOLICITA\u00c7\u00c3O CONTIDA NO OF\u00cdCIO N\u00b0 677/13-SG, DE 16/07/2013, PARA QUE INFORME QUAIS CONTRAPARTIDAS A PETROBRAS S.A. &#8211; REFINARIA ALBERTO PASQUALINI, OFERECE AO MUNIC\u00cdPIO DE ESTEIO A T\u00cdTULO DE COMPENSA\u00c7\u00c3O AMBIENTAL PELA POLUI\u00c7\u00d5ES ATMOSF\u00c9RICA CAUSADA NA CIDADE, CONTIDO NO OF\u00cdCIO N\u00b0 677/13-SG, DATADO EM 16/07/2013."}, {"id": "276", "ano": "2015", "numero": "81", "tipo__sigla": "REQ", "tipo__descricao": "Requerimento", "autoria": "Leonardo Pascoal", "texto_original": "http://sapl.esteio.rs.leg.br/media/./sapl/public/materialegislativa/2015/276/276_texto_integral.docx", "ementa": "EXCEL\u00caNCIA A SOLICITA\u00c7\u00c3O FEITA NO OF. N\u00ba 739, DE 30/07/2013, PARA QUE ENCAMINHE A ESTA CASA, NA FORMA DE PROJETO DE LEI, O ANTEPROJETO DE LEI, ANEXO, QUE &#8220;DISP\u00d5E SOBRE A PUBLICIDADE DOS ELEMENTOS QUE INSTRUAM AN\u00c1LISE DE REAJUSTES, REVIS\u00d5ES ORDIN\u00c1RIAS OU REVIS\u00d5ES EXTRAORDIN\u00c1RIAS DAS TARIFAS DE TRANSPORTE DA CIDADE E D\u00c1 OUTRAS PROVID\u00caNCIAS&#8221;. "}, {"id": "275", "ano": "2015", "numero": "82", "tipo__sigla": "REQ", "tipo__descricao": "Requerimento", "autoria": "Leonardo Pascoal", "texto_original": "http://sapl.esteio.rs.leg.br/media/./sapl/public/materialegislativa/2015/275/275_texto_integral.docx", "ementa": "A SOLICITA\u00c7\u00c3O PARA QUE ENCAMINHE A ESTA CASA, NA FORMA DE PROJETO DE LEI, O ANTEPROJETO DE LEI, ANEXO, QUE &#8220;DISP\u00d5E SOBRE O DESENVOLVIMENTO CIENT\u00cdFICO E TECNOL\u00d3GICO NO MUNIC\u00cdPIO DE ESTEIO, CRIA O CONSELHO MUNICIPAL DE CI\u00caNCIA E TECNOLOGIA DO MUNIC\u00cdPIO DE ESTEIO &#8211; CMCT, CRIA O FUNDO DE APOIO \u00c0 CI\u00caNCIA E TECNOLOGIA DO MUNICIPIO DE ESTEIO &#8211; FACITEC E D\u00c1 OUTRAS PROVID\u00caNCIAS&#8221;."}, {"id": "272", "ano": "2015", "numero": "83", "tipo__sigla": "REQ", "tipo__descricao": "Requerimento", "autoria": "Leonardo Pascoal", "texto_original": "http://sapl.esteio.rs.leg.br/media/./sapl/public/materialegislativa/2015/272/272_texto_integral.docx", "ementa": "A SOLICITA\u00c7\u00c3O CONTIDA NO OF\u00cdCIO N\u00ba 256/2014 DE 18/03/2014 E AINDA N\u00c3O RESPONDIDO, PARA INFORMAR QUAIS AS COMPENSA\u00c7\u00d5ES AMBIENTAIS E SOCIAIS EXIGIDAS DAS CONSTRUTORAS RESPONS\u00c1VEIS PELOS CONDOM\u00cdNIOS EM CONSTRU\u00c7\u00c3O NO MUNIC\u00cdPIO ATUALMENTE OU COM PROJETO APROVADO E C\u00d3PIA DOS DOCUMENTOS QUE COMPROVEM A SOLICITA\u00c7\u00c3O DE COMPENSA\u00c7\u00d5ES E ESTUDOS HIDROL\u00d3GICOS ELABORADOS PARA ESTES EMPREENDIMENTOS."}, {"id": "261", "ano": "2015", "numero": "84", "tipo__sigla": "REQ", "tipo__descricao": "Requerimento", "autoria": "Leonardo Pascoal", "texto_original": "http://sapl.esteio.rs.leg.br/media/./sapl/public/materialegislativa/2015/261/261_texto_integral.docx", "ementa": "UMA RELA\u00c7\u00c3O DETALHADA POR ESCOLA COM OS CUSTOS DE CORTE DE GRAMA E JARDINAGEM DAS INSTITUI\u00c7\u00d5ES DE ENSINO MUNICIPAIS DE ESTEIO, ESPECIFICANDO VALORES PAGOS EM 2014 E LISTA DE FORNECEDORES."}, {"id": "266", "ano": "2015", "numero": "87", "tipo__sigla": "REQ", "tipo__descricao": "Requerimento", "autoria": "Rafael Figliero", "texto_original": "http://sapl.esteio.rs.leg.br/media/./sapl/public/materialegislativa/2015/266/266_texto_integral.docx", "ementa": "O REPARO ASF\u00c1LTICO NA RUA TAQUARA, N\u00daMERO 736. "}, {"id": "289", "ano": "2015", "numero": "101", "tipo__sigla": "REQ", "tipo__descricao": "Requerimento", "autoria": "Felipe Costella", "texto_original": "http://sapl.esteio.rs.leg.br/media/./sapl/public/materialegislativa/2015/289/289_texto_integral.docx", "ementa": "MANIFESTA OS SINCEROS CUMPRIMENTOS \u00c0 VOSSA SENHORIA, PELA INICIATIVA DE TER DESTINADO O RECURSO FINANCEIRO NO VALOR DE R$ 300.000,00 (TREZENTOS MIL REAIS) ATRAV\u00c9S DE EMENDA PARLAMENTAR DO OR\u00c7AMENTO GERAL DA UNI\u00c3O DE 2015."}, {"id": "353", "ano": "2015", "numero": "106", "tipo__sigla": "REQ", "tipo__descricao": "Requerimento", "autoria": "CSMA - Sa\u00fade, Meio Ambiente e Assist\u00eancia Social", "texto_original": "http://sapl.esteio.rs.leg.br/media/./sapl/public/materialegislativa/2015/353/353_texto_integral.docx", "ementa": "QUE DISPONIBILIZE DATA E HOR\u00c1RIO EM SUA AGENDA PARA REUNI\u00c3O COM O OBJETIVO DE TRATAR DO ENVIO DE MEDICAMENTOS ESPECIAIS PARA O MUNICIPIO E DOS RECURSOS DA CONTRATUALIZA\u00c7\u00c3O DO ESTADO COM A FUNDA\u00c7\u00c3O DE SA\u00daDE P\u00daBLICA S\u00c3O CAMILO DE ESTEIO."}, {"id": "389", "ano": "2015", "numero": "107", "tipo__sigla": "REQ", "tipo__descricao": "Requerimento", "autoria": "Jane Battistello", "texto_original": "http://sapl.esteio.rs.leg.br/media/./sapl/public/materialegislativa/2015/389/389_texto_integral.docx", "ementa": "SE O APARELHO DE VIDEOLAPAROSCOPIA PARA CIRURGIA EST\u00c1 EM USO, OU APRESENTA ALGUM PROBLEMA, BEM COMO, NOME E CRM DOS M\u00c9DICOS COM HABILITA\u00c7\u00c3O PARA OPERAR O APARELHO."}, {"id": "384", "ano": "2015", "numero": "108", "tipo__sigla": "REQ", "tipo__descricao": "Requerimento", "autoria": "Leonardo Pascoal", "texto_original": "http://sapl.esteio.rs.leg.br/media/./sapl/public/materialegislativa/2015/384/384_texto_integral.docx", "ementa": "QUE A RONDA POLICIAL DO BAIRRO SANTO IN\u00c1CIO, SOBRETUDO NA REGI\u00c3O EM TORNO DA PRA\u00c7A ILDO MENEGHETTI, TENHA COMO ROTA TAMB\u00c9M AS RUAS TRANSVERSAIS DO INTERIOR DO BAIRRO."}, {"id": "378", "ano": "2015", "numero": "109", "tipo__sigla": "REQ", "tipo__descricao": "Requerimento", "autoria": "", "texto_original": "http://sapl.esteio.rs.leg.br/media/./sapl/public/materialegislativa/2015/378/378_texto_integral.docx", "ementa": "QUE SE DIGNE A INFORMAR, QUE A\u00c7\u00d5ES EST\u00c3O SENDO REALIZADAS NAS RUAS RECENTEMENTE ASFALTADAS DA REGI\u00c3O DENOMINADA CONC\u00d3RDIA, NO BAIRRO JARDIM PLANALTO, POIS AS MESMAS EST\u00c3O ABERTAS EM SUA TOTALIDADE. E SOLICITO AINDA, O ENVIO DE CRONOGRAMA DAS REFERIDAS OBRAS."}, {"id": "370", "ano": "2015", "numero": "110", "tipo__sigla": "REQ", "tipo__descricao": "Requerimento", "autoria": "Leonardo Pascoal", "texto_original": "http://sapl.esteio.rs.leg.br/media/./sapl/public/materialegislativa/2015/370/370_texto_integral.docx", "ementa": "QUE SE DIGNE ENCAMINHAR, UMA RELA\u00c7\u00c3O COM TODOS OS CUSTOS QUE O MUNIC\u00cdPIO DE ESTEIO TER\u00c1 COM A ORGANIZA\u00c7\u00c3O DAS COMEMORA\u00c7\u00d5ES DO ANIVERS\u00c1RIO DE 60 ANOS DA CIDADE, A SEREM REALIZADAS DE 27 DE FEVEREIRO A 13 DE MAR\u00c7O DE 2015, INCLUINDO CACH\u00ca DAS BANDAS, ESTRUTURAS E DEMAIS GASTOS DOS EVENTOS."}, {"id": "366", "ano": "2015", "numero": "112", "tipo__sigla": "REQ", "tipo__descricao": "Requerimento", "autoria": "Michele Pereira", "texto_original": "http://sapl.esteio.rs.leg.br/media/./sapl/public/materialegislativa/2015/366/366_texto_integral.docx", "ementa": "QUE SE DIGNE A INFORMAR, QUAL O CRONOGRAMA PARA A DESOBSTRU\u00c7\u00c3O DAS REDES DE ESGOTO NOS BAIRROS S\u00c3O SEBASTI\u00c3O, CENTRO E NA BR 116, BEM COMO, EM QUAL BAIRRO AS EQUIPES EST\u00c3O REALIZANDO O TRABALHO. "}, {"id": "386", "ano": "2015", "numero": "113", "tipo__sigla": "REQ", "tipo__descricao": "Requerimento", "autoria": "Rafael Figliero", "texto_original": "http://sapl.esteio.rs.leg.br/media/./sapl/public/materialegislativa/2015/386/386_texto_integral.docx", "ementa": "O REPARO NO ASFALTO NA RUA DOS FERROVI\u00c1RIOS, 162."}, {"id": "528", "ano": "2015", "numero": "129", "tipo__sigla": "REQ", "tipo__descricao": "Requerimento", "autoria": "Leonardo Pascoal", "texto_original": "http://sapl.esteio.rs.leg.br/media/./sapl/public/materialegislativa/2015/528/528_texto_integral.docx", "ementa": "QUE SE DIGNE A INFORMAR OS MOTIVOS QUE LEVARAM O CONV\u00caNIO 813177/2014, CELEBRADO COM O MINIST\u00c9RIO DA SA\u00daDE, A FICAR COM A SITUA\u00c7\u00c3O DE &#8220;CL\u00c1USULA SUSPENSIVA&#8221;, BEM COMO QUE MEDIDAS SER\u00c3O ADOTADAS PARA REVERTER ESTA SITUA\u00c7\u00c3O."}, {"id": "541", "ano": "2015", "numero": "130", "tipo__sigla": "REQ", "tipo__descricao": "Requerimento", "autoria": "Leonardo Pascoal", "texto_original": "http://sapl.esteio.rs.leg.br/media/./sapl/public/materialegislativa/2015/541/541_texto_integral.docx", "ementa": "QUE SE DIGNE A INFORMAR QUAL A SITUA\u00c7\u00c3O ATUALIZADA DOS PLANOS DE PREVEN\u00c7\u00c3O E COMBATE A INC\u00caNDIOS DE CADA UMA DAS INSTITUI\u00c7\u00d5ES DE ENSINO DA REDE MUNICIPAL DE ESTEIO."}, {"id": "548", "ano": "2015", "numero": "131", "tipo__sigla": "REQ", "tipo__descricao": "Requerimento", "autoria": "Marcelo Kohlrausch", "texto_original": "http://sapl.esteio.rs.leg.br/media/./sapl/public/materialegislativa/2015/548/548_texto_integral.docx", "ementa": "QUE REALIZE A MANUTEN\u00c7\u00c3O DA CAIXA DE ESGOTO SANIT\u00c1RIO SITUADA NA AVENIDA PADRE CLARET, 372 E  RUA SENADOR SALGADO FILHO, PR\u00d3XIMO AO N\u00daMERO 1311, ONDE O ASFALTO SOBRE A CANALIZA\u00c7\u00c3O LIGADA \u00c0 CAIXA DE ESGOTO SANIT\u00c1RIA QUE CRUZA A REFERIDA VIA P\u00daBLICA EST\u00c1 AFUNDANDO."}, {"id": "644", "ano": "2015", "numero": "132", "tipo__sigla": "REQ", "tipo__descricao": "Requerimento", "autoria": "Marcelo Kohlrausch", "texto_original": "http://sapl.esteio.rs.leg.br/media/./sapl/public/materialegislativa/2015/644/644_texto_integral.docx", "ementa": "QUE ESTUDE A POSSIBILIDADE DE IMPLANTAR O RECICLE MAIS, PAGUE MENOS, EM ESTEIO, O PROJETO REVERTE \u00c0 TROCA DE MATERIAL RECICLADO POR CR\u00c9DITOS NA CONTA DE LUZ. "}, {"id": "862", "ano": "2015", "numero": "145", "tipo__sigla": "REQ", "tipo__descricao": "Requerimento", "autoria": "Ari Zanoni", "texto_original": "http://sapl.esteio.rs.leg.br/media/./sapl/public/materialegislativa/2015/862/862_texto_integral.docx", "ementa": " A NOTIFICA\u00c7\u00c3O DO PROPRIET\u00c1RIO/RESPONS\u00c1VEL PELO IM\u00d3VEL SITUADO NA RUA BUENOS AIRES, EM FRENTE AO N\u00ba 184 PARA LIMPEZA, CERCAMENTO, CONSTRU\u00c7\u00c3O DO PASSEIO P\u00daBLICO E MANUTEN\u00c7\u00c3O DO TERRENO QUE EST\u00c1 COM MATO ALTO, AC\u00daMULO DE LIXO E PROLIFERA\u00c7\u00c3O DE INSETOS."}, {"id": "864", "ano": "2015", "numero": "147", "tipo__sigla": "REQ", "tipo__descricao": "Requerimento", "autoria": "Leonardo Pascoal", "texto_original": "http://sapl.esteio.rs.leg.br/media/./sapl/public/materialegislativa/2015/864/864_texto_integral.docx", "ementa": "QUE SE DIGNE A FORNECER C\u00d3PIA DOS COMPROVANTES DE ESCOLARIDADE DE TODOS OS SERVIDORES DA ADMINISTRA\u00c7\u00c3O MUNICIPAL, QUE OCUPAM CARGOS EM COMISS\u00c3O."}, {"id": "900", "ano": "2015", "numero": "148", "tipo__sigla": "REQ", "tipo__descricao": "Requerimento", "autoria": "Marcelo Kohlrausch", "texto_original": "http://sapl.esteio.rs.leg.br/media/./sapl/public/materialegislativa/2015/900/900_texto_integral.docx", "ementa": "QUE REALIZA A MANUTEN\u00c7\u00c3O DA CANALIZA\u00c7\u00c3O JUNTO A RUA \u00c9RICO VER\u00cdSSIMO ESQUINA COM A RUA DONA ISABEL."}, {"id": "901", "ano": "2015", "numero": "149", "tipo__sigla": "REQ", "tipo__descricao": "Requerimento", "autoria": "Michele Pereira", "texto_original": "http://sapl.esteio.rs.leg.br/media/./sapl/public/materialegislativa/2015/901/901_texto_integral.docx", "ementa": "QUE FA\u00c7A O RECAPEAMENTO ASF\u00c1LTICO NA RUA LA SALLE, EM FRENTE AO N\u00daMERO 190, BAIRRO CENTRO. "}, {"id": "929", "ano": "2015", "numero": "173", "tipo__sigla": "REQ", "tipo__descricao": "Requerimento", "autoria": "Felipe Costella", "texto_original": "http://sapl.esteio.rs.leg.br/media/./sapl/public/materialegislativa/2015/929/929_texto_integral.docx", "ementa": "QUE SE DIGNE A INFORMAR ATRAV\u00c9S DE SUA SECRETARIA COMPETENTE, O MOTIVO DAS BRIGAS E DEMAIS INCIDENTES OCORRIDOS NO DIA DA MUAMBA NA AVENIDA DO CARNAVAL."}, {"id": "930", "ano": "2015", "numero": "174", "tipo__sigla": "REQ", "tipo__descricao": "Requerimento", "autoria": "Felipe Costella", "texto_original": "http://sapl.esteio.rs.leg.br/media/./sapl/public/materialegislativa/2015/930/930_texto_integral.docx", "ementa": "A CONTRATUALIZA\u00c7\u00c3O COM O ESTADO DO ANO DE 2013 COM AS METAS PARA 2014, E DO ANO DE 2014 COM AS METAS PARA 2015. ASSIM COMO, AS ESTAT\u00cdSTICAS DE MOVIMENTA\u00c7\u00c3O RELATIVAS AOS PROCEDIMENTOS EM GERAL NO ANO DE 2014 E NOS DOIS PRIMEIROS MESES DE 2015, CONFORME O SAME (SERVI\u00c7O DE ARQUIVO M\u00c9DICO E ESTAT\u00cdSTICO). "}, {"id": "931", "ano": "2015", "numero": "175", "tipo__sigla": "REQ", "tipo__descricao": "Requerimento", "autoria": "Felipe Costella", "texto_original": "http://sapl.esteio.rs.leg.br/media/./sapl/public/materialegislativa/2015/931/931_texto_integral.docx", "ementa": "UMA RELA\u00c7\u00c3O COM  TODOS OS OBSTETRAS VINCULADOS \u00c0 FUNDA\u00c7\u00c3O, EM QUE CONSTE A FORMA DE CONTRATO E CARGA HOR\u00c1RIA DESTES PROFISSIONAIS, ASSIM COMO O N\u00daMERO DE PARTOS E O  PROFISSIONAL QUE O REALIZOU."}, {"id": "934", "ano": "2015", "numero": "176", "tipo__sigla": "REQ", "tipo__descricao": "Requerimento", "autoria": "Felipe Costella", "texto_original": "http://sapl.esteio.rs.leg.br/media/./sapl/public/materialegislativa/2015/934/934_texto_integral.docx", "ementa": "O HIST\u00d3RICO DAS MANUTEN\u00c7\u00d5ES FEITAS PELA EMPRESA LOCADORA NA TORRE DE V\u00cdDEO CIR\u00daRGICA E  NOS EQUIPAMENTOS, DESDE A FIRMA\u00c7\u00c3O DO CONTRATO DE LOCA\u00c7\u00c3O N\u00ba 039/2014, EM JULHO DE 2014. ASSIM COMO, UMA RELA\u00c7\u00c3O DE VALORES DAS PE\u00c7AS QUE FORAM SUBSTITU\u00cdDAS EM DECORR\u00caNCIA DESSAS MANUTEN\u00c7\u00d5ES."}, {"id": "935", "ano": "2015", "numero": "177", "tipo__sigla": "REQ", "tipo__descricao": "Requerimento", "autoria": "Felipe Costella", "texto_original": "http://sapl.esteio.rs.leg.br/media/./sapl/public/materialegislativa/2015/935/935_texto_integral.docx", "ementa": "QUE INFORME UMA RELA\u00c7\u00c3O COM A M\u00c9DIA MENSAL DE CIRURGIAS REALIZADAS NO HOSPITAL COM A TORRE DE V\u00cdDEO."}, {"id": "936", "ano": "2015", "numero": "178", "tipo__sigla": "REQ", "tipo__descricao": "Requerimento", "autoria": "Felipe Costella", "texto_original": "http://sapl.esteio.rs.leg.br/media/./sapl/public/materialegislativa/2015/936/936_texto_integral.docx", "ementa": "O OR\u00c7AMENTO DE COMPRA DA TORRE DE V\u00cdDEO CIR\u00daRGICA, COM O VALOR DISCRIMINADO DE CADA ITEM QUE A COMP\u00d5E, CONFORME CONTRATO DE LOCA\u00c7\u00c3O N\u00ba 039/2014."}, {"id": "939", "ano": "2015", "numero": "179", "tipo__sigla": "REQ", "tipo__descricao": "Requerimento", "autoria": "Leonardo Pascoal", "texto_original": "http://sapl.esteio.rs.leg.br/media/./sapl/public/materialegislativa/2015/939/939_texto_integral.docx", "ementa": "QUE SE DIGNE A INFORMAR OS MOTIVOS QUE LEVARAM O CONV\u00caNIO 806949/2014, CELEBRADO COM O MINIST\u00c9RIO DO ESPORTE, A FICAR COM A SITUA\u00c7\u00c3O DE &#8220;CL\u00c1USULA SUSPENSIVA&#8221;, BEM COMO QUAIS MEDIDAS SER\u00c3O ADOTADAS PARA REVERTER ESTA SITUA\u00c7\u00c3O."}, {"id": "955", "ano": "2015", "numero": "180", "tipo__sigla": "REQ", "tipo__descricao": "Requerimento", "autoria": "Leonardo Pascoal", "texto_original": "http://sapl.esteio.rs.leg.br/media/./sapl/public/materialegislativa/2015/955/955_texto_integral.docx", "ementa": "C\u00d3PIA DO PROCESSO DE CONTRATA\u00c7\u00c3O DA EMPRESA ORANGE PRODUTORA PARA A REALIZA\u00c7\u00c3O DA FESTA DE ANIVERS\u00c1RIO DA CIDADE, BEM COMO C\u00d3PIA DOS RESPECTIVOS PAGAMENTOS REALIZADOS."}, {"id": "1184", "ano": "2015", "numero": "219", "tipo__sigla": "REQ", "tipo__descricao": "Requerimento", "autoria": "Jaime da Rosa", "texto_original": "http://sapl.esteio.rs.leg.br/media/./sapl/public/materialegislativa/2015/1184/1184_texto_integral.docx", "ementa": "QUE INFORME O MOTIVO DAS ELIMINA\u00c7\u00d5ES DE BROCAS DA ESQUINA DA AV. FREDERICO DAHNE E RUA OTELO ROSA E DA ESQUINA DAS RUAS CRIST\u00d3V\u00c3O COLOMBO, EM FRENTE AO N\u00ba 139 E BRAS\u00cdLIA SEREM PARALIZADAS SEM ESTAREM COMPLETAS."}, {"id": "1185", "ano": "2015", "numero": "220", "tipo__sigla": "REQ", "tipo__descricao": "Requerimento", "autoria": "Leonardo Pascoal", "texto_original": "http://sapl.esteio.rs.leg.br/media/./sapl/public/materialegislativa/2015/1185/1185_texto_integral.docx", "ementa": "QUE SE DIGNE  A INFORMAR, OS MOTIVOS  DE ALTERA\u00c7\u00c3O DO ITINER\u00c1RIO DAS LINHAS 2 E 4 DO TRANSPORTE COLETIVO DE ESTEIO."}, {"id": "1186", "ano": "2015", "numero": "221", "tipo__sigla": "REQ", "tipo__descricao": "Requerimento", "autoria": "Leonardo Pascoal", "texto_original": "http://sapl.esteio.rs.leg.br/media/./sapl/public/materialegislativa/2015/1186/1186_texto_integral.docx", "ementa": "QUE ENCAMINHE UM CRONOGRAMA COM OS SERVI\u00c7OS QUE SER\u00c3O EXECUTADOS PELA PREFEITURA  MUNIPAL NOS PR\u00d3XIMOS SEIS MESES PARA PROTE\u00c7\u00c3O E COMBATE A ENCHENTES, ASSINADO POR PROFISSIONAL HABILITADO, CONFORME ACORDO FIRMADO NOS AUTOS DO PROCESSO N\u00ba 014/1.14.0000627-4."}, {"id": "1366", "ano": "2015", "numero": "222", "tipo__sigla": "REQ", "tipo__descricao": "Requerimento", "autoria": "Marcelo Kohlrausch", "texto_original": "http://sapl.esteio.rs.leg.br/media/./sapl/public/materialegislativa/2015/1366/1366_texto_integral.docx", "ementa": "QUE DESIGNE MAIS POLICIAIS PARA O  MUNICIPIO DE ESTEIO."}, {"id": "1367", "ano": "2015", "numero": "223", "tipo__sigla": "REQ", "tipo__descricao": "Requerimento", "autoria": "Marcelo Kohlrausch", "texto_original": "http://sapl.esteio.rs.leg.br/media/", "ementa": "QUE INFORME A \u00daLTIMA VEZ QUE O DNIT (DEPARTAMENTO NACIONAL DE INFRAESTRUTURA DE TRANSPORTES) EXECUTOU A LIMPEZA DOS CONDUTOS DO RIO DOS SINOS AT\u00c9 A BR 448 DE SUA RESPONSABILIDADE, BEM COMO UM CRONOGRAMA DAS LIMPEZAS PREVISTAS."}, {"id": "1368", "ano": "2015", "numero": "224", "tipo__sigla": "REQ", "tipo__descricao": "Requerimento", "autoria": "Rafael Figliero", "texto_original": "http://sapl.esteio.rs.leg.br/media/", "ementa": "QUE REALIZE UM REPARO NO ASFALTO NA RUA URUGUAI, 300."}, {"id": "1712", "ano": "2015", "numero": "225", "tipo__sigla": "REQ", "tipo__descricao": "Requerimento", "autoria": "Ari Zanoni", "texto_original": "http://sapl.esteio.rs.leg.br/media/", "ementa": " A NOTIFICA\u00c7\u00c3O DO PROPRIET\u00c1RIO/RESPONS\u00c1VEL PELO IM\u00d3VEL SITUADO NA RUA CASTRO ALVES, AO LADO DO N\u00ba 1326 PARA LIMPEZA E MANUTEN\u00c7\u00c3O DO TERRENO BALDIO QUE EST\u00c1 COM AC\u00daMULO DE MATO E LIXO."}, {"id": "1713", "ano": "2015", "numero": "226", "tipo__sigla": "REQ", "tipo__descricao": "Requerimento", "autoria": "Leonardo Pascoal", "texto_original": "http://sapl.esteio.rs.leg.br/media/./sapl/public/materialegislativa/2015/1713/1713_texto_integral.docx", "ementa": "A INTENSIFICA\u00c7\u00c3O DA RONDA POLICIAL REALIZADA NO BAIRRO TAMANDAR\u00c9, SOBRETUDO NO ENTORNO DA UNIDADE B\u00c1SICA DE SA\u00daDE."}, {"id": "1716", "ano": "2015", "numero": "227", "tipo__sigla": "REQ", "tipo__descricao": "Requerimento", "autoria": "Leonardo Pascoal", "texto_original": "http://sapl.esteio.rs.leg.br/media/./sapl/public/materialegislativa/2015/1716/1716_texto_integral.docx", "ementa": "RELA\u00c7\u00c3O DETALHADA DOS MEDICAMENTOS QUE ESTIVERAM EM FALTA NA FARM\u00c1CIA B\u00c1SICA MUNICIPAL NO DECORRER DO ANO DE 2014, TANTO OS DE RESPONSABILIDADE DO ESTADO COMO DO MUNIC\u00cdPIO, BEM COMO O PER\u00cdODO DE FALTA DE CADA UM DELES."}, {"id": "1719", "ano": "2015", "numero": "228", "tipo__sigla": "REQ", "tipo__descricao": "Requerimento", "autoria": "Leonardo Pascoal", "texto_original": "http://sapl.esteio.rs.leg.br/media/./sapl/public/materialegislativa/2015/1719/1719_texto_integral.docx", "ementa": "QUE SE DIGNE  A INFORMAR QUAL O PROCEDIMENTO CORRETO PARA DESCARTAR PEQUENAS QUANTIDADES DE GRAMA, FOLHAS E SIMILARES E SE EXISTE ALGUMA PREVIS\u00c3O PARA QUE ESTE DESCARTE SEJA ACEITO NA COLETA SELETIVA OU ATRAV\u00c9S DE OUTRO MECANISMO DO SISTEMA DE RECOLHIMENTO DE LIXO DO MUNICIPIO."}, {"id": "1722", "ano": "2015", "numero": "229", "tipo__sigla": "REQ", "tipo__descricao": "Requerimento", "autoria": "Marcelo Kohlrausch", "texto_original": "http://sapl.esteio.rs.leg.br/media/./sapl/public/materialegislativa/2015/1722/1722_texto_integral.docx", "ementa": "QUE ASSIM QUE POSS\u00cdVEL, O PARQUE DE EXPOSI\u00c7\u00d5ES ASSIS BRASIL VOLTE A OPORTUNIZAR A ABERTURA DOS PORT\u00d5ES \u00c0 COMUNIDADE NOS FINS DE SEMANA, ASSIM COMO ESTABELECER O DIA 10 DE MAR\u00c7O, DATA ESPECIAL PARA COMEMORAR ESSA CONQUISTA COMUNIT\u00c1RIA E PROMOVER A\u00c7\u00d5ES CULTURAIS, SOCIAIS, ART\u00cdSTICAS, ARTESANAIS, MUSICAIS E ESPORTIVAS, COM O OBJETIVO DE QUE ESSE OPORTUNO PROJETO PASSE A SER PARTE DE UMA POL\u00cdTICA DE ESTADO E N\u00c3O APENAS DE GOVERNO."}, {"id": "1723", "ano": "2015", "numero": "230", "tipo__sigla": "REQ", "tipo__descricao": "Requerimento", "autoria": "Marcelo Kohlrausch", "texto_original": "http://sapl.esteio.rs.leg.br/media/./sapl/public/materialegislativa/2015/1723/1723_texto_integral.docx", "ementa": "QUE INFORME O N\u00daMERO DE A\u00c7\u00d5ES DESENCADEADAS OU SUBSIDIADAS PELO SERVI\u00c7O DE VIDEOMONITORAMENTO DA SECRETARIA MUNICIPAL DE MOBILIDADE E SEGURAN\u00c7A URBANA, DURANTE OS ANOS DE 2014 E 2015."}, {"id": "1731", "ano": "2015", "numero": "231", "tipo__sigla": "REQ", "tipo__descricao": "Requerimento", "autoria": "Marcelo Kohlrausch", "texto_original": "http://sapl.esteio.rs.leg.br/media/./sapl/public/materialegislativa/2015/1731/1731_texto_integral.docx", "ementa": "QUE INFORME O N\u00daMERO DE A\u00c7\u00d5ES DESENCADEADAS OU SUBSIDIADAS PELO SERVI\u00c7O DE VIDEOMONITORAMENTO DA SECRETARIA MUNICIPAL DE MOBILIDADE E SEGURAN\u00c7A URBANA, DURANTE OS ANOS DE 2014 E 2015."}, {"id": "1732", "ano": "2015", "numero": "232", "tipo__sigla": "REQ", "tipo__descricao": "Requerimento", "autoria": "Rafael Figliero", "texto_original": "http://sapl.esteio.rs.leg.br/media/./sapl/public/materialegislativa/2015/1732/1732_texto_integral.docx", "ementa": "QUE SE DIGNE A INFORMAR QUANTAS AG\u00caNCIAS FORAM FISCALIZADAS, NOTIFICADAS OU MULTADAS E SE MULTADAS, QUAL O VALOR DA ARRECADA\u00c7\u00c3O EM RAZ\u00c3O DO N\u00c3O CUMPRIMENTO DA LEI 5.911/2014, A QUAL SOLICITA AOS BANCOS PELO MENOS UM CAIXA ELETR\u00d4NICO COM ALTURA REDUZIDA POR AG\u00caNCIA, PARA PESSOAS COM BAIXA ESTATURA E CADEIRANTES."}, {"id": "1919", "ano": "2015", "numero": "253", "tipo__sigla": "REQ", "tipo__descricao": "Requerimento", "autoria": "Ari Zanoni", "texto_original": "http://sapl.esteio.rs.leg.br/media/./sapl/public/materialegislativa/2015/1919/1919_texto_integral.docx", "ementa": "QUE SE DIGNE A INFORMAR PORQUE A ESCOLA PEDACINHO DO C\u00c9U, NO JARDIM PLANALTO, EST\u00c1 OFERECENDO VAGAS SOMENTE PARA MEIO TURNO."}, {"id": "1920", "ano": "2015", "numero": "254", "tipo__sigla": "REQ", "tipo__descricao": "Requerimento", "autoria": "Jaime da Rosa", "texto_original": "http://sapl.esteio.rs.leg.br/media/./sapl/public/materialegislativa/2015/1920/1920_texto_integral.docx", "ementa": "QUE INFORME SE A ODONT\u00d3LOGA FABIANA DANTUR BATISTA CHAVES INTEGRA O QUADRO FUNCIONAL DESSA EMPRESA QUAL O REGIME DE TRABALHO, CARGA HOR\u00c1RIA E DIAS DA SEMANA EM QUE DESENVOLVE SUAS ATIVIDADES, BEM COMO A UNIDADE (CIDADE) EM QUE A PROFISSIONAL PRESTA ATENDIMENTO."}, {"id": "1921", "ano": "2015", "numero": "255", "tipo__sigla": "REQ", "tipo__descricao": "Requerimento", "autoria": "Marcelo Kohlrausch", "texto_original": "http://sapl.esteio.rs.leg.br/media/./sapl/public/materialegislativa/2015/1921/1921_texto_integral.docx", "ementa": "QUE ESTUDE A POSSIBILIDADE DE IMPLANTA\u00c7\u00c3O DO PROJETO &#8220;OUVIDORIA SUS&#8221; COM A FINALIDADE DE DAR TRANSPAR\u00caNCIA E FACILIDADE AO CIDAD\u00c3O NO ACESSO \u00c0S INFORMA\u00c7\u00d5ES. "}, {"id": "1955", "ano": "2015", "numero": "256", "tipo__sigla": "REQ", "tipo__descricao": "Requerimento", "autoria": "Marcelo Kohlrausch", "texto_original": "http://sapl.esteio.rs.leg.br/media/./sapl/public/materialegislativa/2015/1955/1955_texto_integral.docx", "ementa": "QUE SE DIGNE A INFORMAR SOBRE A POSSIBILIDADE DE FLEXIBILIZAR OS PRAZOS DO CONTRATO DAS OBRAS DE RENATURALIZA\u00c7\u00c3O DO ARROIO SAPUCAIA."}, {"id": "1959", "ano": "2015", "numero": "257", "tipo__sigla": "REQ", "tipo__descricao": "Requerimento", "autoria": "Rafael Figliero", "texto_original": "http://sapl.esteio.rs.leg.br/media/./sapl/public/materialegislativa/2015/1959/1959_texto_integral.docx", "ementa": "QUE SE DIGNE A INFORMAR, QUANDO FOI REALIZADA A \u00daLTIMA DEDETIZA\u00c7\u00c3O PARA O CONTROLE DE PRAGAS NO CEMIT\u00c9RIO MUNICIPAL DOIS DE NOVEMBRO."}, {"id": "2400", "ano": "2015", "numero": "273", "tipo__sigla": "REQ", "tipo__descricao": "Requerimento", "autoria": "Felipe Costella", "texto_original": "http://sapl.esteio.rs.leg.br/media/./sapl/public/materialegislativa/2015/2400/2400_texto_integral.docx", "ementa": "SOLICITA QUE INFORME O MOTIVO DA N\u00c3O ENTREGA DE CORRESPOND\u00caNCIAS NA RUA DAS ORQU\u00cdDEAS, CENTRO, E RUA C, TR\u00caS MARIAS."}, {"id": "2385", "ano": "2015", "numero": "274", "tipo__sigla": "REQ", "tipo__descricao": "Requerimento", "autoria": "Ari Zanoni", "texto_original": "http://sapl.esteio.rs.leg.br/media/./sapl/public/materialegislativa/2015/2385/2385_texto_integral.docx", "ementa": "SOLICITA QUE ENVIE A ESTA CASA, C\u00d3PIA DO CRONOGRAMA DE CORTE DE \u00c1RVORES EM ESTEIO PARA O ANO DE 2015."}, {"id": "2387", "ano": "2015", "numero": "275", "tipo__sigla": "REQ", "tipo__descricao": "Requerimento", "autoria": "Ari Zanoni", "texto_original": "http://sapl.esteio.rs.leg.br/media/./sapl/public/materialegislativa/2015/2387/2387_texto_integral.docx", "ementa": "SOLICITA RESPOSTA AO OF\u00cdCIO N\u00ba 1010/2014 DE 26 DE NOVEMBRO DE 2014, QUE TRATA DA PRESTA\u00c7\u00c3O DE CONTAS DA COPA DOS CAMPE\u00d5ES ANO 2014."}, {"id": "2386", "ano": "2015", "numero": "276", "tipo__sigla": "REQ", "tipo__descricao": "Requerimento", "autoria": "Ari Zanoni", "texto_original": "http://sapl.esteio.rs.leg.br/media/./sapl/public/materialegislativa/2015/2386/2386_texto_integral.docx", "ementa": "SOLICITA TROCA DE L\u00c2MPADA NOS SEGUINTES ENDERE\u00c7OS:\r\n1)\tRUA PADRE FELIPE COM FERNANDO FERRARI, EM FRENTE AO ED. KARLA;\r\n2)\tBECO 5, N\u00ba 34, VILA ESPERAN\u00c7A;\r\n3)\tESTRADA DO NAZ\u00c1RIO, N\u00ba 447."}, {"id": "2384", "ano": "2015", "numero": "277", "tipo__sigla": "REQ", "tipo__descricao": "Requerimento", "autoria": "Ari Zanoni", "texto_original": "http://sapl.esteio.rs.leg.br/media/./sapl/public/materialegislativa/2015/2384/2384_texto_integral.docx", "ementa": "SOLICITA A SUBSTITUI\u00c7\u00c3O DE UM POSTE DE ILUMINA\u00c7\u00c3O NA ESQUINA DA RUA ANA NERI COM A TRAVESSA ORIENTE."}, {"id": "2383", "ano": "2015", "numero": "278", "tipo__sigla": "REQ", "tipo__descricao": "Requerimento", "autoria": "Bia Lopes", "texto_original": "http://sapl.esteio.rs.leg.br/media/./sapl/public/materialegislativa/2015/2383/2383_texto_integral.docx", "ementa": "SOLICITA QUE INFORME SE EXISTE ALGUM PROCESSO EM ANDAMENTO SOBRE A ATUA\u00c7\u00c3O DA CONSELHEIRA FL\u00c1VIA."}, {"id": "2391", "ano": "2015", "numero": "279", "tipo__sigla": "REQ", "tipo__descricao": "Requerimento", "autoria": "CSDHD - Seguran\u00e7a P\u00fablica, Direitos Humanos e Defesa do Consumidor", "texto_original": "http://sapl.esteio.rs.leg.br/media/./sapl/public/materialegislativa/2015/2391/2391_texto_integral.docx", "ementa": "SOLICITA RELAT\u00d3RIO COMPLETO DOS REGISTROS DE FURTOS, ROUBOS, ASSALTOS, ROUBO DE VE\u00cdCULOS, ARROMBAMENTO, ASSASSINATOS E OUTRAS OCORR\u00caNCIAS NO \u00daLTIMO TRIMESTRE DO ANO EM CURSO, NO MUNIC\u00cdPIO DE ESTEIO."}, {"id": "2390", "ano": "2015", "numero": "281", "tipo__sigla": "REQ", "tipo__descricao": "Requerimento", "autoria": "Leonardo Pascoal", "texto_original": "http://sapl.esteio.rs.leg.br/media/./sapl/public/materialegislativa/2015/2390/2390_texto_integral.docx", "ementa": "SOLICITA A INTENSIFICA\u00c7\u00c3O DA RONDA POLICIAL NO BAIRRO NOVO ESTEIO."}, {"id": "2389", "ano": "2015", "numero": "282", "tipo__sigla": "REQ", "tipo__descricao": "Requerimento", "autoria": "Rafael Figliero", "texto_original": "http://sapl.esteio.rs.leg.br/media/./sapl/public/materialegislativa/2015/2389/2389_texto_integral.docx", "ementa": "SOLICITA QUE SE DIGNE A INFORMAR O PRAZO PARA O T\u00c9RMINO DAS OBRAS NA AV. \u00c9RICO VER\u00cdSSIMO, 427 (N\u00daMERO COMO REFER\u00caNCIA)."}, {"id": "2440", "ano": "2015", "numero": "291", "tipo__sigla": "REQ", "tipo__descricao": "Requerimento", "autoria": "Bia Lopes", "texto_original": "http://sapl.esteio.rs.leg.br/media/./sapl/public/materialegislativa/2015/2440/2440_texto_integral.docx", "ementa": "SOLICITA QUE CONVIDE AS SECRETARIAS DO SISME, SMEE, SMAD E CJ, PARA PARTICIPAR DE AUDI\u00caNCIA P\u00daBLICA SEM DATA PREVISTA. NA OPORTUNIDADE ESTUDAREMOS A REVIS\u00c3O DO PLANO DE CARREIRA DO MAGIST\u00c9RIO."}, {"id": "2445", "ano": "2015", "numero": "292", "tipo__sigla": "REQ", "tipo__descricao": "Requerimento", "autoria": "Bia Lopes", "texto_original": "http://sapl.esteio.rs.leg.br/media/./sapl/public/materialegislativa/2015/2445/2445_texto_integral.docx", "ementa": "SOLICITA QUE SE DIGNE A INFORMAR OS PROCEDIMENTOS QUE FORAM TOMADOS SOBRE A SITUA\u00c7\u00c3O DA ESCOLA BAIRRO DO PARQUE, AP\u00d3S TEMPORAL OCORRIDO EM DEZEMBRO DE 2014."}, {"id": "2449", "ano": "2015", "numero": "293", "tipo__sigla": "REQ", "tipo__descricao": "Requerimento", "autoria": "Michele Pereira", "texto_original": "http://sapl.esteio.rs.leg.br/media/./sapl/public/materialegislativa/2015/2449/2449_texto_integral.docx", "ementa": "SOLICITA QUE FA\u00c7A A MANUTEN\u00c7\u00c3O DA REDE DE ESGOTAMENTO SANIT\u00c1RIO E O RECAPEAMENTO ASF\u00c1LTICO NA AVENIDA HENRIQUE DE PAULA SILVEIRA, ESQUINA COM A RUA OLGA BEN\u00c1RIO PRESTES, BAIRRO SANTO IN\u00c1CIO."}, {"id": "2443", "ano": "2015", "numero": "296", "tipo__sigla": "REQ", "tipo__descricao": "Requerimento", "autoria": "Marcelo Kohlrausch", "texto_original": "http://sapl.esteio.rs.leg.br/media/./sapl/public/materialegislativa/2015/2443/2443_texto_integral.docx", "ementa": "SOLICITA QUE INFORME A RESPEITO DOS SEGUINTES ITENS:\r\nA)\tEM QUE FASE EST\u00c1 O PROJETO DE DRENAGEM DA AVENIDA CELINA KROEF JUNTO AO VIADUTO QUE LIGA A BR 448 AO MUNIC\u00cdPIO DE ESTEIO?\r\nB)\tQUANDO O REFERIDO VIADUTO SER\u00c1 CONCLU\u00cdDO? \r\nC)\tQUAL O MOTIVO PARA TAMANHO ATRASO?\r\nD)\tQUEM S\u00c3O OS RESPONS\u00c1VEIS PELA MOROSIDADE?"}, {"id": "2492", "ano": "2015", "numero": "316", "tipo__sigla": "REQ", "tipo__descricao": "Requerimento", "autoria": "Ari Zanoni", "texto_original": "http://sapl.esteio.rs.leg.br/media/./sapl/public/materialegislativa/2015/2492/2492_texto_integral.docx", "ementa": "ENCAMINHA ANTEPROJETO DE LEI QUE &#8220;DISP\u00d5E SOBRE O FUNCIONAMENTO DOS SEM\u00c1FOROS DO MUNIC\u00cdPIO DE ESTEIO E D\u00c1 OUTRAS PROVID\u00caNCIAS&#8221;, PARA QUE ESTUDE A POSSIBILIDADE DE TRANSFORM\u00c1-LO EM LEI MUNICIPAL."}, {"id": "2486", "ano": "2015", "numero": "317", "tipo__sigla": "REQ", "tipo__descricao": "Requerimento", "autoria": "Bia Lopes", "texto_original": "http://sapl.esteio.rs.leg.br/media/./sapl/public/materialegislativa/2015/2486/2486_texto_integral.docx", "ementa": "SOLICITA QUE INTENSIFIQUE A VIGIL\u00c2NCIA E SEGURAN\u00c7A NO BAIRRO NOVO ESTEIO."}, {"id": "2485", "ano": "2015", "numero": "318", "tipo__sigla": "REQ", "tipo__descricao": "Requerimento", "autoria": "Michele Pereira", "texto_original": "http://sapl.esteio.rs.leg.br/media/./sapl/public/materialegislativa/2015/2485/2485_texto_integral.docx", "ementa": "SOLICITA O RECAPEAMENTO ASF\u00c1LTICO NA RUA RIACHUELO, AO LADO DO N\u00daMERO 144, BAIRRO TAMANDAR\u00c9."}, {"id": "2498", "ano": "2015", "numero": "323", "tipo__sigla": "REQ", "tipo__descricao": "Requerimento", "autoria": "Ari Zanoni", "texto_original": "http://sapl.esteio.rs.leg.br/media/./sapl/public/materialegislativa/2015/2498/2498_texto_integral.docx", "ementa": "SOLICITA C\u00d3PIA DO CONTRATO FIRMADO ENTRE A FUNDA\u00c7\u00c3O HOSPITAL S\u00c3O CAMILO E FUNDA\u00c7\u00c3O HOSPITAL GET\u00daLIO VARGAS PARA DIRE\u00c7\u00c3O T\u00c9CNICA DA FUNDA\u00c7\u00c3O HOSPITAL S\u00c3O CAMILO."}, {"id": "2689", "ano": "2015", "numero": "338", "tipo__sigla": "REQ", "tipo__descricao": "Requerimento", "autoria": "Ari Zanoni", "texto_original": "http://sapl.esteio.rs.leg.br/media/./sapl/public/materialegislativa/2015/2689/2689_texto_integral.docx", "ementa": "SOLICITA AS SEGUINTES INFORMA\u00c7\u00d5ES:\r\n\r\n1) QUEM \u00c9 A EMPRESA RESPONS\u00c1VEL PELA REALIZA\u00c7\u00c3O DE FESTAS RAVE, NA \u00c1REA LOCALIZADA ATR\u00c1S DO PARQUE DE EXPOSI\u00c7\u00d5ES ASSIS BRASIL?\r\n2)  A \u00c1REA \u00c9 DE PROPRIEDADE DO MUNIC\u00cdPIO OU \u00c9 PARTICULAR?\r\n3) EM CASO DE \u00c1REA DO MUNIC\u00cdPIO, DE QUE FORMA ELA \u00c9 CEDIDA PARA A REALIZA\u00c7\u00c3O DESSAS FESTAS?\r\n4) SOLICITA AINDA C\u00d3PIA DO PLANO DE ORGANIZA\u00c7\u00c3O, ONDE DEVE CONSTAR A SEGURAN\u00c7A, CUIDADOS COM O MEIO AMBIENTE, COMBATE A INC\u00caNDIO, POT\u00caNCIA DE SOM ENTRE OUTROS ITENS A SEREM OBEDECIDOS EM EVENTOS DE GRANDE PORTE, A FIM DE CONTRIBUIR PELO BOM ANDAMENTO DA FESTA, SEM ATRAPALHAR O SOSSEGO P\u00daBLICO."}, {"id": "2693", "ano": "2015", "numero": "340", "tipo__sigla": "REQ", "tipo__descricao": "Requerimento", "autoria": "Leonardo Pascoal", "texto_original": "http://sapl.esteio.rs.leg.br/media/./sapl/public/materialegislativa/2015/2693/2693_texto_integral.docx", "ementa": "SOLICITA QUE INTENSIFIQUE A VIGIL\u00c2NCIA E SEGURAN\u00c7A JUNTO \u00c0 PASSARELA DA ESTA\u00c7\u00c3O ESTEIO DA TRENSURB, NO ACESSO AO BAIRRO NOVO ESTEIO, SOBRETUDO NO TURNO DA NOITE."}, {"id": "2695", "ano": "2015", "numero": "344", "tipo__sigla": "REQ", "tipo__descricao": "Requerimento", "autoria": "Leonardo Pascoal", "texto_original": "http://sapl.esteio.rs.leg.br/media/./sapl/public/materialegislativa/2015/2695/2695_texto_integral.docx", "ementa": "SOLICITA QUE SE DIGNE A INFORMAR QUAL A PREVIS\u00c3O DE FECHAMENTO DA RUA MONTEIRO LOBATO, NA ALTURA DA LINHA F\u00c9RREA, NO BAIRO NOVO ESTEIO."}, {"id": "2696", "ano": "2015", "numero": "345", "tipo__sigla": "REQ", "tipo__descricao": "Requerimento", "autoria": "Leonardo Pascoal", "texto_original": "http://sapl.esteio.rs.leg.br/media/./sapl/public/materialegislativa/2015/2696/2696_texto_integral.docx", "ementa": "SOLICITA QUE SE DIGNE A ENVIAR C\u00d3PIA DE TODOS OS CONTRATOS DE LOCA\u00c7\u00c3O DE VE\u00cdCULOS, FIRMADOS PELA PREFEITURA MUNICIPAL NOS ANOS DE 2013, 2014 E 2015."}, {"id": "2702", "ano": "2015", "numero": "348", "tipo__sigla": "REQ", "tipo__descricao": "Requerimento", "autoria": "Jaime da Rosa", "texto_original": "http://sapl.esteio.rs.leg.br/media/./sapl/public/materialegislativa/2015/2702/2702_texto_integral.docx", "ementa": "SOLICITA A ELIMINA\u00c7\u00c3O DE UMA BROCA LOCALIZADA NO PASSEIO P\u00daBLICO DA RUA PL\u00cdNIO SALGADO, EM FRENTE AO N\u00ba 389, BAIRRO JARDIM PLANALTO."}, {"id": "2700", "ano": "2015", "numero": "350", "tipo__sigla": "REQ", "tipo__descricao": "Requerimento", "autoria": "Leonardo Pascoal", "texto_original": "http://sapl.esteio.rs.leg.br/media/./sapl/public/materialegislativa/2015/2700/2700_texto_integral.docx", "ementa": "SOLICITA INFORMAR SE EXISTE ALGUMA PREVIS\u00c3O PARA ASFALTAMENTO DA RUA S\u00c3O JORGE, NO BAIRRO PARQUE PRIMAVERA."}, {"id": "2740", "ano": "2015", "numero": "358", "tipo__sigla": "REQ", "tipo__descricao": "Requerimento", "autoria": "Ari Zanoni", "texto_original": "http://sapl.esteio.rs.leg.br/media/./sapl/public/materialegislativa/2015/2740/2740_texto_integral.docx", "ementa": "SOLICITA A REVIS\u00c3O NA REDE DE ILUMINA\u00c7\u00c3O P\u00daBLICA DO BAIRRO NOVO ESTEIO, COMO POR EXEMPLO:\r\n\r\nA) NA RUA THEOBALDO SCH\u00dcLLER, N\u00daMERO 126, ESQUINA COM A RUA CLARICE LISPECTOR O POSTE FOI SUBSTITU\u00cdDO H\u00c1 MUITO TEMPO, POR\u00c9M N\u00c3O FOI LIGADO \u00c0 REDE;\r\n\r\nB) NO MESMO ENDERE\u00c7O, EM FRENTE AO N\u00daMERO 167, O POSTE EST\u00c1 TOTALMENTE DANIFICADO E SEM ILUMINA\u00c7\u00c3O, PRECISANDO SER SUBSTITU\u00cdDO PARA MELHOR SEGURAN\u00c7A DA COMUNIDADE."}, {"id": "2741", "ano": "2015", "numero": "359", "tipo__sigla": "REQ", "tipo__descricao": "Requerimento", "autoria": "Felipe Costella", "texto_original": "http://sapl.esteio.rs.leg.br/media/./sapl/public/materialegislativa/2015/2741/2741_texto_integral.docx", "ementa": "SOLICITA QUE ESTUDE A POSSIBILIDADE DE COLOCA\u00c7\u00c3O DE UMA ACADEMIA DE SA\u00daDE NA AV. ERNESTO DORNELLES (AVENIDA DO CARNAVAL), BAIRRO SANTO IN\u00c1CIO, NO MUNIC\u00cdPIO DE ESTEIO."}, {"id": "2827", "ano": "2015", "numero": "389", "tipo__sigla": "REQ", "tipo__descricao": "Requerimento", "autoria": "Leonardo Pascoal", "texto_original": "http://sapl.esteio.rs.leg.br/media/./sapl/public/materialegislativa/2015/2827/2827_texto_integral.docx", "ementa": "SOLICITA QUE SE DIGNE A INFORMAR SE EXISTE ALGUMA PREVIS\u00c3O DE INSTALA\u00c7\u00c3O DE REDE DE ILUMINA\u00c7\u00c3O NO CANTEIRO CENTRAL DA AV. SENADOR SALGADO FILHO."}, {"id": "2829", "ano": "2015", "numero": "391", "tipo__sigla": "REQ", "tipo__descricao": "Requerimento", "autoria": "Bia Lopes", "texto_original": "http://sapl.esteio.rs.leg.br/media/./sapl/public/materialegislativa/2015/2829/2829_texto_integral.docx", "ementa": "SOLICITA QUE INTENSIFIQUE A FISCALIZA\u00c7\u00c3O AOS ESTABELECIMENTOS COMERCIAS NA AV. ERNESTO DORNELES, BAIRRO SANTO IN\u00c1CIO."}, {"id": "2830", "ano": "2015", "numero": "392", "tipo__sigla": "REQ", "tipo__descricao": "Requerimento", "autoria": "Leonardo Pascoal", "texto_original": "http://sapl.esteio.rs.leg.br/media/./sapl/public/materialegislativa/2015/2830/2830_texto_integral.docx", "ementa": "ENCAMINHA AO EXECUTIVO C\u00d3PIA DA PROPOSI\u00c7\u00c3O E O ANTEPROJETO DE LEI QUE &#8220;DISP\u00d5E SOBRE A OBRIGATORIEDADE DE ADO\u00c7\u00c3O DE SOLU\u00c7\u00c3O T\u00c9CNICA PARA ADEQUA\u00c7\u00c3O DA SUPERF\u00cdCIE EM CASO DE INTERVEN\u00c7\u00c3O NO SISTEMA VI\u00c1RIO&#8221;, PARA QUE ESTUDE A POSSIBILIDADE DE ENVI\u00c1-LO A ESTA CASA LEGISLATIVA NA FORMA DE PROJETO DE LEI ORDIN\u00c1RIA."}, {"id": "2842", "ano": "2015", "numero": "408", "tipo__sigla": "REQ", "tipo__descricao": "Requerimento", "autoria": "Leonardo Pascoal", "texto_original": "http://sapl.esteio.rs.leg.br/media/./sapl/public/materialegislativa/2015/2842/2842_texto_integral.docx", "ementa": "QUE SE DIGNE A ENVIAR UM CRONOGRAMA COM OS SERVI\u00c7OS QUE SER\u00c3O EXECUTADOS PELA PREFEITURA MUNICIPAL DE ESTEIO NOS PR\u00d3XIMOS SEIS MESES PARA PROTE\u00c7\u00c3O E COMBATE A ENCHENTES, BEM COMO AQUELES REALIZADOS NOS \u00daLTIMOS TR\u00caS MESES, ASSINADO POR PROFISSIONAL HABILITADO, CONFORME ACORDO FIRMADO EM FEVEREIRO DE 2015 NOS AUTOS DO PROCESSO JUDICIAL N\u00b0 014/1.14.0000627-4."}, {"id": "2839", "ano": "2015", "numero": "409", "tipo__sigla": "REQ", "tipo__descricao": "Requerimento", "autoria": "Ari Zanoni", "texto_original": "http://sapl.esteio.rs.leg.br/media/./sapl/public/materialegislativa/2015/2839/2839_texto_integral.docx", "ementa": "ENCAMINHAR PROJETO DE LEI AO LEGISLATIVO MUNICIPAL COM REAJUSTE NO SAL\u00c1RIO DO CONSELHEIRO TUTELAR DE ESTEIO."}, {"id": "2841", "ano": "2015", "numero": "411", "tipo__sigla": "REQ", "tipo__descricao": "Requerimento", "autoria": "Michele Pereira", "texto_original": "http://sapl.esteio.rs.leg.br/media/./sapl/public/materialegislativa/2015/2841/2841_texto_integral.docx", "ementa": "O RECAPEAMENTO ASF\u00c1LTICO NA RUA BOM JESUS, EM FRENTE AO N\u00daMERO 140, BAIRRO S\u00c3O SEBASTI\u00c3O."}, {"id": "2840", "ano": "2015", "numero": "412", "tipo__sigla": "REQ", "tipo__descricao": "Requerimento", "autoria": "Marcelo Kohlrausch", "texto_original": "http://sapl.esteio.rs.leg.br/media/./sapl/public/materialegislativa/2015/2840/2840_texto_integral.docx", "ementa": "QUE AS LUMIN\u00c1RIAS DO PARQUE DE EXPOSI\u00c7\u00d5ES ASSIS BRASIL SEJAM PARCIALMENTE ACIONADAS, A FIM DE QUE HAJA ECONOMIA DE ENERGIA. "}, {"id": "2838", "ano": "2015", "numero": "413", "tipo__sigla": "REQ", "tipo__descricao": "Requerimento", "autoria": "Marcelo Kohlrausch", "texto_original": "http://sapl.esteio.rs.leg.br/media/./sapl/public/materialegislativa/2015/2838/2838_texto_integral.docx", "ementa": "ENCAMINHA A VOSSA EXCEL\u00caNCIA C\u00d3PIA DO REQUERIMENTO E O ANTEPROJETO DE LEI QUE &#8220;INSTITUI AS DIRETRIZES DE USO DAS VIAS P\u00daBLICAS E ESPA\u00c7O A\u00c9REO PELAS CONCESSION\u00c1RIAS DE SERVI\u00c7OS P\u00daBLICOS&#8221;, PARA QUE ESTUDE A POSSIBILIDADE DE ENVI\u00c1-LO A ESTA CASA LEGISLATIVA NA FORMA DE PROJETO DE LEI ORDIN\u00c1RIA."}, {"id": "2874", "ano": "2015", "numero": "434", "tipo__sigla": "REQ", "tipo__descricao": "Requerimento", "autoria": "Marcelo Kohlrausch", "texto_original": "http://sapl.esteio.rs.leg.br/media/./sapl/public/materialegislativa/2015/2874/2874_texto_integral.docx", "ementa": "QUE REVEJA A DECIS\u00c3O INFORMADA VIA OF\u00cdCIO DNIT N\u00ba 0808/2015, NA QUAL A OBRA DE ACESSO AO MUNIC\u00cdPIO DE ESTEIO PELA BR448/RS N\u00c3O \u00c9 VISTA COMO PRIORIDADE. "}, {"id": "2872", "ano": "2015", "numero": "436", "tipo__sigla": "REQ", "tipo__descricao": "Requerimento", "autoria": "Ari Zanoni", "texto_original": "http://sapl.esteio.rs.leg.br/media/./sapl/public/materialegislativa/2015/2872/2872_texto_integral.docx", "ementa": "QUE ESTUDE A POSSIBILIDADE DE MODIFICAR O PONTO DE \u00d4NIBUS DA AV. LUIZ PASTEUR ESQUINA COM A RUA ALEXANDRITA PARA A AV. LUIZ PASTEUR, ESQUINA COM A RUA AMETISTA &#8211; LOTEAMENTO CAMPOS DE ESTEIO, BAIRRO TR\u00caS MARIAS. "}, {"id": "2871", "ano": "2015", "numero": "437", "tipo__sigla": "REQ", "tipo__descricao": "Requerimento", "autoria": "Rafael Figliero", "texto_original": "http://sapl.esteio.rs.leg.br/media/./sapl/public/materialegislativa/2015/2871/2871_texto_integral.docx", "ementa": "O REBAIXAMENTO PARA ENTRADA DE VE\u00cdCULOS NA AV. DOM PEDRO, EM FRENTE AO N\u00b0588."}, {"id": "2910", "ano": "2015", "numero": "455", "tipo__sigla": "REQ", "tipo__descricao": "Requerimento", "autoria": "Marcelo Kohlrausch", "texto_original": "http://sapl.esteio.rs.leg.br/media/./sapl/public/materialegislativa/2015/2910/2910_texto_integral.docx", "ementa": "QUE SE DIGNE A INFORMAR SE HOUVE A CONSTRU\u00c7\u00c3O DE UM DIQUE PROVIS\u00d3RIO JUNTO \u00c0 \u00c1REA DO PARQUE DE EXPOSI\u00c7\u00c3O ASSIS BRASIL, CONFORME ANUNCIADO NO ANO PASSADO PELA ADMINISTRA\u00c7\u00c3O DO REFERIDO PARQUE E SE EXISTE ESTUDO SOBRE OS POSS\u00cdVEIS IMPACTOS AMBIENTAIS E HIDROL\u00d3GICOS."}, {"id": "2926", "ano": "2015", "numero": "471", "tipo__sigla": "REQ", "tipo__descricao": "Requerimento", "autoria": "Ari Zanoni", "texto_original": "http://sapl.esteio.rs.leg.br/media/./sapl/public/materialegislativa/2015/2926/2926_texto_integral.docx", "ementa": "UM ESTUDO A POSSIBILIDADE DE INSTALA\u00c7\u00c3O DE UMA LOMBADA OU OUTRA FORMA DE DISCIPLINAR O TR\u00c2NSITO NA AV. SENADOR SALGADO FILHO, CRUZAMENTO COM A RUA TRAVESSA GET\u00daLIO VARGAS. "}, {"id": "2925", "ano": "2015", "numero": "472", "tipo__sigla": "REQ", "tipo__descricao": "Requerimento", "autoria": "Ari Zanoni", "texto_original": "http://sapl.esteio.rs.leg.br/media/./sapl/public/materialegislativa/2015/2925/2925_texto_integral.docx", "ementa": "OS SEGUINTES DOCUMENTOS:\r\n\r\nA)\tRELA\u00c7\u00c3O DOS JOVENS FORMANDOS NO PROTEJO, COM NOME E ENDERE\u00c7O;\r\nB)\tC\u00d3PIA DOS CERTIFICADOS DE CONCLUS\u00c3O, COM RECIBO DE ENTREGA ASSINADO PELOS FORMANDOS;\r\nC)\tREGISTROS FOTOGR\u00c1FICOS DA FORMATURA DE GABINETE DOS JOVENS DO PROTEJO.\r\n"}, {"id": "2955", "ano": "2015", "numero": "485", "tipo__sigla": "REQ", "tipo__descricao": "Requerimento", "autoria": "Ari Zanoni", "texto_original": "http://sapl.esteio.rs.leg.br/media/./sapl/public/materialegislativa/2015/2955/2955_texto_integral.docx", "ementa": "QUE SE DIGNE A ENCAMINHAR A ESTA CASA LEGISLATIVA C\u00d3PIA DE TODAS AS ALTERA\u00c7\u00d5ES OCORRIDAS NO PROJETO DA AVENIDA BEIRA ARROIO AT\u00c9 O PRESENTE MOMENTO. "}, {"id": "2953", "ano": "2015", "numero": "486", "tipo__sigla": "REQ", "tipo__descricao": "Requerimento", "autoria": "Ari Zanoni", "texto_original": "http://sapl.esteio.rs.leg.br/media/./sapl/public/materialegislativa/2015/2953/2953_texto_integral.docx", "ementa": "QUE SE DIGNE A INFORMAR SE H\u00c1 PLANOS PARA FECHAMENTO DO POSTO DA BRIGADA MILITAR NA RUA PAULO PONTES, CAMPO DA AMAPLA, NO BAIRRO JARDIM PLANALTO. "}, {"id": "2978", "ano": "2015", "numero": "497", "tipo__sigla": "REQ", "tipo__descricao": "Requerimento", "autoria": "Rafael Figliero", "texto_original": "http://sapl.esteio.rs.leg.br/media/./sapl/public/materialegislativa/2015/2978/2978_texto_integral.docx", "ementa": "SOLICITA A AES SUL: A TROCA DO LOCAL DE FIXA\u00c7\u00c3O DO CABO DE A\u00c7O QUE AP\u00d3IA O POSTE LOCALIZADO NA AVENIDA PADRE CLARET AO LADO OPOSTO N\u00b0 1.745 NA CAL\u00c7ADA DA ESCOLA LA SALLE."}, {"id": "2979", "ano": "2015", "numero": "498", "tipo__sigla": "REQ", "tipo__descricao": "Requerimento", "autoria": "Bia Lopes", "texto_original": "http://sapl.esteio.rs.leg.br/media/./sapl/public/materialegislativa/2015/2979/2979_texto_integral.docx", "ementa": "SOLICITA AO EXECUTIVO: A COLOCA\u00c7\u00c3O DE UMA PLACA PROIBINDO O TR\u00c2NSITO DE CARGA PESADA, NA TRAVESSA 12 DE NOVEMBRO NO BAIRRO JARDIM DA FIGUEIRAS, EM SUAS EXTREMIDADES."}, {"id": "2985", "ano": "2015", "numero": "504", "tipo__sigla": "REQ", "tipo__descricao": "Requerimento", "autoria": "Marcelo Kohlrausch", "texto_original": "http://sapl.esteio.rs.leg.br/media/./sapl/public/materialegislativa/2015/2985/2985_texto_integral.docx", "ementa": "SOLICITA AO SUBSECRET\u00c1RIO DO PARQUE DE EXPOSI\u00c7\u00d5ES ASSIS BRASIL: A INSTALA\u00c7\u00c3O DE EXAUSTORES NO TELHADO DOS PAVILH\u00d5ES QUE ABRIGAM A SEMANA FARROUPILHA."}, {"id": "2986", "ano": "2015", "numero": "505", "tipo__sigla": "REQ", "tipo__descricao": "Requerimento", "autoria": "Marcelo Kohlrausch", "texto_original": "http://sapl.esteio.rs.leg.br/media/./sapl/public/materialegislativa/2015/2986/2986_texto_integral.docx", "ementa": "SOLICITA \u00c0 METROPLAN: QUE INFORME QUAIS A\u00c7\u00d5ES FORAM TOMADAS PELA FUNDA\u00c7\u00c3O A PARTIR DOS APONTAMENTOS CONTIDOS NOS ESTUDOS HIDROL\u00d3GICOS REFERENTES \u00c0 BR 448. "}, {"id": "2990", "ano": "2015", "numero": "510", "tipo__sigla": "REQ", "tipo__descricao": "Requerimento", "autoria": "Ari Zanoni, Marcelo Kohlrausch", "texto_original": "http://sapl.esteio.rs.leg.br/media/./sapl/public/materialegislativa/2015/2990/2990_texto_integral.docx", "ementa": "SOLICITA AO EXECUTIVO: QUE ENCAMINHE A ESTA CASA LEGISLATIVA, EXPEDIENTE ALTERANDO A LEI MUNICIPAL 5.588, DATADA DE 26/11/2012 E REVOGANDO A LEI MUNICIPAL N\u00ba 5.728 DATADA DE 21/06/2013."}, {"id": "2991", "ano": "2015", "numero": "511", "tipo__sigla": "REQ", "tipo__descricao": "Requerimento", "autoria": "Leonardo Pascoal", "texto_original": "http://sapl.esteio.rs.leg.br/media/./sapl/public/materialegislativa/2015/2991/2991_texto_integral.docx", "ementa": "SOLICITA AO EXECUTIVO: QUE INFORME SE EXISTE ALGUMA PREVIS\u00c3O DE INSTALA\u00c7\u00c3O DE COBERTURA NO CANTEIRO CENTRAL DA AVENIDA GOVERNADOR ERNESTO DORNELLES (AVENIDA DO CARNAVAL).\r\n"}, {"id": "2967", "ano": "2015", "numero": "515", "tipo__sigla": "REQ", "tipo__descricao": "Requerimento", "autoria": "Leonardo Pascoal", "texto_original": "http://sapl.esteio.rs.leg.br/media/./sapl/public/materialegislativa/2015/2967/2967_texto_integral.docx", "ementa": "QUE CEDA O IM\u00d3VEL DE PROPRIEDADE DO DAER &#8211; DEPARTAMENTO AUT\u00d4NOMO DE ESTRADAS E RODAGENS, NO QUAL EST\u00c1 SEDIADA A 1\u00aa SUPERINTEND\u00caNCIA REGIONAL DA AUTARQUIA, PARA O MUNIC\u00cdPIO DE ESTEIO, COM A FINALIDADE DE A PREFEITURA MUNICIPAL INSTALAR NO LOCAL UMA ESCOLA DE EDUCA\u00c7\u00c3O INFANTIL."}, {"id": "2995", "ano": "2015", "numero": "516", "tipo__sigla": "REQ", "tipo__descricao": "Requerimento", "autoria": "Ari Zanoni, Bia Lopes, Felipe Costella, Jaime da Rosa, Jane Battistello, Leo Dahmer, Leonardo Pascoal, Marcelo Kohlrausch, Michele Pereira, Rafael Figliero", "texto_original": "http://sapl.esteio.rs.leg.br/media/", "ementa": "SOLICITA \u00c0 PRESIDENTE DA CASA: QUE FA\u00c7A UMA CARTA DE APOIO \u00c0 INICIATIVA DA ESCOLA ESTADUAL BERNARDO VIEIRA DE MELLO NA IMPLANTA\u00c7\u00c3O DE UM NOVO CURSO T\u00c9CNICO."}, {"id": "3019", "ano": "2015", "numero": "529", "tipo__sigla": "REQ", "tipo__descricao": "Requerimento", "autoria": "Ari Zanoni, Jaime da Rosa", "texto_original": "http://sapl.esteio.rs.leg.br/media/./sapl/public/materialegislativa/2015/3019/3019_texto_integral.docx", "ementa": "AS SEGUINTES REIVINDICA\u00c7\u00d5ES DA COMUNIDADE DO BAIRRO TR\u00caS PORTOS: \r\n\r\nA)\tQUE PROVIDENCIE A LIMPEZA E MANUTEN\u00c7\u00c3O DOS DOIS CRUZAMENTOS DA LINHA F\u00c9RREA NO BAIRRO TR\u00caS PORTOS EM ESTEIO;\r\nB)\tOS REFERIDOS CRUZAMENTOS SERVEM PARA ACESSO \u00c0S EMPRESAS BUNGE E ANTIGA PAPEL\u00c3O GA\u00daCHO;  \r\nC)\tESSES DOIS CRUZAMENTOS AINDA EST\u00c3O EM ATIVIDADES, EM CASO POSITIVO, QUE SEJAM MANTIDOS COM DEVIDA MANUTEN\u00c7\u00c3O E, CASO CONTR\u00c1RIO, QUE SEJA ELIMINADO O ACESSO.\r\n"}, {"id": "3005", "ano": "2015", "numero": "532", "tipo__sigla": "REQ", "tipo__descricao": "Requerimento", "autoria": "Ari Zanoni, Jaime da Rosa", "texto_original": "http://sapl.esteio.rs.leg.br/media/./sapl/public/materialegislativa/2015/3005/3005_texto_integral.docx", "ementa": "AS SEGUINTES REIVINDICA\u00c7\u00d5ES DA COMUNIDADE DO BAIRRO TR\u00caS PORTOS:\r\n\r\nA)\tPODA DAS \u00c1RVORES E ARBUSTOS DENTRO DO ESPA\u00c7O DOS TRILHOS DO TREM, EM TODA A EXTENS\u00c3O DA RUA PERY FAGUNDES E FREDERICO DHANE;\r\nB)\tCOLOCA\u00c7\u00c3O DE BARREIRA F\u00cdSICA DE SEGURAN\u00c7A ( CONCERTINA), PRINCIPALMENTE EM PONTOS MAIS UTILIZADOS, COMO PASSAGEM DE INVASORES ENTRE, AV. PRESIDENTE VARGAS, PERY FAGUNDES E FREDERICO DHANE;  \r\nC)\tLIMPEZA E MANUTEN\u00c7\u00c3O DAS PASSARELAS DE ACESSO ENTRE CENTRO &#8211; BIG E BAIRRO TR\u00caS PORTOS;\r\n"}, {"id": "3004", "ano": "2015", "numero": "533", "tipo__sigla": "REQ", "tipo__descricao": "Requerimento", "autoria": "Ari Zanoni", "texto_original": "http://sapl.esteio.rs.leg.br/media/./sapl/public/materialegislativa/2015/3004/3004_texto_integral.docx", "ementa": "A NOTIFICA\u00c7\u00c3O DO PROPRIET\u00c1RIO/RESPONSAVEL DO IMOVEL SITUADO NA AVENIDA PADRE CLARET, AO LADO DO N\u00b0 475,  PARA QUE PROVIDENCIE A LIMPEZA E MANUTEN\u00c7\u00c3O GERAL, INCLUINDO  A DESOBSTRU\u00c7\u00c3O DO PASSEIO P\u00daBLICO. "}, {"id": "3014", "ano": "2015", "numero": "539", "tipo__sigla": "REQ", "tipo__descricao": "Requerimento", "autoria": "Marcelo Kohlrausch", "texto_original": "http://sapl.esteio.rs.leg.br/media/./sapl/public/materialegislativa/2015/3014/3014_texto_integral.docx", "ementa": "QUE ESTUDE A POSSIBILIDADE DE ENVIAR A ESTA CASA EM FORMA DE PROJETO DE LEI, O ANTEPROJETO DE LEI QUE &#8220;REGULAMENTA, NO \u00c2MBITO MUNICIPAL, O SISTEMA CICLOVI\u00c1RIO COMO INCENTIVO AO USO DE BICICLETAS PARA TRANSPORTE NA CIDADE DE ESTEIO&#8221;. "}, {"id": "3013", "ano": "2015", "numero": "540", "tipo__sigla": "REQ", "tipo__descricao": "Requerimento", "autoria": "Marcelo Kohlrausch", "texto_original": "http://sapl.esteio.rs.leg.br/media/./sapl/public/materialegislativa/2015/3013/3013_texto_integral.docx", "ementa": "QUE ESTUDE A POSSIBILIDADE DE ENVIAR A ESTA CASA, EM FORMA DE PROJETO DE LEI, O ANTEPROJETO DE LEI QUE &#8220;ESTABELECE DIRETRIZ PARA A PROMO\u00c7\u00c3O DA ATIVIDADE PEDAG\u00d3GICA DE COMPLEMENTA\u00c7\u00c3O CURRICULAR &#8216;HORTA NAS ESCOLAS DA REDE P\u00daBLICA MUNICIPAL DE ESTEIO E D\u00c1 OUTRAS PROVID\u00caNCIAS&#8217;&#8221;."}, {"id": "3012", "ano": "2015", "numero": "541", "tipo__sigla": "REQ", "tipo__descricao": "Requerimento", "autoria": "Marcelo Kohlrausch", "texto_original": "http://sapl.esteio.rs.leg.br/media/./sapl/public/materialegislativa/2015/3012/3012_texto_integral.docx", "ementa": "A MANUTEN\u00c7\u00c3O ASF\u00c1LTICA JUNTO A BR 116, NO ACESSO AO BAIRRO NOVO ESTEIO, VIA AVENIDA CELINA KROEF."}, {"id": "3009", "ano": "2015", "numero": "549", "tipo__sigla": "REQ", "tipo__descricao": "Requerimento", "autoria": "Leonardo Pascoal", "texto_original": "http://sapl.esteio.rs.leg.br/media/./sapl/public/materialegislativa/2015/3009/3009_texto_integral.docx", "ementa": "QUE INTENSIFIQUE AS RONDAS POLICIAIS NO BAIRRO TR\u00caS MARIAS."}, {"id": "3022", "ano": "2015", "numero": "551", "tipo__sigla": "REQ", "tipo__descricao": "Requerimento", "autoria": "Leonardo Pascoal", "texto_original": "http://sapl.esteio.rs.leg.br/media/./sapl/public/materialegislativa/2015/3022/3022_texto_integral.docx", "ementa": "QUE SE DIGNE A ENVIAR C\u00d3PIA DE TODO O PROCESSO DE COMPENSA\u00c7\u00c3O DE IMPACTOS (AMBIENTAL, FINANCEIRO, ETC.) DO EMPREENDIMENTO INAUGURADO PELAS LOJAS PALUDO EM ABRIL DESTE ANO, INCLUINDO SUAS F\u00d3RMULAS DE C\u00c1LCULO."}, {"id": "3020", "ano": "2015", "numero": "552", "tipo__sigla": "REQ", "tipo__descricao": "Requerimento", "autoria": "Leonardo Pascoal", "texto_original": "http://sapl.esteio.rs.leg.br/media/./sapl/public/materialegislativa/2015/3020/3020_texto_integral.docx", "ementa": "QUE SE DIGNE A ENVIAR C\u00d3PIA DOS CONTRATOS FIRMADOS ENTRE O MUNIC\u00cdPIO DE ESTEIO E AS EMPRESAS NILCATEX T\u00caXTIL LTDA E NAIR CONFEC\u00c7\u00d5ES LTDA, REFERENTES \u00c0 AQUISI\u00c7\u00c3O DE UNIFORMES ESCOLARES, BEM COMO DE TODA A DOCUMENTA\u00c7\u00c3O APRESENTADA PELAS MESMAS PARA SUA HABITA\u00c7\u00c3O NO PROCESSO LICITAT\u00d3RIO E, AINDA, OS DOCUMENTOS QUE FUNDAMENTARAM O CANCELAMENTO DE ALGUNS LANCES NO CERTAME."}, {"id": "3047", "ano": "2015", "numero": "574", "tipo__sigla": "REQ", "tipo__descricao": "Requerimento", "autoria": "Felipe Costella", "texto_original": "http://sapl.esteio.rs.leg.br/media/./sapl/public/materialegislativa/2015/3047/3047_texto_integral.docx", "ementa": "QUE ESTUDE A POSSIBILIDADE DE COLOCA\u00c7\u00c3O DE 1.600 (MIL E SEISCENTOS) ASSENTOS PL\u00c1STICOS NAS ARQUIBANCADAS DO GIN\u00c1SIO MUNICIPAL EDGAR PICCIONI,LOCALIZADO NO MUNIC\u00cdPIO DE ESTEIO (CAPACIDADE M\u00c1XIMA CONFORME ESTUDO REALIZADO PELA DIRETORIA DE ESPORTES). "}, {"id": "3085", "ano": "2015", "numero": "586", "tipo__sigla": "REQ", "tipo__descricao": "Requerimento", "autoria": "Rafael Figliero", "texto_original": "http://sapl.esteio.rs.leg.br/media/./sapl/public/materialegislativa/2015/3085/3085_texto_integral.docx", "ementa": "O CONSERTO DA CAL\u00c7ADA NA RUA PADRE FELIPE, EM FRENTE AO N\u00ba 1944, CASA 85 &#8211; CENTRO."}, {"id": "3086", "ano": "2015", "numero": "587", "tipo__sigla": "REQ", "tipo__descricao": "Requerimento", "autoria": "Marcelo Kohlrausch", "texto_original": "http://sapl.esteio.rs.leg.br/media/./sapl/public/materialegislativa/2015/3086/3086_texto_integral.docx", "ementa": "QUE ESTUDE A POSSIBILIDADE DE PROMOVER CAMPANHA DE CONSCIENTIZA\u00c7\u00c3O DO CONSUMO DE ENERGIA EL\u00c9TRICA E ORIENTA\u00c7\u00c3O SOBRE A TARIFA SOCIAL DE ENERGIA JUNTO AOS CONDOM\u00cdNIOS DO PROGRAMA MINHA CASA MINHA VIDA E DEMAIS BAIRROS DA CIDADE."}, {"id": "3109", "ano": "2015", "numero": "590", "tipo__sigla": "REQ", "tipo__descricao": "Requerimento", "autoria": "Ari Zanoni", "texto_original": "http://sapl.esteio.rs.leg.br/media/./sapl/public/materialegislativa/2015/3109/3109_texto_integral.docx", "ementa": "A ELIMINA\u00c7\u00c3O DE BROCA E RECAPEAMENTO ASF\u00c1LTICO NA RUA IRM\u00c3O ALEXANDRE DOMINGUES LEAL CABALLERO, EM FRENTE AOS N\u00baS 20 E 37 &#8211; PARQUE CLARET"}, {"id": "3097", "ano": "2015", "numero": "596", "tipo__sigla": "REQ", "tipo__descricao": "Requerimento", "autoria": "Legislativo Municipal", "texto_original": "http://sapl.esteio.rs.leg.br/media/./sapl/public/materialegislativa/2015/3097/3097_texto_integral.docx", "ementa": "A ELABORA\u00c7\u00c3O DE PROJETO DE LEI E POSTERIOR REMESSA A ESTE LEGISLATIVO MUNICIPAL REDUZINDO DOTA\u00c7\u00c3O OR\u00c7AMENT\u00c1RIA DA C\u00c2MARA MUNICIPAL NO VALOR DE R$250.000,00 (DUZENTOS E CINQUENTA MIL REAIS), NAS RUBRICAS ESPECIFICADAS NO DOCUMENTO QUE SEGUE EM ANEXO, SUPLEMENTANDO OS VALORES CONFORME ESTABELECIDOS NA SECRETARIA COMPETENTE DO MUNIC\u00cdPIO, PARA POSTERIOR REPASSE \u00c0S SEGUINTES ENTIDADES:\r\n\r\nA)\tSECRETARIA MUNICIPAL DE OBRAS VI\u00c1RIAS E SERVI\u00c7OS URBANOS, NO VALOR DE R$105.000,00 (CENTO E CINCO MIL REAIS);\r\nB)\tFUNDA\u00c7\u00c3O DE SA\u00daDE P\u00daBLICA S\u00c3O CAMILO DE ESTEIO, NO VALOR DE R$105.000,00 (CENTO E CINCO MIL REAIS);\r\nC)\tLIGA FEMININA DE COMBATE AO C\u00c2NCER, NO VALOR DE R$ 40.000,00 (QUARENTA MIL REAIS). \r\n"}, {"id": "3098", "ano": "2015", "numero": "601", "tipo__sigla": "REQ", "tipo__descricao": "Requerimento", "autoria": "Ari Zanoni", "texto_original": "http://sapl.esteio.rs.leg.br/media/./sapl/public/materialegislativa/2015/3098/3098_texto_integral.docx", "ementa": "ENCAMINHAR C\u00d3PIA DO CONTRATO FIRMADO PARA ATENDIMENTO 100% SUS, BEM COMO TODOS OS RELAT\u00d3RIOS MENSAIS DE PRESTA\u00c7\u00c3O DE SERVI\u00c7OS DA FUNDA\u00c7\u00c3O."}, {"id": "3096", "ano": "2015", "numero": "602", "tipo__sigla": "REQ", "tipo__descricao": "Requerimento", "autoria": "Ari Zanoni", "texto_original": "http://sapl.esteio.rs.leg.br/media/./sapl/public/materialegislativa/2015/3096/3096_texto_integral.docx", "ementa": "QUE PROVIDENCIE A PODA DE UMA \u00c1RVORE NA RUA ORLANDO SILVA, EM FRENTE AO N\u00ba 148 &#8211; PARQUE SANTO IN\u00c1CIO. "}, {"id": "3094", "ano": "2015", "numero": "603", "tipo__sigla": "REQ", "tipo__descricao": "Requerimento", "autoria": "Felipe Costella", "texto_original": "http://sapl.esteio.rs.leg.br/media/./sapl/public/materialegislativa/2015/3094/3094_texto_integral.docx", "ementa": "QUE ENVIE UM REPRESENTANTE DA DEFESA CIVIL DO ESTADO PARA PARTICIPAR DE SESS\u00c3O ORDIN\u00c1RIA DA NOSSA C\u00c2MARA MUNICIPAL DE ESTEIO, PARA PRESTAR ESCLARECIMENTOS T\u00c9CNICOS SOBRE O OCORRIDO NAS ENCHENTES DOS \u00daLTIMOS DIAS."}, {"id": "3095", "ano": "2015", "numero": "604", "tipo__sigla": "REQ", "tipo__descricao": "Requerimento", "autoria": "Rafael Figliero", "texto_original": "http://sapl.esteio.rs.leg.br/media/./sapl/public/materialegislativa/2015/3095/3095_texto_integral.docx", "ementa": "QUE SE DIGNE A INFORMAR  SE A REDE DE COLETA DO ESGOTO SANIT\u00c1RIO INSTALADA EM NOSSA CIDADE EST\u00c1 TODA INTERLIGADA, (MESMO N\u00c3O ESTANDO LIGADAS AS RESID\u00caNCIAS), DIRECIONANDO PARA UM \u00daNICO PONTO DE ESTEIO POR GRAVIDADE E DESTE PONTO N\u00c3O EST\u00c1 SENDO ENVIADA PARA A ESTA\u00c7\u00c3O DE TRATAMENTO, QUAIS GARANTIAS TEMOS QUE N\u00c3O ESTEJA CONTRIBUINDO PARA O AUMENTO DAS CHEIAS NAS REGI\u00d5ES DAS RUAS CEL. THEODOMIRO PORTO DA FONSECA NO BAIRRO S\u00c3O SEBASTI\u00c3O E ARLINDO BAIERLE NO BAIRRO NOVO ESTEIO? QUAL A PREVIS\u00c3O PARA O FUNCIONAMENTO DESTE SISTEMA? "}, {"id": "3092", "ano": "2015", "numero": "605", "tipo__sigla": "REQ", "tipo__descricao": "Requerimento", "autoria": "Legislativo Municipal", "texto_original": "http://sapl.esteio.rs.leg.br/media/./sapl/public/materialegislativa/2015/3092/3092_texto_integral.docx", "ementa": "A ISEN\u00c7\u00c3O DO IPTU (IMPOSTO PREDIAL E TERRITORIAL URBANO) PARA OS IM\u00d3VEIS EM \u00c1REAS ATINGIDAS POR ENCHENTES E ALAGAMENTOS, NOS BAIRROS IDENTIFICADOS NO DECRETO DE SITUA\u00c7\u00c3O DE EMERG\u00caNCIA EMITIDO PELA PREFEITURA MUNICIPAL, A FIM DE REDUZIR OS DANOS SOFRIDOS PELOS MORADORES DURANTE AS INUNDA\u00c7\u00d5ES. "}, {"id": "3093", "ano": "2015", "numero": "606", "tipo__sigla": "REQ", "tipo__descricao": "Requerimento", "autoria": "Leonardo Pascoal", "texto_original": "http://sapl.esteio.rs.leg.br/media/./sapl/public/materialegislativa/2015/3093/3093_texto_integral.docx", "ementa": "UMA RELA\u00c7\u00c3O DETALHADA DOS PAGAMENTOS FEITOS A T\u00cdTULO DE RPA &#8211; RECIBO DE PAGAMENTO AUT\u00d4NOMO, NOS EXERC\u00cdCIOS DE 2014 E 2015, CONTENDO, NO M\u00cdNIMO, NOME COMPLETO DO PROFISSIONAL, FUN\u00c7\u00c3O, CARGA HOR\u00c1RIA TRABALHADA DE CADA M\u00caS E VALOR RECEBIDO A CADA M\u00caS."}, {"id": "3134", "ano": "2015", "numero": "607", "tipo__sigla": "REQ", "tipo__descricao": "Requerimento", "autoria": "Marcelo Kohlrausch, Leonardo Pascoal", "texto_original": "http://sapl.esteio.rs.leg.br/media/./sapl/public/materialegislativa/2015/3134/3134_texto_integral.docx", "ementa": "QUE INFORME A ESTA CASA, QUAL O CRIT\u00c9RIO QUE O MUNIC\u00cdPIO EST\u00c1 ADOTANDO PARA REALIZAR A DISTRIBUI\u00c7\u00c3O DOS M\u00d3VEIS ARRECADADOS POR MEIO DE DOA\u00c7\u00d5ES?"}, {"id": "3123", "ano": "2015", "numero": "608", "tipo__sigla": "REQ", "tipo__descricao": "Requerimento", "autoria": "Marcelo Kohlrausch", "texto_original": "http://sapl.esteio.rs.leg.br/media/./sapl/public/materialegislativa/2015/3123/3123_texto_integral.docx", "ementa": "QUE SE DIGNE A ENVIAR A ESTA CASA LEGISLATIVA C\u00d3PIA DO PROJETO E DAS RESPECTIVAS LICEN\u00c7AS DE ENGENHARIA E AMBIENTAL PARA A EDIFICA\u00c7\u00c3O DO DIQUE PROVIS\u00d3RIO CONSTRU\u00cdDO NA \u00c1REA DA REFINARIA JUNTO \u00c0S MARGENS DO ARROIO SAPUCAIA. \r\nOUTROSSIM, REQUER QUE SEJA INFORMADO SE EXISTE A POSSIBILIDADE DAS \u00c1GUAS DO ARROIO SAPUCAIA SEREM CONTAMINADAS POR ALGUM TIPO DE PRODUTO QU\u00cdMICO DA EMPRESA, J\u00c1 QUE AS ENCHENTES EST\u00c3O CADA VEZ MAIS RIGOROSAS NA REGI\u00c3O. \r\n"}, {"id": "3138", "ano": "2015", "numero": "609", "tipo__sigla": "REQ", "tipo__descricao": "Requerimento", "autoria": "Marcelo Kohlrausch", "texto_original": "http://sapl.esteio.rs.leg.br/media/./sapl/public/materialegislativa/2015/3138/3138_texto_integral.docx", "ementa": "QUE SEJA ABERTO INQU\u00c9RITO PARA INVESTIGAR OS POSS\u00cdVEIS IMPACTOS GERADOS PELA CONSTRU\u00c7\u00c3O DE UM DIQUE PROVIS\u00d3RIO (SACAS DE AREIA E CONTEN\u00c7\u00c3O DE TERRA) NA \u00c1REA DA REFINARIA ALBERTO PASQUALINI/ DISTRIBUIDORA BR/ PETROBRAS JUNTO \u00c0S MARGENS DO ARROIO SAPUCAIA, NA DIVISA ENTRE OS MUNIC\u00cdPIOS DE ESTEIO E CANOAS. "}, {"id": "3117", "ano": "2015", "numero": "610", "tipo__sigla": "REQ", "tipo__descricao": "Requerimento", "autoria": "Marcelo Kohlrausch, Leonardo Pascoal", "texto_original": "http://sapl.esteio.rs.leg.br/media/./sapl/public/materialegislativa/2015/3117/3117_texto_integral.docx", "ementa": "CELERIDADE NO PROCESSO DE LIBERA\u00c7\u00c3O DO FGTS DOS TRABALHADORES QUE TIVERAM MAIS UMA VEZ SUAS CASAS AFETADAS PELAS ENCHENTES. "}, {"id": "3136", "ano": "2015", "numero": "611", "tipo__sigla": "REQ", "tipo__descricao": "Requerimento", "autoria": "Rafael Figliero", "texto_original": "http://sapl.esteio.rs.leg.br/media/./sapl/public/materialegislativa/2015/3136/3136_texto_integral.docx", "ementa": "A RETIRADA DE UM POSTE INSTALADO NA AV. PADRE ANT\u00d4NIO VIEIRA, DO LADO OPOSTO AO N\u00daMERO 255 EM FRENTE A RUA EL\u00d3I CHAVES, O POSTE FOI COLOCADO DENTRO DE UMA TUBULA\u00c7\u00c3O E EST\u00c1 SOLTO, AINDA SOLICITO QUE O MESMO SEJA INSTALADO EM LOCAL ADEQUADO E REFA\u00c7A A TUBULA\u00c7\u00c3O."}, {"id": "3135", "ano": "2015", "numero": "619", "tipo__sigla": "REQ", "tipo__descricao": "Requerimento", "autoria": "Leonardo Pascoal", "texto_original": "http://sapl.esteio.rs.leg.br/media/./sapl/public/materialegislativa/2015/3135/3135_texto_integral.docx", "ementa": "A REALIZA\u00c7\u00c3O DE ATENDIMENTOS ITINERANTES DA REDE TUDO F\u00c1CIL NAS REGI\u00d5ES ATINGIDAS PELAS ENCHENTES NO MUNIC\u00cdPIO DE ESTEIO, NOTADAMENTE PARA A CONFEC\u00c7\u00c3O DE CARTEIRAS DE IDENTIDADE E TRABALHO, DENTRE OUTROS SERVI\u00c7OS."}, {"id": "3133", "ano": "2015", "numero": "620", "tipo__sigla": "REQ", "tipo__descricao": "Requerimento", "autoria": "Leonardo Pascoal", "texto_original": "http://sapl.esteio.rs.leg.br/media/./sapl/public/materialegislativa/2015/3133/3133_texto_integral.docx", "ementa": "QUE SE DIGNE A INFORMAR, DE FORMA DETALHADA, QUAIS OS LOCAIS QUE EST\u00c3O ARMAZENANDO AS DOA\u00c7\u00d5ES QUE ESTAVAM NO GIN\u00c1SIO MUNICIPAL EDGAR PICCIONI E QUE AINDA N\u00c3O FORAM DISTRIBU\u00cdDAS. "}, {"id": "3137", "ano": "2015", "numero": "623", "tipo__sigla": "REQ", "tipo__descricao": "Requerimento", "autoria": "Rafael Figliero", "texto_original": "http://sapl.esteio.rs.leg.br/media/./sapl/public/materialegislativa/2015/3137/3137_texto_integral.docx", "ementa": "PARA QUE HAJA A TROCA DO LOCAL DE FIXA\u00c7\u00c3O DO CABO DE A\u00c7O QUE APOIA O POSTE LOCALIZADO NA AVENIDA PADRE CLARET, DO LADO OPOSTO AO N\u00ba 1.745, NO PASSSEIO P\u00daBLICO DA ESCOLA LA SALLE."}, {"id": "3155", "ano": "2015", "numero": "635", "tipo__sigla": "REQ", "tipo__descricao": "Requerimento", "autoria": "Rafael Figliero", "texto_original": "http://sapl.esteio.rs.leg.br/media/./sapl/public/materialegislativa/2015/3155/3155_texto_integral.docx", "ementa": "QUE SE DIGNE A INFORMAR:\r\n- DE QUAL HIDROEL\u00c9TRICA \u00c9 PROVENIENTE A ENERGIA UTILIZADA NO MUNIC\u00cdPIO DE ESTEIO E REGI\u00c3O?              \r\n- QUAL A JUSTIFICATIVA PARA COBRAN\u00c7A DE BANDEIRA VERMELHA?\r\n\r\n- A EMPRESA UTILIZA ENERGIA PROVENIENTE DE GERADORES E\u00d3LICOS?\r\n"}, {"id": "3161", "ano": "2015", "numero": "636", "tipo__sigla": "REQ", "tipo__descricao": "Requerimento", "autoria": "Leonardo Pascoal", "texto_original": "http://sapl.esteio.rs.leg.br/media/./sapl/public/materialegislativa/2015/3161/3161_texto_integral.docx", "ementa": "PARA QUE ENVIE UM CRONOGRAMA COM OS SERVI\u00c7OS QUE SER\u00c3O EXECUTADOS PELA PREFEITURA MUNICIPAL DE ESTEIO NOS PR\u00d3XIMOS SEIS MESES PARA A PROTE\u00c7\u00c3O E COMBATE A ENCHENTES, BEM COMO AQUELES REALIZADOS NOS \u00daLTIMOS TR\u00caS MESES, ASSINADO POR PROFISSIONAL HABILITADO, CONFORME ACORDO FIRMADO, EM FEVEREIRO DE 2015, NOS AUTOS DO PROCESSO N\u00ba 014/1.14.0000627-4 MOVIDO PELO MINIST\u00c9RIO P\u00daBLICO EM FACE DO MUNIC\u00cdPIO DE ESTEIO. "}, {"id": "3159", "ano": "2015", "numero": "637", "tipo__sigla": "REQ", "tipo__descricao": "Requerimento", "autoria": "CSMA - Sa\u00fade, Meio Ambiente e Assist\u00eancia Social", "texto_original": "http://sapl.esteio.rs.leg.br/media/./sapl/public/materialegislativa/2015/3159/3159_texto_integral.docx", "ementa": "QUE SE DIGNE A ENVIAR C\u00d3PIA DA PORTARIA DE NOMEA\u00c7\u00c3O DO DIRETOR T\u00c9CNICO DA FUNDA\u00c7\u00c3O DE SA\u00daDE S\u00c3O CAMILO, DR. MARCELO SALDANHA."}, {"id": "3153", "ano": "2015", "numero": "646", "tipo__sigla": "REQ", "tipo__descricao": "Requerimento", "autoria": "CSMA - Sa\u00fade, Meio Ambiente e Assist\u00eancia Social", "texto_original": "http://sapl.esteio.rs.leg.br/media/./sapl/public/materialegislativa/2015/3153/3153_texto_integral.docx", "ementa": "QUE PROVIDENCIE E PRESTE AS SEGUINTES INFORMA\u00c7\u00d5ES:\r\n\r\nA)\tSE EXISTE ALGUM SERVIDOR CEDIDO PELO HOSPITAL DE CLINICAS DE PORTO ALEGRE EXERCENDO SUAS ATIVIDADES NA FUNDA\u00c7\u00c3O, IDENTIFICANDO-O. EM CASO POSITIVO, ENVIAR C\u00d3PIA DO CONV\u00caNIO OU OUTRO INSTRUMENTO CONG\u00caNERE QUE FORMALIZOU TAL CED\u00caNCIA, INFORMANDO INCLUSIVE, QUAL O VALOR DA REMUNERA\u00c7\u00c3O, BEM COMO QUAL A INSTITUI\u00c7\u00c3O RESPONS\u00c1VEL PELO PAGAMENTO DA REMUNERA\u00c7\u00c3O DO SERVIDOR DURANTE A CED\u00caNCIA;\r\n\r\nB)\tFORNE\u00c7A C\u00d3PIA DO DOCUMENTO QUE ORIGINOU A D\u00cdVIDA DA FUNDA\u00c7\u00c3O DE SA\u00daDE S\u00c3O CAMILO COM A FUNDA\u00c7\u00c3O DE SA\u00daDE GET\u00daLIO VARGAS (CONV\u00caNIO/CONTRATO), REFERENTE AO PAGAMENTO DA REMUNERA\u00c7\u00c3O DO M\u00c9DICO SR. MARCELO SALDANHA;\r\n\r\nC)\tC\u00d3PIA DO DOCUMENTO QUE AUTORIZOU O PAGAMENTO E PARCELAMENTO DE TAL D\u00cdVIDA.\r\n"}, {"id": "3160", "ano": "2015", "numero": "647", "tipo__sigla": "REQ", "tipo__descricao": "Requerimento", "autoria": "Felipe Costella", "texto_original": "http://sapl.esteio.rs.leg.br/media/./sapl/public/materialegislativa/2015/3160/3160_texto_integral.docx", "ementa": "QUE ESTUDE A POSSIBILIDADE E VIABILIDADE DE DESAPROPRIAR A \u00c1REA DE TERRA SITUADA ENTRE A RUA RIO GRANDE E A RUA BENTO GON\u00c7ALVES, CONFORME DESTAQUE NO MAPA EM ANEXO."}, {"id": "3185", "ano": "2015", "numero": "658", "tipo__sigla": "REQ", "tipo__descricao": "Requerimento", "autoria": "Marcelo Kohlrausch", "texto_original": "http://sapl.esteio.rs.leg.br/media/./sapl/public/materialegislativa/2015/3185/3185_texto_integral.docx", "ementa": "A MANUTEN\u00c7\u00c3O DA CAIXA DE ESGOTO SANIT\u00c1RIO, SITUADA NA AV. SENADOR SALGADO FILHO, PR\u00d3XIMO AO N\u00ba 1.310, POIS O ASFALTO EST\u00c1 AFUNDANDO.  "}, {"id": "3188", "ano": "2015", "numero": "659", "tipo__sigla": "REQ", "tipo__descricao": "Requerimento", "autoria": "Rafael Figliero", "texto_original": "http://sapl.esteio.rs.leg.br/media/./sapl/public/materialegislativa/2015/3188/3188_texto_integral.docx", "ementa": "QUE SE DIGNE A INFORMAR SE EXISTE ALGUMA CONTRAPARTIDA QUE BENEFICIE O MUNIC\u00cdPIO DE ESTEIO, EM RELA\u00c7\u00c3O AO INVESTIMENTO DE R$ 16,2 MILH\u00d5ES DE REAIS NO PARQUE ASSIS BRASIL (FONTE: SITE G1, 17/07/2015) ATRAV\u00c9S DO CONTRATO DE CONCESS\u00c3O DE 25 ANOS, PARA A INICIATIVA PRIVADA, FIRMADO PELO SR. GOVERNADOR DO ESTADO E A EMPRESA PRIVADA QUE GANHOU CONCESS\u00c3O?"}, {"id": "3189", "ano": "2015", "numero": "675", "tipo__sigla": "REQ", "tipo__descricao": "Requerimento", "autoria": "Rafael Figliero", "texto_original": "http://sapl.esteio.rs.leg.br/media/./sapl/public/materialegislativa/2015/3189/3189_texto_integral.docx", "ementa": "QUE SE DIGNE A NOS ENVIAR C\u00d3PIA DO CONTRATO DE CONCESS\u00c3O DO PARQUE ASSIS BRASIL PARA A INICIATIVA PRIVADA.\r\n"}, {"id": "3176", "ano": "2015", "numero": "676", "tipo__sigla": "REQ", "tipo__descricao": "Requerimento", "autoria": "Felipe Costella", "texto_original": "http://sapl.esteio.rs.leg.br/media/./sapl/public/materialegislativa/2015/3176/3176_texto_integral.docx", "ementa": "QUE DISPONIBILIZE A CASA DE CULTURA,NO DIA 16 DE OUTUBRO DO CORRENTE ANO, DAS 8 \u00c0S 17 HORAS, PARA QUE SEJA REALIZADO, EM PARCERIA COM O GOVERNO DO ESTADO ATRAV\u00c9S DA SECRETARIA DO TRABALHO E DESENVOLVIMENTO SOCIAL, O DIA &#8220;E&#8221; (DIA DO EMPREGO NO RIO GRANDE DO SUL)."}, {"id": "3190", "ano": "2015", "numero": "677", "tipo__sigla": "REQ", "tipo__descricao": "Requerimento", "autoria": "Ari Zanoni", "texto_original": "http://sapl.esteio.rs.leg.br/media/./sapl/public/materialegislativa/2015/3190/3190_texto_integral.docx", "ementa": "QUE PROVIDENCIE E PRESTE AS SEGUINTES INFORMA\u00c7\u00d5ES:\r\n\r\nA)\tQUANTAS CRIAN\u00c7AS NASCERAM NA MATERNIDADE DA FUNDA\u00c7\u00c3O HOSPITAL S\u00c3O CAMILO COM PESO DE AT\u00c9 500 GRAMAS, NO PER\u00cdODO DE 01 DE JANEIRO DE 2014 AT\u00c9  A PRESENTE DATA?\r\n\r\nB)\tQUANTOS PROCEDIMENTOS CIR\u00daRGICOS FORAM FEITOS NA UTI NEONATAL DA FUNDA\u00c7\u00c3O HOSPITAL S\u00c3O CAMILO NESSE MESMO PER\u00cdODO?\r\n"}, {"id": "3173", "ano": "2015", "numero": "678", "tipo__sigla": "REQ", "tipo__descricao": "Requerimento", "autoria": "Marcelo Kohlrausch", "texto_original": "http://sapl.esteio.rs.leg.br/media/./sapl/public/materialegislativa/2015/3173/3173_texto_integral.docx", "ementa": "QUE OS RECURSOS PREVISTOS PARA O PAC PREVEN\u00c7\u00c3O A DESASTRES NATURAISDEIXE DE SOFRER CORTES EM SEU OR\u00c7AMENTO, POIS, CONFORME A ONG CONTAS ABERTAS, NESTE SEMESTRE, O GOVERNO FEDERAL J\u00c1 REDUZIU EM MAIS DE 40% OS RECURSOS DESTINADOS \u00c0 PREVEN\u00c7\u00c3O DE DESASTRES NATURAIS. "}, {"id": "3193", "ano": "2015", "numero": "679", "tipo__sigla": "REQ", "tipo__descricao": "Requerimento", "autoria": "Marcelo Kohlrausch", "texto_original": "http://sapl.esteio.rs.leg.br/media/./sapl/public/materialegislativa/2015/3193/3193_texto_integral.docx", "ementa": "QUE AS FAM\u00cdLIAS RESIDENTES EM ESTEIO NAS \u00c1REAS ATINGIDAS PELAS ENCHENTES SEJAM NOVAMENTE CONTEMPLADAS COM DESCONTOS NA TARIFA DA \u00c1GUA."}, {"id": "3170", "ano": "2015", "numero": "680", "tipo__sigla": "REQ", "tipo__descricao": "Requerimento", "autoria": "Leonardo Pascoal", "texto_original": "http://sapl.esteio.rs.leg.br/media/./sapl/public/materialegislativa/2015/3170/3170_texto_integral.docx", "ementa": "QUE SEJA ABERTO EXPEDIENTE ACIONANDO O MINIST\u00c9RIO DOS TRANSPORTES E O DEPARTAMENTO NACIONAL DE INFRAESTRUTURA TERRESTRE ACERCA DA CONCLUS\u00c3O DO ACESSO DE ESTEIO \u00c0 BR-448 (RODOVIA DO PARQUE). "}, {"id": "3212", "ano": "2015", "numero": "696", "tipo__sigla": "REQ", "tipo__descricao": "Requerimento", "autoria": "Ari Zanoni", "texto_original": "http://sapl.esteio.rs.leg.br/media/./sapl/public/materialegislativa/2015/3212/3212_texto_integral.docx", "ementa": "QUE ENVIE C\u00d3PIA DO PROCESSO DE CONTRATA\u00c7\u00c3O DE EMPRESA PARA ASFALTAMENTO E RECAPEAMENTO ASF\u00c1LTICO, CUJA OBRA EST\u00c1 EM ANDAMENTO NA CIDADE. "}, {"id": "3209", "ano": "2015", "numero": "698", "tipo__sigla": "REQ", "tipo__descricao": "Requerimento", "autoria": "Ari Zanoni", "texto_original": "http://sapl.esteio.rs.leg.br/media/./sapl/public/materialegislativa/2015/3209/3209_texto_integral.docx", "ementa": "QUE ENVIE C\u00d3PIA DO PROTOCOLO DE FINALIZA\u00c7\u00c3O E ENTREGA DAS OBRAS DE ESGOTO CLOACAL EXECUTADAS PELA CORSAN NA AV. PRESIDENTE VARGAS E BAIRRO NOVO ESTEIO. "}, {"id": "3207", "ano": "2015", "numero": "699", "tipo__sigla": "REQ", "tipo__descricao": "Requerimento", "autoria": "Michele Pereira", "texto_original": "http://sapl.esteio.rs.leg.br/media/./sapl/public/materialegislativa/2015/3207/3207_texto_integral.docx", "ementa": "QUE FA\u00c7A O RECAPEAMENTO ASF\u00c1LTICO, NA RUA BOM JESUS, EM FRENTE AOS N\u00daMEROS 114 E 283, BAIRRO S\u00c3O SEBASTI\u00c3O."}, {"id": "3214", "ano": "2015", "numero": "700", "tipo__sigla": "REQ", "tipo__descricao": "Requerimento", "autoria": "Marcelo Kohlrausch", "texto_original": "http://sapl.esteio.rs.leg.br/media/./sapl/public/materialegislativa/2015/3214/3214_texto_integral.docx", "ementa": "QUE CONSIDERE A EXIST\u00caNCIA DE ESTUDOS E PROJETOS J\u00c1 EXISTENTES SOBRE BACIAS DE CONTEN\u00c7\u00c3O PARA REGI\u00c3O DE ESTEIO E CANOAS RESTANDO T\u00c3O SOMENTE A LIBERA\u00c7\u00c3O DE RECURSOS PARA EXECU\u00c7\u00c3O DE OBRAS."}, {"id": "3206", "ano": "2015", "numero": "701", "tipo__sigla": "REQ", "tipo__descricao": "Requerimento", "autoria": "Marcelo Kohlrausch", "texto_original": "http://sapl.esteio.rs.leg.br/media/./sapl/public/materialegislativa/2015/3206/3206_texto_integral.docx", "ementa": "QUE SE DIGNE A INFORMAR:\r\n- OS NOVOS ESTUDOS PREVISTOS PARA MINIMIZAR OS EFEITOS DAS CHEIAS NA BACIA DO RIO DOS SINOS LEVARAM EM CONTA A CONSTRU\u00c7\u00c3O DO DIQUE QUE SER\u00c1 ERGUIDO JUNTO AO PARQUE DE EXPOSI\u00c7\u00c3O ASSIS BRASIL?\r\n"}, {"id": "3200", "ano": "2015", "numero": "702", "tipo__sigla": "REQ", "tipo__descricao": "Requerimento", "autoria": "Leonardo Pascoal", "texto_original": "http://sapl.esteio.rs.leg.br/media/./sapl/public/materialegislativa/2015/3200/3200_texto_integral.docx", "ementa": "QUE ENVIE C\u00d3PIAS DAS ATAS DE TODAS AS REUNI\u00d5ES REALIZADAS NO ANO DE 2015."}, {"id": "3203", "ano": "2015", "numero": "704", "tipo__sigla": "REQ", "tipo__descricao": "Requerimento", "autoria": "Leonardo Pascoal", "texto_original": "http://sapl.esteio.rs.leg.br/media/./sapl/public/materialegislativa/2015/3203/3203_texto_integral.docx", "ementa": "QUE REFORCE, DESDE J\u00c1, O POLICIAMENTO NO BAIRRO NOVO ESTEIO, TENDO EM VISTA O AUMENTO J\u00c1 VIS\u00cdVEL DE MOVIMENTA\u00c7\u00c3O DE PESSOAS E VE\u00cdCULOS NESTA REGI\u00c3O EM RAZ\u00c3O DA EXPOINTER. "}, {"id": "3198", "ano": "2015", "numero": "705", "tipo__sigla": "REQ", "tipo__descricao": "Requerimento", "autoria": "Ari Zanoni", "texto_original": "http://sapl.esteio.rs.leg.br/media/./sapl/public/materialegislativa/2015/3198/3198_texto_integral.docx", "ementa": "QUE BUSQUE UMA PARCERIA COM A TRENSURB E ALL- AM\u00c9RICA LATINA LOG\u00cdSTICA, PARA SANAR AS SEGUINTES REIVINDICA\u00c7\u00d5ES: \r\n\r\nA)\tREMO\u00c7\u00c3O DO LIXO ACUMULADO ENTRE OS FUNDOS DA VILA PEDREIRA E OS TRILHOS DO TREM DE CARGA E METR\u00d4;\r\nB)\tCOLOCA\u00c7\u00c3O DE PLACAS PROIBINDO A COLOCA\u00c7\u00c3O DE LIXO E ORIENTA\u00c7\u00c3O AOS MORADORES, QUANTO \u00c0 CORRETA DESTINA\u00c7\u00c3O DOS RES\u00cdDUOS;\r\n"}, {"id": "3210", "ano": "2015", "numero": "706", "tipo__sigla": "REQ", "tipo__descricao": "Requerimento", "autoria": "Rafael Figliero", "texto_original": "http://sapl.esteio.rs.leg.br/media/./sapl/public/materialegislativa/2015/3210/3210_texto_integral.docx", "ementa": "QUE SE DIGNE A INFORMAR O MOTIVO NA DEMORA DO CONSERTO DE UM VAZAMENTO DE \u00c1GUA TRATADA, NA AV. PADRE CLARET, ESQUINA COM A RUA LA SALLE. "}, {"id": "3199", "ano": "2015", "numero": "707", "tipo__sigla": "REQ", "tipo__descricao": "Requerimento", "autoria": "Bia Lopes", "texto_original": "http://sapl.esteio.rs.leg.br/media/./sapl/public/materialegislativa/2015/3199/3199_texto_integral.docx", "ementa": "A REALIZA\u00c7\u00c3O DE UM ESTUDO PARA COLOCA\u00c7\u00c3O DE UMA SINALEIRA ENTRE A RUA SETE DE SETEMBRO, RUA VINTE E QUATRO DE AGOSTO E RUA LA SALLE. "}, {"id": "3242", "ano": "2015", "numero": "713", "tipo__sigla": "REQ", "tipo__descricao": "Requerimento", "autoria": "Leonardo Pascoal", "texto_original": "http://sapl.esteio.rs.leg.br/media/./sapl/public/materialegislativa/2015/3242/3242_texto_integral.docx", "ementa": "SOLICITA QUE SE DIGNE A INFORMAR O PORQU\u00ca DE N\u00c3O HAVER A PRESTA\u00c7\u00c3O DE SERVI\u00c7O DE ROTINA NEUROL\u00d3GICA JUNTO \u00c0 EMERG\u00caNCIA DO HOSPITAL S\u00c3O CAMILO NO DIA 24 DE AGOSTO DE 2015."}, {"id": "3244", "ano": "2015", "numero": "715", "tipo__sigla": "REQ", "tipo__descricao": "Requerimento", "autoria": "Marcelo Kohlrausch", "texto_original": "http://sapl.esteio.rs.leg.br/media/./sapl/public/materialegislativa/2015/3244/3244_texto_integral.docx", "ementa": "SOLICITA QUE SE DIGNE A INFORMAR QUAL A ESTRUTURA NECESS\u00c1RIA PARA QUE AS FOR\u00c7AS DE SEGURAN\u00c7A, SEDIADAS NO MUNIC\u00cdPIO, IMPLANTEM O SISTEMA DE ESPELHAMENTO A PARTIR DO VIDEOMONITORAMENTO MANTIDO PELA GUARDA MUNICIPAL. "}, {"id": "3285", "ano": "2015", "numero": "740", "tipo__sigla": "REQ", "tipo__descricao": "Requerimento", "autoria": "Bia Lopes", "texto_original": "http://sapl.esteio.rs.leg.br/media/./sapl/public/materialegislativa/2015/3285/3285_texto_integral.docx", "ementa": "SOLICITA QUE CUMPRA COM A LEI MUNICIPAL N\u00b0 5.976 DE 21 DE AGOSTO &#8211; QUE TORNA OBRIGAT\u00d3RIA A DISPONIBILIDADE DE GUARDA VOLUMES (ARM\u00c1RIOS) NA ENTRADA DOS BANCOS ESTABELECIDOS NO \u00c2MBITO DO MUNIC\u00cdPIO DE ESTEIO."}, {"id": "3284", "ano": "2015", "numero": "747", "tipo__sigla": "REQ", "tipo__descricao": "Requerimento", "autoria": "Leonardo Pascoal", "texto_original": "http://sapl.esteio.rs.leg.br/media/./sapl/public/materialegislativa/2015/3284/3284_texto_integral.docx", "ementa": "SOLICITA QUE ESTUDE A POSSIBILIDADE DE ENVIAR EM FORMA DE PROJETO DE LEI, O ANTEPROJETO DE LEI, EM ANEXO, QUE &#8220;DISP\u00d5E SOBRE AS REGRAS PARA COMERCIALIZA\u00c7\u00c3O DE ALIMENTOS EM VIAS E \u00c1REAS P\u00daBLICAS E D\u00c1 OUTRAS PROVID\u00caNCIAS&#8221;."}, {"id": "3252", "ano": "2015", "numero": "748", "tipo__sigla": "REQ", "tipo__descricao": "Requerimento", "autoria": "Marcelo Kohlrausch", "texto_original": "http://sapl.esteio.rs.leg.br/media/./sapl/public/materialegislativa/2015/3252/3252_texto_integral.docx", "ementa": "QUE SE DIGNE A INFORMAR O QUE SEGUE:\r\n\r\nA) OS T\u00c9CNICOS DO IPH EST\u00c3O ACOMPANHANDO AS OBRAS QUE EST\u00c3O SENDO FEITAS JUNTO AOS ARROIOS ESTEIO E SAPUCAIA VISANDO MINIMIZAR O IMPACTO DAS ENCHENTES?\r\n\r\nB) AS INTERVEN\u00c7\u00d5ES PRATICADAS AT\u00c9 O MOMENTO EST\u00c3O REALMENTE DE ACORDO COM OS APONTAMENTOS SUGERIDOS PELO ESTUDO DO IPH 2006?"}, {"id": "3253", "ano": "2015", "numero": "749", "tipo__sigla": "REQ", "tipo__descricao": "Requerimento", "autoria": "Jane Battistello", "texto_original": "http://sapl.esteio.rs.leg.br/media/./sapl/public/materialegislativa/2015/3253/3253_texto_integral.docx", "ementa": "SOLICITA A SUBSTITUI\u00c7\u00c3O DO POSTE DE ILUMINA\u00c7\u00c3O P\u00daBLICA, LOCALIZADO NA RUA ARISTIDES STUMPF, PR\u00d3XIMO AO N\u00daMERO 31, BAIRRO S\u00c3O SEBASTI\u00c3O. "}, {"id": "3255", "ano": "2015", "numero": "750", "tipo__sigla": "REQ", "tipo__descricao": "Requerimento", "autoria": "Leonardo Pascoal", "texto_original": "http://sapl.esteio.rs.leg.br/media/./sapl/public/materialegislativa/2015/3255/3255_texto_integral.docx", "ementa": "SOLICITA QUE SE DIGNE A INFORMAR QUANDO SER\u00c1 INICIADO O SERVI\u00c7O PARA REPAVIMENTA\u00c7\u00c3O DA RUA VITERBO JOS\u00c9 MACHADO, NO BAIRRO JARDIM PLANALTO."}, {"id": "3256", "ano": "2015", "numero": "751", "tipo__sigla": "REQ", "tipo__descricao": "Requerimento", "autoria": "Jaime da Rosa", "texto_original": "http://sapl.esteio.rs.leg.br/media/./sapl/public/materialegislativa/2015/3256/3256_texto_integral.docx", "ementa": "SOLICITA O CONSERTO DA MASSA ASF\u00c1LTICA DA RUA SENADOR SALGADO FILHO, A PARTIR DO N\u00daMERO 321 AT\u00c9 A ESQUINA COM A RUA FERNANDO FERRARI, DANIFICADO EM DECORR\u00caNCIA DA EXECU\u00c7\u00c3O DE CANALIZA\u00c7\u00c3O DO ESGOTO CLOACAL &#8211; PROJETO PAC."}, {"id": "3364", "ano": "2015", "numero": "768", "tipo__sigla": "REQ", "tipo__descricao": "Requerimento", "autoria": "Ari Zanoni", "texto_original": "http://sapl.esteio.rs.leg.br/media/./sapl/public/materialegislativa/2015/3364/3364_texto_integral.docx", "ementa": "A SUBSTITUI\u00c7\u00c3O, COM URG\u00caNCIA, DO POSTE DE ENERGIA LOCALIZADO NA RUA S\u00c3O LEOPOLDO, EM FRENTE AO N\u00daMERO 141, BAIRRO JARDIM PLANALTO. "}, {"id": "3366", "ano": "2015", "numero": "769", "tipo__sigla": "REQ", "tipo__descricao": "Requerimento", "autoria": "Ari Zanoni", "texto_original": "http://sapl.esteio.rs.leg.br/media/./sapl/public/materialegislativa/2015/3366/3366_texto_integral.docx", "ementa": "A ELIMINA\u00c7\u00c3O DE BROCA NO PASSEIO P\u00daBLICO, EM FRENTE AO N\u00daMERO 1.834, NA AV. PRESIDENTE VARGAS &#8211; CENTRO"}, {"id": "3365", "ano": "2015", "numero": "773", "tipo__sigla": "REQ", "tipo__descricao": "Requerimento", "autoria": "Ari Zanoni", "texto_original": "http://sapl.esteio.rs.leg.br/media/./sapl/public/materialegislativa/2015/3365/3365_texto_integral.docx", "ementa": "QUE NOTIFIQUE O PROPRIET\u00c1RIO/RESPONS\u00c1VEL PELO IM\u00d3VEL SITUADO NA AV. PADRE CLARET, N\u00daMERO 483, PARA QUE PROVIDENCIE A LIMPEZA E MANUTEN\u00c7\u00c3O GERAL, INCLUINDO O PASSEIO P\u00daBLICO."}, {"id": "3343", "ano": "2015", "numero": "779", "tipo__sigla": "REQ", "tipo__descricao": "Requerimento", "autoria": "Leonardo Pascoal", "texto_original": "http://sapl.esteio.rs.leg.br/media/./sapl/public/materialegislativa/2015/3343/3343_texto_integral.docx", "ementa": "QUE SE DIGNE A INFORMAR A SITUA\u00c7\u00c3O ATUAL DA CAUTELAR, EMITIDA EM 16/03/2015, POR ESTE ILIBADO \u00d3RG\u00c3O, SUSPENDENDO OS PAGAMENTOS RELATIVOS \u00c0 CONTRATA\u00c7\u00c3O DE PROFISSIONAL PARA PRESTA\u00c7\u00c3O DE SERVI\u00c7O DE ESTUDO, PLANEJAMENTO, EXECU\u00c7\u00c3O E CONTROLE DAS TAREFAS INERENTES AO C\u00c1LCULO DO VALOR-RETORNO DO ICMS DE ESTEIO."}, {"id": "3309", "ano": "2015", "numero": "780", "tipo__sigla": "REQ", "tipo__descricao": "Requerimento", "autoria": "Michele Pereira", "texto_original": "http://sapl.esteio.rs.leg.br/media/./sapl/public/materialegislativa/2015/3309/3309_texto_integral.docx", "ementa": "SOLICITA QUE RECOLOQUE OS FIOS E CABOS TELEF\u00d4NICOS FURTADOS DA AVENIDA PADRE CLARET, A PARTIR DO N\u00daMERO 8.125, NO BAIRRO TR\u00caS MARIAS."}, {"id": "3308", "ano": "2015", "numero": "782", "tipo__sigla": "REQ", "tipo__descricao": "Requerimento", "autoria": "Jane Battistello", "texto_original": "http://sapl.esteio.rs.leg.br/media/./sapl/public/materialegislativa/2015/3308/3308_texto_integral.docx", "ementa": "SOLICITA A SUBSTITUI\u00c7\u00c3O DO POSTE DE ILUMINA\u00c7\u00c3O P\u00daBLICA, LOCALIZADO NA RUA PELOTAS, ESQUINA COM A RUA LIBERDADE."}, {"id": "3362", "ano": "2015", "numero": "787", "tipo__sigla": "REQ", "tipo__descricao": "Requerimento", "autoria": "Marcelo Kohlrausch", "texto_original": "http://sapl.esteio.rs.leg.br/media/./sapl/public/materialegislativa/2015/3362/3362_texto_integral.docx", "ementa": "A MANUTEN\u00c7\u00c3O DA LUMIN\u00c1RIA, EM FRENTE AO N\u00daMERO 377, JUNTO AO XIS DO LAGO. "}, {"id": "3368", "ano": "2015", "numero": "788", "tipo__sigla": "REQ", "tipo__descricao": "Requerimento", "autoria": "Marcelo Kohlrausch", "texto_original": "http://sapl.esteio.rs.leg.br/media/./sapl/public/materialegislativa/2015/3368/3368_texto_integral.docx", "ementa": "QUE O ESPA\u00c7O DESTINADO PARA A REALIZA\u00c7\u00c3O DA SEMANA FARROUPILHA, NAS DEPEND\u00caNCIAS DO PARQUE DE EXPOSI\u00c7\u00c3O ASSIS BRASIL, SEJA GARANTIDO PARA OS PR\u00d3XIMOS ANOS."}, {"id": "3346", "ano": "2015", "numero": "807", "tipo__sigla": "REQ", "tipo__descricao": "Requerimento", "autoria": "Ari Zanoni", "texto_original": "http://sapl.esteio.rs.leg.br/media/./sapl/public/materialegislativa/2015/3346/3346_texto_integral.docx", "ementa": "QUE SE DIGNE A ENVIAR O SEGUINTE:\r\n\r\nA)\tC\u00d3PIA DO CONTRATO COM A EMPRESA  QUE EST\u00c1 FAZENDO O RECAPEAMENTO ASF\u00c1LTICO EM TODA A EXTENS\u00c3O DA AVENIDA PRESIDENTE VARGAS;\r\n\r\nB)\tEMPENHO DO CONTRATO;\r\n\r\nC)\tQUE INFORME QUAL SER\u00c1 A ESPESSURA DA CAMADA DE ASFALTO A SER COLOCADA.\r\n"}, {"id": "3354", "ano": "2015", "numero": "808", "tipo__sigla": "REQ", "tipo__descricao": "Requerimento", "autoria": "Ari Zanoni", "texto_original": "http://sapl.esteio.rs.leg.br/media/./sapl/public/materialegislativa/2015/3354/3354_texto_integral.docx", "ementa": "QUE SE DIGNE A INFORMAR QUANDO SE DAR\u00c1 IN\u00cdCIO \u00c0S OBRAS DE RECUPERA\u00c7\u00c3O DA PAVIMENTA\u00c7\u00c3O E DA REDE DE ESGOTO DA RUA VITERBO JOS\u00c9 MACHADO, NO BAIRRO JARDIM PLANALTO. "}, {"id": "3361", "ano": "2015", "numero": "809", "tipo__sigla": "REQ", "tipo__descricao": "Requerimento", "autoria": "Marcelo Kohlrausch", "texto_original": "http://sapl.esteio.rs.leg.br/media/./sapl/public/materialegislativa/2015/3361/3361_texto_integral.docx", "ementa": "QUE SE DIGNE INFORMAR A ESTA CASA SOBRE SUPOSTO ATRASO NO PAGAMENTO AOS TRABALHADORES POR PARTE DE UMA EMPRESA QUE PRESTOU SERVI\u00c7OS NA EXPOINTER  - 2015."}, {"id": "3351", "ano": "2015", "numero": "810", "tipo__sigla": "REQ", "tipo__descricao": "Requerimento", "autoria": "Marcelo Kohlrausch", "texto_original": "http://sapl.esteio.rs.leg.br/media/./sapl/public/materialegislativa/2015/3351/3351_texto_integral.docx", "ementa": "O ENVIO DE C\u00d3PIA A ESTA CASA DO CONTRATO DE CONCESS\u00c3O DE PARTE DA \u00c1REA DO PARQUE DE EXPOSI\u00c7\u00d5ES ASSIS BRASIL \u00c0 EMPRESA BOLOGNESI EMPREENDIMENTO LTDA. "}, {"id": "3388", "ano": "2015", "numero": "814", "tipo__sigla": "REQ", "tipo__descricao": "Requerimento", "autoria": "Rafael Figliero", "texto_original": "http://sapl.esteio.rs.leg.br/media/./sapl/public/materialegislativa/2015/3388/3388_texto_integral.docx", "ementa": "A ELIMINA\u00c7\u00c3O DE UMA BROCA, OCASIONADA PELA SUBSTITUI\u00c7\u00c3O DE UM POSTE NA RUA 24 DE AGOSTO, 2.332. "}, {"id": "3386", "ano": "2015", "numero": "832", "tipo__sigla": "REQ", "tipo__descricao": "Requerimento", "autoria": "Ari Zanoni", "texto_original": "http://sapl.esteio.rs.leg.br/media/./sapl/public/materialegislativa/2015/3386/3386_texto_integral.docx", "ementa": "A NOTIFICA\u00c7\u00c3O DO PROPRIET\u00c1RIO/RESPONS\u00c1VEL PELO IM\u00d3VEL SITUADO NA RUA LUPIC\u00cdNIO RODRIGUES, AO LADO DO N\u00ba 294, PARA QUE REALIZE LIMPEZA E MANUTEN\u00c7\u00c3O NO TERRENO. "}, {"id": "3385", "ano": "2015", "numero": "833", "tipo__sigla": "REQ", "tipo__descricao": "Requerimento", "autoria": "Ari Zanoni", "texto_original": "http://sapl.esteio.rs.leg.br/media/./sapl/public/materialegislativa/2015/3385/3385_texto_integral.docx", "ementa": "A SUBSTITUI\u00c7\u00c3O DA L\u00c2MPADA NA RUA DI CAVALCANTI, EM FRENTE AO N\u00ba 135 &#8211; PARQUE SANTO IN\u00c1CIO. "}, {"id": "3384", "ano": "2015", "numero": "834", "tipo__sigla": "REQ", "tipo__descricao": "Requerimento", "autoria": "Ari Zanoni", "texto_original": "http://sapl.esteio.rs.leg.br/media/./sapl/public/materialegislativa/2015/3384/3384_texto_integral.docx", "ementa": "A ELIMINA\u00c7\u00c3O DE UMA BROCA LOCALIZADA NO PASSEIO P\u00daBLICO NA RUA DI CAVALCANTI, EM FRENTE AO N\u00ba 135 &#8211; PARQUE SANTO IN\u00c1CIO. "}, {"id": "3383", "ano": "2015", "numero": "835", "tipo__sigla": "REQ", "tipo__descricao": "Requerimento", "autoria": "Ari Zanoni", "texto_original": "http://sapl.esteio.rs.leg.br/media/", "ementa": "A ELIMINA\u00c7\u00c3O DE UMA BROCA LOCALIZADA NA AVENIDA JO\u00c3O PAULO I, ENTRE OS N\u00daMEROS 601 E 607 &#8211; PARQUE SANTO IN\u00c1CIO. "}, {"id": "3382", "ano": "2015", "numero": "836", "tipo__sigla": "REQ", "tipo__descricao": "Requerimento", "autoria": "Ari Zanoni", "texto_original": "http://sapl.esteio.rs.leg.br/media/./sapl/public/materialegislativa/2015/3382/3382_texto_integral.docx", "ementa": "A ELIMINA\u00c7\u00c3O DE UMA BROCA LOCALIZADA NA RUA ORLANDO SILVA, EM FRENTE AO N\u00ba 59 &#8211; PARQUE SANTO IN\u00c1CIO. "}, {"id": "3430", "ano": "2015", "numero": "837", "tipo__sigla": "REQ", "tipo__descricao": "Requerimento", "autoria": "Marcelo Kohlrausch", "texto_original": "http://sapl.esteio.rs.leg.br/media/./sapl/public/materialegislativa/2015/3430/3430_texto_integral.docx", "ementa": "A MANUTEN\u00c7\u00c3O DA PAVIMENTA\u00c7\u00c3O NAS RUAS ARTUR COSTA E SILVA, EM FRENTE AOS N\u00daMEROS 76 E 84 E NA ESQUINA COM A RUA \u00c9RICO VER\u00cdSSIMO E \u00c9RICO VERISSIMO, EM FRENTE AO N\u00daMERO 610."}, {"id": "3412", "ano": "2015", "numero": "838", "tipo__sigla": "REQ", "tipo__descricao": "Requerimento", "autoria": "Marcelo Kohlrausch", "texto_original": "http://sapl.esteio.rs.leg.br/media/./sapl/public/materialegislativa/2015/3412/3412_texto_integral.docx", "ementa": "QUE PROPONHA A AES SUL QUE AVALIE A POSSIBILIDADE DE REAPROVEITAR OS POSTES DE LUZ DE PROPRIEDADE DOS MORADORES QUE RESIDIAM NA RUA CORONEL THEODOMIRO PORTO DA FONSECA E FORAM REASSENTADOS NO PARQUE VOTORANTIN."}, {"id": "3413", "ano": "2015", "numero": "839", "tipo__sigla": "REQ", "tipo__descricao": "Requerimento", "autoria": "Marcelo Kohlrausch", "texto_original": "http://sapl.esteio.rs.leg.br/media/./sapl/public/materialegislativa/2015/3413/3413_texto_integral.docx", "ementa": "QUE REFORCE A SINALIZA\u00c7\u00c3O DE TR\u00c2NSITO E INSTALE UM REDUTOR DE VELOCIDADE NAS IMEDIA\u00c7\u00d5ES DO N\u00daMERO 157, NA RUA S\u00c3O BORJA."}, {"id": "3427", "ano": "2015", "numero": "847", "tipo__sigla": "REQ", "tipo__descricao": "Requerimento", "autoria": "Bia Lopes", "texto_original": "http://sapl.esteio.rs.leg.br/media/./sapl/public/materialegislativa/2015/3427/3427_texto_integral.docx", "ementa": "QUE ESCLARE\u00c7A COMO EST\u00c1 O PLANEJAMENTO DA OBRA NA CMEB VILA OL\u00cdMPICA E QUAL PREVIS\u00c3O DE IN\u00cdCIO."}, {"id": "3433", "ano": "2015", "numero": "848", "tipo__sigla": "REQ", "tipo__descricao": "Requerimento", "autoria": "Leonardo Pascoal", "texto_original": "http://sapl.esteio.rs.leg.br/media/./sapl/public/materialegislativa/2015/3433/3433_texto_integral.docx", "ementa": "QUE SE DIGNE A INFORMAR SE TODOS OS TERMOS CELEBRADOS NO TERMO DE COMPROMISSO OPERACIONAL DO INQU\u00c9RITO CIVIL N\u00ba 00768.00062/2009 FORAM CUMPRIDOS PELAS PARTES."}, {"id": "3432", "ano": "2015", "numero": "849", "tipo__sigla": "REQ", "tipo__descricao": "Requerimento", "autoria": "Leonardo Pascoal", "texto_original": "http://sapl.esteio.rs.leg.br/media/./sapl/public/materialegislativa/2015/3432/3432_texto_integral.docx", "ementa": "QUE SE DIGNE A INFORMAR A RELA\u00c7\u00c3O DOS VALORES ARRECADADOS MENSALMENTE PELO MUN\u00cdCIPIO AO LONGO DE 2014 E 2015, A TITULO DE ISSQN, COM ESPECIFICA\u00c7\u00c3O POR TIPO DE SERVI\u00c7O CONSTANTE DO ANEXO I DA LEI MUNICIPAL N\u00ba 3.636, DE 23 DE DEZEMBRO DE 2003."}, {"id": "3426", "ano": "2015", "numero": "850", "tipo__sigla": "REQ", "tipo__descricao": "Requerimento", "autoria": "Leonardo Pascoal", "texto_original": "http://sapl.esteio.rs.leg.br/media/./sapl/public/materialegislativa/2015/3426/3426_texto_integral.docx", "ementa": "QUE SE DIGNE A INFORMAR QUAIS INTERVEN\u00c7\u00d5ES SER\u00c3O EXECUTADAS JUNTO \u00c0S MARGENS DO ARROIO SAPUCAIA NO TRECHO PARALELO A RUA JOS\u00c9 DO PATROC\u00cdNIO, NO BAIRRO S\u00c3O JOS\u00c9."}, {"id": "3425", "ano": "2015", "numero": "851", "tipo__sigla": "REQ", "tipo__descricao": "Requerimento", "autoria": "Leonardo Pascoal", "texto_original": "http://sapl.esteio.rs.leg.br/media/./sapl/public/materialegislativa/2015/3425/3425_texto_integral.docx", "ementa": "A URGENTE SUBSTITUI\u00c7\u00c3O DE UM POSTE DE ENERGIA EL\u00c9TRICA NA AVENIDA JO\u00c3O PAULO I, ESQUINA COM A AVENIDA PORTO ALEGRE. "}, {"id": "3419", "ano": "2015", "numero": "852", "tipo__sigla": "REQ", "tipo__descricao": "Requerimento", "autoria": "Leonardo Pascoal", "texto_original": "http://sapl.esteio.rs.leg.br/media/./sapl/public/materialegislativa/2015/3419/3419_texto_integral.docx", "ementa": "QUE ESTUDE A POSSIBILIDADE DE ENVIAR EM FORMA DE PROJETO DE LEI, O ANTEPROJETO DE LEI, EM ANEXO, QUE &#8220;DISP\u00d5E SOBRE A PUBLICA\u00c7\u00c3O NO SITE OFICIAL DA PREFEITURA MUNICIPAL DE ESTEIO DA RELA\u00c7\u00c3O DE MEDICAMENTOS EXISTENTES, FALTANTES E A PREVIS\u00c3O DE RECEBIMENTO DOS MESMOS NA REDE MUNICIPAL DE SA\u00daDE E D\u00c1 OUTRAS PROVID\u00caNCIAS&#8221;."}, {"id": "3439", "ano": "2015", "numero": "867", "tipo__sigla": "REQ", "tipo__descricao": "Requerimento", "autoria": "Ari Zanoni", "texto_original": "http://sapl.esteio.rs.leg.br/media/./sapl/public/materialegislativa/2015/3439/3439_texto_integral.docx", "ementa": "C\u00d3PIA DAS PRESTA\u00c7\u00d5ES DE CONTAS E ANEXOS, DA ONG &#8211; GRUPO DE AMIGOS E TRATADORES DOS ANIMAIS, CORRESPONDENTE A CONV\u00caNIO FIRMADO COM O MUNIC\u00cdPIO DE ESTEIO NOS ANOS DE 2012, 2013 E 2014, CONFORME LEIS MUNICIPAIS N\u00b0 5511/2012, 5723/2013, 5724/2013, 5799/2013, 5927/2014 E 6000/2014. "}, {"id": "3441", "ano": "2015", "numero": "869", "tipo__sigla": "REQ", "tipo__descricao": "Requerimento", "autoria": "Marcelo Kohlrausch", "texto_original": "http://sapl.esteio.rs.leg.br/media/./sapl/public/materialegislativa/2015/3441/3441_texto_integral.docx", "ementa": "ESTUDE A POSSIBILIDADE DE IMPLANTAR SISTEMA DE EMERG\u00caNCIA PARA ATUAR DURANTE AS PRECIPTA\u00c7\u00d5ES DE GRANDE INTENSIDADE JUNTO A BR-116 E BR-448 NO TRECHO ENTRE ESTEIO E DEMAIS CIDADES DAS REGI\u00d5ES. "}, {"id": "3442", "ano": "2015", "numero": "870", "tipo__sigla": "REQ", "tipo__descricao": "Requerimento", "autoria": "Marcelo Kohlrausch", "texto_original": "http://sapl.esteio.rs.leg.br/media/./sapl/public/materialegislativa/2015/3442/3442_texto_integral.docx", "ementa": "AVALIEM A POSSIBILIDADE DE INSTALAR CASA DE BOMBAS NO ENCONTRO DO ARROIO ESTEIO COM O ARROIO SAPUCAIA (NA FORQUILHA). "}, {"id": "3494", "ano": "2015", "numero": "890", "tipo__sigla": "REQ", "tipo__descricao": "Requerimento", "autoria": "Leonardo Pascoal", "texto_original": "http://sapl.esteio.rs.leg.br/media/./sapl/public/materialegislativa/2015/3494/3494_texto_integral.docx", "ementa": "A MANUTEN\u00c7\u00c3O DO BUEIRO LOCALIZADO NA RUA RIO GRANDE, AO LADO DO N\u00daMERO 542, E A LIMPEZA DO BUEIRO LOCALIZADO NA TRAVESSA 1\u00ba DE MAIO, EM FRENTE AO N\u00daMERO 12.  "}, {"id": "3503", "ano": "2015", "numero": "897", "tipo__sigla": "REQ", "tipo__descricao": "Requerimento", "autoria": "Jaime da Rosa", "texto_original": "http://sapl.esteio.rs.leg.br/media/./sapl/public/materialegislativa/2015/3503/3503_texto_integral.docx", "ementa": "QUE PROVIDENCIE COM A M\u00c1XIMA URG\u00caNCIA A COLOCA\u00c7\u00c3O DE CONES DE SINALIZA\u00c7\u00c3O VI\u00c1RIA COM O OBJETIVO DE ADVERTIR OS TRANSEUNTES E MOTORISTAS EM RELA\u00c7\u00c3O A CRATERA EXISTENTE NA AVEINIDA PERY FAGUNDES, LOCALIZADA ENTRE AS RUAS OSVALDO KROEF E DONA OLGA JANKOWISKI, BAIRRO TR\u00caS PORTOS.\r\n"}, {"id": "3460", "ano": "2015", "numero": "898", "tipo__sigla": "REQ", "tipo__descricao": "Requerimento", "autoria": "Marcelo Kohlrausch", "texto_original": "http://sapl.esteio.rs.leg.br/media/./sapl/public/materialegislativa/2015/3460/3460_texto_integral.docx", "ementa": "QUE SEJA ABERTO INQU\u00c9RITO CIVIL PARA INVESTIGAR OS POSS\u00cdVEIS IMPACTOS GERADOS PELA CONSTRU\u00c7\u00c3O DE UM DIQUE PR\u00d3XIMO AO ARROIO SAPUCAIA, NA DIVISA ENTRE OS MUNIC\u00cdPIOS DE ESTEIO E CAHOEIRRINHA."}, {"id": "3466", "ano": "2015", "numero": "899", "tipo__sigla": "REQ", "tipo__descricao": "Requerimento", "autoria": "Marcelo Kohlrausch", "texto_original": "http://sapl.esteio.rs.leg.br/media/./sapl/public/materialegislativa/2015/3466/3466_texto_integral.docx", "ementa": "QUE SE DIGNE A INFORMAR A RESPEITO DOS SEGUINTES ITENS: \r\n\r\nA)\tO EXECUTIVO MUNICIPAL TEM CONHECIMENTO DA CONSTRU\u00c7\u00c3O DE UM DIQUE EDIFICADO, NA \u00c1REA DE V\u00c1RZEA DO ARROIO SAPUCAIA, NO LIMITE ENTRE OS MUNIC\u00cdPIOS DE ESTEIO E CACHOEIRINHA?\r\n\r\nB)\tCASO POSITIVO, EXISTEM ESTUDOS DE IMPACTO QUE ME\u00c7AM OS POSS\u00cdVEIS REFLEXOS NEGATIVOS SOBRE AS \u00c1REAS INUNDADAS NOS BAIRROS PRIMAVERA, TR\u00caS MARIAS E JARDIM DAS FIGUEIRAS?\r\n"}, {"id": "3470", "ano": "2015", "numero": "900", "tipo__sigla": "REQ", "tipo__descricao": "Requerimento", "autoria": "Marcelo Kohlrausch", "texto_original": "http://sapl.esteio.rs.leg.br/media/", "ementa": "QUE ENCAMINHE A ESTA CASA C\u00d3PIA DO PROJETO DE ENGENHARIA E AMBIENTAL DA OBRA REFERENTE AO DIQUE CONSTRU\u00cdDO NO LIMITE COM O MUNIC\u00cdPIO DE ESTEIO, LOCALIADO NA \u00c1REA DE V\u00c1RZEA DO ARROIO SAPUCAIA, E, TAMB\u00c9M, QUE INFORME SE ESTE PODER EXECUTIVO REALIZOU TRATATIVAS COM O MUNIC\u00cdPIO DE ESTEIO SOBRE A EXECU\u00c7\u00c3O DESTE PROJETO. "}, {"id": "3464", "ano": "2015", "numero": "901", "tipo__sigla": "REQ", "tipo__descricao": "Requerimento", "autoria": "Marcelo Kohlrausch", "texto_original": "http://sapl.esteio.rs.leg.br/media/./sapl/public/materialegislativa/2015/3464/3464_texto_integral.docx", "ementa": "QUE SE DIGNE A INFORMAR SE A INSTITUI\u00c7\u00c3O DA FEPAM EST\u00c1 CIENTE DA CONSTRU\u00c7\u00c3O DE UM DIQUE JUNTO \u00c0 \u00c1REA DE V\u00c1RZEA DO ARROIO SAPUCAIA, NO LIMITE ENTRE OS MUNIC\u00cdPIOS DE ESTEIO E CACHOEIRINHA."}, {"id": "3458", "ano": "2015", "numero": "902", "tipo__sigla": "REQ", "tipo__descricao": "Requerimento", "autoria": "CSMA - Sa\u00fade, Meio Ambiente e Assist\u00eancia Social", "texto_original": "http://sapl.esteio.rs.leg.br/media/./sapl/public/materialegislativa/2015/3458/3458_texto_integral.docx", "ementa": "PARA PARTICIPAR DE REUNI\u00c3O, DIA 27 DE OUTUBRO DE 2015, \u00c0S 15 HORAS, NA SALA DE REUNI\u00d5ES DO 2\u00ba ANDAR DA C\u00c2MARA MUNICIPAL, A FIM DE PRESTAR ESCLARECIMENTOS EM RELA\u00c7\u00c3O \u00c0 FALTA DE M\u00c9DICOS PARA ATENDIMENTO DOS PACIENTES NA FUNDA\u00c7\u00c3O DE SA\u00daDE P\u00daBLICA S\u00c3O CAMILO. "}, {"id": "3485", "ano": "2015", "numero": "909", "tipo__sigla": "REQ", "tipo__descricao": "Requerimento", "autoria": "Leonardo Pascoal", "texto_original": "http://sapl.esteio.rs.leg.br/media/./sapl/public/materialegislativa/2015/3485/3485_texto_integral.docx", "ementa": "A REPOSI\u00c7\u00c3O DE COBERTURA ASF\u00c1LTICA SOBRE O BURACO ABERTO PELA EMPRESA, NA RUA DOM PEDRO, EM FRENTE AO N\u00daMERO 1.277. "}, {"id": "3517", "ano": "2015", "numero": "928", "tipo__sigla": "REQ", "tipo__descricao": "Requerimento", "autoria": "Marcelo Kohlrausch", "texto_original": "http://sapl.esteio.rs.leg.br/media/./sapl/public/materialegislativa/2015/3517/3517_texto_integral.docx", "ementa": "QUE O DNIT ESTUDE A POSSIBILIDADE DE REALIZAR A SUBSTITUI\u00c7\u00c3O DA TUBULA\u00c7\u00c3O QUE PASSA DE UM LADO PARA O OUTRO DA BR 116, NA VILA OS\u00d3RIO, EM ESTEIO.  "}, {"id": "3594", "ano": "2015", "numero": "986", "tipo__sigla": "REQ", "tipo__descricao": "Requerimento", "autoria": "Jaime da Rosa", "texto_original": "http://sapl.esteio.rs.leg.br/media/./sapl/public/materialegislativa/2015/3594/3594_texto_integral.docx", "ementa": "A RECONSTRU\u00c7\u00c3O DO PASSEIO P\u00daBLICO LOCALIZADO NA LATERAL DA BR 116, SENTIDO INTERIOR-CAPITAL, AO LADO DA SA\u00cdDA DO C\u00d3RREGO QUE PASSA SOB A BR 116 VINDO NA DIRE\u00c7\u00c3O DA EMPRESA DUPONT DO BRASIL &#8211; ALIMENTOS E BEBIDAS, BAIRRO TR\u00caS PORTOS."}, {"id": "3562", "ano": "2015", "numero": "1003", "tipo__sigla": "REQ", "tipo__descricao": "Requerimento", "autoria": "Michele Pereira", "texto_original": "http://sapl.esteio.rs.leg.br/media/./sapl/public/materialegislativa/2015/3562/3562_texto_integral.docx", "ementa": "O RECAPEAMENTO ASF\u00c1LTICO NA RUA ITAPU\u00c3 EM FRENTE AO N\u00daMERO 03, BAIRRO S\u00c3O SEBASTI\u00c3O."}, {"id": "3576", "ano": "2015", "numero": "1008", "tipo__sigla": "REQ", "tipo__descricao": "Requerimento", "autoria": "Jaime da Rosa", "texto_original": "http://sapl.esteio.rs.leg.br/media/./sapl/public/materialegislativa/2015/3576/3576_texto_integral.docx", "ementa": "O CONSERTO DA MASSA ASF\u00c1LTICA DA RUA TIRADENTES, EM FRENTE AO N\u00daMERO 90, NO BAIRRO TR\u00caS PORTOS, DANIFICADA EM DECORR\u00caNCIA DA EXECU\u00c7\u00c3O DE CONSERTO DA CANALIZA\u00c7\u00c3O QUE ATRAVESSA A REFERIDA VIA. "}, {"id": "3677", "ano": "2015", "numero": "1079", "tipo__sigla": "REQ", "tipo__descricao": "Requerimento", "autoria": "Leonardo Pascoal", "texto_original": "http://sapl.esteio.rs.leg.br/media/./sapl/public/materialegislativa/2015/3677/3677_texto_integral.docx", "ementa": "A REPOSI\u00c7\u00c3O DE COBERTURA ASF\u00c1LTICA SOBRE O BURACO ABERTO PELA CORSAN NA RUA DOM PEDRO, EM FRENTE AO N\u00daMERO 1.277."}, {"id": "3696", "ano": "2015", "numero": "1091", "tipo__sigla": "REQ", "tipo__descricao": "Requerimento", "autoria": "Marcelo Kohlrausch", "texto_original": "http://sapl.esteio.rs.leg.br/media/./sapl/public/materialegislativa/2015/3696/3696_texto_integral.docx", "ementa": "INFORMAR SE PROCEDE A NOT\u00cdCIA DE QUE EXPRESSIVA QUANTIDADE DE INTEGRANTES DO POLICIAMENTO LOCAL E RESPECTIVAS VIATURAS SER\u00c3O DESLOCADOS PARA A OPERA\u00c7\u00c3O GOLFINHO, AUMENTANDO AINDA MAIS A SENSA\u00c7\u00c3O DE INSEGURAN\u00c7A NO MUNIC\u00cdPIO DE ESTEIO. "}, {"id": "2898", "ano": "2015", "numero": "1", "tipo__sigla": "RP", "tipo__descricao": "Resolu\u00e7\u00e3o de Plen\u00e1rio", "autoria": "Leo Dahmer, Ari Zanoni, Bia Lopes, Marcelo Kohlrausch", "texto_original": "http://sapl.esteio.rs.leg.br/media/", "ementa": "DISP\u00d5E SOBRE A CRIA\u00c7\u00c3O DE COMISS\u00c3O TEMPOR\u00c1RIA NO \u00c2MBITO DA C\u00c2MARA MUNICIPAL DE ESTEIO PARA INVESTIGAR PROCESSO DE DESTITUI\u00c7\u00c3O DE CARGO E D\u00c1 OUTRAS PROVID\u00caNCIAS"}]}